{"id":6475,"date":"2021-01-16T19:53:44","date_gmt":"2021-01-16T18:53:44","guid":{"rendered":"http:\/\/blog.inmontanis.info\/?p=6475"},"modified":"2023-08-05T12:31:36","modified_gmt":"2023-08-05T10:31:36","slug":"lofsdalen-16-1-2021-genial-trotz-6ksb","status":"publish","type":"post","link":"http:\/\/blog.inmontanis.info\/?p=6475","title":{"rendered":"Lofsdalen, 16.1.2021 &#8211; Genial trotz 6KSB :-)"},"content":{"rendered":"<p><strong>16.1.2021<\/strong><\/p>\n<p>Heute war auf dem Weg zur n\u00e4chsten Unterkunft ein Skitag in Lofsdalen angedacht, die Tageskarte kostet jetzt in der Zwischensaison g\u00fcnstige ca. 31,- \u20ac !<\/p>\n<p>Es hat mir sehr gut gefallen, auch die K\u00e4lte war heute ertr\u00e4glicher, ich blieb den ganzen Tag und hab gerade so alles fahren k\u00f6nnen (fast). Die beiden 6KSB fuhren zum Gl\u00fcck nicht so schnell, so dass man w\u00e4rmer wurde als im SL (Sektion 1) bzw. die obere hatte eh Hauben.<\/p>\n<p>Das Quasi-360\u00b0-Pano oben war auch genial. Mittags w\u00e4rmte ich mich kurz im Cafe bei einem kleinen Hotdog auf, der Bedienstete dort hinter der SB-Theke (meist mit Plexiglas) war der einzige, der heute einen MNS trug. Na OK, nicht ganz, im Skigebiet fuhren wegen der K\u00e4lte nat\u00fcrlich auch viel mit einer Ski-Maske rum ;)<\/p>\n<p><a href='http:\/\/extra.inmontanis.info\/d\/60797-2\/DSC02872.jpg'><img src=http:\/\/extra.inmontanis.info\/d\/60796-3\/DSC02872.jpg \/><\/a><br \/>\n^ Auf dem Weg nach Lofsdalen<\/p>\n<p><a href='http:\/\/extra.inmontanis.info\/d\/60801-2\/DSC02873.jpg'><img src=http:\/\/extra.inmontanis.info\/d\/60800-3\/DSC02873.jpg \/><\/a><br \/>\n^ Auf dem Weg nach Lofsdalen (der Berg rechts hinten ist das heutige Ziel)<\/p>\n<p><a href='http:\/\/extra.inmontanis.info\/d\/60805-2\/DSC02876.jpg'><img src=http:\/\/extra.inmontanis.info\/d\/60804-3\/DSC02876.jpg \/><\/a><br \/>\n^ Seitenblick aus dem Autofenster um 10:05 Uhr<\/p>\n<p><a href='http:\/\/ski.inmontanis.info\/d\/283370-2\/DSC02879.jpg'><img src=http:\/\/ski.inmontanis.info\/d\/283368-3\/DSC02879.jpg \/><\/a><br \/>\n^ Ankunft in Lofsdalen<\/p>\n<p><a href='http:\/\/ski.inmontanis.info\/d\/283374-2\/DSC02880.jpg'><img src=http:\/\/ski.inmontanis.info\/d\/283373-3\/DSC02880.jpg \/><\/a><br \/>\n^ Pistenplan<\/p>\n<p><a href='http:\/\/ski.inmontanis.info\/d\/283378-2\/DSC02882.jpg'><img src=http:\/\/ski.inmontanis.info\/d\/283377-3\/DSC02882.jpg \/><\/a><br \/>\n^ SL 3 Sn\u00f6landet<\/p>\n<p><a href='http:\/\/ski.inmontanis.info\/d\/283382-2\/DSC02883.jpg'><img src=http:\/\/ski.inmontanis.info\/d\/283381-3\/DSC02883.jpg \/><\/a><br \/>\n^ SL 2 Loffe<\/p>\n<p><a href='http:\/\/ski.inmontanis.info\/d\/283386-2\/DSC02885.jpg'><img src=http:\/\/ski.inmontanis.info\/d\/283385-3\/DSC02885.jpg \/><\/a><br \/>\n^ SL 4 Skogsliften (Alternativ zu den 3 SL h\u00e4tte man auch die 6KSB Sektion 1 nehmen k\u00f6nnen)<\/p>\n<p><a href='http:\/\/ski.inmontanis.info\/d\/283390-2\/DSC02886.jpg'><img src=http:\/\/ski.inmontanis.info\/d\/283389-3\/DSC02886.jpg \/><\/a><br \/>\n^ SL 4 Skogsliften &#8211; ein SL mit lackierten Rundrohrst\u00fctzen ist  halt sch\u00f6ner als eine 6KSB :)<\/p>\n<p><a href='http:\/\/ski.inmontanis.info\/d\/283394-2\/DSC02888.jpg'><img src=http:\/\/ski.inmontanis.info\/d\/283393-3\/DSC02888.jpg \/><\/a><br \/>\n^ SL 4 Skogsliften<\/p>\n<p><a href='http:\/\/ski.inmontanis.info\/d\/283398-2\/DSC02891.jpg'><img src=http:\/\/ski.inmontanis.info\/d\/283397-3\/DSC02891.jpg \/><\/a><br \/>\n^ In der 6KSB Sektion 2. Ups, zu sp\u00e4t gelesen, jetzt geht sie nicht mehr auf. Aber wenn man alleine oder in seiner Gruppe ist, d\u00fcrfte es wohl kein Problem sein.<\/p>\n<p><a href='http:\/\/ski.inmontanis.info\/d\/283402-2\/DSC02893.jpg'><img src=http:\/\/ski.inmontanis.info\/d\/283401-3\/DSC02893.jpg \/><\/a><br \/>\n^ 6KSB Sektion 2 (Toppen Express)<\/p>\n<p><a href='http:\/\/ski.inmontanis.info\/d\/283406-2\/DSC02896.jpg'><img src=http:\/\/ski.inmontanis.info\/d\/283405-3\/DSC02896.jpg \/><\/a><br \/>\n^ R\u00fcckseitenpano<\/p>\n<p><a href='http:\/\/ski.inmontanis.info\/d\/283410-2\/DSC02897.jpg'><img src=http:\/\/ski.inmontanis.info\/d\/283409-3\/DSC02897.jpg \/><\/a><br \/>\n^ Pano links der KSB<\/p>\n<p><a href='http:\/\/ski.inmontanis.info\/d\/283414-2\/DSC02898.jpg'><img src=http:\/\/ski.inmontanis.info\/d\/283413-3\/DSC02898.jpg \/><\/a><br \/>\n^ Pano richtung Talstation\/Ort<\/p>\n<p><a href='http:\/\/ski.inmontanis.info\/d\/283418-2\/DSC02899.jpg'><img src=http:\/\/ski.inmontanis.info\/d\/283417-3\/DSC02899.jpg \/><\/a><br \/>\n^ Von den roten Abfahrten links der oberen KSB war nur die eine (wohl 13) ge\u00f6ffnet<\/p>\n<p><a href='http:\/\/ski.inmontanis.info\/d\/283422-2\/DSC02900.jpg'><img src=http:\/\/ski.inmontanis.info\/d\/283421-3\/DSC02900.jpg \/><\/a><br \/>\n^ Der KSSL Toppen 2 war leider heute nicht in Betrieb :-(<\/p>\n<p><a href='http:\/\/ski.inmontanis.info\/d\/283426-2\/DSC02901.jpg'><img src=http:\/\/ski.inmontanis.info\/d\/283425-3\/DSC02901.jpg \/><\/a><br \/>\n^ KSSL Toppen 2<\/p>\n<p><a href='http:\/\/ski.inmontanis.info\/d\/283430-2\/DSC02903.jpg'><img src=http:\/\/ski.inmontanis.info\/d\/283429-3\/DSC02903.jpg \/><\/a><br \/>\n^ KSSL Toppen 2<\/p>\n<p><a href='http:\/\/ski.inmontanis.info\/d\/283434-2\/DSC02905.jpg'><img src=http:\/\/ski.inmontanis.info\/d\/283433-3\/DSC02905.jpg \/><\/a><br \/>\n^ 6KSB Sektion 2<\/p>\n<p><a href='http:\/\/ski.inmontanis.info\/d\/283438-2\/DSC02907.jpg'><img src=http:\/\/ski.inmontanis.info\/d\/283437-3\/DSC02907.jpg \/><\/a><br \/>\n^ Pano rechts der KSB<\/p>\n<p><a href='http:\/\/ski.inmontanis.info\/d\/283442-2\/DSC02909.jpg'><img src=http:\/\/ski.inmontanis.info\/d\/283441-3\/DSC02909.jpg \/><\/a><br \/>\n^ R\u00fcckseitenpano<\/p>\n<p><a href='http:\/\/ski.inmontanis.info\/d\/283446-2\/DSC02910.jpg'><img src=http:\/\/ski.inmontanis.info\/d\/283445-3\/DSC02910.jpg \/><\/a><br \/>\n^ Fernblick vom Gipfel runter zu den rechten SL<\/p>\n<p><a href='http:\/\/ski.inmontanis.info\/d\/283450-2\/DSC02911.jpg'><img src=http:\/\/ski.inmontanis.info\/d\/283449-3\/DSC02911.jpg \/><\/a><br \/>\n^ Die schwarze 18, bin ich aber erst sp\u00e4ter gefahren.<\/p>\n<p><a href='http:\/\/ski.inmontanis.info\/d\/283454-2\/DSC02915.jpg'><img src=http:\/\/ski.inmontanis.info\/d\/283453-3\/DSC02915.jpg \/><\/a><br \/>\n^ SL 7 Mellanliften<\/p>\n<p><a href='http:\/\/ski.inmontanis.info\/d\/283458-2\/DSC02917.jpg'><img src=http:\/\/ski.inmontanis.info\/d\/283457-3\/DSC02917.jpg \/><\/a><br \/>\n^ Abfahrt 10 + 23 zum SL 8<\/p>\n<p><a href='http:\/\/ski.inmontanis.info\/d\/283462-2\/DSC02919.jpg'><img src=http:\/\/ski.inmontanis.info\/d\/283461-3\/DSC02919.jpg \/><\/a><br \/>\n^ SL 8 Bergsliften<\/p>\n<p><a href='http:\/\/ski.inmontanis.info\/d\/283466-2\/DSC02920.jpg'><img src=http:\/\/ski.inmontanis.info\/d\/283465-3\/DSC02920.jpg \/><\/a><br \/>\n^ SL 8 Bergsliften durch den Wald ..<\/p>\n<p><a href='http:\/\/ski.inmontanis.info\/d\/283470-2\/DSC02921.jpg'><img src=http:\/\/ski.inmontanis.info\/d\/283469-3\/DSC02921.jpg \/><\/a><br \/>\n^ .. sch\u00f6n idyllisch<\/p>\n<p><a href='http:\/\/ski.inmontanis.info\/d\/283474-2\/DSC02922.jpg'><img src=http:\/\/ski.inmontanis.info\/d\/283473-3\/DSC02922.jpg \/><\/a><br \/>\n^ Abfahrt 23 am SL Bergsliften<\/p>\n<p><a href='http:\/\/ski.inmontanis.info\/d\/283478-2\/DSC02926.jpg'><img src=http:\/\/ski.inmontanis.info\/d\/283477-3\/DSC02926.jpg \/><\/a><br \/>\n^ Abfahrt 23 am SL Bergsliften<\/p>\n<p><a href='http:\/\/ski.inmontanis.info\/d\/283482-2\/DSC02927.jpg'><img src=http:\/\/ski.inmontanis.info\/d\/283481-3\/DSC02927.jpg \/><\/a><br \/>\n^ Abzweigung zur schwarzen 22<\/p>\n<p><a href='http:\/\/ski.inmontanis.info\/d\/283486-2\/DSC02928.jpg'><img src=http:\/\/ski.inmontanis.info\/d\/283485-3\/DSC02928.jpg \/><\/a><br \/>\n^ Schwarze 14 Puckelpisten<\/p>\n<p><a href='http:\/\/ski.inmontanis.info\/d\/283490-2\/DSC02931.jpg'><img src=http:\/\/ski.inmontanis.info\/d\/283489-3\/DSC02931.jpg \/><\/a><br \/>\n^ .. und von unten.<\/p>\n<p><a href='http:\/\/ski.inmontanis.info\/d\/283494-2\/DSC02932.jpg'><img src=http:\/\/ski.inmontanis.info\/d\/283493-3\/DSC02932.jpg \/><\/a><br \/>\n^ Meine heutige Lieblingspiste? Die blaue 2<\/p>\n<p><a href='http:\/\/ski.inmontanis.info\/d\/283498-2\/DSC02934.jpg'><img src=http:\/\/ski.inmontanis.info\/d\/283497-3\/DSC02934.jpg \/><\/a><br \/>\n^ Blaue Abfahrt 2, genialst.<\/p>\n<p><a href='http:\/\/ski.inmontanis.info\/d\/283502-2\/DSC02936.jpg'><img src=http:\/\/ski.inmontanis.info\/d\/283501-3\/DSC02936.jpg \/><\/a><br \/>\n^ Blaue Abfahrt 2<\/p>\n<p><a href='http:\/\/ski.inmontanis.info\/d\/283506-2\/DSC02938.jpg'><img src=http:\/\/ski.inmontanis.info\/d\/283505-3\/DSC02938.jpg \/><\/a><br \/>\n^ Blaue Abfahrt 2<\/p>\n<p><a href='http:\/\/ski.inmontanis.info\/d\/283510-2\/DSC02940.jpg'><img src=http:\/\/ski.inmontanis.info\/d\/283509-3\/DSC02940.jpg \/><\/a><br \/>\n^ Covid-Abstandssystem an der 6KSB Sektion 1 (L\u00e4ngen Express)<\/p>\n<p><a href='http:\/\/ski.inmontanis.info\/d\/283514-2\/DSC02941.jpg'><img src=http:\/\/ski.inmontanis.info\/d\/283513-3\/DSC02941.jpg \/><\/a><br \/>\n^ Bus-Schlitten oder so<\/p>\n<p><a href='http:\/\/ski.inmontanis.info\/d\/283518-2\/DSC02944.jpg'><img src=http:\/\/ski.inmontanis.info\/d\/283517-3\/DSC02944.jpg \/><\/a><br \/>\n^ Rechts vom Bergsliften ist noch der SL Tv\u00e4ren, der heute leider nicht in Betrieb war (mit dem k\u00e4me man etwas weiter rauf). Von dessen Talstation ging einst lt. GPS-Track noch ein SL weiter nach rechts &#8211; der ist im Plan nicht mehr vorhanden<\/p>\n<p><a href='http:\/\/ski.inmontanis.info\/d\/283522-2\/DSC02945.jpg'><img src=http:\/\/ski.inmontanis.info\/d\/283521-3\/DSC02945.jpg \/><\/a><br \/>\n^ Blick von ebendort rauf zum Gipfel, da brauchts wohl etwas mehr Schnee, um dort runterzufahren, da liegen gro\u00dfe Felsbrocken drin.<\/p>\n<p><a href='http:\/\/ski.inmontanis.info\/d\/283526-2\/DSC02946.jpg'><img src=http:\/\/ski.inmontanis.info\/d\/283525-3\/DSC02946.jpg \/><\/a><br \/>\n^ Schwarze 18, kunstschnee-hart und knollig<\/p>\n<p><a href='http:\/\/ski.inmontanis.info\/d\/283530-2\/DSC02948.jpg'><img src=http:\/\/ski.inmontanis.info\/d\/283529-3\/DSC02948.jpg \/><\/a><br \/>\n^ KSSL und 6KSB Sektion 2 um 14:56 Uhr<\/p>\n<p><a href='http:\/\/ski.inmontanis.info\/d\/283534-2\/DSC02949.jpg'><img src=http:\/\/ski.inmontanis.info\/d\/283533-3\/DSC02949.jpg \/><\/a><br \/>\n^ Bald ist Sonnenuntergang (15:05 Uhr)<\/p>\n<p><a href='http:\/\/ski.inmontanis.info\/d\/283538-2\/DSC02954.jpg'><img src=http:\/\/ski.inmontanis.info\/d\/283537-3\/DSC02954.jpg \/><\/a><br \/>\n^ Sonnenuntergang am Gipfel (15:25 Uhr)<\/p>\n<p><a href='http:\/\/ski.inmontanis.info\/d\/283542-2\/DSC02955.jpg'><img src=http:\/\/ski.inmontanis.info\/d\/283541-3\/DSC02955.jpg \/><\/a><br \/>\n^ 6KSB Sektion 2 um 15:26 Uhr<\/p>\n<p><a href='http:\/\/ski.inmontanis.info\/d\/283546-2\/DSC02956.jpg'><img src=http:\/\/ski.inmontanis.info\/d\/283545-3\/DSC02956.jpg \/><\/a><br \/>\n^ 6KSB Sektion 2 um 15:37 Uhr. F\u00e4hrt noch bis 16 Uhr.<\/p>\n<p><a href='http:\/\/ski.inmontanis.info\/d\/283550-2\/DSC02958.jpg'><img src=http:\/\/ski.inmontanis.info\/d\/283549-3\/DSC02958.jpg \/><\/a><br \/>\n^ 6KSB Sektion 2 um 15:45 Uhr, meine letzte Fahrt, jetzt wird&#8217;s wieder kalt.<\/p>\n<p><a href='http:\/\/ski.inmontanis.info\/d\/283554-2\/DSC02959.jpg'><img src=http:\/\/ski.inmontanis.info\/d\/283553-3\/DSC02959.jpg \/><\/a><br \/>\n^ Abendd\u00e4mmerung um 15:45 mit Mondsichel<\/p>\n<p><a href='http:\/\/ski.inmontanis.info\/d\/283558-2\/DSC02961.jpg'><img src=http:\/\/ski.inmontanis.info\/d\/283557-3\/DSC02961.jpg \/><\/a><br \/>\n^ 6KSB Sektion 2 in der Abendd\u00e4mmerung<\/p>\n<p><a href='http:\/\/ski.inmontanis.info\/d\/283562-2\/DSC02963.jpg'><img src=http:\/\/ski.inmontanis.info\/d\/283561-3\/DSC02963.jpg \/><\/a><br \/>\n^ Abendd\u00e4mmerung<\/p>\n<p><a href='http:\/\/ski.inmontanis.info\/d\/283566-2\/DSC02964.jpg'><img src=http:\/\/ski.inmontanis.info\/d\/283565-3\/DSC02964.jpg \/><\/a><br \/>\n^ 6KSB Sektion 2 in der Abendd\u00e4mmerung (15:50 Uhr)<\/p>\n<p><a href='http:\/\/ski.inmontanis.info\/d\/283570-2\/DSC02965.jpg'><img src=http:\/\/ski.inmontanis.info\/d\/283569-3\/DSC02965.jpg \/><\/a><br \/>\n^ Talabfahrt 9 bzw. 5<\/p>\n<p><a href='http:\/\/ski.inmontanis.info\/d\/283574-2\/DSC02966.jpg'><img src=http:\/\/ski.inmontanis.info\/d\/283573-3\/DSC02966.jpg \/><\/a><br \/>\n^ Talstation 6KSB Sektion 1<\/p>\n<p><a href='http:\/\/ski.inmontanis.info\/d\/283578-2\/ge20210116.jpg'><img src=http:\/\/ski.inmontanis.info\/d\/283577-3\/ge20210116.jpg \/><\/a><br \/>\n^ GPS-Track 16.1.2021<\/p>\n<p>Obwohl es tags\u00fcber im Skigebiet und auch am Parkplatz am Auto etwas w\u00e4rmer war, auf der Fahrt danach sanken die Temperaturen schnell wieder auf meist -18 bis -20\u00b0. <\/p>\n<p>Eigentlich wollte ich ja ein paar Tage, eine halbe oder ganze Woche im Bereich Fun\u00e4sfj\u00e4ll bleiben, aber es gab keine g\u00fcnstigen Zimmer. Zudem sind das eigentlich alles Nordhangskigebiete (T\u00e4nndalen, Ramundberget, Kaprut; Fun\u00e4sdalen interessiert mich nicht), womit mir die Sonne am Sonntag eh nix bringen w\u00fcrde. Also buchte ich gestern Abend erst mal nur eine Nacht in Hede (um ca. 45,- \u20ac in einem Restaurant) und wollte heute Abend weiter \u00fcberlegen. Sp\u00e4testens ab Mittwoch soll es in der Gegend auch wieder schlechter werden und schneien, was die n\u00e4chsten gew\u00fcnschten Ortschaften in Skigebietsn\u00e4he \u00fcberfl\u00fcssiger machen w\u00fcrde, wenn man auf der Hauptstra\u00dfe eine g\u00fcnstigere Unterkunft bek\u00e4me.<\/p>\n<p>Westlich von \u00d6stersund g\u00e4be es ja schon einige Gebiete, die ich anfahren m\u00f6chte &#8211; Bydalen, wo es mir im Fr\u00fchjahr recht gut gefiel, aber auch die Gebiete um \u00c5re (also nicht \u00c5re selbst!) w\u00fcrd ich gern mal anfahren, aber da sollte das Wetter besser gemeldet werden &#8211; und dann muss man eine oder mehrere g\u00fcnstige Unterk\u00fcnfte irgendwo bekommen. Ansonsten hol ich das evtl. sp\u00e4ter nach, wenn es wieder warm genug ist, um im Auto zu schlafen. Weil g\u00fcnstiger als zur jetzigen Saison werden die Zimmer im Februar\/M\u00e4rz wohl nicht sein.<\/p>\n<p>Das heutige Zimmer ist nicht nur das teuerste der bisherigen Reise, sondern auch schon etwas das schlechteste, es riecht etwas unangenehm, evtl. nach nassen W\u00e4nden oder so, es war auch nicht sonderlich warm, trotz maximaler Einstellung (Fu\u00dfbodenheizung). Gut, dass ich nur 1 Nacht gebucht hab hier. Die 2 Steckdosen waren auch etwas wenig. Die anderen Zimmer w\u00e4ren sch\u00f6ner gewesen und h\u00e4tten besser gerochen. Der Supermarkt in Hede hatte um 17:30 auch schon zu, aber ich hatte noch eine TK-Portion im Auto. H\u00e4tte mir aber gern noch was zum Trinken gekauft, hab zwar noch eine Flasche, die aber eingefroren ist &#8211; hoffentlich taut sie wenigstens bis morgen im Zimmer auf.<\/p>\n<p>Hatte jedenfalls keine Lust, den PC extra aufzubauen, daher Bericht um einen Tag verz\u00f6gert. Das WLAN-Passwort steht hier im Nebenhaus leider auch nirgends angeschrieben &#8211; und nochmal Schuhe anziehen und raus ins Restaurant wollte ich auch nicht, geht f\u00fcr den kurzen Abend auch so.<\/p>\n<p>Gegen 20 Uhr kamen anscheinend noch welche. Alle Innent\u00fcren sind mit straff eingestellten T\u00fcrschlie\u00dfern versehen, so dass diese immer laut zuschlagen &#8211; entsprechend bin ich nachts mehrmals wach geworden von dem L\u00e4rm.<\/p>\n","protected":false},"excerpt":{"rendered":"<p>16.1.2021<\/p>\n<p>Heute war auf dem Weg zur n\u00e4chsten Unterkunft ein Skitag in Lofsdalen angedacht, die Tageskarte kostet jetzt in der Zwischensaison g\u00fcnstige ca. 31,- \u20ac !<\/p>\n<p>Es hat mir sehr gut gefallen, auch die K\u00e4lte war heute ertr\u00e4glicher, ich blieb den ganzen Tag und hab gerade so alles fahren k\u00f6nnen (fast). Die beiden 6KSB fuhren <a href=\"http:\/\/blog.inmontanis.info\/?p=6475\">[&#8230;]<\/a><\/p>\n","protected":false},"author":1,"featured_media":0,"comment_status":"closed","ping_status":"closed","sticky":false,"template":"","format":"standard","meta":{"footnotes":""},"categories":[184,645,19,27],"tags":[56,48,65,47],"class_list":["post-6475","post","type-post","status-publish","format-standard","hentry","category-2021-01-skandinavien","category-lofsdalen","category-schwedensweden","category-skifahren-winterskiing-winter","tag-6sb","tag-kssl","tag-nachtski","tag-sl","odd"],"_links":{"self":[{"href":"http:\/\/blog.inmontanis.info\/index.php?rest_route=\/wp\/v2\/posts\/6475","targetHints":{"allow":["GET"]}}],"collection":[{"href":"http:\/\/blog.inmontanis.info\/index.php?rest_route=\/wp\/v2\/posts"}],"about":[{"href":"http:\/\/blog.inmontanis.info\/index.php?rest_route=\/wp\/v2\/types\/post"}],"author":[{"embeddable":true,"href":"http:\/\/blog.inmontanis.info\/index.php?rest_route=\/wp\/v2\/users\/1"}],"replies":[{"embeddable":true,"href":"http:\/\/blog.inmontanis.info\/index.php?rest_route=%2Fwp%2Fv2%2Fcomments&post=6475"}],"version-history":[{"count":2,"href":"http:\/\/blog.inmontanis.info\/index.php?rest_route=\/wp\/v2\/posts\/6475\/revisions"}],"predecessor-version":[{"id":6477,"href":"http:\/\/blog.inmontanis.info\/index.php?rest_route=\/wp\/v2\/posts\/6475\/revisions\/6477"}],"wp:attachment":[{"href":"http:\/\/blog.inmontanis.info\/index.php?rest_route=%2Fwp%2Fv2%2Fmedia&parent=6475"}],"wp:term":[{"taxonomy":"category","embeddable":true,"href":"http:\/\/blog.inmontanis.info\/index.php?rest_route=%2Fwp%2Fv2%2Fcategories&post=6475"},{"taxonomy":"post_tag","embeddable":true,"href":"http:\/\/blog.inmontanis.info\/index.php?rest_route=%2Fwp%2Fv2%2Ftags&post=6475"}],"curies":[{"name":"wp","href":"https:\/\/api.w.org\/{rel}","templated":true}]}}