{"id":6472,"date":"2021-01-15T19:11:10","date_gmt":"2021-01-15T18:11:10","guid":{"rendered":"http:\/\/blog.inmontanis.info\/?p=6472"},"modified":"2023-08-05T13:16:56","modified_gmt":"2023-08-05T11:16:56","slug":"fjatervalen-15-1-2021-scheis-kalte-geiles-pano","status":"publish","type":"post","link":"http:\/\/blog.inmontanis.info\/?p=6472","title":{"rendered":"Fj\u00e4terv\u00e5len, 15.1.2021 &#8211; Schei\u00df K\u00e4lte, Geiles Pano"},"content":{"rendered":"<p><strong>15.1.2021<\/strong><\/p>\n<p>Heute Nachmittag stand das Skigebiet Fj\u00e4terv\u00e5len auf dem Programm, ein eher klassisch-skandinavisches Skigebiet mit einem Hauptlift und vielen Abfahrten links und rechts, von denen aber noch nicht alle offiziell offen sind.<\/p>\n<p>Bei der Abfahrt an der Unterkunft zu Mittag am Auto hatte es deftige -21\u00b0C &#8211; und ich konnte die Standheizung nicht einschalten. Das BMS der Lithiumbatterie zeigte -16,4\u00b0  an, das Standheizungsdisplay ging ganz kurz, danach blieb es dunkel. Auch Nachmittags bei -12\u00b0 kam kein Strom mehr aus der Batterie, obwohl sie lt. Bluetooth-App weiterhin noch \u00fcber 100 Ah und 13 V haben sollte. Lt. Datenblatt sollte sie bis -20\u00b0 entladbar sein. Ich will nicht ausschlie\u00dfen, dass der untere Teil der Batterie am Boden vielleicht -20\u00b0 hatte, aber nachmittags sollte sich das etwas aufgew\u00e4rmt haben. <\/p>\n<p>Sicherung kanns keine sein, da Standheizung, Heizmatten\/Steckdosen und 230V-Wechselrichter direkt angeschlossen sind und jeweils einzeln abgesichert sind und es nirgends Strom gab. Vielleicht hat sich ja eine der Schrauben an den beiden Polen gelockert und gel\u00f6st &#8211; das hatte ich vergessen, mir mal anzusehen, werd ich morgen mal machen. Gestern Nachmittag im Skigebiet lief sie halt noch, es war aber auch etwas weniger kalt.<\/p>\n<p>Der Ignis sprang jedenfalls problemlos an und g\u00f6nnte sich f\u00fcr eine kurze Zeit eine Leerlaufdrehzahl von knapp 2000 UPM. Daf\u00fcr hat er seit einigen Tagen ein eigenartiges Heulen (kein klassisches Keilriemen-Quietschen), solang er kalt ist. Nicht im Stand, aber auch unabh\u00e4ngig der Motordrehzahl und Fahrgeschwindigkeit. L\u00fcfter abschalten bringt auch nix. Der hat sonst auch schon mal etwas geheult.<\/p>\n<p>In Fj\u00e4terv\u00e5len angekommen hatte es immerhin nur noch -14\u00b0 und an der Bergstation soll es nur -11\u00b0 haben. Ich kaufte die 3h-Karte um ca. 36,- \u20ac, wobei die Lifte hier nur bis 15 Uhr laufen w\u00fcrden, so dass ich die 3h gar nicht mehr ausfahren k\u00f6nnte. Auch f\u00fcr schwedische Skigebiete sind 36,- \u20ac f\u00fcr eine 3h-Karte bei nur einem Hauptlift recht teuer, das geht anderswo g\u00fcnstiger.<\/p>\n<p>Im Skishop, wo man den Skipass kaufte, h\u00e4tte es Handschuhe gegeben, wo man ein Heizpad h\u00e4tte hinten einlegen k\u00f6nnen. Hab nicht nach dem Preis geschaut, weil ich mir erst mal im Klaren sein m\u00fcsste, ob ich das will. Die Nachteile sind: Man muss immer so ein Heat-Pad verwenden, also je 1 St\u00fcck pro Hand, Wegwerfmaterial. Die kosten etwas. Und gehen eine bestimmte Zeit, offiziell so 10-12h, vmtl. anfangs viel w\u00e4rmer als am Ende. Man kann sie nicht zwischendrin abstellen, die Hitze rauf- oder runterregeln. Und sie heizen nur den Handr\u00fccken, wo es mir recht selten kalt ist &#8211; die Finger w\u00e4ren wichtiger. Alternativ k\u00f6nnte man evtl. nur 1 Heizpad alternierend zwischen den Handschuhen wechseln. <\/p>\n<p>Ich testete es heute mal mit meinen 2 Paar Handschuhen, also 1 Paar unter der Jacke aufw\u00e4rmen, 1 Paar angezogen, aber wirklich besser war das auch nicht. Besser war es, alle 1-1,5h mal ins Restaurant aufs Klo zu gehen.<\/p>\n<p>Alle Abfahrten waren noch nicht offen, aber haben f\u00fcr die Zeit gereicht. Sonnig war&#8217;s heute den ganzen Tag, so dass es wieder sch\u00f6ne Bilder gab. Panorama und Weitblick waren jedenfalls wieder genial hier.<\/p>\n<p>(Fotos anklicken zum Vergr\u00f6\u00dfern)<\/p>\n<p><a href='http:\/\/extra.inmontanis.info\/d\/60757-2\/DSC02773.jpg'><img src=http:\/\/extra.inmontanis.info\/d\/60756-3\/DSC02773.jpg \/><\/a><br \/>\n^ Sp\u00e4ter am gestrigen Abend wurde es doch noch klar (Foto von 22:12 Uhr)<\/p>\n<p><a href='http:\/\/extra.inmontanis.info\/d\/60761-2\/DSC02776.jpg'><img src=http:\/\/extra.inmontanis.info\/d\/60760-3\/DSC02776.jpg \/><\/a><br \/>\n^ Morgens waren die Fenster an meinem Zimmer von au\u00dfen etwas vereist<\/p>\n<p><a href='http:\/\/extra.inmontanis.info\/d\/60765-2\/DSC02779.jpg'><img src=http:\/\/extra.inmontanis.info\/d\/60764-3\/DSC02779.jpg \/><\/a><br \/>\n^ Heute war es ganztags sonnig; Blick aus dem Fenster um 10 Uhr<\/p>\n<p><a href='http:\/\/extra.inmontanis.info\/d\/60769-2\/DSC02780.jpg'><img src=http:\/\/extra.inmontanis.info\/d\/60768-3\/DSC02780.jpg \/><\/a><br \/>\n^ Autothermometer zeigt -21\u00b0 an, Motor l\u00e4uft auf knapp 2000 UPM Leerlauf, huiuiui.<\/p>\n<p><a href='http:\/\/extra.inmontanis.info\/d\/60773-2\/DSC02782.jpg'><img src=http:\/\/extra.inmontanis.info\/d\/60772-3\/DSC02782.jpg \/><\/a><br \/>\n^ Stra\u00dfe richtung Fj\u00e4tervalen bzw. T\u00e4nn\u00e4s<\/p>\n<p><a href='http:\/\/ski.inmontanis.info\/d\/283226-3\/DSC02786.jpg'><img src=http:\/\/ski.inmontanis.info\/d\/283224-4\/DSC02786.jpg \/><\/a><br \/>\n^ Ankunft im Skigebiet<\/p>\n<p><a href='http:\/\/ski.inmontanis.info\/d\/283230-3\/DSC02816.jpg'><img src=http:\/\/ski.inmontanis.info\/d\/283229-4\/DSC02816.jpg \/><\/a><br \/>\n^ Pistenplan<\/p>\n<p><a href='http:\/\/ski.inmontanis.info\/d\/283234-3\/DSC02788.jpg'><img src=http:\/\/ski.inmontanis.info\/d\/283233-4\/DSC02788.jpg \/><\/a><br \/>\n^ Der rechte SL war heute nicht in Betrieb<\/p>\n<p><a href='http:\/\/ski.inmontanis.info\/d\/283238-3\/DSC02791.jpg'><img src=http:\/\/ski.inmontanis.info\/d\/283237-4\/DSC02791.jpg \/><\/a><br \/>\n^ Beschneiung l\u00e4uft nach wie vor  an einigen Abfahrten &#8211; auch wenn m.E. genug Schnee l\u00e4ge.<\/p>\n<p><a href='http:\/\/ski.inmontanis.info\/d\/283242-3\/DSC02793.jpg'><img src=http:\/\/ski.inmontanis.info\/d\/283241-4\/DSC02793.jpg \/><\/a><br \/>\n^ Doppel-SL<\/p>\n<p><a href='http:\/\/ski.inmontanis.info\/d\/283246-3\/DSC02795.jpg'><img src=http:\/\/ski.inmontanis.info\/d\/283245-4\/DSC02795.jpg \/><\/a><br \/>\n^ .. im oberen Bereich verkrustete St\u00fctzen<\/p>\n<p><a href='http:\/\/ski.inmontanis.info\/d\/283250-3\/DSC02796.jpg'><img src=http:\/\/ski.inmontanis.info\/d\/283249-4\/DSC02796.jpg \/><\/a><br \/>\n^ Zwischenausstieg Nr. 5 ist der vorletzte beim linken und der letzte beim rechten SL<\/p>\n<p><a href='http:\/\/ski.inmontanis.info\/d\/283355-2\/DSC02798.jpg'><img src=http:\/\/ski.inmontanis.info\/d\/283355-2\/DSC02798.jpg \/><\/a><br \/>\n^ Verkrustet auch die Bergstation des rechten SL<\/p>\n<p><a href='http:\/\/ski.inmontanis.info\/d\/283356-2\/DSC02800.jpg'><img src=http:\/\/ski.inmontanis.info\/d\/283356-2\/DSC02800.jpg \/><\/a><br \/>\n^ Weites Pano von der SL-Bergstation aus rechtsseitig<\/p>\n<p><a href='http:\/\/ski.inmontanis.info\/d\/283359-2\/DSC02802.jpg'><img src=http:\/\/ski.inmontanis.info\/d\/283359-2\/DSC02802.jpg \/><\/a><br \/>\n^ SL-Bergstation<\/p>\n<p><a href='http:\/\/ski.inmontanis.info\/d\/283266-3\/DSC02803.jpg'><img src=http:\/\/ski.inmontanis.info\/d\/283265-4\/DSC02803.jpg \/><\/a><br \/>\n^ Rechte Au\u00dfenrumabfahrt 14 Berguven<\/p>\n<p><a href='http:\/\/ski.inmontanis.info\/d\/283270-3\/DSC02804.jpg'><img src=http:\/\/ski.inmontanis.info\/d\/283269-4\/DSC02804.jpg \/><\/a><br \/>\n^ Rechte Au\u00dfenrumabfahrt 14 Berguven, gefiel mir am besten, schmal, kupiert, kurvig und viel Panorama. Einer der Berge Im Hintergrund m\u00fcsste das Skigebiet Lofsdalen sein<\/p>\n<p><a href='http:\/\/ski.inmontanis.info\/d\/283274-3\/DSC02808.jpg'><img src=http:\/\/ski.inmontanis.info\/d\/283273-4\/DSC02808.jpg \/><\/a><br \/>\n^ Bergstationspano linksseitig; die linke Au\u00dfenrumabfahrt war  nicht frisch pr\u00e4pariert (in Folge dann sp\u00e4ter gefahren)<\/p>\n<p><a href='http:\/\/ski.inmontanis.info\/d\/283278-3\/DSC02811.jpg'><img src=http:\/\/ski.inmontanis.info\/d\/283277-4\/DSC02811.jpg \/><\/a><br \/>\n^ Beide SL und weites Pano<\/p>\n<p><a href='http:\/\/ski.inmontanis.info\/d\/283282-3\/DSC02812.jpg'><img src=http:\/\/ski.inmontanis.info\/d\/283281-4\/DSC02812.jpg \/><\/a><br \/>\n^ Die linken Abfahrten 6-5-4, wobei die 5 recht fr\u00fch in die 6 einm\u00fcndete. Weites Pano auch in dieser Richtung<\/p>\n<p><a href='http:\/\/ski.inmontanis.info\/d\/283286-3\/DSC02814.jpg'><img src=http:\/\/ski.inmontanis.info\/d\/283285-4\/DSC02814.jpg \/><\/a><br \/>\n^ Abfahrt 4-5-6, wobei die 5 (die kleine in der Mitte) hier unten noch nicht pr\u00e4pariert war<\/p>\n<p><a href='http:\/\/ski.inmontanis.info\/d\/283290-3\/DSC02815.jpg'><img src=http:\/\/ski.inmontanis.info\/d\/283289-4\/DSC02815.jpg \/><\/a><br \/>\n^ Talstationen, rechts die beiden \u00dcbungslifte<\/p>\n<p><a href='http:\/\/ski.inmontanis.info\/d\/283360-2\/DSC02817.jpg'><img src=http:\/\/ski.inmontanis.info\/d\/283360-2\/DSC02817.jpg \/><\/a><br \/>\n^ Abfahrt 9 oder 10 direkt am Lift, steiler, aber auch langweiliger, weil direkt.<\/p>\n<p><a href='http:\/\/ski.inmontanis.info\/d\/283353-2\/DSC02818.jpg'><img src=http:\/\/ski.inmontanis.info\/d\/283353-2\/DSC02818.jpg \/><\/a><br \/>\n^ Abfahrt 4<\/p>\n<p><a href='http:\/\/ski.inmontanis.info\/d\/283302-3\/DSC02820.jpg'><img src=http:\/\/ski.inmontanis.info\/d\/283301-4\/DSC02820.jpg \/><\/a><br \/>\n^ \u00dcbungslifte<\/p>\n<p><a href='http:\/\/ski.inmontanis.info\/d\/283306-3\/DSC02821.jpg'><img src=http:\/\/ski.inmontanis.info\/d\/283305-4\/DSC02821.jpg \/><\/a><br \/>\n^ Abfahrt 12 und 13 vermutlich, rechts des SL. Ich kam von rechts, die linke sparte ich mir, zu schattig, zu kalt, zu direkt :)<\/p>\n<p><a href='http:\/\/ski.inmontanis.info\/d\/283361-2\/DSC02823.jpg'><img src=http:\/\/ski.inmontanis.info\/d\/283361-2\/DSC02823.jpg \/><\/a><br \/>\n^ Beschneiung bei Abendrot, da passt der Spruch &#8220;Feuer Frei&#8221; doch gleich etwas besser als \u00fcblich.<\/p>\n<p><a href='http:\/\/ski.inmontanis.info\/d\/283362-2\/DSC02827.jpg'><img src=http:\/\/ski.inmontanis.info\/d\/283362-2\/DSC02827.jpg \/><\/a><br \/>\n^ Bergstation SL, dahinter g\u00e4be es noch einen Gipfel, den man ja mit einem kurzen SL erschlie\u00dfen k\u00f6nnte :) Ja ich wei\u00df, ich h\u00e4tte zu Betriebsschluss einfach das St\u00fcck raufgehen k\u00f6nnen. Wenns mir nicht gar so kalt in den Fingern gewesen w\u00e4re. Ich bin eh schon die ganze Zeit quasi mit den Fingern zur Faust geballt in den Handschuhen unter den Achseln gefahren. <\/p>\n<p><a href='http:\/\/ski.inmontanis.info\/d\/283354-2\/DSC02832.jpg'><img src=http:\/\/ski.inmontanis.info\/d\/283354-2\/DSC02832.jpg \/><\/a><br \/>\n^ Verkrustete SL-St\u00fctze<\/p>\n<p><a href='http:\/\/ski.inmontanis.info\/d\/283351-2\/DSC02833.jpg'><img src=http:\/\/ski.inmontanis.info\/d\/283351-2\/DSC02833.jpg \/><\/a><br \/>\n^ Pano rechtsseitig<\/p>\n<p><a href='http:\/\/ski.inmontanis.info\/d\/283352-2\/DSC02834.jpg'><img src=http:\/\/ski.inmontanis.info\/d\/283352-2\/DSC02834.jpg \/><\/a><br \/>\n^ Bergstation SL, auch verkrustet<\/p>\n<p><a href='http:\/\/ski.inmontanis.info\/d\/283357-2\/DSC02835.jpg'><img src=http:\/\/ski.inmontanis.info\/d\/283357-2\/DSC02835.jpg \/><\/a><br \/>\n^ Bergstation SL<\/p>\n<p><a href='http:\/\/ski.inmontanis.info\/d\/283358-2\/DSC02836.jpg'><img src=http:\/\/ski.inmontanis.info\/d\/283358-2\/DSC02836.jpg \/><\/a><br \/>\n^ Die rechte Au\u00dfenrumabfahrt Berguven startet hinter dem SL, sch\u00f6n, sch\u00f6n.<\/p>\n<p><a href='http:\/\/ski.inmontanis.info\/d\/283363-2\/DSC02837.jpg'><img src=http:\/\/ski.inmontanis.info\/d\/283363-2\/DSC02837.jpg \/><\/a><br \/>\n^ R\u00fcckseitenpano<\/p>\n<p><a href='http:\/\/ski.inmontanis.info\/d\/283364-2\/DSC02838.jpg'><img src=http:\/\/ski.inmontanis.info\/d\/283364-2\/DSC02838.jpg \/><\/a><br \/>\n^ Rechte Au\u00dfenrumabfahrt Berguven<\/p>\n<p><a href='http:\/\/ski.inmontanis.info\/d\/283346-3\/DSC02840.jpg'><img src=http:\/\/ski.inmontanis.info\/d\/283345-4\/DSC02840.jpg \/><\/a><br \/>\n^ Auf der rechten Au\u00dfenrumabfahrt mit Blick zum SL<\/p>\n<p><a href='http:\/\/ski.inmontanis.info\/d\/283350-3\/ge20210115.jpg'><img src=http:\/\/ski.inmontanis.info\/d\/283349-4\/ge20210115.jpg \/><\/a><br \/>\n^ GPS-Track 15.1.2021<\/p>\n<p><a href='http:\/\/extra.inmontanis.info\/d\/60777-2\/DSC02842.jpg'><img src=http:\/\/extra.inmontanis.info\/d\/60776-3\/DSC02842.jpg \/><\/a><br \/>\n^ Die ersten Rentiere auf dieser Reise, es werden sicher nicht die letzten sein<\/p>\n<p><a href='http:\/\/ski.inmontanis.info\/d\/283216-2\/DSC02847.jpg'><img src=http:\/\/ski.inmontanis.info\/d\/283215-3\/DSC02847.jpg \/><\/a><br \/>\n^ Blick ins Skigebiet Idre Fj\u00e4ll von der Stra\u00dfe, die um den Berg herum geht. Rechts der steile Hang fiel mir auf dem Sat-Bild schon auf, er scheint von keinem Lift erschlossen zu sein. So direkt und steil wie er ist, k\u00f6nnte das eine KL-Strecke (gewesen) sein. Links die beiden Ost-4SB und Ost-6KSB<\/p>\n<p><a href='http:\/\/ski.inmontanis.info\/d\/283220-2\/DSC02853.jpg'><img src=http:\/\/ski.inmontanis.info\/d\/283219-3\/DSC02853.jpg \/><\/a><br \/>\n^ Nordh\u00e4nge im Skigebiet Idre Fj\u00e4ll von der Stra\u00dfe herum.<\/p>\n<p>Zur\u00fcck in Idre ging ich dort in ein Sportgesch\u00e4ft und fragte nach heizbaren Handschuhen &#8211; die hatten welche von Lenz da, mit ca. 130,- \u20ac f\u00fcr die Handschuhe und ca. 170,- \u20ac f\u00fcr das Akkupack leider recht teuer (insb. im Vgl. zu den einfachen chinesischen, die man \u00fcber Amazon bekommen w\u00fcrde). Zudem nur F\u00e4ustlinge und eigentlich eine Gr\u00f6\u00dfe zu gro\u00df f\u00fcr mich. Ich bin mir auch nicht sicher, ob ich mit F\u00e4ustlingen klar komme, da ich ja doch hin und wieder die Kamera bedienen will, oder mal das Halstuch \u00fcber die Nase ziehen muss (nicht wegen Maskenpflicht, sondern wegen K\u00e4lte) usw. &#8211; vielleicht h\u00e4tte ich mir doch mal den Preis von den Handschuhen mit Heizpad anschauen sollen im Vergleich. <\/p>\n<p>Wobei diese Lenz-F\u00e4ustlinge auf amazon.de 125-160,- (ohne Akkus) kosten, es gibt auch welche mit Fingern. Akkus kosten auf Amazon ca. 140,- \u20ac. Also so teuer ist das f\u00fcr einen Sportshop in Schweden gar nicht mal im Vergleich.<\/p>\n<p>Mal schauen, was es im morgigen Skigebiet gibt. Wenn es die Lenz mit Finger und eine Gr\u00f6\u00dfe kleiner (M) gibt, dann werd ich sie wohl kaufen m\u00fcssen. Aber vielleicht gibts ja was g\u00fcnstigeres.<\/p>\n<p><a href='http:\/\/extra.inmontanis.info\/d\/60785-2\/DSC02858.jpg'><img src=http:\/\/extra.inmontanis.info\/d\/60784-3\/DSC02858.jpg \/><\/a><br \/>\n^ Die kleine WC-T\u00fcr hier in der Unterkunft find ich ja schon genial.<\/p>\n<p><a href='http:\/\/extra.inmontanis.info\/d\/60789-2\/DSC02856.jpg'><img src=http:\/\/extra.inmontanis.info\/d\/60788-3\/DSC02856.jpg \/><\/a><br \/>\n^ Im Inneren des dann wieder h\u00f6heren WC-Raums wird man von der Tapete etwas erschlagen.<\/p>\n<p><a href='http:\/\/extra.inmontanis.info\/d\/60793-2\/DSC02859.jpg'><img src=http:\/\/extra.inmontanis.info\/d\/60792-3\/DSC02859.jpg \/><\/a><br \/>\n^ Heutiges TK-Fertiggericht um ca. 2,50 \u20ac: Etwas wenig Fisch mit viel Erbsen und Kartoffelp\u00fcree. <\/p>\n","protected":false},"excerpt":{"rendered":"<p>15.1.2021<\/p>\n<p>Heute Nachmittag stand das Skigebiet Fj\u00e4terv\u00e5len auf dem Programm, ein eher klassisch-skandinavisches Skigebiet mit einem Hauptlift und vielen Abfahrten links und rechts, von denen aber noch nicht alle offiziell offen sind.<\/p>\n<p>Bei der Abfahrt an der Unterkunft zu Mittag am Auto hatte es deftige -21\u00b0C &#8211; und ich konnte die Standheizung nicht einschalten. Das <a href=\"http:\/\/blog.inmontanis.info\/?p=6472\">[&#8230;]<\/a><\/p>\n","protected":false},"author":1,"featured_media":0,"comment_status":"closed","ping_status":"closed","sticky":false,"template":"","format":"standard","meta":{"footnotes":""},"categories":[184,678,19,27],"tags":[47],"class_list":["post-6472","post","type-post","status-publish","format-standard","hentry","category-2021-01-skandinavien","category-fjatervalen","category-schwedensweden","category-skifahren-winterskiing-winter","tag-sl","odd"],"_links":{"self":[{"href":"http:\/\/blog.inmontanis.info\/index.php?rest_route=\/wp\/v2\/posts\/6472","targetHints":{"allow":["GET"]}}],"collection":[{"href":"http:\/\/blog.inmontanis.info\/index.php?rest_route=\/wp\/v2\/posts"}],"about":[{"href":"http:\/\/blog.inmontanis.info\/index.php?rest_route=\/wp\/v2\/types\/post"}],"author":[{"embeddable":true,"href":"http:\/\/blog.inmontanis.info\/index.php?rest_route=\/wp\/v2\/users\/1"}],"replies":[{"embeddable":true,"href":"http:\/\/blog.inmontanis.info\/index.php?rest_route=%2Fwp%2Fv2%2Fcomments&post=6472"}],"version-history":[{"count":2,"href":"http:\/\/blog.inmontanis.info\/index.php?rest_route=\/wp\/v2\/posts\/6472\/revisions"}],"predecessor-version":[{"id":6474,"href":"http:\/\/blog.inmontanis.info\/index.php?rest_route=\/wp\/v2\/posts\/6472\/revisions\/6474"}],"wp:attachment":[{"href":"http:\/\/blog.inmontanis.info\/index.php?rest_route=%2Fwp%2Fv2%2Fmedia&parent=6472"}],"wp:term":[{"taxonomy":"category","embeddable":true,"href":"http:\/\/blog.inmontanis.info\/index.php?rest_route=%2Fwp%2Fv2%2Fcategories&post=6472"},{"taxonomy":"post_tag","embeddable":true,"href":"http:\/\/blog.inmontanis.info\/index.php?rest_route=%2Fwp%2Fv2%2Ftags&post=6472"}],"curies":[{"name":"wp","href":"https:\/\/api.w.org\/{rel}","templated":true}]}}