{"id":6461,"date":"2021-01-12T20:50:23","date_gmt":"2021-01-12T19:50:23","guid":{"rendered":"http:\/\/blog.inmontanis.info\/?p=6461"},"modified":"2023-08-05T13:08:04","modified_gmt":"2023-08-05T11:08:04","slug":"11-12-1-2021","status":"publish","type":"post","link":"http:\/\/blog.inmontanis.info\/?p=6461","title":{"rendered":"11.+12.1.2021"},"content":{"rendered":"<p><strong>11.1.2021<\/strong><\/p>\n<p>Diese Nacht war ich wohl alleine im Haus, da h\u00f6rt man dann kein R\u00e4uspern von den Nachbarn. Nach der Arbeit und dem Staubsaugen des Zimmers verlie\u00df ich kurz vor 12 Uhr das Hostel und machte mich auf den Weg nach Idre.<\/p>\n<p>In Mora war ich erst in einem Dollarstore und kaufte mir ein paar Badeschlappen um 3,- (ist wohl auch im Hostel praktisch) und einen leichten Mini-Rucksack um 4,- \u20ac f\u00fcr Skitouren. Danach noch Lebensmittel im ICA Maxi Supermarkt f\u00fcr die Woche eingekauft, zumindest einen Teil. Zu viel Getr\u00e4nke machen ja keinen Sinn, wenn es im Auto -10\u00b0 hat, gefriert das Zeug ja und mit Pech platzen die Flaschen auf.<\/p>\n<p><a href='http:\/\/extra.inmontanis.info\/d\/60725-2\/DSC02644.jpg'><img src=http:\/\/extra.inmontanis.info\/d\/60724-3\/DSC02644.jpg \/><\/a><br \/>\n^ Von Mora nach Idre<\/p>\n<p><a href='http:\/\/extra.inmontanis.info\/d\/60729-2\/DSC02645.jpg'><img src=http:\/\/extra.inmontanis.info\/d\/60728-3\/DSC02645.jpg \/><\/a><br \/>\n^ Kleiner Abstecher \u00fcber eine gemeinschaftliche Auto-Zug-Br\u00fccke<\/p>\n<p><a href='http:\/\/extra.inmontanis.info\/d\/60733-2\/DSC02646.jpg'><img src=http:\/\/extra.inmontanis.info\/d\/60732-3\/DSC02646.jpg \/><\/a><br \/>\n^ .. war nicht so angenehm zu fahren<\/p>\n<p>Auf dem Weg machte ich einen kleinen Abstecher zum Skigebiet W\u00e4sabergen, das leider mittlerweile nicht mehr existiert. Ja, auch in Schweden gibt&#8217;s immer mehr LSAPs und wie anderswo erwischt es h\u00e4ufig die falschen, denn hier gab es eine sch\u00f6ne alte DSB:<\/p>\n<p><a href='https:\/\/alvdalen.files.wordpress.com\/2010\/09\/dsc07546.jpg?w=768&#038;h=369'>https:\/\/alvdalen.files.wordpress.com\/2010\/09\/dsc07546.jpg?w=768&#038;h=369<\/a><\/p>\n<p><a href='https:\/\/bildix.mmcloud.se\/bildix\/api\/images\/Uo5-YmlI0YO6ZpugE5q-2ULI7HE.jpeg?fit=crop&#038;h=600&#038;w=1200'>https:\/\/bildix.mmcloud.se\/bildix\/api\/images\/Uo5-YmlI0YO6ZpugE5q-2ULI7HE.jpeg?fit=crop&#038;h=600&#038;w=1200<\/a><\/p>\n<p><a href='https:\/\/cdn3.cdnme.se\/cdn\/8-1\/3262564\/images\/2012\/dsc_0001_508fa432e087c322eb2410b9.jpg'>https:\/\/cdn3.cdnme.se\/cdn\/8-1\/3262564\/images\/2012\/dsc_0001_508fa432e087c322eb2410b9.jpg<\/a><\/p>\n<p><a href='http:\/\/ski.inmontanis.info\/d\/282936-2\/DSC02649.jpg'><img src=http:\/\/ski.inmontanis.info\/d\/282934-3\/DSC02649.jpg \/><\/a><br \/>\n^ LSAP Skigebiet W\u00e4sabergen<\/p>\n<p><a href='http:\/\/ski.inmontanis.info\/d\/282940-2\/DSC02651.jpg'><img src=http:\/\/ski.inmontanis.info\/d\/282939-3\/DSC02651.jpg \/><\/a><br \/>\n^ .. die SL-St\u00fctzen stehen noch ..<\/p>\n<p><a href='http:\/\/ski.inmontanis.info\/d\/282944-2\/DSC02652.jpg'><img src=http:\/\/ski.inmontanis.info\/d\/282943-3\/DSC02652.jpg \/><\/a><br \/>\n^ .. von der DSB stehen leider keine St\u00fctzen. Und der Schnee zu tief, als dass ich da noch weiter rumgegangen w\u00e4re.<\/p>\n<p><a href='http:\/\/ski.inmontanis.info\/d\/282948-2\/DSC02654.jpg'><img src=http:\/\/ski.inmontanis.info\/d\/282947-3\/DSC02654.jpg \/><\/a><br \/>\n^ Etwas fraglich, ob man da noch lohnenswert mit Tourenski rauf- und runterkommt, beim heutigen Wetter stand das aber nicht zur Debatte<\/p>\n<p>\u00c0 propos sch\u00f6ne alte DSB .. Die DSB am Skuleberget\/Skulebacken mit ihren roten Dreibeinst\u00fctzen und Meerblick, die bei meinen Skandi-Touren leider nie offen war, wenn ich zeitlich h\u00e4tte vorbeifahren k\u00f6nnen, soll leider auch ersetzt werden &#8211; und lt. Berichten im Internet wurde sie bereits abgetragen :(<\/p>\n<p><a href='https:\/\/www.kramfors.se\/images\/18.5a682b7016f1ab4f27a3b8f1\/1578043762704\/skulebergets%20utvecklingssida1.jpg'>https:\/\/www.kramfors.se\/images\/18.5a682b7016f1ab4f27a3b8f1\/1578043762704\/skulebergets%20utvecklingssida1.jpg<\/a><\/p>\n<p><a href='https:\/\/www.kramfors.se\/images\/18.42a2c5bf1699a2c80191ba7f\/1553523251372\/skuleliften.jpg'>https:\/\/www.kramfors.se\/images\/18.42a2c5bf1699a2c80191ba7f\/1553523251372\/skuleliften.jpg<\/a><\/p>\n<p><a href='https:\/\/bildix.mmcloud.se\/bildix\/api\/images\/YVHaCcFbEq6-SgSuzb09r4MmA68.jpeg?fit=crop&#038;w=300'>https:\/\/bildix.mmcloud.se\/bildix\/api\/images\/YVHaCcFbEq6-SgSuzb09r4MmA68.jpeg?fit=crop&#038;w=300<\/a><\/p>\n<p><a href='http:\/\/extra.inmontanis.info\/d\/60737-2\/DSC02656.jpg'><img src=http:\/\/extra.inmontanis.info\/d\/60736-3\/DSC02656.jpg \/><\/a><br \/>\n^ Weiter richtung Idre<\/p>\n<p>Die Temperatur war heute auf der Fahrt zwischnen -10 und -14\u00b0, die Innenbatterie war auf -9.6\u00b0. Nach den ca. 2h Fahrt war sie etwas \u00fcber 0\u00b0, lud aber noch nicht. Ob hier weiterhin das BMS der Batterie blockierte oder der Lader, der leider auch selbst nur bei Plustemperaturen l\u00e4dt (in Lithium-Einstellung), wei\u00df ich nat\u00fcrlich nicht bzw. h\u00e4tte es etwas umst\u00e4ndlich messen m\u00fcssen. Kann nat\u00fcrlich sein, dass die Temperaturen an unterschiedlichen Punkten gemessen werden bzw. beide nicht genau gleich kalibriert sind. Die vom Ladeger\u00e4t h\u00e4ngt am Minuspol und k\u00f6nnte nat\u00fcrlich auch anderswo hin (weil ja eh das BMS bei zu niedrigen Temp. das Laden verhindern sollte.)<\/p>\n<p>Egal, noch hab ich \u00fcber 100 Ah und zur Not kann ich ja eine Heizmatte an die Batterie legen oder paar Minuten das Induktionskochfeld einschalten, durch den hohen Verbrauch wird die Batterie ja auch warm. (um sie bei einer l\u00e4ngeren Fahrt wieder zu laden)<\/p>\n<p>Das Zimmer in Idre ist kein Hostel, sondern ein B&#038;B (war mit 40,- \u20ac \/ Nacht g\u00fcnstiger als das Hostel hier), also Bettw\u00e4sche und Handt\u00fccher inklusive, aufs extra Fr\u00fchst\u00fcck verzichtete ich aber. K\u00fcche besteht nur aus Wasserkocher\/Kaffeemaschine und Mikrowelle, aber das reicht mir, bzw. h\u00e4tt ich ja zur Not Kochplatte und Topf im Auto.<\/p>\n<p>Ein kleines Tischchen gibts auch im Zimmer, sogar ein Waschbecken mit Warmwasser, wow, richtiggehend luxuri\u00f6s, so langsam kapier ich die alten Fremdenzimmerschilder in \u00d6sterreich, wo damit geworben wird :) <\/p>\n<p>Stereoanlage und TV gibts auch im Zimmer, das empfind ich eher negativ &#8211;  wenn bei Vollbelegung jeder hier oben seine Stereoanlage einschaltet is nix mit guter Nacht, zumal die W\u00e4nde hier genauso d\u00fcnn sind wie im gestrigen Hostel.<\/p>\n<p><a href='http:\/\/extra.inmontanis.info\/d\/60741-2\/DSC02662.jpg'><img src=http:\/\/extra.inmontanis.info\/d\/60740-3\/DSC02662.jpg \/><\/a><br \/>\n^ Etwas kuriose Unterkunft insofern dass es teils recht niedrige und schmale T\u00fcren gibt ;)<\/p>\n<p><a href='http:\/\/extra.inmontanis.info\/d\/60745-2\/DSC02663.jpg'><img src=http:\/\/extra.inmontanis.info\/d\/60744-3\/DSC02663.jpg \/><\/a><br \/>\n^ Zimmer f\u00fcr heute und die n\u00e4chsten Tage<\/p>\n<p><a href='http:\/\/extra.inmontanis.info\/d\/60749-2\/DSC02664.jpg'><img src=http:\/\/extra.inmontanis.info\/d\/60748-3\/DSC02664.jpg \/><\/a><br \/>\n^ .. sogar mit Waschbecken, welch Luxus ;)<\/p>\n<p>WLan geht auch halbwegs und das Zimmer ist warm, was will man mehr. Witzig sind auch die kleinen und teils recht schmalen T\u00fcren zu Zimmer\/WC\/Bad. F\u00fcr mich gro\u00df genug, andere werden sich b\u00fccken m\u00fcssen..<\/p>\n<p>Was das WLAN angeht &#8211; mit den Handys hab ich Empfang, mit dem PC konnte ich mich aber nicht verbinden. Hatte ja daheim leider meinen USB-WLan-Adapter nicht gefunden, den h\u00e4tt ich alternativ gern mitgenommen, falls der interne spinnt.<\/p>\n<p>.. hat dann aber via USB funktioniert, also Handy via USB anschlie\u00dfen und ein kabelgebundenes Netzwerk einrichten. Ganz praktisch, mit nem langen USB-Kabel k\u00f6nnte man das Handy dann dort hinlegen, wo der Empfang am besten ist. Wenigstens konsequent: Das WLAN funktionierte auch mit Windows 10 nicht, daf\u00fcr auch hier der Trick via Android-Handy via USB.<\/p>\n<p><a href='http:\/\/extra.inmontanis.info\/d\/60753-2\/DSC02666.jpg'><img src=http:\/\/extra.inmontanis.info\/d\/60752-3\/DSC02666.jpg \/><\/a><br \/>\n^ Fenster-Ausblick, komm mir vor wie in einer M\u00e4rchenlandschaft<\/p>\n<p><strong>12.1.2021<\/strong><\/p>\n<p>Wetter lud heute Nachmittag nicht zum Skifahren ein, also bleib ich in der Unterkunft. Diese Nacht w\u00fcrde ich hier nicht alleine sein, denn 2 M\u00e4nner kamen und belegten 2 Zimmer. Einer neben mir und wieder h\u00f6rte ich quasi jedes R\u00e4uspern. Diese schwedischen Holzh\u00e4user scheinen also wohl recht \u00fcblicherweise ziemlich unged\u00e4mmt zwischen den Zimmern zu sein.<\/p>\n<p>Abends, als ich mir das Essen in der Mikrowelle warm machte, sagten sie, sie w\u00fcrden morgen fr\u00fch gegen 6 Uhr aufstehen und dann wieder fahren &#8211; so als Vorwarnung, falls ich davon aufwachen sollte, was sp\u00e4testens bei dem L\u00fcfter im Bad nicht zu verhindern sein wird. Also werd ich halt etwas zeitiger ins Bett gehen.<\/p>\n<p>Um 15:37 Uhr war dann mal pl\u00f6tzlich der Strom weg  &#8211; nachteilig, wenn man PC statt Notebook dabei hat. Ich sah an den anderen H\u00e4usern in der Gegend aber auch kein Licht, also wartete ich. Nach ca. 15min war wieder Strom da. Besser ist das.<\/p>\n","protected":false},"excerpt":{"rendered":"<p>11.1.2021<\/p>\n<p>Diese Nacht war ich wohl alleine im Haus, da h\u00f6rt man dann kein R\u00e4uspern von den Nachbarn. Nach der Arbeit und dem Staubsaugen des Zimmers verlie\u00df ich kurz vor 12 Uhr das Hostel und machte mich auf den Weg nach Idre.<\/p>\n<p>In Mora war ich erst in einem Dollarstore und kaufte mir ein paar <a href=\"http:\/\/blog.inmontanis.info\/?p=6461\">[&#8230;]<\/a><\/p>\n","protected":false},"author":1,"featured_media":0,"comment_status":"closed","ping_status":"closed","sticky":false,"template":"","format":"standard","meta":{"footnotes":""},"categories":[184,19,673],"tags":[],"class_list":["post-6461","post","type-post","status-publish","format-standard","hentry","category-2021-01-skandinavien","category-schwedensweden","category-wasabergen","odd"],"_links":{"self":[{"href":"http:\/\/blog.inmontanis.info\/index.php?rest_route=\/wp\/v2\/posts\/6461","targetHints":{"allow":["GET"]}}],"collection":[{"href":"http:\/\/blog.inmontanis.info\/index.php?rest_route=\/wp\/v2\/posts"}],"about":[{"href":"http:\/\/blog.inmontanis.info\/index.php?rest_route=\/wp\/v2\/types\/post"}],"author":[{"embeddable":true,"href":"http:\/\/blog.inmontanis.info\/index.php?rest_route=\/wp\/v2\/users\/1"}],"replies":[{"embeddable":true,"href":"http:\/\/blog.inmontanis.info\/index.php?rest_route=%2Fwp%2Fv2%2Fcomments&post=6461"}],"version-history":[{"count":4,"href":"http:\/\/blog.inmontanis.info\/index.php?rest_route=\/wp\/v2\/posts\/6461\/revisions"}],"predecessor-version":[{"id":9127,"href":"http:\/\/blog.inmontanis.info\/index.php?rest_route=\/wp\/v2\/posts\/6461\/revisions\/9127"}],"wp:attachment":[{"href":"http:\/\/blog.inmontanis.info\/index.php?rest_route=%2Fwp%2Fv2%2Fmedia&parent=6461"}],"wp:term":[{"taxonomy":"category","embeddable":true,"href":"http:\/\/blog.inmontanis.info\/index.php?rest_route=%2Fwp%2Fv2%2Fcategories&post=6461"},{"taxonomy":"post_tag","embeddable":true,"href":"http:\/\/blog.inmontanis.info\/index.php?rest_route=%2Fwp%2Fv2%2Ftags&post=6461"}],"curies":[{"name":"wp","href":"https:\/\/api.w.org\/{rel}","templated":true}]}}