{"id":6456,"date":"2021-01-10T19:19:01","date_gmt":"2021-01-10T18:19:01","guid":{"rendered":"http:\/\/blog.inmontanis.info\/?p=6456"},"modified":"2023-08-05T12:25:48","modified_gmt":"2023-08-05T10:25:48","slug":"orsa-gronklitt-10-1-2021-erster-skitag-nach-70-tagen","status":"publish","type":"post","link":"http:\/\/blog.inmontanis.info\/?p=6456","title":{"rendered":"Orsa-Gr\u00f6nklitt, 10.1.2021 &#8211; erster Skitag nach 70 Tagen"},"content":{"rendered":"<p><strong>10.1.2021<\/strong><\/p>\n<p>Heute wollte ich dann doch endlich mal Ski fahren. Ab Mittag soll es sonnig werden, also hatte ich es zuerst nicht eilig &#8211; und eine 3h-Karte k\u00f6nnte mir in Orsa eh reichen. Wobei der Preisunterschied nicht sehr hoch ist und ja 16 von 22 Abfahrten offen sind, also k\u00f6nnte man auch l\u00e4nger bleiben. Zumal der angek\u00fcndigte Schneefall f\u00fcr Vormittag nun doch ausfiel und es bereits morgens sonnig sein soll. Na gut, also dann los!<\/p>\n<p>Tageskarte kostete ca. 43,- \u20ac (vs. ca. 36,- f\u00fcr die 3h-Karte), fremde Axess-Karte wurde &#8211; nach kurzer Diskussion &#8211; akzeptiert. Nicht nur der erste Skitag dieser Reise, auch der erste Sonnentag, die schien heute den ganzen Tag. So macht Schweden schon mehr Spa\u00df. <\/p>\n<p>W\u00e4hrend es morgens nur ca. -5\u00b0 hatte, sank es bis abends auf -7 bis -9\u00b0 ab. Ging heut gerade so, immerhin war das jetzt mein erster Skitag seit dem 1.11. am Hintertuxer, wo coronabedingt geschlossen wurde. Danach hatte ich ja weder Zeit noch maskentragepflichtm\u00e4\u00dfig Lust. Die muss man in Schweden ja zum Gl\u00fcck nicht tragen beim Skifahren. <\/p>\n<p>Das waren jetzt 70 Tage Skipause. Eine so lange Zeit ohne Ski hatte ich schon lang nicht mehr, nat\u00fcrlich musste ich mir das antun und nachschauen, wann zuletzt ich mehr hatte &#8211; und das war, bevor ich meinen F\u00fchrerschein hatte. In die n\u00e4here Auswahl kamen:<\/p>\n<p>7.8.2004 &#8211; 2.10.2004 = 56 Tage<br \/>\n15.8.2000 &#8211; 8.10.2000 = 54 Tage<br \/>\n28.9.1999 &#8211; 27.11.1999 = 60 Tage<\/p>\n<p>aber schlussendlich muss ich bis ins Jahr 1998 zur\u00fcck, also \u00fcber 22 Jahre:<\/p>\n<p>14.4.1998 &#8211; 26.9.1998 = 165 Tage<\/p>\n<p>(keine Ahnung, warum ich 1998 lt. meiner Aufzeichnung nicht mit meiner Mutter Sommerskifahren war?!)<\/p>\n<p>Genug der Statistik, heute war es nach 70 Tagen ein recht sch\u00f6ner Skitag, etwas kalt, aber ganztags sonnig, sch\u00f6ne Lichtstimmung und gro\u00dfteils &#8211; bis auf 2 erst vor kurzem ge\u00f6ffnete Kunstschneepisten &#8211; auch recht gute Schneeverh\u00e4ltnisse.<\/p>\n<p>(Fotos anklicken zum Vergr\u00f6\u00dfern)<\/p>\n<p><a href='http:\/\/extra.inmontanis.info\/d\/60721-2\/DSC02545.jpg'><img src=http:\/\/extra.inmontanis.info\/d\/60720-3\/DSC02545.jpg \/><\/a><br \/>\n^ Stra\u00dfe ins Skigebiet Gr\u00f6nklitt<\/p>\n<p><a href='http:\/\/ski.inmontanis.info\/d\/282774-2\/DSC02549.jpg'><img src=http:\/\/ski.inmontanis.info\/d\/282772-3\/DSC02549.jpg \/><\/a><br \/>\n^ Start der Lifte<\/p>\n<p><a href='http:\/\/ski.inmontanis.info\/d\/282778-2\/DSC02550.jpg'><img src=http:\/\/ski.inmontanis.info\/d\/282777-3\/DSC02550.jpg \/><\/a><br \/>\n^ Pistenplan<\/p>\n<p><a href='http:\/\/ski.inmontanis.info\/d\/282782-2\/DSC02555.jpg'><img src=http:\/\/ski.inmontanis.info\/d\/282781-3\/DSC02555.jpg \/><\/a><br \/>\n^ S\u00f6derlifte \/ S\u00f6derbacken<\/p>\n<p><a href='http:\/\/ski.inmontanis.info\/d\/282786-2\/DSC02557.jpg'><img src=http:\/\/ski.inmontanis.info\/d\/282785-3\/DSC02557.jpg \/><\/a><br \/>\n^ S\u00f6derlifte; nat\u00fcrlich nur wegen dem S\u00f6der fotografiert :) Den \u00dcbungslift dahinter bin ich \u00fcbrigens nicht gefahren.<\/p>\n<p><a href='http:\/\/ski.inmontanis.info\/d\/282790-2\/DSC02558.jpg'><img src=http:\/\/ski.inmontanis.info\/d\/282789-3\/DSC02558.jpg \/><\/a><br \/>\n^ S\u00f6derlifte und 4SB<\/p>\n<p><a href='http:\/\/ski.inmontanis.info\/d\/282794-2\/DSC02559.jpg'><img src=http:\/\/ski.inmontanis.info\/d\/282793-3\/DSC02559.jpg \/><\/a><br \/>\n^ S\u00f6derlifte etwas verkrustet<\/p>\n<p><a href='http:\/\/ski.inmontanis.info\/d\/282798-2\/DSC02561.jpg'><img src=http:\/\/ski.inmontanis.info\/d\/282797-3\/DSC02561.jpg \/><\/a><br \/>\n^ Abfahrt 5 Bananen<\/p>\n<p><a href='http:\/\/ski.inmontanis.info\/d\/282802-2\/DSC02566.jpg'><img src=http:\/\/ski.inmontanis.info\/d\/282801-3\/DSC02566.jpg \/><\/a><br \/>\n^ S\u00f6derlifte und 4SB<\/p>\n<p><a href='http:\/\/ski.inmontanis.info\/d\/282806-2\/DSC02567.jpg'><img src=http:\/\/ski.inmontanis.info\/d\/282805-3\/DSC02567.jpg \/><\/a><br \/>\n^ Mellanlifte<\/p>\n<p><a href='http:\/\/ski.inmontanis.info\/d\/282810-2\/DSC02571.jpg'><img src=http:\/\/ski.inmontanis.info\/d\/282809-3\/DSC02571.jpg \/><\/a><br \/>\n^ Abfahrten 17\/18 am Mellanlift, so schmale Waldpisten gefallen mir halt viel besser als breit und parallel zum SL.<\/p>\n<p><a href='http:\/\/ski.inmontanis.info\/d\/282814-2\/DSC02574.jpg'><img src=http:\/\/ski.inmontanis.info\/d\/282813-3\/DSC02574.jpg \/><\/a><br \/>\n^ Mellanlifte; der Ankar (B\u00fcgel) \u00fcberholt den Knapp (Teller) ca. 12x und dazu geht der Tellerlift leider nicht bis ganz rauf<\/p>\n<p><a href='http:\/\/ski.inmontanis.info\/d\/282818-2\/DSC02577.jpg'><img src=http:\/\/ski.inmontanis.info\/d\/282817-3\/DSC02577.jpg \/><\/a><br \/>\n^ Loipe im Gipfelbereich<\/p>\n<p><a href='http:\/\/ski.inmontanis.info\/d\/282822-2\/DSC02580.jpg'><img src=http:\/\/ski.inmontanis.info\/d\/282821-3\/DSC02580.jpg \/><\/a><br \/>\n^ Abfahrt 9 Berguven , rechts daneben ist der noch geschlossene SL \u00d6stliften unter Beschneiung. Pisten hier wg. Beschneiung knollig.<\/p>\n<p><a href='http:\/\/ski.inmontanis.info\/d\/282826-2\/DSC02581.jpg'><img src=http:\/\/ski.inmontanis.info\/d\/282825-3\/DSC02581.jpg \/><\/a><br \/>\n^ Norrlifte, auch die Abfahrt war etwas knollig und hart wg. der Beschneiung<\/p>\n<p><a href='http:\/\/ski.inmontanis.info\/d\/282830-2\/DSC02582.jpg'><img src=http:\/\/ski.inmontanis.info\/d\/282829-3\/DSC02582.jpg \/><\/a><br \/>\n^ Lt. Status im Web wohl noch geschlossen, aber das sah zu lecker aus: die schwarzen Abfahrten 11+12 am Norrlift. Bucklig, Pulvrig, Eng &#8211; genau mein Style ;)<\/p>\n<p><a href='http:\/\/ski.inmontanis.info\/d\/282834-2\/DSC02585.jpg'><img src=http:\/\/ski.inmontanis.info\/d\/282833-3\/DSC02585.jpg \/><\/a><br \/>\n^ Abfahrten 21-22 rechts von den Mellanliften<\/p>\n<p><a href='http:\/\/ski.inmontanis.info\/d\/282838-2\/DSC02588.jpg'><img src=http:\/\/ski.inmontanis.info\/d\/282837-3\/DSC02588.jpg \/><\/a><br \/>\n^ S\u00f6derbacken um 12 Uhr<\/p>\n<p><a href='http:\/\/ski.inmontanis.info\/d\/282842-2\/DSC02589.jpg'><img src=http:\/\/ski.inmontanis.info\/d\/282841-3\/DSC02589.jpg \/><\/a><br \/>\n^ Abfahrt 3 Biffen links der 4SB<\/p>\n<p><a href='http:\/\/ski.inmontanis.info\/d\/282846-2\/DSC02590.jpg'><img src=http:\/\/ski.inmontanis.info\/d\/282845-3\/DSC02590.jpg \/><\/a><br \/>\n^ 4SB<\/p>\n<p><a href='http:\/\/ski.inmontanis.info\/d\/282850-2\/DSC02594.jpg'><img src=http:\/\/ski.inmontanis.info\/d\/282849-3\/DSC02594.jpg \/><\/a><br \/>\n^ Abfahrt 3 Biffen links der 4SB, offpiste lt. Plan<\/p>\n<p><a href='http:\/\/ski.inmontanis.info\/d\/282854-2\/DSC02595.jpg'><img src=http:\/\/ski.inmontanis.info\/d\/282853-3\/DSC02595.jpg \/><\/a><br \/>\n^ Einmal bin ich doch die 4SB gefahren.<\/p>\n<p><a href='http:\/\/ski.inmontanis.info\/d\/282858-2\/DSC02600.jpg'><img src=http:\/\/ski.inmontanis.info\/d\/282857-3\/DSC02600.jpg \/><\/a><br \/>\n^ Mittagsjause im Auto, R\u00e4ucherschinken, Salzgurkenrelish und Cashewn\u00fcsse. Die Tr\u00fcffel-Pilz-Creme hat mir doch besser geschmeckt :)<\/p>\n<p><a href='http:\/\/ski.inmontanis.info\/d\/282862-2\/DSC02601.jpg'><img src=http:\/\/ski.inmontanis.info\/d\/282861-3\/DSC02601.jpg \/><\/a><br \/>\n^ Corona-Regeln in schwedischen Skigebieten<\/p>\n<p><a href='http:\/\/ski.inmontanis.info\/d\/282866-2\/DSC02603.jpg'><img src=http:\/\/ski.inmontanis.info\/d\/282865-3\/DSC02603.jpg \/><\/a><br \/>\n^ Schwarze Abfahrt 12, wegen solcher Abfahrten mag ich schwedische Skigebiete.<\/p>\n<p><a href='http:\/\/ski.inmontanis.info\/d\/282870-2\/DSC02605.jpg'><img src=http:\/\/ski.inmontanis.info\/d\/282869-3\/DSC02605.jpg \/><\/a><br \/>\n^ Norrlifte, die Sonne kommt kaum \u00fcbern Berg (13:28 Uhr)<\/p>\n<p><a href='http:\/\/ski.inmontanis.info\/d\/282874-2\/DSC02606.jpg'><img src=http:\/\/ski.inmontanis.info\/d\/282873-3\/DSC02606.jpg \/><\/a><br \/>\n^ Rote Abfahrt 13 Slingan am Norrlift ist ebenfalls sehr nett<\/p>\n<p><a href='http:\/\/ski.inmontanis.info\/d\/282878-2\/DSC02609.jpg'><img src=http:\/\/ski.inmontanis.info\/d\/282877-3\/DSC02609.jpg \/><\/a><br \/>\n^ Offpiste zwischen Abfahrt 12 und 13<\/p>\n<p><a href='http:\/\/ski.inmontanis.info\/d\/282882-2\/DSC02611.jpg'><img src=http:\/\/ski.inmontanis.info\/d\/282881-3\/DSC02611.jpg \/><\/a><br \/>\n^ S\u00f6derbacken um 14:28 Uhr<\/p>\n<p><a href='http:\/\/ski.inmontanis.info\/d\/282886-2\/DSC02613.jpg'><img src=http:\/\/ski.inmontanis.info\/d\/282885-3\/DSC02613.jpg \/><\/a><br \/>\n^ Start der Abfahrt 3 Biffen links der 4SB<\/p>\n<p><a href='http:\/\/ski.inmontanis.info\/d\/282890-2\/DSC02616.jpg'><img src=http:\/\/ski.inmontanis.info\/d\/282889-3\/DSC02616.jpg \/><\/a><br \/>\n^ Beschneiung f\u00fcr den Park<\/p>\n<p><a href='http:\/\/ski.inmontanis.info\/d\/282894-2\/DSC02619.jpg'><img src=http:\/\/ski.inmontanis.info\/d\/282893-3\/DSC02619.jpg \/><\/a><br \/>\n^ Rovdjursliften, leider noch zu &#8211; wohl ein Tal-Berg-Tal-SL und auf der anderen Seite w\u00e4re er l\u00e4nger<\/p>\n<p><a href='http:\/\/ski.inmontanis.info\/d\/282898-2\/DSC02621.jpg'><img src=http:\/\/ski.inmontanis.info\/d\/282897-3\/DSC02621.jpg \/><\/a><br \/>\n^ S\u00f6derlifte um 14:55<\/p>\n<p><a href='http:\/\/ski.inmontanis.info\/d\/282902-2\/DSC02623.jpg'><img src=http:\/\/ski.inmontanis.info\/d\/282901-3\/DSC02623.jpg \/><\/a><br \/>\n^ Mellanlifte um 14:58 Uhr<\/p>\n<p><a href='http:\/\/ski.inmontanis.info\/d\/282906-2\/DSC02626.jpg'><img src=http:\/\/ski.inmontanis.info\/d\/282905-3\/DSC02626.jpg \/><\/a><br \/>\n^ S\u00f6derbacken um 15:07 Uhr<\/p>\n<p><a href='http:\/\/ski.inmontanis.info\/d\/282910-2\/DSC02629.jpg'><img src=http:\/\/ski.inmontanis.info\/d\/282909-3\/DSC02629.jpg \/><\/a><br \/>\n^ S\u00f6derbacken um 15:16 Uhr, Sonnenuntergang<\/p>\n<p><a href='http:\/\/ski.inmontanis.info\/d\/282914-2\/DSC02633.jpg'><img src=http:\/\/ski.inmontanis.info\/d\/282913-3\/DSC02633.jpg \/><\/a><br \/>\n^ Abendd\u00e4mmerung<\/p>\n<p><a href='http:\/\/ski.inmontanis.info\/d\/282918-2\/DSC02634.jpg'><img src=http:\/\/ski.inmontanis.info\/d\/282917-3\/DSC02634.jpg \/><\/a><br \/>\n^ Abendd\u00e4mmerung und Schneih\u00fcgel<\/p>\n<p><a href='http:\/\/ski.inmontanis.info\/d\/282922-2\/DSC02636.jpg'><img src=http:\/\/ski.inmontanis.info\/d\/282921-3\/DSC02636.jpg \/><\/a><br \/>\n^ Abendd\u00e4mmerung<\/p>\n<p><a href='http:\/\/ski.inmontanis.info\/d\/282926-2\/DSC02639.jpg'><img src=http:\/\/ski.inmontanis.info\/d\/282925-3\/DSC02639.jpg \/><\/a><br \/>\n^ S\u00f6derbacken um 15:25 Uhr<\/p>\n<p><a href='http:\/\/ski.inmontanis.info\/d\/282930-2\/GE20210110b.jpg'><img src=http:\/\/ski.inmontanis.info\/d\/282929-3\/GE20210110b.jpg \/><\/a><br \/>\n^ GPS-Track 10.1.2021<\/p>\n<p>Soweit also ganz nett gewesen heute. Morgen fahr ich nach Idre, wo ich bis Samstag bleiben werde. Im Laufe der Woche werd ich wohl ca. 3 Skinachmittage einlegen. Ein dortiges Skigebiet ist jetzt leider geschlossen, das ist jetzt in Schweden in der Zwischensaison bis Anfang Februar nicht so un\u00fcblich, dass manch kleine Skigebiete ein paar Wochen zu haben. Gr\u00f6\u00dfere dagegen haben oft verg\u00fcnstigte Skip\u00e4sse.<\/p>\n<p>Vielleicht werd ich ja doch etwas z\u00fcgiger in den Norden fahren, diese stundelangen Morgen\/Abendd\u00e4mmerungen weiter n\u00f6rdlich w\u00e4ren ja sicher auch mal ganz nett anzusehen und dann k\u00f6nnte man auf der R\u00fcckfahrt so im M\u00e4rz noch die kleineren Skigebiete im Flachland \/ weiter im Osten mitnehmen.. <\/p>\n<p>Andererseits, was mach im April in den Alpen, wenn ich dann wieder nur mit Maske skifahren d\u00fcrfte?<\/p>\n<p>(Fortsetzung folgt)<\/p>\n","protected":false},"excerpt":{"rendered":"<p>10.1.2021<\/p>\n<p>Heute wollte ich dann doch endlich mal Ski fahren. Ab Mittag soll es sonnig werden, also hatte ich es zuerst nicht eilig &#8211; und eine 3h-Karte k\u00f6nnte mir in Orsa eh reichen. Wobei der Preisunterschied nicht sehr hoch ist und ja 16 von 22 Abfahrten offen sind, also k\u00f6nnte man auch l\u00e4nger bleiben. Zumal <a href=\"http:\/\/blog.inmontanis.info\/?p=6456\">[&#8230;]<\/a><\/p>\n","protected":false},"author":1,"featured_media":0,"comment_status":"closed","ping_status":"closed","sticky":false,"template":"","format":"standard","meta":{"footnotes":""},"categories":[184,640,19,27],"tags":[49,47],"class_list":["post-6456","post","type-post","status-publish","format-standard","hentry","category-2021-01-skandinavien","category-orsa-gronklitt","category-schwedensweden","category-skifahren-winterskiing-winter","tag-4sb","tag-sl","odd"],"_links":{"self":[{"href":"http:\/\/blog.inmontanis.info\/index.php?rest_route=\/wp\/v2\/posts\/6456","targetHints":{"allow":["GET"]}}],"collection":[{"href":"http:\/\/blog.inmontanis.info\/index.php?rest_route=\/wp\/v2\/posts"}],"about":[{"href":"http:\/\/blog.inmontanis.info\/index.php?rest_route=\/wp\/v2\/types\/post"}],"author":[{"embeddable":true,"href":"http:\/\/blog.inmontanis.info\/index.php?rest_route=\/wp\/v2\/users\/1"}],"replies":[{"embeddable":true,"href":"http:\/\/blog.inmontanis.info\/index.php?rest_route=%2Fwp%2Fv2%2Fcomments&post=6456"}],"version-history":[{"count":5,"href":"http:\/\/blog.inmontanis.info\/index.php?rest_route=\/wp\/v2\/posts\/6456\/revisions"}],"predecessor-version":[{"id":9115,"href":"http:\/\/blog.inmontanis.info\/index.php?rest_route=\/wp\/v2\/posts\/6456\/revisions\/9115"}],"wp:attachment":[{"href":"http:\/\/blog.inmontanis.info\/index.php?rest_route=%2Fwp%2Fv2%2Fmedia&parent=6456"}],"wp:term":[{"taxonomy":"category","embeddable":true,"href":"http:\/\/blog.inmontanis.info\/index.php?rest_route=%2Fwp%2Fv2%2Fcategories&post=6456"},{"taxonomy":"post_tag","embeddable":true,"href":"http:\/\/blog.inmontanis.info\/index.php?rest_route=%2Fwp%2Fv2%2Ftags&post=6456"}],"curies":[{"name":"wp","href":"https:\/\/api.w.org\/{rel}","templated":true}]}}