{"id":6452,"date":"2021-01-09T18:30:44","date_gmt":"2021-01-09T17:30:44","guid":{"rendered":"http:\/\/blog.inmontanis.info\/?p=6452"},"modified":"2021-01-10T18:43:01","modified_gmt":"2021-01-10T17:43:01","slug":"8-9-1-2021-siknas-mora-orsa","status":"publish","type":"post","link":"http:\/\/blog.inmontanis.info\/?p=6452","title":{"rendered":"8.+9.1.2021 Sikn\u00e4s-Mora-Orsa"},"content":{"rendered":"<p><strong>8.1.2021<\/strong><\/p>\n<p>Die Tiefk\u00fchlfertiggerichte\/Pizzen, die es hier im Hostel gibt, sind mit ca. 25 SEK (ca. 2,50 \u20ac) sogar g\u00fcnstiger als im normalen Supermarkt (au\u00dfer den ganz gro\u00dfen dann). Bezahlen muss man allerdings entweder mit Swish (was ich nicht hab und nicht haben kann) oder bar in eine Kassenlade (au\u00dfer den 500er Scheinen vom Bankomat hatte ich noch 3 20er.). Auch ein Fr\u00fchst\u00fcck k\u00f6nnte man sich um 25 SEK  zusammenstellen, aus Joghurts, Marmeladen, Eiern, tiefgefrorenen Brotsorten, K\u00e4se und Cornflakes. <\/p>\n<p>Auf dem Weg aus der K\u00fcche raus kommt man am Putzschrank vorbei, wo geschrieben steht, dass man beim Verlassen doch sein Zimmer reinigen soll, mit Staubsauger und whatever. Scheint aber bei Hostels nicht un\u00fcblich zu sein. Somit sollte man lieber mehr Tage in einem verbringen statt jeden Tag in einem anderen :) <\/p>\n<p>Nach der Arbeit, kurz vor Mittag, duschte ich und wusch mal meine Unterw\u00e4sche+Str\u00fcmpfe. Waschmaschine hab ich zwar keine gesehen und im Waschbecken ging das ohne Abfluss-Pfropfen zwar auch nur m\u00e4\u00dfig, aber besser wie nix. Zum Trocknen dann \u00fcber die Heizung gelegt :) Sollte bei der d\u00fcnnen W\u00e4sche ja reichen, beim Pulli k\u00f6nnte das wohl schwieriger werden ..<\/p>\n<p>Ich nahm eine Pizza aus der TK und a\u00df einen Teil und hob mir den Rest f\u00fcr abends auf. Somit 2&#215;20 SEK gezahlt und noch 15,- &#8220;Guthaben&#8221; gehabt f\u00fcr was anderes dann. Sp\u00e4ter nahm ich noch ein Eis um 10,- raus.<\/p>\n<p>Kaum machte ich im Anschluss einen kleinen Spaziergang \u00fcber die Br\u00fccke, kreiste ein Polizei-Hubschrauber um mich herum :) Surreal. Erster Reflex, wie man es von Filmen her kennt, ist ja wegrennen, aber mir fiel doch schnell ein, dass die ja nix von mir wollen werden.<\/p>\n<p>N\u00e4chste Woche m\u00f6chte ich ein paar Tage in Idre verbringen, wo bei -10\u00b0 und k\u00e4lter jedenfalls wieder ein Zimmer n\u00f6tig sein wird. Dazwischen m\u00f6chte ich am Sonntag Nachmittag einen Skithalbag in Orsa einlegen; in Kombination gab es damit mehrere M\u00f6glichkeiten.<\/p>\n<p>Von SA auf SO k\u00f6nnt ich im Auto schlafen, es soll nur ca. -5\u00b0 werden, aber schneien. Allerdings lohnt sich wegen 1 Nacht nat\u00fcrlich nicht, das WC wieder betriebsbereit (und frostfrei) zu machen, d.h. ich sollte besser auf einem Parkplatz mit (beheiztem) WC stehen &#8211; da gibt&#8217;s wohl keines in einem sinnvollen Bereich, zudem die Frage wo &#038; womit verbringe ich den Samstag Nachmittag und den Sonntag Vormittag? Das alles um sich eine Nacht in einem Hostel um knapp 30,- \u20ac zu sparen&#8230;  etwas zweifelhaft, das m\u00fcssten dann schon mehr N\u00e4chte sein oder eine vergleichsweise teurere Unterkunft, die man sich so einsparen w\u00fcrde.<\/p>\n<p>Gesundaberget macht morgen zwar das Skigebiet auf, aber nur sehr, sehr eingeschr\u00e4nkt &#8211; Kinderbereich und der halbe SL -> leider nicht lohnenswert.<\/p>\n<p><a href='http:\/\/extra.inmontanis.info\/d\/60653-2\/DSC02495.jpg'><img src=http:\/\/extra.inmontanis.info\/d\/60652-3\/DSC02495.jpg \/><\/a><br \/>\n^ Aufenthaltsraum, ehemaliges Klassenzimmer<\/p>\n<p><a href='http:\/\/extra.inmontanis.info\/d\/60657-2\/DSC02498.jpg'><img src=http:\/\/extra.inmontanis.info\/d\/60656-3\/DSC02498.jpg \/><\/a><br \/>\n^ Geschichtstafel<\/p>\n<p><a href='http:\/\/extra.inmontanis.info\/d\/60661-2\/DSC02501.jpg'><img src=http:\/\/extra.inmontanis.info\/d\/60660-3\/DSC02501.jpg \/><\/a><br \/>\n^ Br\u00fccke<\/p>\n<p><a href='http:\/\/extra.inmontanis.info\/d\/60665-2\/DSC02504.jpg'><img src=http:\/\/extra.inmontanis.info\/d\/60664-3\/DSC02504.jpg \/><\/a><br \/>\n^ Doch noch nich ganz zugefrorener See und Polizeihubschrauber<\/p>\n<p><a href='http:\/\/extra.inmontanis.info\/d\/60669-2\/DSC02507.jpg'><img src=http:\/\/extra.inmontanis.info\/d\/60668-3\/DSC02507.jpg \/><\/a><br \/>\n^ See nahe der Kirche<\/p>\n<p><a href='http:\/\/extra.inmontanis.info\/d\/60673-2\/DSC02510.jpg'><img src=http:\/\/extra.inmontanis.info\/d\/60672-3\/DSC02510.jpg \/><\/a><br \/>\n^ Eine der K\u00fcchen<\/p>\n<p><strong>9.1.2021<\/strong><\/p>\n<p>Ich nahm heut die g\u00fcnstige Fr\u00fchst\u00fccksm\u00f6glichkeit an und a\u00df Brot mit Mameladen, K\u00e4se, Joghurt und machte mir sogar ein Spiegelei, auch wenn ich die Pfanne danach selbst absp\u00fclen musste. Aber bei ca. 2,50 \u20ac Pauschaltarif &#8230;<\/p>\n<p>Danach noch die beiden Zimmer bis n\u00e4chsten Samstag gebucht. Bei Orsa werd ich nur wenig mehr zahlen wie hier, in Idre sind&#8217;s dann ca. 40,- \u20ac, daf\u00fcr hat man aber auch mehrere und gr\u00f6\u00dfere Skigebiete dort. Nicht, dass ich das br\u00e4uchte, aber die kleinen richtung Meer haben teilweise halt auch noch nicht genug Schnee &#8211; zudem k\u00f6nnten die evtl. beim Runterfahren praktischer sein, wenn ich da wieder temperaturm\u00e4\u00dfig im Auto schlafen kann. Daher werd ich vorerst wohl lieber in den Bergen im Westen bleiben.<\/p>\n<p>An der T\u00fcr zur Putzkammer stand, dass innen irgendwas geschrieben sein soll, was wof\u00fcr zu verwenden ist, hab aber nix gefunden diesbez\u00fcglich, also hab ich halt nur mit dem Staubsauger Tisch und Zimmer ausgesaugt &#8211; keine Ahnung, was man da &#8211; nach 2 N\u00e4chten &#8211; offiziell alles machen soll?! <\/p>\n<p>Im Auto fiel mir dann eine vielleicht etwas unrunde Sache ein: Ich hab extra die Skischuhtasche aus Platzgr\u00fcnden daheim gelassen und die Skischuhe nur so in den Beifahrersitzfu\u00dfraum rein. Wenn man vor dem Skigebietsbesuch eine Zeit lang f\u00e4hrt, funktioniert das nat\u00fcrlich, aber wenn man im Ski-Ort in einem Zimmer \u00fcbernachtet, eher nicht. Und ich kann die Schuhe ohne Skischuhtasche ja schlecht aufs Zimmer nehmen (weil nass..). Vielleicht hatte ich daheim das aber gar nicht so problematisch gesehen, weil ich in so einem Fall mir einfach gedacht hab, dass ich dann halt die Standheizung vor Abfahrt 20 Minuten laufen lasse?<\/p>\n<p>Unabsichtlich vergessen hab ich den Mini-Rucksack, den hab ich im Fr\u00fchjahr ja bei Skitouren verwendet, sch\u00f6n Leicht und sehr klein, da passt gerade eine Trinkflasche und ein paar Snacks rein und runterw\u00e4rts noch die Felle. <\/p>\n<p><a href='http:\/\/extra.inmontanis.info\/d\/60677-2\/DSC02511.jpg'><img src=http:\/\/extra.inmontanis.info\/d\/60676-3\/DSC02511.jpg \/><\/a><br \/>\n^ Engere Fl\u00fcsse mit Str\u00f6mung sind noch nicht zugefroren, aber aufgrund des Spiegelpanos hat&#8217;s hier doch eher keine starke Str\u00f6mung?<\/p>\n<p><a href='http:\/\/extra.inmontanis.info\/d\/60681-2\/DSC02516.jpg'><img src=http:\/\/extra.inmontanis.info\/d\/60680-3\/DSC02516.jpg \/><\/a><br \/>\n^ Endlich mal wieder unterwegs ;-)<\/p>\n<p><a href='http:\/\/extra.inmontanis.info\/d\/60685-2\/DSC02519.jpg'><img src=http:\/\/extra.inmontanis.info\/d\/60684-3\/DSC02519.jpg \/><\/a><br \/>\n^ Rastplatz an der E45 mit Museum<\/p>\n<p><a href='http:\/\/extra.inmontanis.info\/d\/60689-2\/DSC02520.jpg'><img src=http:\/\/extra.inmontanis.info\/d\/60688-3\/DSC02520.jpg \/><\/a><br \/>\n^ Fluss oder eher Bach im Winter<\/p>\n<p><a href='http:\/\/extra.inmontanis.info\/d\/60693-2\/DSC02521.jpg'><img src=http:\/\/extra.inmontanis.info\/d\/60692-3\/DSC02521.jpg \/><\/a><br \/>\n^ .. war mal ein Hochofen<\/p>\n<p><a href='http:\/\/extra.inmontanis.info\/d\/60697-2\/DSC02529.jpg'><img src=http:\/\/extra.inmontanis.info\/d\/60696-3\/DSC02529.jpg \/><\/a><br \/>\n^ Mora und Schlittschuhl\u00e4ufer am See<\/p>\n<p><a href='http:\/\/extra.inmontanis.info\/d\/60701-2\/DSC02533.jpg'><img src=http:\/\/extra.inmontanis.info\/d\/60700-3\/DSC02533.jpg \/><\/a><br \/>\n^ Alte Lok in Mora<\/p>\n<p><a href='http:\/\/extra.inmontanis.info\/d\/60705-2\/DSC02535.jpg'><img src=http:\/\/extra.inmontanis.info\/d\/60704-3\/DSC02535.jpg \/><\/a><br \/>\n^ Alte Lok in Mora<\/p>\n<p><a href='http:\/\/extra.inmontanis.info\/d\/60709-2\/DSC02536.jpg'><img src=http:\/\/extra.inmontanis.info\/d\/60708-3\/DSC02536.jpg \/><\/a><br \/>\n^ Alte Lok in Mora<\/p>\n<p><a href='http:\/\/extra.inmontanis.info\/d\/60713-2\/DSC02539.jpg'><img src=http:\/\/extra.inmontanis.info\/d\/60712-3\/DSC02539.jpg \/><\/a><br \/>\n^ Alte Lok in Mora<\/p>\n<p>Der ICA Maxi Supermarkt, wo ich heut Nachmittag einkaufen war, ist schon um einiges g\u00fcnstiger als die normalen ICA &#8211; Superm\u00e4rkte. Ich meine, dass das in Schweden ausgepr\u00e4gter ist als in DE\/AT, was die Preise je nach Supermarktgr\u00f6\u00dfe angeht. ICA gibt&#8217;s ja Maxi > Quantum > Supermarkt > N\u00e4ra, wenn ichs richtig im Kopf hab und die Preise unterscheiden sich schon teilweise um die 0,10 \u20ac bzw. 10%, deutlich bei Getr\u00e4nken zu sehen.  <\/p>\n<p>Es war im Markt voller, mit Maske hab ich drin diesmal niemanden, erst sp\u00e4ter jemand am Parkplatz gesehen. Die Desinfektionsspender am Eingang wurden aber ziemlich durchg\u00e4ngig verwendet. Ekelhaft bitterer Geschmack selbst Stunden sp\u00e4ter, wenn man sich mit den Fingern im Mundbereich aufh\u00e4lt.<\/p>\n<p>Im Vandrarhem in Orsa angekommen, bezog ich ein EZ im Nebengeb\u00e4ude. Das hat im Gegensatz zu dem einen Bild auf Booking zwar immerhin ein normales Fenster (und nicht nur ein Dachfenster), daf\u00fcr aber leider keinen Schreibtisch &#8211; nur einen kleinen Tisch neben dem Bett &#8211; und einen sch\u00f6n bequemen Drehsessel. Dann muss das halt so gehen.<\/p>\n<p>Schmerzlicher vermisst wird der WLAN-Empfang hier unten. Auch der Parkplatz ist weiter weg, auf der Stra\u00dfe gegen\u00fcber, nur das Personal darf direkt vor dem Haus parken?! Und die Stra\u00dfe h\u00f6hrbarer und befahrener. Kosten? Ca. 30,- \u20ac pro Nacht.<\/p>\n<p>So allein wie gestern bin ich in der heutigen Unterkunft nicht, im Zimmer neben mir ist auch einer, den man sogar h\u00f6rt, wenn er sich lediglich r\u00e4uspert. W\u00fcrd mich nicht wundern, wenn der das Klackern meiner Tastatur h\u00f6rt &#8230;<\/p>\n<p>L\u00e4rm auch von oben, man h\u00f6rt jeden Fu\u00dftritt. Und irgendwie schien der ne halbe Stunde lang das Zimmer umzustellen. Naja, wenigstens keine Italiener oder Griechen, die die ganze Nacht \u00fcber plaudern oder telefonieren. <\/p>\n<p><a href='http:\/\/extra.inmontanis.info\/d\/60717-2\/DSC02542.jpg'><img src=http:\/\/extra.inmontanis.info\/d\/60716-3\/DSC02542.jpg \/><\/a><br \/>\n^ Zimmer in Orsa<\/p>\n<p>Unter normalen (alten) Umst\u00e4nden w\u00e4r jetzt der halbe Urlaub schon wieder vorbei und ich w\u00e4r sicher doppelt so viel km mit dem Auto gefahren. So schalt ich halt einfach mal ein paar G\u00e4nge runter und geh es ruhiger an, schlafe l\u00e4nger &#8211; zwangsweise nat\u00fcrlich auch g\u00fcnstiger, wenn man l\u00e4nger unterwegs ist. <\/p>\n<p>Wobei man mit drei kleinen Hotdogs \u00e0 1 \u20ac wohl genauso satt w\u00fcrde wie mit einem TK-Fertiggericht um 3,- \u20ac, denk ich. Die g\u00fcnstigen Hotdogs hab ich im Supermarkt aber erst beim Rausgehen nach der Kasse entdeckt, da hatte ich schon die zwei gegrillten, warmen H\u00e4hnchenschenkel um 3 \u20ac (zusammen) eingekauft und konnte so wieder etwas von meinem Ketchup aufbrauchen &#8211; dazu zwei Scheiben Tunnbr\u00f6d und ich war so satt, dass ich das TK-Fertiggericht f\u00fcr morgen aufgehoben hab. Im Auto bleibt es \u00fcber Nacht eh gefroren.<\/p>\n","protected":false},"excerpt":{"rendered":"<p>8.1.2021<\/p>\n<p>Die Tiefk\u00fchlfertiggerichte\/Pizzen, die es hier im Hostel gibt, sind mit ca. 25 SEK (ca. 2,50 \u20ac) sogar g\u00fcnstiger als im normalen Supermarkt (au\u00dfer den ganz gro\u00dfen dann). Bezahlen muss man allerdings entweder mit Swish (was ich nicht hab und nicht haben kann) oder bar in eine Kassenlade (au\u00dfer den 500er Scheinen vom Bankomat hatte <a href=\"http:\/\/blog.inmontanis.info\/?p=6452\">[&#8230;]<\/a><\/p>\n","protected":false},"author":1,"featured_media":0,"comment_status":"closed","ping_status":"closed","sticky":false,"template":"","format":"standard","meta":{"footnotes":""},"categories":[184,19],"tags":[45],"class_list":["post-6452","post","type-post","status-publish","format-standard","hentry","category-2021-01-skandinavien","category-schwedensweden","tag-see","odd"],"_links":{"self":[{"href":"http:\/\/blog.inmontanis.info\/index.php?rest_route=\/wp\/v2\/posts\/6452","targetHints":{"allow":["GET"]}}],"collection":[{"href":"http:\/\/blog.inmontanis.info\/index.php?rest_route=\/wp\/v2\/posts"}],"about":[{"href":"http:\/\/blog.inmontanis.info\/index.php?rest_route=\/wp\/v2\/types\/post"}],"author":[{"embeddable":true,"href":"http:\/\/blog.inmontanis.info\/index.php?rest_route=\/wp\/v2\/users\/1"}],"replies":[{"embeddable":true,"href":"http:\/\/blog.inmontanis.info\/index.php?rest_route=%2Fwp%2Fv2%2Fcomments&post=6452"}],"version-history":[{"count":3,"href":"http:\/\/blog.inmontanis.info\/index.php?rest_route=\/wp\/v2\/posts\/6452\/revisions"}],"predecessor-version":[{"id":6455,"href":"http:\/\/blog.inmontanis.info\/index.php?rest_route=\/wp\/v2\/posts\/6452\/revisions\/6455"}],"wp:attachment":[{"href":"http:\/\/blog.inmontanis.info\/index.php?rest_route=%2Fwp%2Fv2%2Fmedia&parent=6452"}],"wp:term":[{"taxonomy":"category","embeddable":true,"href":"http:\/\/blog.inmontanis.info\/index.php?rest_route=%2Fwp%2Fv2%2Fcategories&post=6452"},{"taxonomy":"post_tag","embeddable":true,"href":"http:\/\/blog.inmontanis.info\/index.php?rest_route=%2Fwp%2Fv2%2Ftags&post=6452"}],"curies":[{"name":"wp","href":"https:\/\/api.w.org\/{rel}","templated":true}]}}