{"id":6449,"date":"2021-01-07T18:20:54","date_gmt":"2021-01-07T17:20:54","guid":{"rendered":"http:\/\/blog.inmontanis.info\/?p=6449"},"modified":"2023-08-05T12:59:27","modified_gmt":"2023-08-05T10:59:27","slug":"6-7-1-2021","status":"publish","type":"post","link":"http:\/\/blog.inmontanis.info\/?p=6449","title":{"rendered":"6.+7.1.2021"},"content":{"rendered":"<p><strong>6.1.2021<\/strong><\/p>\n<p>Nur weil man im Auto schlafen + leben <em>kann<\/em>, hei\u00dft das ja nicht, das man das auch die ganze Zeit machen <em>muss<\/em>. Erst recht nicht, wenn man ein Hostelzimmer um ca. 20-30 \u20ac die Nacht bekomen kann. Ok, ich h\u00e4tt schon gern mal noch ausgetestet, wie es bei -5\u00b0, -10\u00b0 ist. Aber so sparsam m\u00fcsste ich ja auch nicht sein, ich kann noch den ganzen Sommer im Auto schlafen, wenn ich will. <\/p>\n<p><a href='http:\/\/ski.inmontanis.info\/d\/282750-2\/DSC02444.jpg'><img src=http:\/\/ski.inmontanis.info\/d\/282748-3\/DSC02444.jpg \/><\/a><br \/>\n^ Ski Sunne<\/p>\n<p><a href='http:\/\/ski.inmontanis.info\/d\/282754-2\/DSC02446.jpg'><img src=http:\/\/ski.inmontanis.info\/d\/282753-3\/DSC02446.jpg \/><\/a><br \/>\n^ Ski Sunne, rechts ist eine seltene Doppel-3SB; daher w\u00e4re ich durchaus gerne mal hier gefahren. Sind aber noch nicht offen.<\/p>\n<p>Auf dem Weg in das ge\u00f6ffnete Skigebiet Hovfj\u00e4llet hielt ich an einem Dollarstore (mittlerweile -9\u00b0C), wo ich mir eine Fleece-Decke um ca. 2,- \u20ac und eine Schaumstoffmatte um ca. 4,- \u20ac und ein Thermometer um ca. 2,- \u20ac kaufte, es schien neblig zu sein, so dass ich es nicht eilig hatte. <\/p>\n<p>Am Skigebiet Hovfj\u00e4llet angekommen, war man dann tats\u00e4chlich ziemlich im Nebel. Dazu -11\u00b0 kalt, also keine Lust auf Skifahren heute. Ganz sch\u00f6n viel Autos standen auch herum, aber viele waren nur zum Langlaufen hier oben.<\/p>\n<p><a href='http:\/\/ski.inmontanis.info\/d\/282760-2\/DSC02449.jpg'><img src=http:\/\/ski.inmontanis.info\/d\/282758-3\/DSC02449.jpg \/><\/a><br \/>\n^ Aufahrt Skigebiet Hovfj\u00e4llet<\/p>\n<p><a href='http:\/\/ski.inmontanis.info\/d\/282764-2\/DSC02452.jpg'><img src=http:\/\/ski.inmontanis.info\/d\/282763-3\/DSC02452.jpg \/><\/a><br \/>\n^ Skigebiet Hovfj\u00e4llet, der leichte Lift hier war ziemlich voll, mehr hat man wg. des Nebels nicht gesehen, dazu unter -10\u00b0 &#8212; ach, die Saison ist noch lang genug.<\/p>\n<p><a href='http:\/\/ski.inmontanis.info\/d\/282768-2\/DSC02456.jpg'><img src=http:\/\/ski.inmontanis.info\/d\/282767-3\/DSC02456.jpg \/><\/a><br \/>\n^ Talblick von der Auffahrt zum Skigebiet<\/p>\n<p>Trotzdem bin ich heute schon genug Auto gefahren und ich wollte in der N\u00e4he einen Standplatz nehmen. Lt. Wetterbericht werden es hier \u00fcber Nacht auch nur -6 bis -8\u00b0, also etwas w\u00e4rmer als ein St\u00fcck weiter n\u00f6rdlich. Allerdings jetzt mit dem Schnee auch nicht mehr so einfach, weil die kleinen Parkpl\u00e4tze und See-Badepl\u00e4tze im Winter h\u00e4ufig nicht mehr ger\u00e4umt werden .. <\/p>\n<p>Ich finds ja schon recht kurios, dass es vom Fahrersitz aus sowohl vorne wie auch hinten, wenn man die Hand drunter h\u00e4lt, sp\u00fcrbar kalt rausgeht, d.h. der Fu\u00dfraum vorne scheint noch halbwegs gut isoliert zu sein, aber ab unterm Sitz und dann nach hinten nicht mehr. Ich war ein bisschen am Parkplatz gestanden, im oberen Bereich ging es noch, auch wenn die H\u00e4nde schon kalt wurden, aber unterm Sitz hatte es nur noch 10\u00b0. Auch die Batterie d\u00fcmpelt die ganze Zeit in dem Bereich herum, wobei ich die ja zum Gl\u00fcck in eine nach vorne halbwegs geschlossene Holzbox und auf einer D\u00e4mmmatte hab und ich zus\u00e4tzlich unter der Box den vorhandenen Teppich gelassen hab. Ohne das alles w\u00fcrde es der Batterie sicherlich schon wesentlich k\u00e4lter sein.<\/p>\n<p>Also wegen der gestrigen Standheizungseinstellung, nur im Fu\u00dfraum zu heizen &#8211; da muss man schon 20min statt 10min laufen lassen, bis es einem warm wird und es kommt unten fast immer noch nur lauwarme Luft durch, da ist obenrum heizen mit Abluftschlauch schon schneller + w\u00e4rmer. Andererseits k\u00f6nnts ja nicht unsinnvoll sein, das Zeug da unten wenigstens etwas zu erw\u00e4rmen?! <\/p>\n<p>Als ich gegen 14 Uhr an einem Parkplatz mit WC direkt an der E45 ankam, ist das Au\u00dfenthermometer immerhin von zwischendrin -14\u00b0 wieder auf -11\u00b0 gestiegen. \u00dcbernachten wollte ich allerdings lieber an einem etwas ruhigeren Platz. Wenn ich es denn unbedingt mal bei diesen Temperaturen ausprobieren m\u00f6chte..<\/p>\n<p>Da der andere Platz, wie bef\u00fcrchtet, nicht ger\u00e4umt war, blieb ich also auf dem Rastplatz mit dem WC und verzog mich um 15 Uhr in den Hinterraum und versuchte noch ein paar K\u00e4lteecken abzudichten mit den neu gekauften Dingen &#8211; also an den T\u00fcren n\u00fctzt das schon was, aber unten im Bodenbereich .. nicht wirklich :( Bzw. m\u00fcsste man da gro\u00dffl\u00e4chig was machen.<\/p>\n<p>Ich bin dann erst mal etwas in &#8220;L\u00fcmmelposition&#8221; geblieben (also am Beifahrersitz hinten anlehnend) und hab mal die Temperatur im Fu\u00dfbereich hinterm Fahrersitz beobachtet, trotz einiger Abdichtugsversuche sank es da recht schnell auf lediglich 5\u00b0 ab und der Albuftschlauch von der Seitend\u00fcse bringt leider zu wenig. Der m\u00fcsste wohl an einer der mittleren D\u00fcsen h\u00e4ngen &#8211; gesagt, getan, getestet, bringt mehr.<\/p>\n<p>Heutige PC-Probleme? Linux-Boot ging problemlos, aber die WLan-Verbindung mit dem Handy wollte nicht mehr stabil anlaufen, Handy und PC mehrfach gestartet ohne Verbesserung. Konnte am Handy den Hotspot von 2,4 auf 5 GHz umstellen, dann ging&#8217;s. Nervig.<\/p>\n<p>Im Bodenbereich konnte ich um 20:30 dann bescheidene +4\u00b0 messen, das Kondenswasser an der Inneneseiten der Fensterscheiben hinter dem Schaumstoff war bereits gefroren. Mit Heizschuhen und Decken geht das abends schon f\u00fcr einige Zeit auch sitzend, aber liegend ist angenehmer.<\/p>\n<p><a href='http:\/\/extra.inmontanis.info\/d\/60597-2\/DSC02458.jpg'><img src=http:\/\/extra.inmontanis.info\/d\/60596-3\/DSC02458.jpg \/><\/a><br \/>\n^ Also in dem Teil Schwedens liegt \u00fcberall schon genug Schnee im Tal.<\/p>\n<p><a href='http:\/\/extra.inmontanis.info\/d\/60601-2\/DSC02464.jpg'><img src=http:\/\/extra.inmontanis.info\/d\/60600-3\/DSC02464.jpg \/><\/a><br \/>\n^ Es wird einfach zu kalt von unten rauf, da ist halt nur der Teppich auf dem blanken Metall. Aber daneben im Fu\u00dfraum weiter unten, mit 2 Lagen Teppich und Schaumstoff dazwischen, merkt man auch die K\u00e4lte aufsteigen.<\/p>\n<p><a href='http:\/\/extra.inmontanis.info\/d\/60605-2\/DSC02467.jpg'><img src=http:\/\/extra.inmontanis.info\/d\/60604-3\/DSC02467.jpg \/><\/a><br \/>\n^ Abluftschlauch an die mittlere D\u00fcse geh\u00e4ngt &#8211; so wird der Fu\u00dfbereich etwas schneller w\u00e4rmer. M\u00fcsst ich mal unter dem Sitz einf\u00e4deln. Und lang genug w\u00e4r er, dass man ihn dann teilen k\u00f6nnte, einen zweiten au\u00dfen hinh\u00e4ngen, dann ginge wohl schon gut was weiter im Kaltluftsee<\/p>\n<p>Frage war auch, wann ich den Standheizungstimer einstellen sollte. In der Mitte des Schlafs, damit das Auto nicht zu sehr abk\u00fchlt? Nach 3\/4 der Schlafzeit und kurz aufstehen und einen zweiten Timer auf Ende setzen? Oder erst am Ende wie die letzten Tage, damit ich angenehmer aufstehen kann? Wie lang m\u00f6cht ich schlafen? Um wieviel Uhr aufstehen?<\/p>\n<p>Ich zog diesmal vorsichtshalber den Schlafsack als Schlafsack an (mit der Steppdecke drinnen) und machte alle 3 Heizmatten an (jeweils kleinste Stufe).<\/p>\n<p><strong>7.1.2021<\/strong><\/p>\n<p>Die Nacht verlief eher zu warm als zu kalt, insbesondere die mittlere Heizmatte wurde mir zur unangenehm hei\u00df, aber bis ich das dortige Kabel aussteckte, klingelte auch schon der zweite Wecker.<\/p>\n<p>Die Standheizung hatte ich auf 5 Uhr eingestellt, um sie dann nach kurzer Laufzeit auf ca. 7 Uhr wieder einzustellen; den 5-Uhr-Termin h\u00e4tte ich mir sparen k\u00f6nnen, die Heizmatten im Bett reichen bei -5 bis -10\u00b0 locker aus.<\/p>\n<p>Im Fu\u00dfbodenbereich k\u00fchlte es auf ca. 1-2\u00b0 ab, Batterie war ebenfalls auf ca. 2\u00b0. D.h. bevor ich erfrier, friert das Wasser im WC und die Batterie ist in einem nicht ladef\u00e4higem Temperaturbereich. <\/p>\n<p>Morgens war es drau\u00dfen etwas w\u00e4rmer mit -6\u00b0. Durch die lange Standzeit, die 3 Heizmatten und den h\u00e4ufigeren Standheizungseinsatz brauchte ich bis zum Morgen schon ca. 50 Ah und dann war ja auch noch eine dreist\u00fcndige Arbeitssession angesagt &#8211; oder anders gesagt, bei der K\u00e4lte brauch ich zuviel Strom, als dass ich das mit den geplanten Fahrten pro Tag wieder laden k\u00f6nnte. <\/p>\n<p><a href='http:\/\/extra.inmontanis.info\/d\/60609-2\/DSC02470.jpg'><img src=http:\/\/extra.inmontanis.info\/d\/60608-3\/DSC02470.jpg \/><\/a><br \/>\n^ Rastplatz um 7:34 Uhr<\/p>\n<p>W\u00e4hrend ich die Standheizung abends nur ca. 1x pro Stunde brauch (f\u00fcr 10-15 Minuten), war sie heute fr\u00fch und trotz Sitzen am Fahrersitz doch \u00f6fters n\u00f6tig. Am Ende gegen 11:30 Uhr waren es seit gestern ca. 15 Uhr ca. 70 Ah :(<\/p>\n<p>Ok, reicht bei meiner 150 Ah-Batterie trotzdem noch gerade f\u00fcr 2 Tage autark stehen, aber dann m\u00fcsste ich 5 Stunden fahren. Bei meinen bisherigen streckenintensiven Urlaubsreisen w\u00e4re das also alles kein Problem, aber wenn man sich Zeit lassen will, wird das nix. Grundlegend k\u00f6nnte ich mir nat\u00fcrlich vorstellen, wenn ich nachmittags paar Stunden Skifahren gehe, dass ich abends weniger Heizung brauch. Oder wenn ich einen ganzen Tag Ski fahre. Wobei mir das bei -10 bis -20\u00b0 ja auch nicht mehr sonderlich viel Spa\u00df macht dann.<\/p>\n<p>Wetter war heute wieder Hochnebel und leichter Schneefall. Der f\u00fcr Samstag gemeldete Sonnenschein um Mora wird mittlerweile auch wieder nicht mehr gemeldet :( Daf\u00fcr SO+MO Schneefall. Na, da bin ich ja mal gespannt, wann ich mich endlich dazu aufraffen kann, die Ski anzuziehen ;)<\/p>\n<p>Mittlerweile hab ich mir f\u00fcr die n\u00e4chsten 2 Tage ein Zimmer in einem Vandrarhem (Hostel) gebucht, etwas s\u00fcdlich von Mora, Check-In lt. Booking aber erst ab 15:00 (Naja, K\u00e4se), also kaufte ich noch was ein und lie\u00df mir Zeit, fuhr nur 60-70 auf der Stra\u00dfe, um die Batterie etwas l\u00e4nger zu laden. Das WC leerte ich auch noch aus, zumindest den F\u00e4kalientank, im Oberen hab ich mal etwas Salz rein, aber vmtl. zu wenig.<\/p>\n<p><a href='http:\/\/extra.inmontanis.info\/d\/60613-2\/DSC02474.jpg'><img src=http:\/\/extra.inmontanis.info\/d\/60612-3\/DSC02474.jpg \/><\/a><br \/>\n^ Skandinavische Landschaften, wie man sie erwartet<\/p>\n<p><a href='http:\/\/extra.inmontanis.info\/d\/60617-2\/DSC02475.jpg'><img src=http:\/\/extra.inmontanis.info\/d\/60616-3\/DSC02475.jpg \/><\/a><br \/>\n^ Zufahrt Skigebiet Byr\u00e5sen bei Malung<\/p>\n<p><a href='http:\/\/extra.inmontanis.info\/d\/60621-2\/DSC02476.jpg'><img src=http:\/\/extra.inmontanis.info\/d\/60620-3\/DSC02476.jpg \/><\/a><br \/>\n^ Zufahrt Skigebiet Byr\u00e5sen &#8211; wird gerade ger\u00e4umt, also wohl noch nicht ge\u00f6ffnet &#8211; wenn es \u00fcberhaupt noch existiert. Den Bildern im Web nach gibt es dort einen Graffer-SL !<\/p>\n<p><a href='http:\/\/extra.inmontanis.info\/d\/60625-2\/DSC02477.jpg'><img src=http:\/\/extra.inmontanis.info\/d\/60624-3\/DSC02477.jpg \/><\/a><br \/>\n^ Heutiges, g\u00fcnstiges Mittagessen: 2 warme Koteletten von der warmen Theke vom ICA Supermarkt um ca. 1,80 \u20ac (zusammen), dazu 2 Scheiben von dem schwedischen Tunnbr\u00f6d und Curry-Ketchup, das ich mitnehmen musste, weil es daheim sonst verdorben w\u00e4re.<\/p>\n<p>F\u00fcr Abend hab ich mir eins der g\u00fcnstigen Mikrowellenfertiggerichte um unter 3,- \u20ac mitgenommen, die 1,5 Liter Flasche Limo oder Mineralwasser ist mit ca. 1,- \u20ac leider im Vergleich etwas teuer. Morgen entweder was im Hostel kaufen oder mal Nudeln mit einer der Saucen, die ich mitgenommen hab. (Ein Hot-Dog von der Tanke k\u00f6nnte man sich jetzt aber auch endlich mal kaufen!)<\/p>\n<p><a href='http:\/\/extra.inmontanis.info\/d\/60629-2\/DSC02479.jpg'><img src=http:\/\/extra.inmontanis.info\/d\/60628-3\/DSC02479.jpg \/><\/a><br \/>\n^ Solche Stra\u00dfen k\u00f6nnt ich stundenlang fahren :)<\/p>\n<p><a href='http:\/\/extra.inmontanis.info\/d\/60633-2\/DSC02480.jpg'><img src=http:\/\/extra.inmontanis.info\/d\/60632-3\/DSC02480.jpg \/><\/a><br \/>\n^ Noch ist nicht jeder See gefroren<\/p>\n<p><a href='http:\/\/extra.inmontanis.info\/d\/60637-2\/DSC02485.jpg'><img src=http:\/\/extra.inmontanis.info\/d\/60636-3\/DSC02485.jpg \/><\/a><br \/>\n^ .. der hier am Hostel (G\u00e4vundsj\u00f6n) aber schon.<\/p>\n<p>Das Vandrarhem Sikn\u00e4s war fr\u00fcher ein Schulgeb\u00e4ude, gr\u00f6\u00dfere Zimmer mit 2 und mehr Betten gab es mit Einzelbelegung ab ca. 26,- \u20ac pro Nacht, ich nahm aber das etwas teurere Einzelzimmer mit Schreibtisch, das kostet ca. 29,- \u20ac. Gemeinschaftsdusche\/WC und eine Gemeinschaftsk\u00fcche ist dabei. Da eh im Auto, nahm ich die Steppdecke als Bettbezug und den Schlafsack als Zudecke; Handt\u00fccher hab ich auch dabei, also musste ich da nichts weiter zahlen \/ mieten. Ganz ok, hatte schon schlechtere und k\u00e4ltere Zimmer, aber der Stuhl ist  etwas unbequem.<\/p>\n<p>Ein \u00e4lteres Ehepaar war auch noch da, schienen fast gleichzeitig eingecheckt zu haben. Das funktionierte so, indem man eine Handynummer anrief und die konnten die T\u00fcr via Fernsteuerung \u00f6ffnen; sp\u00e4ter kam dann einer vorbei, bei dem man zahlen musste. Die schwedischen Kronen stehen \u00fcbrigens nach wie vor fast exakt auf 10:1 zum Euro, so dass man sehr leicht umrechnen kann.<\/p>\n<p>Leider wird es wohl nicht \u00fcberall und nicht in Skigebietsn\u00e4he so g\u00fcnstige Unterk\u00fcnfte geben, f\u00fcrcht ich. Und wenn, wird es dort naturgem\u00e4\u00df voller und somit auch lauter sein und das Klo h\u00e4ufiger besetzt sein. <\/p>\n<p>Morgen werd ich jedenfalls einen autofreien Tag einlegen.<\/p>\n<p><a href='http:\/\/extra.inmontanis.info\/d\/60641-2\/DSC02487.jpg'><img src=http:\/\/extra.inmontanis.info\/d\/60640-3\/DSC02487.jpg \/><\/a><br \/>\n^ Hostel<\/p>\n<p><a href='http:\/\/extra.inmontanis.info\/d\/60645-2\/DSC02491.jpg'><img src=http:\/\/extra.inmontanis.info\/d\/60644-3\/DSC02491.jpg \/><\/a><br \/>\n^ Kirche daneben<\/p>\n<p><a href='http:\/\/extra.inmontanis.info\/d\/60649-2\/DSC02492.jpg'><img src=http:\/\/extra.inmontanis.info\/d\/60648-3\/DSC02492.jpg \/><\/a><br \/>\n^ Zimmerchen mit einer Flasche Julmust (light), das ich erstmals in einem Supermarkt sah und mal probieren wollte (spezielle Limo, die es wohl (fast) nur zu Weihnachten gibt)<\/p>\n<p>(Fortsetzung folgt.)<\/p>\n","protected":false},"excerpt":{"rendered":"<p>6.1.2021<\/p>\n<p>Nur weil man im Auto schlafen + leben kann, hei\u00dft das ja nicht, das man das auch die ganze Zeit machen muss. Erst recht nicht, wenn man ein Hostelzimmer um ca. 20-30 \u20ac die Nacht bekomen kann. Ok, ich h\u00e4tt schon gern mal noch ausgetestet, wie es bei -5\u00b0, -10\u00b0 ist. Aber so sparsam <a href=\"http:\/\/blog.inmontanis.info\/?p=6449\">[&#8230;]<\/a><\/p>\n","protected":false},"author":1,"featured_media":0,"comment_status":"closed","ping_status":"closed","sticky":false,"template":"","format":"standard","meta":{"footnotes":""},"categories":[184,662,19,663],"tags":[],"class_list":["post-6449","post","type-post","status-publish","format-standard","hentry","category-2021-01-skandinavien","category-hovfjallet","category-schwedensweden","category-sunne","odd"],"_links":{"self":[{"href":"http:\/\/blog.inmontanis.info\/index.php?rest_route=\/wp\/v2\/posts\/6449","targetHints":{"allow":["GET"]}}],"collection":[{"href":"http:\/\/blog.inmontanis.info\/index.php?rest_route=\/wp\/v2\/posts"}],"about":[{"href":"http:\/\/blog.inmontanis.info\/index.php?rest_route=\/wp\/v2\/types\/post"}],"author":[{"embeddable":true,"href":"http:\/\/blog.inmontanis.info\/index.php?rest_route=\/wp\/v2\/users\/1"}],"replies":[{"embeddable":true,"href":"http:\/\/blog.inmontanis.info\/index.php?rest_route=%2Fwp%2Fv2%2Fcomments&post=6449"}],"version-history":[{"count":2,"href":"http:\/\/blog.inmontanis.info\/index.php?rest_route=\/wp\/v2\/posts\/6449\/revisions"}],"predecessor-version":[{"id":6451,"href":"http:\/\/blog.inmontanis.info\/index.php?rest_route=\/wp\/v2\/posts\/6449\/revisions\/6451"}],"wp:attachment":[{"href":"http:\/\/blog.inmontanis.info\/index.php?rest_route=%2Fwp%2Fv2%2Fmedia&parent=6449"}],"wp:term":[{"taxonomy":"category","embeddable":true,"href":"http:\/\/blog.inmontanis.info\/index.php?rest_route=%2Fwp%2Fv2%2Fcategories&post=6449"},{"taxonomy":"post_tag","embeddable":true,"href":"http:\/\/blog.inmontanis.info\/index.php?rest_route=%2Fwp%2Fv2%2Ftags&post=6449"}],"curies":[{"name":"wp","href":"https:\/\/api.w.org\/{rel}","templated":true}]}}