{"id":6437,"date":"2020-11-01T22:37:02","date_gmt":"2020-11-01T21:37:02","guid":{"rendered":"http:\/\/blog.inmontanis.info\/?p=6437"},"modified":"2023-07-01T20:57:41","modified_gmt":"2023-07-01T18:57:41","slug":"hintertuxer-gletscher-30-10-1-11-2020","status":"publish","type":"post","link":"http:\/\/blog.inmontanis.info\/?p=6437","title":{"rendered":"Hintertuxer Gletscher, 30.10.-1.11.2020"},"content":{"rendered":"<p><strong>Fr., 30.10.2020<\/strong><\/p>\n<p>Je nachdem, ob nach diesem WE auch in AT wieder die Skigebiete coronabedingt schlie\u00dfen m\u00fcssen, w\u00e4re es wohl sinnvoller, dieses WE noch etwas intensiver Ski zu fahren.  Ich hab zwar die lange Sommersaisonkarte schon im Sommer mehr als reingefahren, aber eigentlich hatte ich ja schon gehofft, im Herbst auch mal wieder Tuxerjoch, die Wald-Talabfahrt und evtl. sogar die L\u00e4rmstange-DSB zum Abschluss nochmal fahren zu k\u00f6nnen.<\/p>\n<p>Morgens hatte ich einen Zahnarzttermin &#8211; \u00fcbrigens ist das maskenhafte Tragen des Halstuchs im Arzt-Wartezimmer wesentlich unproblematischer als beim Skifahren, schon allein weil man hier im Ruhepuls ist und nicht so viel und schnell atmen muss; ok, schneller als die GB2-Fahrt ist&#8217;s auch.. <\/p>\n<p>Danach um 9h auf der Website gesehen, dass wg. Sturm recht viel zu ist &#8211; offen w\u00e4re oben nur 10EUB, 6KSB und K-SL. Dh. O-SL und GW-SL und GB3 und DSB dzt. geschlossen &#8211; und lt. Bergfex sollte der Wind (\u00fcber 70 km\/h) heute so bleiben. Das k\u00f6nnte dann unsch\u00f6n voll werden auf den wenigen restlichen Anlagen, zumal die Mittelstationsabfahrt leider weiterhin noch nicht offen ist.<\/p>\n<p>Als ich mir zeitlassend nach 11 Uhr an der Talstation war, waren noch nicht mal alle dortigen Parkpl\u00e4tze belegt, auch die TG war noch offen. \u00dcbrigens etliche Ausl\u00e4nder da, sah auf die schnelle SK, CZ, HR, PL und DE (viele Wohnmovbile), sp\u00e4ter noch GE (!!), IT, ..<\/p>\n<p>Obwohl Sektion 1 nur GB1 offen, ich allein in der Kabine war und 1-2 Kabinen vor mir leer waren, gab es am GB2-Einstieg wieder 2 Gruppen, die auf eine freie Kabine warteten. Ich h\u00e4tte eigentlich erwartet, dass das fr\u00fcher an den bescheuerten Kabinen lag, aber jetzt gibt&#8217;s ja auf beiden Sektionen den gleichen Typ. Da zudem hinter mir auch wieder einer nachkam, war mal wieder zwangsweise eine Mitmaskenfahrt n\u00f6tig. 4EUB war heut gar nicht ausgaragiert, wohl zu leer oder windig. Im Bergstationsbereich GB2 meinte einer, er m\u00fcsse nicht nur ohne Maske im Geb\u00e4ude rumlaufen, sondern auch noch drinnen frei auf den Boden rotzen..<\/p>\n<p>Obwohl seit mind. Sommerberg alle SL oben offen sind lt. Anzeige, war an der 10EUB zu viel los, als dass ich da h\u00e4tte eine Kabine alleine bekommen &#8211; also dann eben mit GB3 rauf, wenn ich eh schon Maske tragen muss..<\/p>\n<p>Talstation des linken Kaserer-SL war mittlerweile etwas tiefer, so dass man auf die 6KSB verzichten konnte. Die bin ich dann auch an den n\u00e4chsten beiden Tagen nicht gefahren. Das untere St\u00fcck ist eh nicht so toll und oben muss man schieben, selbst ohne Maskenpflicht ist mir da der SL lieber. Man bleibt einfach &#8220;im flow&#8221;.<\/p>\n<p>Die Versetzung der SL-Talstation f\u00fchrte bei vielen zu Verwirrungen: Weil der Bereich pr\u00e4pariert war, meinten viele, dort gehe der Weg zum Sessel retour. Ein Teil fuhr dann wieder zur\u00fcck (zur richtigen Querung runter), ein anderer Teil qu\u00e4lte sich mehr oder weniger durch den Tiefschnee. Faszinierenderweise gab es an allen 3 Wochenendtagen dies zu beobachten und das sogar auch noch nachmittags.<\/p>\n<p>Um 14.15 wollte ich wie so h\u00e4ufig talw\u00e4rts, aber bereits recht voll, also nochmals mit der 10EUB rauf; hab 3 Kabinen mit einzelnen Gruppen durchgelassen und bin dann in eine Gondel und hab gleich den Eingang blockiert &#8211; nat\u00fcrlich w\u00e4ren genau hinter mir 2 gewesen, die mit mir h\u00e4tten einsteigen wollen (obwohl nur 1-2 Gruppen dahinter waren). Hatte aber Hunger und musste somit maskenfrei was in der Gondel essen ;)<\/p>\n<p>Schneem\u00e4\u00dfig war&#8217;s hier und da knollig und ein paar abgerutschte Eisplatten gab&#8217;s auch, letztere insb. an der TFH-Abfahrt und zw. 10EUB und DSB. <\/p>\n<p>Unten auf dem Weg zum Parkplatz sah ich, dass in dieser Hohenhaustenne durchaus einiges los war, auch im Barbereich rundrum. Bevor man die Skigebiete schlie\u00dft, solte man erstmal die Restaurants schlie\u00dfen!! (Die Schweiz macht es dann richtig.)<\/p>\n<p><a href='http:\/\/ski.inmontanis.info\/d\/282622-2\/DSC02075.jpg'><img src=http:\/\/ski.inmontanis.info\/d\/282621-3\/DSC02075.jpg \/><\/a><br \/>\n^ Olperer und GW um 12 Uhr recht leer<\/p>\n<p><a href='http:\/\/ski.inmontanis.info\/d\/282626-2\/DSC02076.jpg'><img src=http:\/\/ski.inmontanis.info\/d\/282625-3\/DSC02076.jpg \/><\/a><br \/>\n^ Beschneiung Kaserer<\/p>\n<p><a href='http:\/\/ski.inmontanis.info\/d\/282630-2\/DSC02080.jpg'><img src=http:\/\/ski.inmontanis.info\/d\/282629-3\/DSC02080.jpg \/><\/a><br \/>\n^ Rechte Abfahrten rechter Kaserer-SL<\/p>\n<p><a href='http:\/\/ski.inmontanis.info\/d\/282634-2\/DSC02082.jpg'><img src=http:\/\/ski.inmontanis.info\/d\/282633-3\/DSC02082.jpg \/><\/a><br \/>\n^ Zwischeneinstieg rechter Kaserer-SL wohl schon ein St\u00fcck tiefer, aber noch recht hoch<\/p>\n<p><a href='http:\/\/ski.inmontanis.info\/d\/282638-2\/DSC02083.jpg'><img src=http:\/\/ski.inmontanis.info\/d\/282637-3\/DSC02083.jpg \/><\/a><br \/>\n^ Vergleich alte und neue diagonale Abfahrt Kaserer 1 &#8211; 2<\/p>\n<p><a href='http:\/\/ski.inmontanis.info\/d\/282642-2\/DSC02087.jpg'><img src=http:\/\/ski.inmontanis.info\/d\/282641-3\/DSC02087.jpg \/><\/a><br \/>\n^ Hier am Eisbruch kann man die Schneeh\u00f6he schon gut erkennen<\/p>\n<p><a href='http:\/\/ski.inmontanis.info\/d\/282646-2\/DSC02088.jpg'><img src=http:\/\/ski.inmontanis.info\/d\/282645-3\/DSC02088.jpg \/><\/a><br \/>\n^ .. anders kann man die Kabine nicht f\u00fcr sich beanspruchen, obwohl eh nix los ist.<\/p>\n<p><a href='http:\/\/ski.inmontanis.info\/d\/282650-2\/DSC02089.jpg'><img src=http:\/\/ski.inmontanis.info\/d\/282649-3\/DSC02089.jpg \/><\/a><br \/>\n^ Beschneiung Kaserer<\/p>\n<p><a href='http:\/\/ski.inmontanis.info\/d\/282654-2\/DSC02092.jpg'><img src=http:\/\/ski.inmontanis.info\/d\/282653-3\/DSC02092.jpg \/><\/a><br \/>\n^ Unterer Kasererweg, derzeit halb Stra\u00dfe, halb Piste. Ging auch wieder viel besser zu fahren als der TFH-Haupthang.<\/p>\n<p><strong>Sa, 31.10.2020<\/strong><\/p>\n<p>Vielleicht wird heute der letzte, vorletzte oder vorvorletzte Skitag auf meiner Saisonkarte sein, heute Nachmittag soll es neue Coronama\u00dfnahmen geben. Sollte die Schlie\u00dfung der Skigebiete beschlossen werden, wei\u00df ich nicht, warum man morgen dann noch Masken tragen sollte?! Eh schon wurscht.<\/p>\n<p>Da ich mit mehr Andrang als gestern rechnete, fuhr ich wieder etwas sp\u00e4ter und war um 11:30 am Parkplatz, wie die letzten Male erschwischte ich gleich einen freien Platz in der 1. bzw 2. Reihe. Es war allerdings wesentlich mehr los als gestern. Abermals liefen nur GB1+GB2 zu dieser Uhrzeit, immerhin war die 4EUB ausgaragiert, somit darf ich heute Nachmittag nicht zu sp\u00e4t talw\u00e4rts fahren, weil die 4EUB ja meist nicht bis 16 Uhr l\u00e4uft!<\/p>\n<p>Nach 10EUB, DSB und 2x 3SB fuhr ich zum Kaserer-SL, bis ich mit dem linken Lift oben war, hatte der rechte leider eine l\u00e4ngere Auszeit &#8211; also nach der 2. K1-SL-Fahrt wieder r\u00fcber zu GW-SL, DSB und 3SB. <\/p>\n<p>Um 15:10 ging&#8217;s mit der 4EUB talw\u00e4rts. Zeitverlust durch die Fahrt durch den Graben: weniger als 1 GB2-Kabine, GB2 fuhr nur minimal schneller &#8211; daf\u00fcr muss man bei der 4EUB oben wie unten weniger weit gehen. Und man bekommt eine Kabine alleine und kann frei durchatmen.<\/p>\n<p>An der 8EUB lie\u00df ich 3 Gondeln aus, um die jeweiligen Gruppen f\u00fcr sich fahren zu lassen, stieg dann ein, lie\u00df mir dabei Zeit, trotzdem stiegen noch 2 zu, obwohl dahinter nur ein einzelner stand. Ich werde n\u00e4chstes Mal die Kabine noch mehr blockieren, dass keiner einsteigt, wenn eh nix los ist. Wenn viel los ist, steig ich ja eh ein (und lass die Maske auf), aber 1-2 Kabinen kann man momentan doch wohl abwarten?? <\/p>\n<p><a href='http:\/\/ski.inmontanis.info\/d\/282658-2\/DSC02095.jpg'><img src=http:\/\/ski.inmontanis.info\/d\/282657-3\/DSC02095.jpg \/><\/a><br \/>\n^ Am Samstag waren die Parkpl\u00e4tze wieder voll<\/p>\n<p><a href='http:\/\/ski.inmontanis.info\/d\/282662-2\/DSC02098.jpg'><img src=http:\/\/ski.inmontanis.info\/d\/282661-3\/DSC02098.jpg \/><\/a><br \/>\n^ Dolomiten-Pano<\/p>\n<p><a href='http:\/\/ski.inmontanis.info\/d\/282666-2\/DSC02101.jpg'><img src=http:\/\/ski.inmontanis.info\/d\/282665-3\/DSC02101.jpg \/><\/a><br \/>\n^ 3SB Schlegeis, wenig los nachmittags<\/p>\n<p><a href='http:\/\/ski.inmontanis.info\/d\/282670-2\/DSC02102.jpg'><img src=http:\/\/ski.inmontanis.info\/d\/282669-3\/DSC02102.jpg \/><\/a><br \/>\n^ Blick zur ehemaligen 3SB-Schlegeis-Bergstation<\/p>\n<p><a href='http:\/\/ski.inmontanis.info\/d\/282674-2\/DSC02103.jpg'><img src=http:\/\/ski.inmontanis.info\/d\/282673-3\/DSC02103.jpg \/><\/a><br \/>\n^ Abfahrtsweg von der Gletscherh\u00fctte; am Olperer zu viel los<\/p>\n<p><a href='http:\/\/ski.inmontanis.info\/d\/282678-2\/DSC02104.jpg'><img src=http:\/\/ski.inmontanis.info\/d\/282677-3\/DSC02104.jpg \/><\/a><br \/>\n^ Buckelig war&#8217;s am Samstag<\/p>\n<p><a href='http:\/\/ski.inmontanis.info\/d\/282682-2\/DSC02106.jpg'><img src=http:\/\/ski.inmontanis.info\/d\/282681-3\/DSC02106.jpg \/><\/a><br \/>\n^ Linker Kaserer-SL mit Pano richtung Wipp- und Inntal<\/p>\n<p><strong>So, 1.11.2020<\/strong><\/p>\n<p>Wenn Allerheiligen auf einen Sonntag f\u00e4llt, ist&#8217;s auf den Tiroler Gletschern meiner Erfahrung nach etwas leerer als sonst in den Herbstferien. Ok, momentan kommen die Coronabeschr\u00e4nkungen dazu und schlechteres Wetter als gestern. Obwohl die \u00f6sterreichische Regierung gestern beschloss, dass die Skigebiete ab Dienstag bis mindestens Ende November schlie\u00dfen m\u00fcssen, blieb der Ansturm der Tiroler heute aus.<\/p>\n<p>Ob es Anfang Dezember wieder losgehen darf, steht also in den Sternen. Meine Saisonkarte gilt bis 4.12., was ein Freitag w\u00e4re. Sollte es bis dahin nicht wieder erlaubt sein, &#8220;Seilbahnen aus Freizeitgr\u00fcnden&#8221; zu verwenden, w\u00e4re das heute der letzte Skitag f\u00fcr mich diese Saison am Hintertuxer. <\/p>\n<p><strong>Und seien wir mal realistisch, es k\u00f6nnte sogar mein letzter Skitag in Hintertux f\u00fcr den Rest meines Lebens sein!<\/strong> Warum? Weil es mir am Hintertuxer ja nur im Sommer wirklich gef\u00e4llt. Und die n\u00e4chsten Jahre m\u00f6chte ich den Sommer gro\u00dfteils eher in Skandinavien bzw. auf den britischen Inseln verbringen. Und wie lang es noch Sommerski in Tux geben wird? Dazu kommt, dass ich in Zukunft keine Tiroler Erm\u00e4\u00dfigung mehr bekommen werde.<\/p>\n<p>Leider hatte ich Skistr\u00fcmpfe und Handschuhe vergessen. Am letzten Tag. Und beim letzten Auto-Ausmisten (f\u00fcr den Ausbau) hab ich nat\u00fcrlich auch die alten Reifenwechselhandschuhe mit raus. Also mit Maske beim Nenner schnell neue Handschuhe kaufen m\u00fcssen, wie bescheuert. Naja, Handschuhe muss man eh alle 1-2 Jahre kaufen, je nachdem wie lang und intensiv man die alten kleben will.<\/p>\n<p>Zur Abwechslung mal wieder die 8EUB raufw\u00e4rts in Betrieb, dann wie \u00fcblich, also nicht-leer, GB2. Seufz.<\/p>\n<p>Zum Abschluss probierte ich es heute nochmals mit den langen Carpani-Hypercarvern, in der Hoffnung, die unruhigen Pistenverh\u00e4ltnisse der letzten Tage k\u00f6nnten damit etwas weniger st\u00f6rend sein. Aber heut war es wesentlich weniger buckelig als die letzen beiden Tage. Sichtm\u00e4\u00dfig blieb es eher Grau in Grau.<\/p>\n<p>Kaum in der DSB eingestiegen, kam ein Boarder mit angeschalltem Board runter. Im Lift! Blieb unten sitzen und fuhr wieder rauf. Wohl vergessen auszusteigen? Und der Liftler oben geschlafen? Sp\u00e4ter stand ich an der Talstation und der Lift musste notstoppen, weil einer nicht einsteigen konnte. Bis der Lift wieder fuhr, dauerte ewig, der an der Talstation musste lang und h\u00e4ufig klingeln. Was war da denn los?!<\/p>\n<p>W\u00e4hrend es an der DSB nach wie vor und die ganze Zeit (bis auf 1x irgendwann im Sommer) unproblematisch war, ohne Maske einzusteigen (weil eh nie was los), zickte heute, am vorletzten Tag, der Liftler an der 3SB-Talstation rum, obwohl keiner da war. An den Kaserer-SL war&#8217;s entspannter, da war ich am Einstieg h\u00e4ufig der einzige der alibim\u00e4\u00dfig wenigstens die &#8220;Fl\u00fcgel&#8221; (?) der Kapuze um Mund und Nase trug, aber nur wenn der Liftler drau\u00dfen stand. So war das gestern auch an der 3SB kein Problem.<\/p>\n<p>Nat\u00fcrlich blieb ich heute bis zum Schluss, wenn es evtl. der &#8220;letzte Tag ever&#8221; am Hintertuxer sein sollte. Naja, vielleicht schau ich in 10 Jahren mal im Sommer vorbei f\u00fcr ein paar Vergleichsfotos. Oder am 4.12. geht noch was. Um 16:10 ging&#8217;s dann talw\u00e4rts, leider mit GB2 und Maske :-(<\/p>\n<p><a href='http:\/\/ski.inmontanis.info\/d\/282686-2\/DSC02111.jpg'><img src=http:\/\/ski.inmontanis.info\/d\/282685-3\/DSC02111.jpg \/><\/a><br \/>\n^ Die GW-Rinne war heut teilweise pr\u00e4pariert, das musste ich ausn\u00fctzen ;-)<\/p>\n<p><a href='http:\/\/ski.inmontanis.info\/d\/282690-2\/DSC02112.jpg'><img src=http:\/\/ski.inmontanis.info\/d\/282689-3\/DSC02112.jpg \/><\/a><br \/>\n^ Nix los an den beiden Kaserer-SL um 13:30 Uhr<\/p>\n<p><a href='http:\/\/ski.inmontanis.info\/d\/282694-2\/DSC02113.jpg'><img src=http:\/\/ski.inmontanis.info\/d\/282693-3\/DSC02113.jpg \/><\/a><br \/>\n^ Man ist nach wie vor dabei, die Matten im Kasererbereich auszugraben und irgendwie aufzur\u00e4umen. Da hat man den Wintereinbruch wohl komplett verschlafen heuer.<\/p>\n<p><a href='http:\/\/ski.inmontanis.info\/d\/282698-2\/DSC02115.jpg'><img src=http:\/\/ski.inmontanis.info\/d\/282697-3\/DSC02115.jpg \/><\/a><br \/>\n^ Auch am Olperer nach 15 Uhr nix mehr los<\/p>\n<p><a href='http:\/\/ski.inmontanis.info\/d\/282702-2\/DSC02119.jpg'><img src=http:\/\/ski.inmontanis.info\/d\/282701-3\/DSC02119.jpg \/><\/a><br \/>\n^ Olperer um 15:45, auf der Suche nach einem sch\u00f6nen Abschiedsfoto<\/p>\n<p><a href='http:\/\/ski.inmontanis.info\/d\/282706-2\/DSC02121.jpg'><img src=http:\/\/ski.inmontanis.info\/d\/282705-3\/DSC02121.jpg \/><\/a><br \/>\n^ Olperer-SL und Funpark<\/p>\n<p><a href='http:\/\/ski.inmontanis.info\/d\/282710-2\/DSC02122.jpg'><img src=http:\/\/ski.inmontanis.info\/d\/282709-3\/DSC02122.jpg \/><\/a><br \/>\n^ GW und Olperer, ein letztes Mal das Standard-Bild<\/p>\n<p><a href='http:\/\/ski.inmontanis.info\/d\/282714-2\/DSC02128.jpg'><img src=http:\/\/ski.inmontanis.info\/d\/282713-3\/DSC02128.jpg \/><\/a><br \/>\n^ 16 Uhr, die Pisten werden noch einmal pr\u00e4pariert, f\u00fcr den morgigen, letzten Skitag vor dem neuen Lockdown<\/p>\n<p><a href='http:\/\/ski.inmontanis.info\/d\/282718-2\/DSC02129.jpg'><img src=http:\/\/ski.inmontanis.info\/d\/282717-3\/DSC02129.jpg \/><\/a><br \/>\n^ Schlussendlich sollte das mein Abschiedsbild sein, wer wei\u00df, ob bei meinem n\u00e4chsten Besuch die DSB noch existiert.<\/p>\n<p>Ach, was bin ich froh, dass ich mir den Maskenscheiss die n\u00e4chsten Wochenenden nicht mehr antun muss! Ok, ich h\u00e4tte wg. Umzug und Autoausbau ja quasi eh keine Zeit zum Skifahren, perfektes Timing f\u00fcr den Lockdown von meiner Seite aus. Das ist auch der Grund, warum ich diesen Bericht etwas versp\u00e4tet online setze..<\/p>\n<p><a href='http:\/\/extra.inmontanis.info\/d\/60303-2\/DSC02132.jpg'><img src=http:\/\/extra.inmontanis.info\/d\/60302-3\/DSC02132.jpg \/><\/a><br \/>\n^ Beim Ausmisten und Aufr\u00e4umen fiel mir zwangsl\u00e4ufig das alte und evtl. von der Ur-Oma geerbte R\u00f6hren-Tonbandger\u00e4t (Grundig TK 5) wieder in die H\u00e4nde. Keine Ahnung, ob ich die B\u00e4nder jemals komplett angeh\u00f6rt hatte &#8211; also machte ich das mal. Nach kurzen Anlaufschwierigkeiten funktionierte die Wiedergabe, trotz mind. 20 Jahren Stillstand. Fazit: Doch zu Schade zum Wegschmei\u00dfen. Letzteres gilt dann auch f\u00fcr meinen alten Amiga 4000. Aber ansonsten hab ich mind. 1\/3 ausgemistet, wenn nicht mehr.<\/p>\n<p><a href='http:\/\/extra.inmontanis.info\/d\/60307-2\/DSC02150.jpg'><img src=http:\/\/extra.inmontanis.info\/d\/60306-3\/DSC02150.jpg \/><\/a><br \/>\n^ Nach 3 + 0.5 + 0.5 Tagen Schwerstarbeit: So aufger\u00e4umt wie derzeit (wg. Fototermin wg. Verkauf) war meine Wohnung wohl zuletzt vor dem Einzug ;-)<br \/>\n(Die Pins auf den Karten hab ich aber schon seit 3-4 Jahren nicht mehr erg\u00e4nzt, das werde ich in Zukunft lassen.)<\/p>\n<p><a href='http:\/\/extra.inmontanis.info\/d\/60315-2\/DSC02152.jpg'><img src=http:\/\/extra.inmontanis.info\/d\/60314-3\/DSC02152.jpg \/><\/a><br \/>\n^ Stauraum unterm Bett, nur in die Schr\u00e4nke komm ich momentan nicht mehr rein  ;-)<\/p>\n<p><a href='http:\/\/extra.inmontanis.info\/d\/60311-2\/DSC02153.jpg'><img src=http:\/\/extra.inmontanis.info\/d\/60310-3\/DSC02153.jpg \/><\/a><br \/>\n^ So leer und aufger\u00e4umt wie derzeit war meine Wohnung wohl zuletzt vor dem Einzug. Ja, meine Graffer-T\u00fcr werd ich etwas vermissen. (Warum ich die T\u00fcrgriffe nach oben gestellt hab? Weil ich immer mit kurz\u00e4rmligen Shirts\/Hemden h\u00e4ngenbleibe.)<\/p>\n<p>\u00dcber meine Retrofizierung des Bades (Gr\u00fcn- Wei\u00df- und Blaustreichen der Fliesen, Anschaffung von neuen Retro-Armaturen) hatte ich ja vor 1 Jahr berichtet &#8211; als die Welt noch in Ordnung war und ich noch bis ans Lebensende hier wohnen wollte. Was war das f\u00fcr eine Arbeit, insb. das Streichen der Fugen im Nachhinein hat mich etliche Abende besch\u00e4ftigt &#8211; h\u00e4tte ich mir sparen k\u00f6nnen. Aber jetzt wei\u00df ich immerhin, dass es mir so gut gef\u00e4llt, dass ich es wohl auch in der n\u00e4chsten Wohnung wieder so machen werde ;-) Aber wohl fr\u00fchestens n\u00e4chstes Jahr.<\/p>\n<p><a href='http:\/\/extra.inmontanis.info\/d\/57175-3\/DSC01847.jpg'><img src=http:\/\/extra.inmontanis.info\/d\/57174-4\/DSC01847.jpg \/><\/a><\/p>\n<p><a href='http:\/\/extra.inmontanis.info\/d\/57199-3\/DSC01837.jpg'><img src=http:\/\/extra.inmontanis.info\/d\/57198-4\/DSC01837.jpg \/><\/a><\/p>\n<p><a href='http:\/\/extra.inmontanis.info\/d\/60319-2\/DSC02148.jpg'><img src=http:\/\/extra.inmontanis.info\/d\/60318-3\/DSC02148.jpg \/><\/a><br \/>\n^ Die Holzau\u00dfenwand in der K\u00fcche samt Fenster hatte ich irgendwann nach dem Bad auch noch Rot bzw. Blau gestrichen.<\/p>\n","protected":false},"excerpt":{"rendered":"<p>Fr., 30.10.2020<\/p>\n<p>Je nachdem, ob nach diesem WE auch in AT wieder die Skigebiete coronabedingt schlie\u00dfen m\u00fcssen, w\u00e4re es wohl sinnvoller, dieses WE noch etwas intensiver Ski zu fahren. Ich hab zwar die lange Sommersaisonkarte schon im Sommer mehr als reingefahren, aber eigentlich hatte ich ja schon gehofft, im Herbst auch mal wieder Tuxerjoch, die <a href=\"http:\/\/blog.inmontanis.info\/?p=6437\">[&#8230;]<\/a><\/p>\n","protected":false},"author":1,"featured_media":0,"comment_status":"closed","ping_status":"closed","sticky":false,"template":"","format":"standard","meta":{"footnotes":""},"categories":[246,25,13,28],"tags":[55,47],"class_list":["post-6437","post","type-post","status-publish","format-standard","hentry","category-hintertux","category-noreport","category-austria","category-skifahren-sommer","tag-3sb","tag-sl","odd"],"_links":{"self":[{"href":"http:\/\/blog.inmontanis.info\/index.php?rest_route=\/wp\/v2\/posts\/6437","targetHints":{"allow":["GET"]}}],"collection":[{"href":"http:\/\/blog.inmontanis.info\/index.php?rest_route=\/wp\/v2\/posts"}],"about":[{"href":"http:\/\/blog.inmontanis.info\/index.php?rest_route=\/wp\/v2\/types\/post"}],"author":[{"embeddable":true,"href":"http:\/\/blog.inmontanis.info\/index.php?rest_route=\/wp\/v2\/users\/1"}],"replies":[{"embeddable":true,"href":"http:\/\/blog.inmontanis.info\/index.php?rest_route=%2Fwp%2Fv2%2Fcomments&post=6437"}],"version-history":[{"count":5,"href":"http:\/\/blog.inmontanis.info\/index.php?rest_route=\/wp\/v2\/posts\/6437\/revisions"}],"predecessor-version":[{"id":6442,"href":"http:\/\/blog.inmontanis.info\/index.php?rest_route=\/wp\/v2\/posts\/6437\/revisions\/6442"}],"wp:attachment":[{"href":"http:\/\/blog.inmontanis.info\/index.php?rest_route=%2Fwp%2Fv2%2Fmedia&parent=6437"}],"wp:term":[{"taxonomy":"category","embeddable":true,"href":"http:\/\/blog.inmontanis.info\/index.php?rest_route=%2Fwp%2Fv2%2Fcategories&post=6437"},{"taxonomy":"post_tag","embeddable":true,"href":"http:\/\/blog.inmontanis.info\/index.php?rest_route=%2Fwp%2Fv2%2Ftags&post=6437"}],"curies":[{"name":"wp","href":"https:\/\/api.w.org\/{rel}","templated":true}]}}