{"id":6420,"date":"2020-10-17T18:41:21","date_gmt":"2020-10-17T16:41:21","guid":{"rendered":"http:\/\/blog.inmontanis.info\/?p=6420"},"modified":"2020-10-25T19:38:56","modified_gmt":"2020-10-25T18:38:56","slug":"koralpe-und-anderes-17-10-2020","status":"publish","type":"post","link":"http:\/\/blog.inmontanis.info\/?p=6420","title":{"rendered":"Koralpe und anderes, 17.10.2020"},"content":{"rendered":"<p>Nachdem die Wohnung am Gaberl letztes WE leider nicht ganz so perfekt wie erhofft war, besichtigte ich heute zwei weitere &#8220;Ferien&#8221;wohnungen, eine in der N\u00e4he vom Pyhrnpass in Ober\u00f6sterreich, die andere in K\u00e4rnten auf der Koralpe. Unterm Strich haben beide Vor- und Nachteile, aber einzeln betrachtet w\u00e4ren mir auch beide recht. (Die Tage darauf hab ich mir alle Vor- und Nachteile aufgeschrieben, sowie mir einige Worst-Case-Szenarien \u00fcberlegt und konnte mich dadurch durchaus f\u00fcr eine entscheiden, sofern sich nicht noch kurzfristiges was besseres ergeben sollte.)<\/p>\n<p>F\u00fcr eine Besichtigung weiterer Skigebiete wie letztes WE hatte ich heute nat\u00fcrlich keine Zeit. Und wie schon letztes WE bin ich wieder innerhalb \u00d6sterreichs geblieben und nicht \u00fcber Deutschland gefahren, jeweils die Strecke St. Johann &#8211; Fieberbrunn &#8211; Saalfelden, danach Radstadt-Schladming-Liezen-Pyhrnpass-Liezen (Burgerking) &#8211; Autobahn und Schnellstra\u00dfe bis Judenburg-Wolfsberg-Koralpe und retour \u00fcber Judenburg-Tamsweg-Obertauern. Da h\u00e4tte es nat\u00fcrlich einige Alternativen gegeben, aber das Murtal erschien mir sch\u00f6ner als die Autobahn durch K\u00e4rnten zu fahren. Oder gar die mautpflichtige Tauernautobahn zu nehmen.<\/p>\n<p><a href='http:\/\/extra.inmontanis.info\/d\/60259-2\/DSC01860.jpg'><img src=http:\/\/extra.inmontanis.info\/d\/60258-3\/DSC01860.jpg \/><\/a><br \/>\n^ Schneebedeckte Stra\u00dfen schon ab teilweise ca. 1100m, hier etwas h\u00f6her. Unsch\u00f6n, wenn man noch Sommerr\u00e4der dran hat. Die Winterr\u00e4der kommen erst in ein paar Tagen drauf.<\/p>\n<p><a href='http:\/\/ski.inmontanis.info\/d\/282520-2\/DSC01862.jpg'><img src=http:\/\/ski.inmontanis.info\/d\/282518-3\/DSC01862.jpg \/><\/a><br \/>\n^ Talabfahrt SSB Wurzeralm<\/p>\n<p><a href='http:\/\/ski.inmontanis.info\/d\/282524-2\/DSC01863.jpg'><img src=http:\/\/ski.inmontanis.info\/d\/282523-3\/DSC01863.jpg \/><\/a><br \/>\n^ Gro\u00dfer Parkplatz. Erinnert etwas an Kaprun, schmales Tal, aufgest\u00e4nderter Start  der SSB, ..<\/p>\n<p>Mein bisher erster und einziger Besuch auf der Wurzeralm war im Silvesterurlaub 1988\/89, da waren wir 7x in Hinterstoder und 2x Wurzeralm. Ich meine mich zu erinnern, dass mir die Wurzeralm damals besser gefiel. Warum ich die letzten 20 Jahre nicht dort war? Naja, weil die anderen L\u00e4nder irgendwie interessanter waren. Denke aber, dass es mir immer noch dort gefallen k\u00f6nnte.<\/p>\n<p><a href='http:\/\/extra.inmontanis.info\/d\/60263-2\/DSC01890.jpg'><img src=http:\/\/extra.inmontanis.info\/d\/60262-3\/DSC01890.jpg \/><\/a><br \/>\n^ Glaub vor Zeltweg\/Judenburg<\/p>\n<p><a href='http:\/\/extra.inmontanis.info\/d\/60267-2\/DSC01894.jpg'><img src=http:\/\/extra.inmontanis.info\/d\/60266-3\/DSC01894.jpg \/><\/a><br \/>\n^ Vmtl. n\u00e4he Judenburg<\/p>\n<p><a href='http:\/\/ski.inmontanis.info\/d\/282530-2\/DSC01909.jpg'><img src=http:\/\/ski.inmontanis.info\/d\/282528-3\/DSC01909.jpg \/><\/a><br \/>\n^ Auffahrt Koralpe<\/p>\n<p><a href='http:\/\/ski.inmontanis.info\/d\/282534-2\/DSC01917.jpg'><img src=http:\/\/ski.inmontanis.info\/d\/282533-3\/DSC01917.jpg \/><\/a><br \/>\n^ Auffahrt Koralpe<\/p>\n<p><a href='http:\/\/ski.inmontanis.info\/d\/282538-2\/DSC01933.jpg'><img src=http:\/\/ski.inmontanis.info\/d\/282537-3\/DSC01933.jpg \/><\/a><br \/>\n^ Talpano von der Auffahrt<\/p>\n<p><a href='http:\/\/ski.inmontanis.info\/d\/282542-2\/DSC01937.jpg'><img src=http:\/\/ski.inmontanis.info\/d\/282541-3\/DSC01937.jpg \/><\/a><br \/>\n^ Parkplatz an der 4KSB (zu der man mit dem Aufzug muss)<br \/>\n(W\u00e4ren wir in Ex-UDSSR-L\u00e4ndern, w\u00e4re das kein Aufzug, sondern nur ein Obelisk oder so :) )<\/p>\n<p><a href='http:\/\/ski.inmontanis.info\/d\/282546-2\/DSC01939.jpg'><img src=http:\/\/ski.inmontanis.info\/d\/282545-3\/DSC01939.jpg \/><\/a><br \/>\n^ Talblick andere Seite<\/p>\n<p><a href='http:\/\/ski.inmontanis.info\/d\/282550-2\/DSC01942.jpg'><img src=http:\/\/ski.inmontanis.info\/d\/282549-3\/DSC01942.jpg \/><\/a><br \/>\n^ Zentrum und linker SL<\/p>\n<p><a href='http:\/\/ski.inmontanis.info\/d\/282554-2\/DSC01943.jpg'><img src=http:\/\/ski.inmontanis.info\/d\/282553-3\/DSC01943.jpg \/><\/a><br \/>\n^ Parkpl\u00e4tze und linker \/ mittlere SL. Schade, dass der linke SL nicht auch ein Kurvenlift ist und die Abfahrt rechts noch erschlie\u00dft &#8211; die wird nur vom selten offenen, etwas r\u00fcckseitig gelegenen Gipfellift erschlossen<\/p>\n<p><a href='http:\/\/ski.inmontanis.info\/d\/282558-2\/DSC01944.jpg'><img src=http:\/\/ski.inmontanis.info\/d\/282557-3\/DSC01944.jpg \/><\/a><br \/>\n^ SL und heute ge\u00f6ffnete Schirmbar.<\/p>\n<p><a href='http:\/\/ski.inmontanis.info\/d\/282562-2\/DSC01945.jpg'><img src=http:\/\/ski.inmontanis.info\/d\/282561-3\/DSC01945.jpg \/><\/a><br \/>\n^ Hat mich einige Zeit gekostet, bis ich das R\u00e4tsel der schmalen Doppelst\u00fctzen und denn dortigen 3 Seilen verstanden hab :)  (der linke Lift ist ein Dreiecks-SL, der rechte SL ein k\u00fcrzerer, direkt)<\/p>\n<p>Leider war ich hier ja auch noch nie skifahren, wobei ich wenn, dann wohl nur hergefahren w\u00e4re, wenn auch der etwas r\u00fcckseitig gelegene Gipfel-SL in Betrieb w\u00e4re. Und das scheint ja leider gar nicht so h\u00e4ufig der Fall zu sein.. naja, wenigstens noch kein LSAP und mit den SL und trotz 4KSB soll es wohl recht ruhig und beschaulich sein, so ist&#8217;s mir recht. <\/p>\n<p>Schon mal jemand im Winter zwischen den Skigebieten Koralpe und Weinebene &#8220;gependelt&#8221;? Wenn man sich das so auf GE anschaut, scheint man da ja gem\u00fctlich mit Tourenski ohne sonderlich gro\u00dfe H\u00f6henmeterverluste (gro\u00dfteils wohl eher langlaufm\u00e4\u00dfig) hin und retour kommen, falls Schnee liegt?<\/p>\n<p><a href='http:\/\/ski.inmontanis.info\/d\/282566-2\/DSC01954.jpg'><img src=http:\/\/ski.inmontanis.info\/d\/282565-3\/DSC01954.jpg \/><\/a><br \/>\n^ Die Stra\u00dfe ist tw. ganz sch\u00f6n steil, hat auch wesentlich mehr Kehren als die (nordseitige) zum Gaberl, aber immerhin nicht gar so viel.<\/p>\n<p><a href='http:\/\/ski.inmontanis.info\/d\/282570-2\/DSC01955.jpg'><img src=http:\/\/ski.inmontanis.info\/d\/282569-3\/DSC01955.jpg \/><\/a><br \/>\n^ Talpano Stra\u00dfe talw\u00e4rts, zwar selten m\u00f6glich, aber sch\u00f6n.<\/p>\n<p><a href='http:\/\/extra.inmontanis.info\/d\/60271-2\/DSC01961.jpg'><img src=http:\/\/extra.inmontanis.info\/d\/60270-3\/DSC01961.jpg \/><\/a><br \/>\n^ Murtal-Schnellstra\u00dfe n\u00e4he Judenburg<\/p>\n<p><a href='http:\/\/extra.inmontanis.info\/d\/60275-2\/DSC01967.jpg'><img src=http:\/\/extra.inmontanis.info\/d\/60274-3\/DSC01967.jpg \/><\/a><br \/>\n^ Das Murtal gefiel mir auch in Westfahrrichtung wieder. (Letztes WE ja richtung Osten gefahren.)<\/p>\n","protected":false},"excerpt":{"rendered":"<p>Nachdem die Wohnung am Gaberl letztes WE leider nicht ganz so perfekt wie erhofft war, besichtigte ich heute zwei weitere &#8220;Ferien&#8221;wohnungen, eine in der N\u00e4he vom Pyhrnpass in Ober\u00f6sterreich, die andere in K\u00e4rnten auf der Koralpe. Unterm Strich haben beide Vor- und Nachteile, aber einzeln betrachtet w\u00e4ren mir auch beide recht. (Die Tage darauf hab <a href=\"http:\/\/blog.inmontanis.info\/?p=6420\">[&#8230;]<\/a><\/p>\n","protected":false},"author":1,"featured_media":0,"comment_status":"closed","ping_status":"closed","sticky":false,"template":"","format":"standard","meta":{"footnotes":""},"categories":[25,13],"tags":[47],"class_list":["post-6420","post","type-post","status-publish","format-standard","hentry","category-noreport","category-austria","tag-sl","odd"],"_links":{"self":[{"href":"http:\/\/blog.inmontanis.info\/index.php?rest_route=\/wp\/v2\/posts\/6420","targetHints":{"allow":["GET"]}}],"collection":[{"href":"http:\/\/blog.inmontanis.info\/index.php?rest_route=\/wp\/v2\/posts"}],"about":[{"href":"http:\/\/blog.inmontanis.info\/index.php?rest_route=\/wp\/v2\/types\/post"}],"author":[{"embeddable":true,"href":"http:\/\/blog.inmontanis.info\/index.php?rest_route=\/wp\/v2\/users\/1"}],"replies":[{"embeddable":true,"href":"http:\/\/blog.inmontanis.info\/index.php?rest_route=%2Fwp%2Fv2%2Fcomments&post=6420"}],"version-history":[{"count":6,"href":"http:\/\/blog.inmontanis.info\/index.php?rest_route=\/wp\/v2\/posts\/6420\/revisions"}],"predecessor-version":[{"id":6426,"href":"http:\/\/blog.inmontanis.info\/index.php?rest_route=\/wp\/v2\/posts\/6420\/revisions\/6426"}],"wp:attachment":[{"href":"http:\/\/blog.inmontanis.info\/index.php?rest_route=%2Fwp%2Fv2%2Fmedia&parent=6420"}],"wp:term":[{"taxonomy":"category","embeddable":true,"href":"http:\/\/blog.inmontanis.info\/index.php?rest_route=%2Fwp%2Fv2%2Fcategories&post=6420"},{"taxonomy":"post_tag","embeddable":true,"href":"http:\/\/blog.inmontanis.info\/index.php?rest_route=%2Fwp%2Fv2%2Ftags&post=6420"}],"curies":[{"name":"wp","href":"https:\/\/api.w.org\/{rel}","templated":true}]}}