{"id":6414,"date":"2020-10-18T21:07:18","date_gmt":"2020-10-18T19:07:18","guid":{"rendered":"http:\/\/blog.inmontanis.info\/?p=6414"},"modified":"2023-07-01T20:57:38","modified_gmt":"2023-07-01T18:57:38","slug":"hintertuxer-gletscher-18-10-2020","status":"publish","type":"post","link":"http:\/\/blog.inmontanis.info\/?p=6414","title":{"rendered":"Hintertuxer Gletscher, 18.10.2020"},"content":{"rendered":"<p><strong>So, 18.10.2020<\/strong><\/p>\n<p>Um 10 Uhr war ich in Vorderlanersbach und man musste bereits hier parken. Ich fahr doch nicht bei Coronamaskenpflicht mit dem Skibus von Vorderlanersbach aus, nein danke. Also stellte ich mich hin und wollte einfach mal ein St\u00fcndchen abwarten, bis die Einweiser weg w\u00e4ren&#8230; meistens l\u00e4sst man f\u00fcr die G\u00e4ste ab Mittag ja etwas Platz bzw. fahren die ersten wieder weg. So zumindest meine Erfahrung am Stubaier.  Um 10:40 fuhren sie weg, es kamen kaum noch neue Autos. Da ich gerade am Tippen meiner Gedanken zu den gestrigen Wohnungsbesichtigungen war, fuhr ich erst gegen 11 Uhr weiter und bekam einen relativ nahen Parkplatz.<\/p>\n<p>Ok, das neue Parkhaus ist noch nicht fertig, dort fehlen aktuell einige Parkpl\u00e4tze. Das Parkhaus soll erst n\u00e4chstes Jahr komplett fertig werden, aber Autos sollten irgendwann heuer noch reind\u00fcrfen.<\/p>\n<p>An der 8EUB stand ein Kameramann und filmte, wie  die Leute mit Maske und alleine einsteigen. Mittlerweile um 11.30 fuhren auch schon etliche wieder runter, insb. einzelne Trainingsleute. Die 4EUB fuhr zwar noch, aber leider durfte man nicht mehr rein. Statt einer maskenfreien Auffahrt allein in der sch\u00f6nen 4EUB musste ich also wieder eine maskenhafte Auffahrt ertragen. Nervt mich auch jedes Mal, dass die 4EUB nicht durchgehend f\u00e4hrt. <\/p>\n<p>Oben leider 3SB und rechter Kaserer-SL noch geschlossen. ZwiDeGo gibt&#8217;s auch schon etliche Spuren &#8211; h\u00e4tt ich ja nicht gedacht, dass man  bei all den hohen Felsen mittlerweile schon im Oktober dort fahren kann.<\/p>\n<p>Am Kaserer-SL gab&#8217;s einige Wartezeiten, daher erst ganz zum Schluss gefahren. An der 6KSB musste mann auch ein paar Sessel warten, also blieb ich erst mal an der GW, wo SL und DSB leer waren. Sp\u00e4ter dann noch ein St\u00fcndchen am Kaserer-SL gewesen. <\/p>\n<p>Talw\u00e4rts um 16 Uhr wieder nur der GB2 offen, die 4EUB war am Eingaragieren, Wartezeiten am GB2 vom Drehkreuz bis vor zum Einstieg &#8211; oder, wie ich, seitlich vorbei und Stehplatz in der n\u00e4chsten Kabine. Sektion 1 dann beide Bahnen offen und 8EUB im Turbo-Modus. In Summe also praktisch heute keine Wartezeiten gehabt. <\/p>\n<p>(Fotos anklicken zum Vergr\u00f6\u00dfern)<\/p>\n<p><a href='http:\/\/ski.inmontanis.info\/d\/282430-2\/DSC01980.jpg'><img src=http:\/\/ski.inmontanis.info\/d\/282429-3\/DSC01980.jpg \/><\/a><br \/>\n^ Ersatzparkplatz Vorderlanersbach an der ehemaligen PB<\/p>\n<p><a href='http:\/\/ski.inmontanis.info\/d\/282434-2\/DSC01983.jpg'><img src=http:\/\/ski.inmontanis.info\/d\/282433-3\/DSC01983.jpg \/><\/a><br \/>\n^ .. gab es erst letzte Woche den einen Italiener im Parkhaus mit seinem zu hohen Bus, gibt&#8217;s heute einen Deutschen, der wohl mal eben vergessen hat, die T\u00fcr zu schlie\u00dfen :)<\/p>\n<p><a href='http:\/\/ski.inmontanis.info\/d\/282438-2\/DSC01985.jpg'><img src=http:\/\/ski.inmontanis.info\/d\/282437-3\/DSC01985.jpg \/><\/a><br \/>\n^ Hier vorne w\u00fcrd ich auch ungern parken m\u00fcssen &#8230;<\/p>\n<p><a href='http:\/\/ski.inmontanis.info\/d\/282442-2\/DSC01986.jpg'><img src=http:\/\/ski.inmontanis.info\/d\/282441-3\/DSC01986.jpg \/><\/a><br \/>\n^ Der Parkplatz gef\u00e4llt mir schon besser.<\/p>\n<p><a href='http:\/\/ski.inmontanis.info\/d\/282446-2\/DSC01987_001.jpg'><img src=http:\/\/ski.inmontanis.info\/d\/282445-3\/DSC01987_001.jpg \/><\/a><br \/>\n^ Durch den Bau des neuen Parkhaus  (noch nicht ge\u00f6ffnet) fehlen aktuell die Wiesenparkpl\u00e4tze. Ohne Corona m\u00fcsste man wohl in Mayrhofen parken, oder k\u00f6nnte Finkenberg noch reichen?!<\/p>\n<p><a href='http:\/\/ski.inmontanis.info\/d\/282450-2\/DSC01989_001.jpg'><img src=http:\/\/ski.inmontanis.info\/d\/282449-3\/DSC01989_001.jpg \/><\/a><br \/>\n^ Gro\u00dfe Schneih\u00fcgel an der  Mittelstationsabfahrt<\/p>\n<p><a href='http:\/\/ski.inmontanis.info\/d\/282454-2\/DSC01990_001.jpg'><img src=http:\/\/ski.inmontanis.info\/d\/282453-3\/DSC01990_001.jpg \/><\/a><br \/>\n^ DSB um kurz vor 12 Uhr &#8211; leer, so mag ich das.<\/p>\n<p><a href='http:\/\/ski.inmontanis.info\/d\/282458-2\/DSC01994.jpg'><img src=http:\/\/ski.inmontanis.info\/d\/282457-3\/DSC01994.jpg \/><\/a><br \/>\n^ Olperer-Kaserer und 10EUB-Bergstation<\/p>\n<p><a href='http:\/\/ski.inmontanis.info\/d\/282462-2\/DSC01995.jpg'><img src=http:\/\/ski.inmontanis.info\/d\/282461-3\/DSC01995.jpg \/><\/a><br \/>\n^ Am GW-SL ebenfalls nix los, nur an den Olperer-SL, aber auch nicht so extrem wie sonst im Herbst, denk ich..<\/p>\n<p><a href='http:\/\/ski.inmontanis.info\/d\/282466-2\/DSC02001.jpg'><img src=http:\/\/ski.inmontanis.info\/d\/282465-3\/DSC02001.jpg \/><\/a><br \/>\n^ DSB<\/p>\n<p><a href='http:\/\/ski.inmontanis.info\/d\/282470-2\/DSC02006.jpg'><img src=http:\/\/ski.inmontanis.info\/d\/282469-3\/DSC02006.jpg \/><\/a><br \/>\n^ GB3; interessanterweise gab es heute sowohl im Norden, wie auch im S\u00fcden ein Nebelmeer, aber am Hintertuxer ausnahmsweise mal Sonne pur.<\/p>\n<p><a href='http:\/\/ski.inmontanis.info\/d\/282474-2\/DSC02010.jpg'><img src=http:\/\/ski.inmontanis.info\/d\/282473-3\/DSC02010.jpg \/><\/a><br \/>\n^ GB3<\/p>\n<p><a href='http:\/\/ski.inmontanis.info\/d\/282478-2\/DSC02011_001.jpg'><img src=http:\/\/ski.inmontanis.info\/d\/282477-3\/DSC02011_001.jpg \/><\/a><br \/>\n^ GB3 und DSB<\/p>\n<p><a href='http:\/\/ski.inmontanis.info\/d\/282482-2\/DSC02015.jpg'><img src=http:\/\/ski.inmontanis.info\/d\/282481-3\/DSC02015.jpg \/><\/a><br \/>\n^ Offpiste an der GW. Da am GW-SL ja nix los war, blieb ich erst mal hier am SL und DSB f\u00fcr 1,5   Stunden<\/p>\n<p><a href='http:\/\/ski.inmontanis.info\/d\/282486-2\/DSC02017_001.jpg'><img src=http:\/\/ski.inmontanis.info\/d\/282485-3\/DSC02017_001.jpg \/><\/a><br \/>\n^ Die DSB-Abfahrt war nicht so gut, der Trainingshang am SL daf\u00fcr umso besser<\/p>\n<p><a href='http:\/\/ski.inmontanis.info\/d\/282490-2\/DSC02022.jpg'><img src=http:\/\/ski.inmontanis.info\/d\/282489-3\/DSC02022.jpg \/><\/a><br \/>\n^ Baustelle L\u00e4rmstange-KSB<\/p>\n<p><a href='http:\/\/ski.inmontanis.info\/d\/282494-2\/DSC02023.jpg'><img src=http:\/\/ski.inmontanis.info\/d\/282493-3\/DSC02023.jpg \/><\/a><br \/>\n^ 6KSB L\u00e4rmstange 2. Ohne Kapazit\u00e4tsbeschr\u00e4nkungen und die Maskenpflicht an der Talstation wurde nicht l\u00fcckenlos eingehalten, bisher hatte ich an den freien Anstehbereichen auch noch nichts angezogen. <\/p>\n<p>Der Schnee wurde aufgewirbelt ..<\/p>\n<p><a href='http:\/\/ski.inmontanis.info\/d\/282498-2\/DSC02024.jpg'><img src=http:\/\/ski.inmontanis.info\/d\/282497-3\/DSC02024.jpg \/><\/a><br \/>\n^ .. von einem Hubschrauber<\/p>\n<p><a href='http:\/\/ski.inmontanis.info\/d\/282502-2\/DSC02025_001.jpg'><img src=http:\/\/ski.inmontanis.info\/d\/282501-3\/DSC02025_001.jpg \/><\/a><br \/>\n^ SL Kaserer 2, leider immer noch nicht betriebsfertig<\/p>\n<p><a href='http:\/\/ski.inmontanis.info\/d\/282506-2\/DSC02026.jpg'><img src=http:\/\/ski.inmontanis.info\/d\/282505-3\/DSC02026.jpg \/><\/a><br \/>\n^ Aber am SL Kaserer 1 war ja nachmittags auch nix los. Offpiste hier ging auch toll, aber windiger als an der GW.<\/p>\n<p><a href='http:\/\/ski.inmontanis.info\/d\/282510-2\/DSC02029.jpg'><img src=http:\/\/ski.inmontanis.info\/d\/282509-3\/DSC02029.jpg \/><\/a><br \/>\n^ DSB-Pano GW-Olperer-Italien<\/p>\n<p><a href='http:\/\/ski.inmontanis.info\/d\/282514-2\/DSC02030.jpg'><img src=http:\/\/ski.inmontanis.info\/d\/282513-3\/DSC02030.jpg \/><\/a><br \/>\n^ Piste an der 3SB auch schon gut pr\u00e4pariert<\/p>\n<p>Beim Liftfahren am Kaserer kamen mir ein paar geniale Ideen, was die Tisch\/Kochplatte bei meinem geplanten Autoausbau angeht. Bisher wollte ich mir mit Auszugsmechanismen oder Klappmechanismen helfen, aber es geht ja viel simpler und platzsparender: Brett unter der Matratze verstauen, bei Bedarf hervorholen und dann die linke Seite des Bretts auf&#8217;s WC legen und die rechte Seite mittels Ketten an Haken aufh\u00e4ngen, die an den Stangen der Kopfst\u00fctzen montiert sind. Falls zu wackelig, linke Seite z.B. mit Koffer\/Reisetasche beschweren. Falls im Sitzen zu schwierig entfernbar (oder es von der L\u00e4nge her nicht passt), dann halt ein schm\u00e4leres Brett, das im nicht aufgebauten Lagerzustand neben dem Bett ist&#8230; aber das kommt dann erst, wenn ich mit dem Rest mal weiter bin.<\/p>\n<p>N\u00e4chstes WE h\u00e4tte ich 4 Tage frei, weil Montag in AT ja Feiertag ist. Irgendwo weiter weg zu fahren macht bei den Coronama\u00dfnahmen momentan aber ja auch wenig Sinn. Aber mit Wohnung bzw. Autoausbau bin ich eh besch\u00e4ftigt. Batterie kommt hoffentlich noch vor dem WE, dann kann ich endlich mit dem Bau der Batteriebox (hinterm Beifahrersitz) anfangen. Etwas unentschieden bin ich mir noch \u00fcber die H\u00f6he &#8211; lieber etwas mehr Stauraum unterm Bett oder lieber etwas gerader sitzen k\u00f6nnen? &#8211; und auch \u00fcber die genaue Breite des Betts. Wenn der Wechselrichter \u00fcber die Batterie passt und nicht zu hoch wird, k\u00f6nnte das die bevorzugte H\u00f6he werden. Hach, wird interessant, wie das alles umsetzbar sein wird und wie es mir dann gefallen wird.<\/p>\n","protected":false},"excerpt":{"rendered":"<p>So, 18.10.2020<\/p>\n<p>Um 10 Uhr war ich in Vorderlanersbach und man musste bereits hier parken. Ich fahr doch nicht bei Coronamaskenpflicht mit dem Skibus von Vorderlanersbach aus, nein danke. Also stellte ich mich hin und wollte einfach mal ein St\u00fcndchen abwarten, bis die Einweiser weg w\u00e4ren&#8230; meistens l\u00e4sst man f\u00fcr die G\u00e4ste ab Mittag ja <a href=\"http:\/\/blog.inmontanis.info\/?p=6414\">[&#8230;]<\/a><\/p>\n","protected":false},"author":1,"featured_media":0,"comment_status":"closed","ping_status":"closed","sticky":false,"template":"","format":"standard","meta":{"footnotes":""},"categories":[246,25,13,28],"tags":[38,77,47],"class_list":["post-6414","post","type-post","status-publish","format-standard","hentry","category-hintertux","category-noreport","category-austria","category-skifahren-sommer","tag-dsb","tag-nebelmeer","tag-sl","odd"],"_links":{"self":[{"href":"http:\/\/blog.inmontanis.info\/index.php?rest_route=\/wp\/v2\/posts\/6414","targetHints":{"allow":["GET"]}}],"collection":[{"href":"http:\/\/blog.inmontanis.info\/index.php?rest_route=\/wp\/v2\/posts"}],"about":[{"href":"http:\/\/blog.inmontanis.info\/index.php?rest_route=\/wp\/v2\/types\/post"}],"author":[{"embeddable":true,"href":"http:\/\/blog.inmontanis.info\/index.php?rest_route=\/wp\/v2\/users\/1"}],"replies":[{"embeddable":true,"href":"http:\/\/blog.inmontanis.info\/index.php?rest_route=%2Fwp%2Fv2%2Fcomments&post=6414"}],"version-history":[{"count":5,"href":"http:\/\/blog.inmontanis.info\/index.php?rest_route=\/wp\/v2\/posts\/6414\/revisions"}],"predecessor-version":[{"id":6419,"href":"http:\/\/blog.inmontanis.info\/index.php?rest_route=\/wp\/v2\/posts\/6414\/revisions\/6419"}],"wp:attachment":[{"href":"http:\/\/blog.inmontanis.info\/index.php?rest_route=%2Fwp%2Fv2%2Fmedia&parent=6414"}],"wp:term":[{"taxonomy":"category","embeddable":true,"href":"http:\/\/blog.inmontanis.info\/index.php?rest_route=%2Fwp%2Fv2%2Fcategories&post=6414"},{"taxonomy":"post_tag","embeddable":true,"href":"http:\/\/blog.inmontanis.info\/index.php?rest_route=%2Fwp%2Fv2%2Ftags&post=6414"}],"curies":[{"name":"wp","href":"https:\/\/api.w.org\/{rel}","templated":true}]}}