{"id":6411,"date":"2020-10-10T19:55:19","date_gmt":"2020-10-10T17:55:19","guid":{"rendered":"http:\/\/blog.inmontanis.info\/?p=6411"},"modified":"2020-10-21T20:16:06","modified_gmt":"2020-10-21T18:16:06","slug":"steiermark-gaberl-salzstiegl-tonnerhutte-10-10-2020","status":"publish","type":"post","link":"http:\/\/blog.inmontanis.info\/?p=6411","title":{"rendered":"Steiermark: Gaberl-Salzstiegl-Tonnerh\u00fctte, 10.10.2020"},"content":{"rendered":"<p>Am 10.10. stand statt Skifahren eine Wohnungsbesichtigung auf dem Programm, allerdings \u00fcber 5 Stunden entfernt in der Steiermark am Gaberl, wo eine g\u00fcnstige &#8220;Ferienwohnug&#8221; angeboten wurde. Bewohnen m\u00f6chte ich sie aber ganzj\u00e4hrig &#8211; oder auch wieder nicht, denn eigentlich m\u00f6chte ich durch den darauf folgenden Verkauf meiner Innsbrucker Wohnung die n\u00e4chsten Jahre nur noch wenig arbeiten und stattdessen monatelang auf Reisen sein. Freut euch schon mal auf viele Bilder ;)<\/p>\n<p>Landschaftlich gefiel es mir heute in der Steiermark sehr gut. Allein das Murtal w\u00fcrd ich jederzeit gegen das Inntal oder sonst einem tiroler Tal austauschen. Auch die fast kehrenlose Auffahrt auf&#8217;s Gaberl (wenn man das so sagt?) war sch\u00f6n zu fahren und landschaftlich abwechslungsreich. Die Wohnung am Gaberl hatte dann leider ein paar &#8220;tierbedingte&#8221; Nachteile, mit der ich mich trotz des sehr g\u00fcnstigen Preises doch nicht auseinandersetzen wollte. Die Location neben einem (derzeit stillgelegten) SL w\u00e4re ja schon interessant gewesen ;)<\/p>\n<p>Das Skigebiet Gaberl hab ich mir vor der Wohnung angesehen, die LSAP-Gebiete in der Gegend hab ich mal noch nicht weiter angesehen (w\u00fcrd ich mich wohl nur \u00e4rgern), daf\u00fcr bin ich dann \u00fcber&#8217;s Skigebiet Salzstiegl kurz nach K\u00e4rnten, weiter Klippitzt\u00f6rl, Abstecher Tonnerh\u00fctte und \u00fcber Hohentauern und Liezen wieder zur\u00fcck nach Innsbruck. Da hatte es dann aber irgendwann geregnet. An- und Abfahrt jeweils \u00fcber Hochk\u00f6nig, also nicht \u00fcber Deutschland.<\/p>\n<p>(Fotos anklicken zum Vergr\u00f6\u00dfern)<\/p>\n<p><a href='http:\/\/extra.inmontanis.info\/d\/60187-2\/DSC01614.jpg'><img src=http:\/\/extra.inmontanis.info\/d\/60186-3\/DSC01614.jpg \/><\/a><br \/>\n^ Am Hochk\u00f6nig. Die Strecke fahr ich 1000x lieber als die Autobahn \u00fcber Deutschland.<\/p>\n<p><a href='http:\/\/extra.inmontanis.info\/d\/60191-2\/DSC01616.jpg'><img src=http:\/\/extra.inmontanis.info\/d\/60190-3\/DSC01616.jpg \/><\/a><br \/>\n^ Vor Obertauern<\/p>\n<p><a href='http:\/\/extra.inmontanis.info\/d\/60195-2\/DSC01624.jpg'><img src=http:\/\/extra.inmontanis.info\/d\/60194-3\/DSC01624.jpg \/><\/a><br \/>\n^ Im Murtal<\/p>\n<p><a href='http:\/\/extra.inmontanis.info\/d\/60199-2\/DSC01632.jpg'><img src=http:\/\/extra.inmontanis.info\/d\/60198-3\/DSC01632.jpg \/><\/a><br \/>\n^ Murtal<\/p>\n<p><a href='http:\/\/extra.inmontanis.info\/d\/60203-2\/DSC01637.jpg'><img src=http:\/\/extra.inmontanis.info\/d\/60202-3\/DSC01637.jpg \/><\/a><br \/>\n^ Murtal<\/p>\n<p><a href='http:\/\/extra.inmontanis.info\/d\/60207-2\/DSC01643.jpg'><img src=http:\/\/extra.inmontanis.info\/d\/60206-3\/DSC01643.jpg \/><\/a><br \/>\n^ Murtal<\/p>\n<p><a href='http:\/\/extra.inmontanis.info\/d\/60211-2\/DSC01651.jpg'><img src=http:\/\/extra.inmontanis.info\/d\/60210-3\/DSC01651.jpg \/><\/a><br \/>\n^ Murtal<\/p>\n<p><a href='http:\/\/extra.inmontanis.info\/d\/60215-2\/DSC01657.jpg'><img src=http:\/\/extra.inmontanis.info\/d\/60214-3\/DSC01657.jpg \/><\/a><br \/>\n^ Judenburg (Murtal)<\/p>\n<p><a href='http:\/\/extra.inmontanis.info\/d\/60219-2\/DSC01666.jpg'><img src=http:\/\/extra.inmontanis.info\/d\/60218-3\/DSC01666.jpg \/><\/a><br \/>\n^ Murtal<\/p>\n<p><a href='http:\/\/extra.inmontanis.info\/d\/60223-2\/DSC01672.jpg'><img src=http:\/\/extra.inmontanis.info\/d\/60222-3\/DSC01672.jpg \/><\/a><br \/>\n^ Auffahrt Gaberl<\/p>\n<p><a href='http:\/\/extra.inmontanis.info\/d\/60227-2\/DSC01673.jpg'><img src=http:\/\/extra.inmontanis.info\/d\/60226-3\/DSC01673.jpg \/><\/a><br \/>\n^ Auffahrt Gaberl<\/p>\n<p><a href='http:\/\/extra.inmontanis.info\/d\/60231-2\/DSC01674.jpg'><img src=http:\/\/extra.inmontanis.info\/d\/60230-3\/DSC01674.jpg \/><\/a><br \/>\n^ Auffahrt Gaberl<\/p>\n<p><a href='http:\/\/ski.inmontanis.info\/d\/282276-2\/DSC01683.jpg'><img src=http:\/\/ski.inmontanis.info\/d\/282274-3\/DSC01683.jpg \/><\/a><br \/>\n^ SL M\u00e4rchenwiese (dzt. wohl geschlossen)<\/p>\n<p><a href='http:\/\/ski.inmontanis.info\/d\/282280-2\/DSC01686.jpg'><img src=http:\/\/ski.inmontanis.info\/d\/282279-3\/DSC01686.jpg \/><\/a><br \/>\n^ Gaberl Passh\u00f6he<\/p>\n<p><a href='http:\/\/ski.inmontanis.info\/d\/282284-2\/DSC01687.jpg'><img src=http:\/\/ski.inmontanis.info\/d\/282283-3\/DSC01687.jpg \/><\/a><br \/>\n^ Rechter SL<\/p>\n<p><a href='http:\/\/ski.inmontanis.info\/d\/282288-2\/DSC01690.jpg'><img src=http:\/\/ski.inmontanis.info\/d\/282287-3\/DSC01690.jpg \/><\/a><br \/>\n^ Linker SL<\/p>\n<p><a href='http:\/\/ski.inmontanis.info\/d\/282292-2\/DSC01691.jpg'><img src=http:\/\/ski.inmontanis.info\/d\/282291-3\/DSC01691.jpg \/><\/a><br \/>\n^ Linker SL<\/p>\n<p><a href='http:\/\/ski.inmontanis.info\/d\/282296-2\/DSC01692.jpg'><img src=http:\/\/ski.inmontanis.info\/d\/282295-3\/DSC01692.jpg \/><\/a><br \/>\n^ Pistenplan; rechts von den beiden SL der Plankogel mit M\u00e4rchenwiesen-SL und dem nicht mehr vorhandenen SL auf der anderen Bergseite<\/p>\n<p><a href='http:\/\/ski.inmontanis.info\/d\/282300-2\/DSC01698.jpg'><img src=http:\/\/ski.inmontanis.info\/d\/282299-3\/DSC01698.jpg \/><\/a><br \/>\n^ Blick von der Stra\u00dfe ins Skigebiet am Gaberl<\/p>\n<p><a href='http:\/\/ski.inmontanis.info\/d\/282304-2\/DSC01707.jpg'><img src=http:\/\/ski.inmontanis.info\/d\/282303-3\/DSC01707.jpg \/><\/a><br \/>\n^ Plankogel<\/p>\n<p><a href='http:\/\/ski.inmontanis.info\/d\/282308-2\/DSC01708.jpg'><img src=http:\/\/ski.inmontanis.info\/d\/282307-3\/DSC01708.jpg \/><\/a><br \/>\n^ Ehemaliges Skigebiet Wiedneralm<\/p>\n<p><a href='http:\/\/ski.inmontanis.info\/d\/282312-2\/DSC01711.jpg'><img src=http:\/\/ski.inmontanis.info\/d\/282311-3\/DSC01711.jpg \/><\/a><br \/>\n^ SL M\u00e4rchenwiese<\/p>\n<p><a href='http:\/\/ski.inmontanis.info\/d\/282316-2\/DSC01713.jpg'><img src=http:\/\/ski.inmontanis.info\/d\/282315-3\/DSC01713.jpg \/><\/a><br \/>\n^ SL M\u00e4rchenwiese<\/p>\n<p><a href='http:\/\/ski.inmontanis.info\/d\/282320-2\/DSC01714.jpg'><img src=http:\/\/ski.inmontanis.info\/d\/282319-3\/DSC01714.jpg \/><\/a><br \/>\n^ SL M\u00e4rchenwiese<\/p>\n<p><a href='http:\/\/ski.inmontanis.info\/d\/282324-2\/DSC01715.jpg'><img src=http:\/\/ski.inmontanis.info\/d\/282323-3\/DSC01715.jpg \/><\/a><br \/>\n^ Plankogel<\/p>\n<p><a href='http:\/\/ski.inmontanis.info\/d\/282328-2\/DSC01717.jpg'><img src=http:\/\/ski.inmontanis.info\/d\/282327-3\/DSC01717.jpg \/><\/a><br \/>\n^ Gasthof ist wohl insolvent und sucht einen Verk\u00e4ufer &#8211; vmtl. inkl. des Skilifts<\/p>\n<p><a href='http:\/\/ski.inmontanis.info\/d\/282332-2\/DSC01723.jpg'><img src=http:\/\/ski.inmontanis.info\/d\/282331-3\/DSC01723.jpg \/><\/a><br \/>\n^ SL M\u00e4rchenwiese<\/p>\n<p><a href='http:\/\/ski.inmontanis.info\/d\/282336-2\/DSC01725.jpg'><img src=http:\/\/ski.inmontanis.info\/d\/282335-3\/DSC01725.jpg \/><\/a><br \/>\n^ SL M\u00e4rchenwiese<\/p>\n<p><a href='http:\/\/ski.inmontanis.info\/d\/282340-2\/DSC01727.jpg'><img src=http:\/\/ski.inmontanis.info\/d\/282339-3\/DSC01727.jpg \/><\/a><br \/>\n^ Ski-In-Ski-Out am SL M\u00e4rchenwiese ;-)<\/p>\n<p><a href='http:\/\/ski.inmontanis.info\/d\/282344-2\/DSC01783.jpg'><img src=http:\/\/ski.inmontanis.info\/d\/282343-3\/DSC01783.jpg \/><\/a><br \/>\n^ Gaberl Passh\u00f6he<\/p>\n<p><a href='http:\/\/extra.inmontanis.info\/d\/60235-2\/DSC01786.jpg'><img src=http:\/\/extra.inmontanis.info\/d\/60234-3\/DSC01786.jpg \/><\/a><br \/>\n^ Gaberl talw\u00e4rts richtung Norden, hier zweigt nach links eine Stra\u00dfe in Richtung Salzstiegl ab<\/p>\n<p><a href='http:\/\/extra.inmontanis.info\/d\/60239-2\/DSC01789.jpg'><img src=http:\/\/extra.inmontanis.info\/d\/60238-3\/DSC01789.jpg \/><\/a><br \/>\n^ Gaberl-Salzstiegl<\/p>\n<p><a href='http:\/\/ski.inmontanis.info\/d\/282350-2\/DSC01792.jpg'><img src=http:\/\/ski.inmontanis.info\/d\/282348-3\/DSC01792.jpg \/><\/a><br \/>\n^ Auffahrt Salzstiegl von Norden<\/p>\n<p><a href='http:\/\/ski.inmontanis.info\/d\/282354-2\/DSC01796.jpg'><img src=http:\/\/ski.inmontanis.info\/d\/282353-3\/DSC01796.jpg \/><\/a><br \/>\n^ Auffahrt Salzstiegl von Norden. Wie geil ist das bitte, eine unbefestigte Passstra\u00dfe? Und das in \u00d6sterreich? Tr\u00e4um ich?<\/p>\n<p><a href='http:\/\/ski.inmontanis.info\/d\/282358-2\/DSC01797.jpg'><img src=http:\/\/ski.inmontanis.info\/d\/282357-3\/DSC01797.jpg \/><\/a><br \/>\n^ Salzstiegl Passh\u00f6he. Dahinter ist dann auch ein Parkplatz<\/p>\n<p><a href='http:\/\/ski.inmontanis.info\/d\/282362-2\/DSC01798.jpg'><img src=http:\/\/ski.inmontanis.info\/d\/282361-3\/DSC01798.jpg \/><\/a><br \/>\n^ Die Stra\u00dfe ist auch auf der S\u00fcdseite ungeteert &#8211; bis zur Talstation des Skigebiets.<\/p>\n<p><a href='http:\/\/ski.inmontanis.info\/d\/282366-2\/DSC01800.jpg'><img src=http:\/\/ski.inmontanis.info\/d\/282365-3\/DSC01800.jpg \/><\/a><br \/>\n^ Parkplatz an der Passh\u00f6he mit Blick zu den Abfahrten<\/p>\n<p><a href='http:\/\/ski.inmontanis.info\/d\/282370-2\/DSC01801.jpg'><img src=http:\/\/ski.inmontanis.info\/d\/282369-3\/DSC01801.jpg \/><\/a><br \/>\n^ Pistenplan<\/p>\n<p><a href='http:\/\/ski.inmontanis.info\/d\/282374-2\/DSC01806.jpg'><img src=http:\/\/ski.inmontanis.info\/d\/282373-3\/DSC01806.jpg \/><\/a><br \/>\n^ Das Skigebiet Salzstiegl ist ganz sch\u00f6n steil. Und besteht nur aus SL. Dazu die Dirt-Road \u00fcber den Pass &#8211; das ist mehr Skandinavien als Alpen hier ;-)<\/p>\n<p><a href='http:\/\/ski.inmontanis.info\/d\/282378-2\/DSC01809.jpg'><img src=http:\/\/ski.inmontanis.info\/d\/282377-3\/DSC01809.jpg \/><\/a><br \/>\n^ Hauptparkplatz vom S\u00fcden her<\/p>\n<p><a href='http:\/\/ski.inmontanis.info\/d\/282382-2\/DSC01811.jpg'><img src=http:\/\/ski.inmontanis.info\/d\/282381-3\/DSC01811.jpg \/><\/a><br \/>\n^ Doppel-SL<\/p>\n<p><a href='http:\/\/ski.inmontanis.info\/d\/282386-2\/DSC01813.jpg'><img src=http:\/\/ski.inmontanis.info\/d\/282385-3\/DSC01813.jpg \/><\/a><br \/>\n^ Vom S\u00fcden ist die Stra\u00dfe asphaltiert<\/p>\n<p><a href='http:\/\/ski.inmontanis.info\/d\/282392-2\/DSC01821.jpg'><img src=http:\/\/ski.inmontanis.info\/d\/282390-3\/DSC01821.jpg \/><\/a><br \/>\n^ Das Skigebiet Klippitzt\u00f6rl machte beim Vorbeifahren auch einen netten Eindruck auf mich<\/p>\n<p><a href='http:\/\/ski.inmontanis.info\/d\/282396-2\/DSC01824.jpg'><img src=http:\/\/ski.inmontanis.info\/d\/282395-3\/DSC01824.jpg \/><\/a><br \/>\n^ Talblick Klippitzt\u00f6rl<\/p>\n<p><a href='http:\/\/extra.inmontanis.info\/d\/60243-2\/DSC01825.jpg'><img src=http:\/\/extra.inmontanis.info\/d\/60242-3\/DSC01825.jpg \/><\/a><br \/>\n^ Zufahrt Klippitzt\u00f6rl vom Westen<\/p>\n<p><a href='http:\/\/extra.inmontanis.info\/d\/60247-2\/DSC01831.jpg'><img src=http:\/\/extra.inmontanis.info\/d\/60246-3\/DSC01831.jpg \/><\/a><br \/>\n^ ?<\/p>\n<p><a href='http:\/\/ski.inmontanis.info\/d\/282402-2\/DSC01835.jpg'><img src=http:\/\/ski.inmontanis.info\/d\/282400-3\/DSC01835.jpg \/><\/a><br \/>\n^ Zufahrt SL Tonnerh\u00fctte &#8211; schon wieder eine unbefestigte Auffahrt in ein Skigebiet, die Steiermark will sich mir heute wohl von seiner besten Seite aus zeigen ;-)<\/p>\n<p>Die Stra\u00dfe hat einige Kehren und ist ganz sch\u00f6n steil, k\u00f6nnte mir vorstellen, dass man da \u00f6fters mal Ketten anlegen muss im Winter?<\/p>\n<p><a href='http:\/\/ski.inmontanis.info\/d\/282406-2\/DSC01843.jpg'><img src=http:\/\/ski.inmontanis.info\/d\/282405-3\/DSC01843.jpg \/><\/a><br \/>\n^ Tonnerh\u00fctte, Parkplatz ist kostenpflichtig<\/p>\n<p><a href='http:\/\/ski.inmontanis.info\/d\/282410-2\/DSC01846.jpg'><img src=http:\/\/ski.inmontanis.info\/d\/282409-3\/DSC01846.jpg \/><\/a><br \/>\n^ SL Tonnerh\u00fctte<\/p>\n<p><a href='http:\/\/ski.inmontanis.info\/d\/282414-2\/DSC01847.jpg'><img src=http:\/\/ski.inmontanis.info\/d\/282413-3\/DSC01847.jpg \/><\/a><br \/>\n^ SL Tonnerh\u00fctte<\/p>\n<p><a href='http:\/\/ski.inmontanis.info\/d\/282418-2\/DSC01848.jpg'><img src=http:\/\/ski.inmontanis.info\/d\/282417-3\/DSC01848.jpg \/><\/a><br \/>\n^ Abfahrt<\/p>\n<p><a href='http:\/\/ski.inmontanis.info\/d\/282422-2\/DSC01850.jpg'><img src=http:\/\/ski.inmontanis.info\/d\/282421-3\/DSC01850.jpg \/><\/a><br \/>\n^ SL Tonnerh\u00fctte<\/p>\n<p><a href='http:\/\/ski.inmontanis.info\/d\/282426-2\/DSC01851.jpg'><img src=http:\/\/ski.inmontanis.info\/d\/282425-3\/DSC01851.jpg \/><\/a><br \/>\n^ Talpano<\/p>\n<p>Fazit: Mit der Wohnung war&#8217;s zwar nichts, aber die heute besuchten Skigebiete werde ich wohl alle mal besuchen. Der Osten \u00d6sterreich scheint mir doch um einiges interessanter als der Westen ;-)<\/p>\n<p>(Eine Woche sp\u00e4ter unternahm ich dann eine weitere Tour, Fortsetzung folgt..)<\/p>\n","protected":false},"excerpt":{"rendered":"<p>Am 10.10. stand statt Skifahren eine Wohnungsbesichtigung auf dem Programm, allerdings \u00fcber 5 Stunden entfernt in der Steiermark am Gaberl, wo eine g\u00fcnstige &#8220;Ferienwohnug&#8221; angeboten wurde. Bewohnen m\u00f6chte ich sie aber ganzj\u00e4hrig &#8211; oder auch wieder nicht, denn eigentlich m\u00f6chte ich durch den darauf folgenden Verkauf meiner Innsbrucker Wohnung die n\u00e4chsten Jahre nur noch wenig <a href=\"http:\/\/blog.inmontanis.info\/?p=6411\">[&#8230;]<\/a><\/p>\n","protected":false},"author":1,"featured_media":0,"comment_status":"closed","ping_status":"closed","sticky":false,"template":"","format":"standard","meta":{"footnotes":""},"categories":[25,13],"tags":[47],"class_list":["post-6411","post","type-post","status-publish","format-standard","hentry","category-noreport","category-austria","tag-sl","odd"],"_links":{"self":[{"href":"http:\/\/blog.inmontanis.info\/index.php?rest_route=\/wp\/v2\/posts\/6411","targetHints":{"allow":["GET"]}}],"collection":[{"href":"http:\/\/blog.inmontanis.info\/index.php?rest_route=\/wp\/v2\/posts"}],"about":[{"href":"http:\/\/blog.inmontanis.info\/index.php?rest_route=\/wp\/v2\/types\/post"}],"author":[{"embeddable":true,"href":"http:\/\/blog.inmontanis.info\/index.php?rest_route=\/wp\/v2\/users\/1"}],"replies":[{"embeddable":true,"href":"http:\/\/blog.inmontanis.info\/index.php?rest_route=%2Fwp%2Fv2%2Fcomments&post=6411"}],"version-history":[{"count":2,"href":"http:\/\/blog.inmontanis.info\/index.php?rest_route=\/wp\/v2\/posts\/6411\/revisions"}],"predecessor-version":[{"id":6413,"href":"http:\/\/blog.inmontanis.info\/index.php?rest_route=\/wp\/v2\/posts\/6411\/revisions\/6413"}],"wp:attachment":[{"href":"http:\/\/blog.inmontanis.info\/index.php?rest_route=%2Fwp%2Fv2%2Fmedia&parent=6411"}],"wp:term":[{"taxonomy":"category","embeddable":true,"href":"http:\/\/blog.inmontanis.info\/index.php?rest_route=%2Fwp%2Fv2%2Fcategories&post=6411"},{"taxonomy":"post_tag","embeddable":true,"href":"http:\/\/blog.inmontanis.info\/index.php?rest_route=%2Fwp%2Fv2%2Ftags&post=6411"}],"curies":[{"name":"wp","href":"https:\/\/api.w.org\/{rel}","templated":true}]}}