{"id":637,"date":"2008-08-15T23:59:29","date_gmt":"2008-08-15T21:59:29","guid":{"rendered":"http:\/\/blog.inmontanis.info\/?p=637"},"modified":"2015-07-15T19:19:33","modified_gmt":"2015-07-15T17:19:33","slug":"sswats-2008-tag-1-engadin-15-8-2008","status":"publish","type":"post","link":"http:\/\/blog.inmontanis.info\/?p=637","title":{"rendered":"SSWATS 2008 &#8211; Tag 1: Engadin, 15.8.2008"},"content":{"rendered":"<p>Da der Wetterbericht f\u00fcr heute sehr schlecht gemeldet hat, bin ich nicht wie erst geplant Stelvio gefahren, sondern gleich den ganzen Tag im Auto bis kurz vor L2A, und zwar ohne sonderlich gro\u00dfen Umwegen.<!--more--><\/p>\n<p>Ok, ein paar waren schon dabei, z.B. \u00fcber Samnaun zum tanken &#8211; dann \u00fcbern Maloja normal weiter und am Lago di Como westseitig entlang, da ich die Strecke noch nicht gefahren bin. Ab Como bis Oulx Autobahn &#8211; und das d\u00fcrften mit die nervigsten 240 Autobahn-km in Italien sein: ca. 9x musste ich wg. der Mautabzockerei halten:<\/p>\n<p>1,70 zahlen<br \/>\n2,10 zahlen<br \/>\nTicket ziehen<br \/>\n7,90 zahlen<br \/>\n0,90 zahlen<br \/>\n1,00 zahlen<br \/>\n0,90 zahlen<br \/>\n3,40 zahlen<br \/>\n4,70 zahlen<\/p>\n<p>(Angaben lt. viamichelin)<\/p>\n<p>v.a. die letzten 2 f\u00fcr das kurze Susa-Tal find ich schon heftigst. <\/p>\n<p><a href='http:\/\/ski.inmontanis.info\/d\/62024-1\/gps_20080815-sswats1.jpg'><img src=http:\/\/ski.inmontanis.info\/d\/62026-3\/gps_20080815-sswats1.jpg \/><\/a><br \/>\n^ GPS-Track<\/p>\n<p>Im Engadin war der einzige Ort heute, wo etwas Sonne war, und in der Gegend um den Malojapass hab ich einige Fotos machen k\u00f6nnen (wie \u00fcblich: Anklicken zum Vergr\u00f6\u00dfern)<\/p>\n<p><a href='http:\/\/ski.inmontanis.info\/d\/61913-1\/P1270761.JPG'><img src=http:\/\/ski.inmontanis.info\/d\/61915-3\/P1270761.JPG \/><\/a><br \/>\n^ SL in Maloja<\/p>\n<p><a href='http:\/\/ski.inmontanis.info\/d\/61918-1\/P1270763.JPG'><img src=http:\/\/ski.inmontanis.info\/d\/61920-3\/P1270763.JPG \/><\/a><br \/>\n^ Bergstation SL Maloja<\/p>\n<p><a href='http:\/\/ski.inmontanis.info\/d\/61923-1\/P1270765.JPG'><img src=http:\/\/ski.inmontanis.info\/d\/61925-3\/P1270765.JPG \/><\/a><br \/>\n^ SL Maloja, Parkplatz und Strecke<\/p>\n<p><a href='http:\/\/ski.inmontanis.info\/d\/61927-1\/P1270767.JPG'><img src=http:\/\/ski.inmontanis.info\/d\/61929-3\/P1270767.JPG \/><\/a><br \/>\n^ SL Maloja<\/p>\n<p><a href='http:\/\/ski.inmontanis.info\/d\/61931-1\/P1270772.JPG'><img src=http:\/\/ski.inmontanis.info\/d\/61933-3\/P1270772.JPG \/><\/a><br \/>\n^ SL in Casaccia (quasi direkt am Malojapass)<\/p>\n<p><a href='http:\/\/ski.inmontanis.info\/d\/61935-1\/P1270773.JPG'><img src=http:\/\/ski.inmontanis.info\/d\/61937-3\/P1270773.JPG \/><\/a><br \/>\n^ SL Casaccia<\/p>\n<p><a href='http:\/\/ski.inmontanis.info\/d\/61939-1\/P1270775.JPG'><img src=http:\/\/ski.inmontanis.info\/d\/61941-3\/P1270775.JPG \/><\/a><br \/>\n^ SL Casaccia .. lieber grellbunt &#8230;<\/p>\n<p><a href='http:\/\/ski.inmontanis.info\/d\/61943-1\/P1270776.JPG'><img src=http:\/\/ski.inmontanis.info\/d\/61945-3\/P1270776.JPG \/><\/a><br \/>\n^ .. oder oldstyle?<\/p>\n<p><a href='http:\/\/ski.inmontanis.info\/d\/61947-1\/P1270777.JPG'><img src=http:\/\/ski.inmontanis.info\/d\/61949-3\/P1270777.JPG \/><\/a><br \/>\n^ SL Casaccia<\/p>\n<p><a href='http:\/\/ski.inmontanis.info\/d\/61951-1\/P1270778.JPG'><img src=http:\/\/ski.inmontanis.info\/d\/61953-3\/P1270778.JPG \/><\/a><br \/>\n^ Pano zu einer Staumauer<\/p>\n<p><a href='http:\/\/ski.inmontanis.info\/d\/61955-1\/P1270781.JPG'><img src=http:\/\/ski.inmontanis.info\/d\/61957-3\/P1270781.JPG \/><\/a><br \/>\n^ Kraftwerks-PB bei Ca d&#8217;Faret kurz nach dem Malojapass<\/p>\n<p><a href='http:\/\/ski.inmontanis.info\/d\/61959-1\/P1270783.JPG'><img src=http:\/\/ski.inmontanis.info\/d\/61961-3\/P1270783.JPG \/><\/a><br \/>\n^ Kraftwerks-PB, Talstation<\/p>\n<p><a href='http:\/\/ski.inmontanis.info\/d\/61963-1\/P1270784.JPG'><img src=http:\/\/ski.inmontanis.info\/d\/61965-3\/P1270784.JPG \/><\/a><br \/>\n^ Hier steigt man in die PB ein !<\/p>\n<p><a href='http:\/\/ski.inmontanis.info\/d\/61967-1\/P1270786.JPG'><img src=http:\/\/ski.inmontanis.info\/d\/61969-3\/P1270786.JPG \/><\/a><br \/>\n^ Abspannung<\/p>\n<p><a href='http:\/\/ski.inmontanis.info\/d\/61971-1\/P1270788.JPG'><img src=http:\/\/ski.inmontanis.info\/d\/61973-3\/P1270788.JPG \/><\/a><br \/>\n^ Strecke<\/p>\n<p><a href='http:\/\/ski.inmontanis.info\/d\/61975-1\/P1270794.JPG'><img src=http:\/\/ski.inmontanis.info\/d\/61977-3\/P1270794.JPG \/><\/a><br \/>\n^ Zoom Bergstation<\/p>\n<p><a href='http:\/\/ski.inmontanis.info\/d\/61979-1\/P1270796.JPG'><img src=http:\/\/ski.inmontanis.info\/d\/61981-3\/P1270796.JPG \/><\/a><br \/>\n^ Hersteller<\/p>\n<p><a href='http:\/\/ski.inmontanis.info\/d\/61983-1\/P1270800.JPG'><img src=http:\/\/ski.inmontanis.info\/d\/61985-3\/P1270800.JPG \/><\/a><br \/>\n^ Kraftwerks-PB<\/p>\n<p><a href='http:\/\/ski.inmontanis.info\/d\/61987-1\/P1270801.JPG'><img src=http:\/\/ski.inmontanis.info\/d\/61989-3\/P1270801.JPG \/><\/a><br \/>\n^ Strecke und Kabine<\/p>\n<p><a href='http:\/\/ski.inmontanis.info\/d\/61991-1\/P1270802.JPG'><img src=http:\/\/ski.inmontanis.info\/d\/61993-3\/P1270802.JPG \/><\/a><br \/>\n^ Zoom Seilwinde<\/p>\n<p><a href='http:\/\/ski.inmontanis.info\/d\/61995-1\/P1270803.JPG'><img src=http:\/\/ski.inmontanis.info\/d\/61997-3\/P1270803.JPG \/><\/a><br \/>\n^ PB Albigna<\/p>\n<p><a href='http:\/\/ski.inmontanis.info\/d\/61999-1\/P1270804.JPG'><img src=http:\/\/ski.inmontanis.info\/d\/62001-3\/P1270804.JPG \/><\/a><br \/>\n^ PB Albigna, St\u00fctzen &#8211; \u00e4h ja? Die Kabinen fahren an der falschen Seite &#8211; wieso das denn?<\/p>\n<p><a href='http:\/\/ski.inmontanis.info\/d\/62003-1\/P1270806.JPG'><img src=http:\/\/ski.inmontanis.info\/d\/62005-3\/P1270806.JPG \/><\/a><br \/>\n^ PB Albigna, Talstation<\/p>\n<p><a href='http:\/\/ski.inmontanis.info\/d\/62007-1\/P1270809.JPG'><img src=http:\/\/ski.inmontanis.info\/d\/62009-3\/P1270809.JPG \/><\/a><br \/>\n^ PB Albigna, Kraftwerks-PB, aber \u00f6ffentliche Fahrten (nur wie oft?)<\/p>\n<p><a href='http:\/\/ski.inmontanis.info\/d\/62011-1\/P1270810.JPG'><img src=http:\/\/ski.inmontanis.info\/d\/62013-3\/P1270810.JPG \/><\/a><br \/>\n^ PB Albigna in Fahrt<\/p>\n<p><a href='http:\/\/ski.inmontanis.info\/d\/62015-1\/P1270811.JPG'><img src=http:\/\/ski.inmontanis.info\/d\/62017-3\/P1270811.JPG \/><\/a><br \/>\n^ Zoom Kabine &#8211; man sieht: Die Kabinen wurden &#8220;umgedreht&#8221; montiert. Wei\u00df jemand, warum ??<\/p>\n<p><a href='http:\/\/ski.inmontanis.info\/d\/62019-1\/P1270812.JPG'><img src=http:\/\/ski.inmontanis.info\/d\/62021-3\/P1270812.JPG \/><\/a><br \/>\n^ Info-Tafel. H\u00f6rt sich ja gar nicht so uninteressant an&#8230;<\/p>\n<p>&#8212;<\/p>\n<p>In Brian\u00e7on hab ich dann gleich die Gunst der Stunde genutzt und im Supermarkt (trotz Feiertag bis 20:30 offen) \u00fcber 70,- f\u00fcr &#8220;ungesunde&#8221; Lebensmittel (und 2x1l San Pellgrino) ausgegeben. Und mich an die falsche Kasse gestellt! Boah! So eine nervige Franz\u00f6sin(?)! Ist die an der Kasse, die Kassiererin schon fertig, da r\u00e4umt die erst noch see-len-ruhig die Sachen in ihre Taschen &#8211; bis sie dann endlich fertig ist &#8211; mit ihrem 260,- Euro-Einkauf (!). Dann zahlt sie mit einem Scheck, was auch wieder gedauert hat, und dann (!) schaut sie noch den ewig langen Kassenzettel durch und steht mir noch weiter im Weg rum. Also so was hab ich noch nie erlebt&#8230;<\/p>\n<p>Gegen\u00fcber am Mc Donalds (da war die H\u00f6lle los, daher nur Drive IN) einen McBacon reingeschoben; gegen ca. 21.00 war ich dann am Col du Lautaret, wo ich gerade noch mein Bett aufbauen konnte, bevor es dunkel wurde.<\/p>\n<p>Wie es allerdings morgen sonnig werden soll, ist mir noch nicht ganz klar &#8211; bei Einbruch der Nacht war es noch stark bew\u00f6lkt mit wenig Wolkenl\u00fccken, starkem Sturm und ab und zu etwas Regen. Aber gut, ich w\u00e4r es ja gewohnt, beim ersten Versuch war L2A bisher immer geschlossen. Wenn morgen fr\u00fch um 6 noch so ein Sturm und Wolken sind, brauch ich vermutlich erst gar nicht nach L2A rauf und kann mir gleich was alternatives \u00fcberlegen &#8211; gut, dass ich jetzt eh keine Zeit mehr hab (bzw. todm\u00fcde bin), mir zu \u00fcberlegen, wie ich die n\u00e4chsten Tage \u00fcberhaupt angehe &#8230;<\/p>\n<p>Hobbala, in Frankreich hab ich auch noch ein paar Fotos gemacht:<\/p>\n<p><a href='http:\/\/ski.inmontanis.info\/d\/62029-1\/P1270814.JPG'><img src=http:\/\/ski.inmontanis.info\/d\/62031-3\/P1270814.JPG \/><\/a><br \/>\n^ EUB am Montgenevre<\/p>\n<p><a href='http:\/\/ski.inmontanis.info\/d\/62033-1\/P1270815.JPG'><img src=http:\/\/ski.inmontanis.info\/d\/62035-3\/P1270815.JPG \/><\/a><br \/>\n^ EUB am Montgenevre. Hat eine verdammte \u00c4hnlichkeit mit den Pininfarina-Gondeln von Agudio?!<\/p>\n<p><a href='http:\/\/ski.inmontanis.info\/d\/62037-1\/P1270817.JPG'><img src=http:\/\/ski.inmontanis.info\/d\/62039-3\/P1270817.JPG \/><\/a><br \/>\n^ Eink\u00e4ufe ;-)<\/p>\n<p><a href='http:\/\/ski.inmontanis.info\/d\/62041-1\/P1270818.JPG'><img src=http:\/\/ski.inmontanis.info\/d\/62043-3\/P1270818.JPG \/><\/a><br \/>\n^ .. aber alles untergebracht ;-)<\/p>\n<p><a href='http:\/\/ski.inmontanis.info\/d\/62045-1\/P1270820.JPG'><img src=http:\/\/ski.inmontanis.info\/d\/62047-3\/P1270820.JPG \/><\/a><br \/>\n^ EUB in Briancon (Zubringer Serre Chevaller)<\/p>\n<p><a href='http:\/\/ski.inmontanis.info\/d\/62049-1\/P1270821.JPG'><img src=http:\/\/ski.inmontanis.info\/d\/62051-3\/P1270821.JPG \/><\/a><br \/>\n^ EUB in Briancon<\/p>\n<p><a href='http:\/\/ski.inmontanis.info\/d\/62053-1\/P1270823.JPG'><img src=http:\/\/ski.inmontanis.info\/d\/62055-3\/P1270823.JPG \/><\/a><br \/>\n^ EUB und Skigebiet in Briancon<\/p>\n<p><a href='http:\/\/ski.inmontanis.info\/d\/62057-1\/P1270824.JPG'><img src=http:\/\/ski.inmontanis.info\/d\/62059-3\/P1270824.JPG \/><\/a><br \/>\n^ Briancon<\/p>\n<p><a href='http:\/\/ski.inmontanis.info\/d\/62061-1\/P1270825.JPG'><img src=http:\/\/ski.inmontanis.info\/d\/62063-3\/P1270825.JPG \/><\/a><br \/>\n^ Briancon &#8211; riesige geschichtliche Anlage&#8230;<\/p>\n<p><a href='http:\/\/ski.inmontanis.info\/d\/62065-1\/P1270826.JPG'><img src=http:\/\/ski.inmontanis.info\/d\/62067-3\/P1270826.JPG \/><\/a><br \/>\n^ Na, das ist doch mal ein netter Kreisverkehr ;-)<\/p>\n","protected":false},"excerpt":{"rendered":"<p>Da der Wetterbericht f\u00fcr heute sehr schlecht gemeldet hat, bin ich nicht wie erst geplant Stelvio gefahren, sondern gleich den ganzen Tag im Auto bis kurz vor L2A, und zwar ohne sonderlich gro\u00dfen Umwegen.<\/p>\n<p> <a href=\"http:\/\/blog.inmontanis.info\/?p=637\">[&#8230;]<\/a><\/p>\n","protected":false},"author":1,"featured_media":0,"comment_status":"open","ping_status":"closed","sticky":false,"template":"","format":"standard","meta":{"footnotes":""},"categories":[67,16,26,59,14],"tags":[52,45,47],"class_list":["post-637","post","type-post","status-publish","format-standard","hentry","category-67","category-france","category-typeski","category-nostalgie","category-swiss","tag-pb","tag-see","tag-sl","odd"],"_links":{"self":[{"href":"http:\/\/blog.inmontanis.info\/index.php?rest_route=\/wp\/v2\/posts\/637","targetHints":{"allow":["GET"]}}],"collection":[{"href":"http:\/\/blog.inmontanis.info\/index.php?rest_route=\/wp\/v2\/posts"}],"about":[{"href":"http:\/\/blog.inmontanis.info\/index.php?rest_route=\/wp\/v2\/types\/post"}],"author":[{"embeddable":true,"href":"http:\/\/blog.inmontanis.info\/index.php?rest_route=\/wp\/v2\/users\/1"}],"replies":[{"embeddable":true,"href":"http:\/\/blog.inmontanis.info\/index.php?rest_route=%2Fwp%2Fv2%2Fcomments&post=637"}],"version-history":[{"count":3,"href":"http:\/\/blog.inmontanis.info\/index.php?rest_route=\/wp\/v2\/posts\/637\/revisions"}],"predecessor-version":[{"id":3296,"href":"http:\/\/blog.inmontanis.info\/index.php?rest_route=\/wp\/v2\/posts\/637\/revisions\/3296"}],"wp:attachment":[{"href":"http:\/\/blog.inmontanis.info\/index.php?rest_route=%2Fwp%2Fv2%2Fmedia&parent=637"}],"wp:term":[{"taxonomy":"category","embeddable":true,"href":"http:\/\/blog.inmontanis.info\/index.php?rest_route=%2Fwp%2Fv2%2Fcategories&post=637"},{"taxonomy":"post_tag","embeddable":true,"href":"http:\/\/blog.inmontanis.info\/index.php?rest_route=%2Fwp%2Fv2%2Ftags&post=637"}],"curies":[{"name":"wp","href":"https:\/\/api.w.org\/{rel}","templated":true}]}}