{"id":6356,"date":"2020-10-09T20:55:33","date_gmt":"2020-10-09T18:55:33","guid":{"rendered":"http:\/\/blog.inmontanis.info\/?p=6356"},"modified":"2023-07-01T20:58:47","modified_gmt":"2023-07-01T18:58:47","slug":"hintertuxer-gletscher-9-10-2020","status":"publish","type":"post","link":"http:\/\/blog.inmontanis.info\/?p=6356","title":{"rendered":"Hintertuxer Gletscher, 9.10.2020"},"content":{"rendered":"<p><strong>Fr, 9.10.2020<\/strong><\/p>\n<p>Als ich etwas versp\u00e4tet um 9:50 an der Talstation war, war das Parkhaus fast komplett voll. Anscheinend wurde das per Einweiser zeitig vollgef\u00fcllt. Einige parkten auf 2 Parkpl\u00e4tzen, daher stimmte dann auch die neue Anzeige der freien Parkpl\u00e4tz nicht und daher nur noch ca. 1-2 Pl\u00e4tze frei, ich stand ganz hinten im hintersten Eck des vorletzten Raums im Obergeschoss. Schade, dass man von hier oben nicht direkt in die Station reinkommt ..<\/p>\n<p>6KSB und linker Kaserer-SL sind ja mittlerweile in Betrieb, vom SL zur 6KSB war&#8217;s offiziell noch zu, inoffiziell aber fahrbar. Der Kaserer-SL hat den Zwischeneinstieg mommentan oberhalb des Verbindungswegs, d.h. nur \u00fcber die  6KSB erreichbar. Folglich war die 6KSB auch leerer als der SL, oftmals sogar alleine in der KSB fahren k\u00f6nnen.<\/p>\n<p>Schnee war hart mit etwas Pulverauflage, teilweise aber sehr hart. Besser gefiel es mir auf der noch geschlossenen schwarzen Abfahrt. Olperer und GW bin ich fast nicht gefahren. 10EUB auch nur 1x, GB3 wie \u00fcblich 0x. DSB war heute nicht in Betrieb, fuhr nachmittags eine Zeit lang r\u00fcckw\u00e4rts. Vermattung unten an der 3SB schien noch nicht entfernt worden zu sein. <\/p>\n<p>An den GW- und O-SL stehen neuerdings Abstands-\/Maskenschilder, glaub aber nicht, dass sich so viele daran gehalten haben. An der 6KSB sah ich auch keinen mit Maske, war aber auch nix los.<\/p>\n<p>(Fotos anklicken zum Vergr\u00f6\u00dfern)<\/p>\n<p><a href='http:\/\/ski.inmontanis.info\/d\/282198-2\/DSC01567.jpg'><img src=http:\/\/ski.inmontanis.info\/d\/282197-3\/DSC01567.jpg \/><\/a><br \/>\n^ Gletscherblick von Sektion 1<\/p>\n<p><a href='http:\/\/ski.inmontanis.info\/d\/282202-2\/DSC01568.jpg'><img src=http:\/\/ski.inmontanis.info\/d\/282201-3\/DSC01568.jpg \/><\/a><br \/>\n^ Abstands- und Maskenschilder nun auch an den SL-Einstiegsbereichen :-(<\/p>\n<p><a href='http:\/\/ski.inmontanis.info\/d\/282206-2\/DSC01569.jpg'><img src=http:\/\/ski.inmontanis.info\/d\/282205-3\/DSC01569.jpg \/><\/a><br \/>\n^ 6KSB<\/p>\n<p><a href='http:\/\/ski.inmontanis.info\/d\/282210-2\/DSC01570.jpg'><img src=http:\/\/ski.inmontanis.info\/d\/282209-3\/DSC01570.jpg \/><\/a><br \/>\n^ 6KSB L\u00e4rmstange 2<\/p>\n<p><a href='http:\/\/ski.inmontanis.info\/d\/282214-2\/DSC01573.jpg'><img src=http:\/\/ski.inmontanis.info\/d\/282213-3\/DSC01573.jpg \/><\/a><br \/>\n^ Kasererbereich. Fr\u00fcher ging die diagonale Abfahrt doch zur Bergstation des rechten Kaserer-SL? Mittlerweile liegt sie tiefer und ist steiler<\/p>\n<p><a href='http:\/\/ski.inmontanis.info\/d\/282218-2\/DSC01574.jpg'><img src=http:\/\/ski.inmontanis.info\/d\/282217-3\/DSC01574.jpg \/><\/a><br \/>\n^ Zwischeneinstieg am Kaserer-SL, meist war&#8217;s leerer.<\/p>\n<p><a href='http:\/\/ski.inmontanis.info\/d\/282222-2\/DSC01578.jpg'><img src=http:\/\/ski.inmontanis.info\/d\/282221-3\/DSC01578.jpg \/><\/a><br \/>\n^ Der Zwischeneinstieg am linken Kaserer-SL liegt um einiges oberhalb (!) des Verbindungswegs, man kommt also nur \u00fcber die 6KSB hin<\/p>\n<p><a href='http:\/\/ski.inmontanis.info\/d\/282226-2\/DSC01577.jpg'><img src=http:\/\/ski.inmontanis.info\/d\/282225-3\/DSC01577.jpg \/><\/a><br \/>\n^ Der Retourweg zur 6KSB ist noch nicht ge\u00f6ffnet.<\/p>\n<p><a href='http:\/\/ski.inmontanis.info\/d\/282230-2\/DSC01579.jpg'><img src=http:\/\/ski.inmontanis.info\/d\/282229-3\/DSC01579.jpg \/><\/a><br \/>\n^ .. die Matten wurden hier auch nicht entfernt.<\/p>\n<p><a href='http:\/\/ski.inmontanis.info\/d\/282234-2\/DSC01584.jpg'><img src=http:\/\/ski.inmontanis.info\/d\/282233-3\/DSC01584.jpg \/><\/a><br \/>\n^ GW-SL<\/p>\n<p><a href='http:\/\/ski.inmontanis.info\/d\/282238-2\/DSC01586.jpg'><img src=http:\/\/ski.inmontanis.info\/d\/282237-3\/DSC01586.jpg \/><\/a><br \/>\n^ Schwarze Abfahrt an der 6KSB (noch geschlossen, daher offpiste)<\/p>\n<p><a href='http:\/\/ski.inmontanis.info\/d\/282242-2\/DSC01587.jpg'><img src=http:\/\/ski.inmontanis.info\/d\/282241-3\/DSC01587.jpg \/><\/a><br \/>\n^ Blick aufs Gletscherplateau<\/p>\n<p><a href='http:\/\/ski.inmontanis.info\/d\/282246-2\/DSC01592.jpg'><img src=http:\/\/ski.inmontanis.info\/d\/282245-3\/DSC01592.jpg \/><\/a><br \/>\n^ SL-Kaserer und 6KSB<\/p>\n<p><a href='http:\/\/ski.inmontanis.info\/d\/282250-2\/DSC01597.jpg'><img src=http:\/\/ski.inmontanis.info\/d\/282249-3\/DSC01597.jpg \/><\/a><br \/>\n^ Geniale Tiefblicke an der schwarzen (Offpiste-) Abfahrt<\/p>\n<p><a href='http:\/\/ski.inmontanis.info\/d\/282254-2\/DSC01598.jpg'><img src=http:\/\/ski.inmontanis.info\/d\/282253-3\/DSC01598.jpg \/><\/a><br \/>\n^ Gletscherfreier Bereich an den Kaserer-SL auch schon ganz sch\u00f6n weit<\/p>\n<p><a href='http:\/\/ski.inmontanis.info\/d\/282258-2\/DSC01603.jpg'><img src=http:\/\/ski.inmontanis.info\/d\/282257-3\/DSC01603.jpg \/><\/a><br \/>\n^ K\u00f6nnte ein ehemaliges Kurven-SL-Kaserer-Fundament sein, wenns nicht ein normaler Stein ist.<\/p>\n<p><a href='http:\/\/ski.inmontanis.info\/d\/282262-2\/DSC01604.jpg'><img src=http:\/\/ski.inmontanis.info\/d\/282261-3\/DSC01604.jpg \/><\/a><br \/>\n^ Je sp\u00e4ter am Nachmittag, desto diesiger wurde es, Halo inklusive.<\/p>\n<p><a href='http:\/\/ski.inmontanis.info\/d\/282266-2\/DSC01612.jpg'><img src=http:\/\/ski.inmontanis.info\/d\/282265-3\/DSC01612.jpg \/><\/a><br \/>\n^ war interessant anzusehen .. warum anhalten, wenn es hinten am Dach kratzt und schwerer zu fahren geht? Als das Bremslicht oben doch mehr L\u00e4rm machte, sich teils l\u00f6ste und der Bus nur noch schlecht vorw\u00e4rts kam, blieb der Fahrer stehen, wurde von den anderen aber instruiert, weiter zu fahren, weil es jetzt eh schon egal ist. Als der Bus dann durch und wieder frei war, machte das Rad hinten pl\u00f6tzlich so einen Sprung in die H\u00f6he, dass der Bus fast wieder an die Decke gekracht w\u00e4re :-)<\/p>\n","protected":false},"excerpt":{"rendered":"<p>Fr, 9.10.2020<\/p>\n<p>Als ich etwas versp\u00e4tet um 9:50 an der Talstation war, war das Parkhaus fast komplett voll. Anscheinend wurde das per Einweiser zeitig vollgef\u00fcllt. Einige parkten auf 2 Parkpl\u00e4tzen, daher stimmte dann auch die neue Anzeige der freien Parkpl\u00e4tz nicht und daher nur noch ca. 1-2 Pl\u00e4tze frei, ich stand ganz hinten im hintersten <a href=\"http:\/\/blog.inmontanis.info\/?p=6356\">[&#8230;]<\/a><\/p>\n","protected":false},"author":1,"featured_media":0,"comment_status":"closed","ping_status":"closed","sticky":false,"template":"","format":"standard","meta":{"footnotes":""},"categories":[246,25,13,28],"tags":[56,47],"class_list":["post-6356","post","type-post","status-publish","format-standard","hentry","category-hintertux","category-noreport","category-austria","category-skifahren-sommer","tag-6sb","tag-sl","odd"],"_links":{"self":[{"href":"http:\/\/blog.inmontanis.info\/index.php?rest_route=\/wp\/v2\/posts\/6356","targetHints":{"allow":["GET"]}}],"collection":[{"href":"http:\/\/blog.inmontanis.info\/index.php?rest_route=\/wp\/v2\/posts"}],"about":[{"href":"http:\/\/blog.inmontanis.info\/index.php?rest_route=\/wp\/v2\/types\/post"}],"author":[{"embeddable":true,"href":"http:\/\/blog.inmontanis.info\/index.php?rest_route=\/wp\/v2\/users\/1"}],"replies":[{"embeddable":true,"href":"http:\/\/blog.inmontanis.info\/index.php?rest_route=%2Fwp%2Fv2%2Fcomments&post=6356"}],"version-history":[{"count":2,"href":"http:\/\/blog.inmontanis.info\/index.php?rest_route=\/wp\/v2\/posts\/6356\/revisions"}],"predecessor-version":[{"id":6358,"href":"http:\/\/blog.inmontanis.info\/index.php?rest_route=\/wp\/v2\/posts\/6356\/revisions\/6358"}],"wp:attachment":[{"href":"http:\/\/blog.inmontanis.info\/index.php?rest_route=%2Fwp%2Fv2%2Fmedia&parent=6356"}],"wp:term":[{"taxonomy":"category","embeddable":true,"href":"http:\/\/blog.inmontanis.info\/index.php?rest_route=%2Fwp%2Fv2%2Fcategories&post=6356"},{"taxonomy":"post_tag","embeddable":true,"href":"http:\/\/blog.inmontanis.info\/index.php?rest_route=%2Fwp%2Fv2%2Ftags&post=6356"}],"curies":[{"name":"wp","href":"https:\/\/api.w.org\/{rel}","templated":true}]}}