{"id":6350,"date":"2020-09-27T22:26:09","date_gmt":"2020-09-27T20:26:09","guid":{"rendered":"http:\/\/blog.inmontanis.info\/?p=6350"},"modified":"2023-07-01T20:57:40","modified_gmt":"2023-07-01T18:57:40","slug":"hintertuxer-gletscher-25-27-9-2020","status":"publish","type":"post","link":"http:\/\/blog.inmontanis.info\/?p=6350","title":{"rendered":"Hintertuxer Gletscher, 25.+27.9.2020"},"content":{"rendered":"<p><strong>Fr, 25.9.2020<\/strong><\/p>\n<p>Dieses WE soll der erste gr\u00f6\u00dfere Wintereinbruch dieses Herbstes kommen, wobei es am Sonntag schon sonnig werden k\u00f6nnte, somit der eine Skitag dieses WE also am SO sein sollte. Bei FR+SA war die Sache weniger klar, entschied mich f\u00fcr Freitag Vormittag, wo es noch nicht so kalt sein sollte. Allerdings gab es schon mehr Neuschnee auf den Pisten als erwartet, zumeist sehr unsch\u00f6n gewesen (ausser wo eine frische Pistenraupenspur war). Der Schneefall selbst war auch n\u00e4sser als gedacht, immerhin die Sicht besser als bef\u00fcrchtet. Bin aber gegen 11 Uhr wieder ab, ohne Fotos gemacht zu haben.<\/p>\n<p><strong>So, 27.9.2020<\/strong><\/p>\n<p>Letzter Skitag der Saison 2019\/20, aber ausnahmsweise nicht der letzte Skitag am Hintertuxer, da ich ja diesmal die lange Sommersaisonkarte habe.<\/p>\n<p>Seit Freitag Vormittag gab es noch einiges an Neuschnee, sogar bis ins Tal, die Talabfahrt h\u00e4tte man aber wohl lieber morgens als nachmittags fahren sollen. Um 9:05 war der Parkplatz schon recht voll, kaum hat&#8217;s geschneit, kommen wieder alle. <\/p>\n<p>Obwohl ich in der 8EUB allein war, in der Kabine vor mir auch nur einer drin war, hinter mir keiner, waren am GB2 knapp 10 Personen, die sich auf die n\u00e4chsten 3 Kabinen aufteilten. Die 4EUB h\u00e4tte in Coronazeiten wohl die h\u00f6here F\u00f6rderleistung :)<\/p>\n<p>Am SL Olperer gab&#8217;s lange Warteschlangen, weil leider nur einer in Betrieb war. Als es gegen 11 Uhr mal leerer wurde und ich rauf fuhr, wurde auch der linke in Betrieb genommen, wobei ich erst annahm, dass da eine Seilrolle vereist\/defekt sein m\u00fcsste, weil es so ein schlagendes Ger\u00e4usch gab, im Flachst\u00fcck an den ersten 2 St\u00fctzen. 2 Stunden sp\u00e4ter, als der linke Lift schon lang wieder eingestellt war und ich nochmals rauffuhr, &#8220;klongte&#8221; es noch immer, jetzt bemerkte ich das Problem: Das rechte St\u00fctzenhalteseil wurde wohl vom Wind aufgepeitscht und hat sich auch nach mehreren Stunden nicht beruhigt und irgendwo schlug da was an. <\/p>\n<p>Am GW-SL gab es den ganzen Tag keine Wartezeiten, die DSB fuhr fast \u00fcberhaupt keiner, aber: die 10 EUB wurde heute so gut besucht, dass ich einige Male nicht nur nicht alleine fahren konnten, die Wartezeiten waren teils gr\u00f6\u00dfer als am GB3! Wobei, einmal bin ich dann wieder ausgestiegen und in die leere Gondel dahinter, nachdem keiner mehr wartete, aber die beiden in meine Kabine einstiegen. Muss ja momentan nicht sein, wenn eine leere Gondel dahinter ist und niemand sonst wartet, dann bin ich doch lieber allein in der Gondel, Maske ab und was essen.<\/p>\n<p>Zus\u00e4tzlich zu den kalten Temperaturen (-5 bis -10\u00b0) kam noch ein starker Wind dazu und schon im Laufe des Vormittags Wolken vom S\u00fcden, die f\u00fcr teils neblige Sichtverh\u00e4ltnisse sorgten.<\/p>\n<p>Die SL sind nun auch wieder bis 16 Uhr in Betrieb, wobei nachmittags kaum noch was los war, also an den SL nix, an den Gondeln noch etwas mehr. Aber die TFH-Abfahrt ging heute auch sehr gut und war meist etwas sonniger. Und die Gondeln etwas w\u00e4rmer &#8230; <\/p>\n<p>(Fotos anklicken zum Vergr\u00f6\u00dfern)<\/p>\n<p><a href='http:\/\/ski.inmontanis.info\/d\/282158-2\/DSC01528.jpg'><img src=http:\/\/ski.inmontanis.info\/d\/282157-3\/DSC01528.jpg \/><\/a><br \/>\n^ Sektion 1-2<\/p>\n<p><a href='http:\/\/ski.inmontanis.info\/d\/282162-2\/DSC01533.jpg'><img src=http:\/\/ski.inmontanis.info\/d\/282161-3\/DSC01533.jpg \/><\/a><br \/>\n^ O-SL mit Variantenbereich (viel befahren) und Langlaufloipe (und Mattendepot)<\/p>\n<p><a href='http:\/\/ski.inmontanis.info\/d\/282166-2\/DSC01535.jpg'><img src=http:\/\/ski.inmontanis.info\/d\/282165-3\/DSC01535.jpg \/><\/a><br \/>\n^ \u00dcberall ist&#8217;s sonnig, nur am Hintertuxer mal wieder nicht.<\/p>\n<p><a href='http:\/\/ski.inmontanis.info\/d\/282170-2\/DSC01536.jpg'><img src=http:\/\/ski.inmontanis.info\/d\/282169-3\/DSC01536.jpg \/><\/a><br \/>\n^ Aus der PPP &#8211; Reihe ;-)<\/p>\n<p><a href='http:\/\/ski.inmontanis.info\/d\/282174-2\/DSC01541.jpg'><img src=http:\/\/ski.inmontanis.info\/d\/282173-3\/DSC01541.jpg \/><\/a><br \/>\n^ TFH-Abfahrt nachmittags teilweise etwas sonniger. Man konnte auch wieder beide Seiten befahren.<\/p>\n<p><a href='http:\/\/ski.inmontanis.info\/d\/282178-2\/DSC01544.jpg'><img src=http:\/\/ski.inmontanis.info\/d\/282177-3\/DSC01544.jpg \/><\/a><br \/>\n^ Wie hoch sind diese Beschneiungst\u00fcrme eigentlich, 8m? 10m? Der hier w\u00e4r jedenfalls \u00fcberfl\u00fcssig, so dick dank Vermattung es hier wieder ist :)<\/p>\n<p><a href='http:\/\/ski.inmontanis.info\/d\/282182-2\/DSC01546.jpg'><img src=http:\/\/ski.inmontanis.info\/d\/282181-3\/DSC01546.jpg \/><\/a><br \/>\n^ ZwiDeGo-Felsen, schaut schon fast wieder fahrbar aus. Noch ein Meter (windgepresster) Schnee drauf, dann reichts locker.<\/p>\n<p><a href='http:\/\/ski.inmontanis.info\/d\/282186-2\/DSC01548.jpg'><img src=http:\/\/ski.inmontanis.info\/d\/282185-3\/DSC01548.jpg \/><\/a><br \/>\n^ TFH um kurz vor 16 Uhr<\/p>\n<p><a href='http:\/\/ski.inmontanis.info\/d\/282190-2\/DSC01549.jpg'><img src=http:\/\/ski.inmontanis.info\/d\/282189-3\/DSC01549.jpg \/><\/a><br \/>\n^ Etliche Tourengeher waren heut unterwegs, einige sind auch ins Tal gefahren.<\/p>\n<p>Da ich davon ausgehe, dass ab sp\u00e4testens n\u00e4chstem WE der Kasererbereich wieder offen sein wird, gibt&#8217;s den gesammelten sommerlichen GPS-Track:<\/p>\n<p><a href='http:\/\/ski.inmontanis.info\/d\/282194-2\/ge-202006-09d.jpg'><img src=http:\/\/ski.inmontanis.info\/d\/282193-3\/ge-202006-09d.jpg \/><\/a><br \/>\n^ GPS-Track 6.6.-27.9.2020 (Juni: Blau, Juli: Gelb, August: Rot, September: Gr\u00fcn)<\/p>\n","protected":false},"excerpt":{"rendered":"<p>Fr, 25.9.2020<\/p>\n<p>Dieses WE soll der erste gr\u00f6\u00dfere Wintereinbruch dieses Herbstes kommen, wobei es am Sonntag schon sonnig werden k\u00f6nnte, somit der eine Skitag dieses WE also am SO sein sollte. Bei FR+SA war die Sache weniger klar, entschied mich f\u00fcr Freitag Vormittag, wo es noch nicht so kalt sein sollte. Allerdings gab es schon <a href=\"http:\/\/blog.inmontanis.info\/?p=6350\">[&#8230;]<\/a><\/p>\n","protected":false},"author":1,"featured_media":0,"comment_status":"closed","ping_status":"closed","sticky":false,"template":"","format":"standard","meta":{"footnotes":""},"categories":[246,25,13,28],"tags":[],"class_list":["post-6350","post","type-post","status-publish","format-standard","hentry","category-hintertux","category-noreport","category-austria","category-skifahren-sommer","odd"],"_links":{"self":[{"href":"http:\/\/blog.inmontanis.info\/index.php?rest_route=\/wp\/v2\/posts\/6350","targetHints":{"allow":["GET"]}}],"collection":[{"href":"http:\/\/blog.inmontanis.info\/index.php?rest_route=\/wp\/v2\/posts"}],"about":[{"href":"http:\/\/blog.inmontanis.info\/index.php?rest_route=\/wp\/v2\/types\/post"}],"author":[{"embeddable":true,"href":"http:\/\/blog.inmontanis.info\/index.php?rest_route=\/wp\/v2\/users\/1"}],"replies":[{"embeddable":true,"href":"http:\/\/blog.inmontanis.info\/index.php?rest_route=%2Fwp%2Fv2%2Fcomments&post=6350"}],"version-history":[{"count":3,"href":"http:\/\/blog.inmontanis.info\/index.php?rest_route=\/wp\/v2\/posts\/6350\/revisions"}],"predecessor-version":[{"id":6353,"href":"http:\/\/blog.inmontanis.info\/index.php?rest_route=\/wp\/v2\/posts\/6350\/revisions\/6353"}],"wp:attachment":[{"href":"http:\/\/blog.inmontanis.info\/index.php?rest_route=%2Fwp%2Fv2%2Fmedia&parent=6350"}],"wp:term":[{"taxonomy":"category","embeddable":true,"href":"http:\/\/blog.inmontanis.info\/index.php?rest_route=%2Fwp%2Fv2%2Fcategories&post=6350"},{"taxonomy":"post_tag","embeddable":true,"href":"http:\/\/blog.inmontanis.info\/index.php?rest_route=%2Fwp%2Fv2%2Ftags&post=6350"}],"curies":[{"name":"wp","href":"https:\/\/api.w.org\/{rel}","templated":true}]}}