{"id":6344,"date":"2020-09-19T20:07:03","date_gmt":"2020-09-19T18:07:03","guid":{"rendered":"http:\/\/blog.inmontanis.info\/?p=6344"},"modified":"2023-07-01T20:57:38","modified_gmt":"2023-07-01T18:57:38","slug":"hintertuxer-gletscher-18-19-9-2020","status":"publish","type":"post","link":"http:\/\/blog.inmontanis.info\/?p=6344","title":{"rendered":"Hintertuxer Gletscher, 18.+19.9.2020"},"content":{"rendered":"<p><strong>Fr, 18.9.2020<\/strong><\/p>\n<p>Am heutigen Freitag war es etwas leerer als letzte Woche, ansonsten \u00e4hnlich Verh\u00e4ltnisse zu letztem Sonntag. Im TFH, also auch zu den Toiletten, ist allerdings nun wieder Maskenpflicht :-(<\/p>\n<p>(Fotos anklicken zum Vergr\u00f6\u00dfern)<\/p>\n<p><a href='http:\/\/ski.inmontanis.info\/d\/282074-2\/DSC01476.jpg'><img src=http:\/\/ski.inmontanis.info\/d\/282073-3\/DSC01476.jpg \/><\/a><br \/>\n^ perfekt pr\u00e4parierte DSB-Abfahrt ;-)<\/p>\n<p><a href='http:\/\/ski.inmontanis.info\/d\/282078-2\/DSC01482_001.jpg'><img src=http:\/\/ski.inmontanis.info\/d\/282077-3\/DSC01482_001.jpg \/><\/a><br \/>\n^ Felsen nahe GW-SL<\/p>\n<p><a href='http:\/\/ski.inmontanis.info\/d\/282082-2\/DSC01483.jpg'><img src=http:\/\/ski.inmontanis.info\/d\/282081-3\/DSC01483.jpg \/><\/a><br \/>\n^ Funpark und GW<\/p>\n<p><strong>Sa, 19.9.2020<\/strong><\/p>\n<p>Wollte wieder nur 2 Tage an diesem WE fahren und weil es am morgigen Nachmittag weniger sonnig sein soll als heute, fuhr ich eben am heutigen Samstag. Zuf\u00e4lligerweise fuhr ich morgens im GB2 mit der selben Kabine Nr. 20, in der ich gestern alleine talw\u00e4rts fuhr, heute alleine bergw\u00e4rts.<\/p>\n<p>Im Gegensatz zu gestern war wesentlich mehr los an den Olperer-SL, so dass ich erstmal die TFH-Abfahrt gefahren bin, aber morgens ist GW und TFH einfach noch zu eisig, vormittags kann man egtl. nur am Olperer-SL fahren. Daher noch ein bisschen rumgelaufen bzw. Fotos gemacht.<\/p>\n<p>Leider wurden am Nachmittag die GW-SL-Abfahrten fr\u00fcher geschlossen als an meinen letzten Besuchstagen. Ja, die SL sind nach wie vor nur bis 13:30 in Betrieb, auch wenn das schon seit mind. letztem WE auf der Homepage nicht mehr so aufgef\u00fchrt ist.<\/p>\n<p>An beiden Tagen bin ich wieder bis nach 15 Uhr geblieben, mittags+nachmittags ist&#8217;s momentan einfach sch\u00f6ner.<\/p>\n<p><a href='http:\/\/ski.inmontanis.info\/d\/282086-2\/DSC01486_001.jpg'><img src=http:\/\/ski.inmontanis.info\/d\/282085-3\/DSC01486_001.jpg \/><\/a><br \/>\n^ Talstation DSB<\/p>\n<p><a href='http:\/\/ski.inmontanis.info\/d\/282090-2\/DSC01487.jpg'><img src=http:\/\/ski.inmontanis.info\/d\/282089-3\/DSC01487.jpg \/><\/a><br \/>\n^ Kasererer-Verbindungen<\/p>\n<p><a href='http:\/\/ski.inmontanis.info\/d\/282094-2\/DSC01490_001.jpg'><img src=http:\/\/ski.inmontanis.info\/d\/282093-3\/DSC01490_001.jpg \/><\/a><br \/>\n^ Bauarbeiten<\/p>\n<p><a href='http:\/\/ski.inmontanis.info\/d\/282098-2\/DSC01491.jpg'><img src=http:\/\/ski.inmontanis.info\/d\/282097-3\/DSC01491.jpg \/><\/a><br \/>\n^ Bauarbeiten<\/p>\n<p><a href='http:\/\/ski.inmontanis.info\/d\/282102-2\/DSC01492_001.jpg'><img src=http:\/\/ski.inmontanis.info\/d\/282101-3\/DSC01492_001.jpg \/><\/a><br \/>\n^ Felsen unterhalb Kaserer\/L\u00e4rmstange2<\/p>\n<p><a href='http:\/\/ski.inmontanis.info\/d\/282106-2\/DSC01494_001.jpg'><img src=http:\/\/ski.inmontanis.info\/d\/282105-3\/DSC01494_001.jpg \/><\/a><br \/>\n^ SL Olperer<\/p>\n<p><a href='http:\/\/ski.inmontanis.info\/d\/282110-2\/DSC01495_001.jpg'><img src=http:\/\/ski.inmontanis.info\/d\/282109-3\/DSC01495_001.jpg \/><\/a><br \/>\n^ 3SB Schlegeis<\/p>\n<p><a href='http:\/\/ski.inmontanis.info\/d\/282114-2\/DSC01497.jpg'><img src=http:\/\/ski.inmontanis.info\/d\/282113-3\/DSC01497.jpg \/><\/a><br \/>\n^ 3SB Schlegeis, Matten sind noch nicht entfernt<\/p>\n<p><a href='http:\/\/ski.inmontanis.info\/d\/282118-2\/DSC01498_001.jpg'><img src=http:\/\/ski.inmontanis.info\/d\/282117-3\/DSC01498_001.jpg \/><\/a><br \/>\n^ Ehemaliger Gletscherbereich \/ schwarze Abfahrt von der GW in Richtung 3SB<\/p>\n<p><a href='http:\/\/ski.inmontanis.info\/d\/282122-2\/DSC01500_001.jpg'><img src=http:\/\/ski.inmontanis.info\/d\/282121-3\/DSC01500_001.jpg \/><\/a><br \/>\n^ GW rechts<\/p>\n<p><a href='http:\/\/ski.inmontanis.info\/d\/282126-2\/DSC01501.jpg'><img src=http:\/\/ski.inmontanis.info\/d\/282125-3\/DSC01501.jpg \/><\/a><br \/>\n^ Gletscherplateau und die 4 SL-Talstationen<\/p>\n<p><a href='http:\/\/ski.inmontanis.info\/d\/282130-2\/DSC01503.jpg'><img src=http:\/\/ski.inmontanis.info\/d\/282129-3\/DSC01503.jpg \/><\/a><br \/>\n^ R\u00fcckseitenpano vom Olperer<\/p>\n<p><a href='http:\/\/ski.inmontanis.info\/d\/282154-2\/DSC01504.jpg'><img src=http:\/\/ski.inmontanis.info\/d\/282153-3\/DSC01504.jpg \/><\/a><br \/>\n^ Zoom Stubaier Gletscher vom Hintertuxer<\/p>\n<p><a href='http:\/\/ski.inmontanis.info\/d\/282134-2\/DSC01509_001.jpg'><img src=http:\/\/ski.inmontanis.info\/d\/282133-3\/DSC01509_001.jpg \/><\/a><br \/>\n^ Nachmittags nahe der DSB, ein wei\u00df angezogener Kerl samt Maske schwingt irgendeine Fahne und l\u00e4sst sich fotografieren ..<\/p>\n<p><a href='http:\/\/ski.inmontanis.info\/d\/282138-2\/DSC01513_001.jpg'><img src=http:\/\/ski.inmontanis.info\/d\/282137-3\/DSC01513_001.jpg \/><\/a><br \/>\n^ .. sp\u00e4ter dann mit schwarzer Fahne.<\/p>\n<p><a href='http:\/\/ski.inmontanis.info\/d\/282142-2\/DSC01515.jpg'><img src=http:\/\/ski.inmontanis.info\/d\/282141-3\/DSC01515.jpg \/><\/a><br \/>\n^ TFH-Abfahrt wird wohl zumindest im unteren Bereich ab morgen breiter sein, die Pistenbegrenzungsstecken wurden schon versetzt, evtl. geht auch der breite Steilhang schon auf, eine Zufahrt wurde \u00fcbers Eis auch schon pr\u00e4pariert.<\/p>\n<p><a href='http:\/\/ski.inmontanis.info\/d\/282146-2\/DSC01516.jpg'><img src=http:\/\/ski.inmontanis.info\/d\/282145-3\/DSC01516.jpg \/><\/a><br \/>\n^ Am GB3-Ausstieg muss man zwar nicht mehr bergauf gehen, aber es ist heuer nicht abfallend wie letztes Jahr<\/p>\n<p><a href='http:\/\/ski.inmontanis.info\/d\/282150-2\/DSC01517.jpg'><img src=http:\/\/ski.inmontanis.info\/d\/282149-3\/DSC01517.jpg \/><\/a><br \/>\n^ GB3-Bergstation<\/p>\n","protected":false},"excerpt":{"rendered":"<p>Fr, 18.9.2020<\/p>\n<p>Am heutigen Freitag war es etwas leerer als letzte Woche, ansonsten \u00e4hnlich Verh\u00e4ltnisse zu letztem Sonntag. Im TFH, also auch zu den Toiletten, ist allerdings nun wieder Maskenpflicht :-(<\/p>\n<p>(Fotos anklicken zum Vergr\u00f6\u00dfern)<\/p>\n<p> ^ perfekt pr\u00e4parierte DSB-Abfahrt ;-)<\/p>\n<p> ^ Felsen nahe GW-SL<\/p>\n<p> ^ Funpark und GW<\/p>\n<p>Sa, 19.9.2020<\/p>\n<p>Wollte wieder <a href=\"http:\/\/blog.inmontanis.info\/?p=6344\">[&#8230;]<\/a><\/p>\n","protected":false},"author":1,"featured_media":0,"comment_status":"closed","ping_status":"closed","sticky":false,"template":"","format":"standard","meta":{"footnotes":""},"categories":[246,25,13,28],"tags":[38,45,47],"class_list":["post-6344","post","type-post","status-publish","format-standard","hentry","category-hintertux","category-noreport","category-austria","category-skifahren-sommer","tag-dsb","tag-see","tag-sl","odd"],"_links":{"self":[{"href":"http:\/\/blog.inmontanis.info\/index.php?rest_route=\/wp\/v2\/posts\/6344","targetHints":{"allow":["GET"]}}],"collection":[{"href":"http:\/\/blog.inmontanis.info\/index.php?rest_route=\/wp\/v2\/posts"}],"about":[{"href":"http:\/\/blog.inmontanis.info\/index.php?rest_route=\/wp\/v2\/types\/post"}],"author":[{"embeddable":true,"href":"http:\/\/blog.inmontanis.info\/index.php?rest_route=\/wp\/v2\/users\/1"}],"replies":[{"embeddable":true,"href":"http:\/\/blog.inmontanis.info\/index.php?rest_route=%2Fwp%2Fv2%2Fcomments&post=6344"}],"version-history":[{"count":2,"href":"http:\/\/blog.inmontanis.info\/index.php?rest_route=\/wp\/v2\/posts\/6344\/revisions"}],"predecessor-version":[{"id":6346,"href":"http:\/\/blog.inmontanis.info\/index.php?rest_route=\/wp\/v2\/posts\/6344\/revisions\/6346"}],"wp:attachment":[{"href":"http:\/\/blog.inmontanis.info\/index.php?rest_route=%2Fwp%2Fv2%2Fmedia&parent=6344"}],"wp:term":[{"taxonomy":"category","embeddable":true,"href":"http:\/\/blog.inmontanis.info\/index.php?rest_route=%2Fwp%2Fv2%2Fcategories&post=6344"},{"taxonomy":"post_tag","embeddable":true,"href":"http:\/\/blog.inmontanis.info\/index.php?rest_route=%2Fwp%2Fv2%2Ftags&post=6344"}],"curies":[{"name":"wp","href":"https:\/\/api.w.org\/{rel}","templated":true}]}}