{"id":6338,"date":"2020-09-12T18:34:29","date_gmt":"2020-09-12T16:34:29","guid":{"rendered":"http:\/\/blog.inmontanis.info\/?p=6338"},"modified":"2020-09-17T20:02:32","modified_gmt":"2020-09-17T18:02:32","slug":"8-schweizer-passe-11-12-9-2020","status":"publish","type":"post","link":"http:\/\/blog.inmontanis.info\/?p=6338","title":{"rendered":"8 Schweizer P\u00e4sse, 11.+12.9.2020"},"content":{"rendered":"<p><strong>Fr, 11.9.2020<\/strong><\/p>\n<p>Ich hatte mir letztes WE schon vorgenommen, mal f\u00fcr ne Nacht wegzufahren. Ich checkte die Coronama\u00dfnahmensituation &#8211; in IT muss man wohl was ausdrucken und bei Einreise mitf\u00fchren, dazu weitreichende Maskenpflicht und hunderte andere Regeln, ach, keine Lust, dann halt nach CH? Da war&#8217;s letztes WE auch nicht so sonnig gemeldet. Aber bevor sich der Maskenvirus auch in CH weiter ausbreitet oder man gar nicht mehr \u00fcber die Grenze ohne Quarant\u00e4ne hier oder dort darf, wollte ich eben dieses WE fahren &#8211; und die Wettervorhersagen waren auch besser. <\/p>\n<p>Au\u00dferdem hat sich mein Sommerurlaub heuer auch erledigt, Isle of Man l\u00e4sst weiterhin nur Inselbewohner rein, mit Irland und UK gibt&#8217;s glaub ich irgendwelche Quarant\u00e4nema\u00dfnahmen und au\u00dferdem hab ich weder Lust, alte Stra\u00dfenbahnen noch lange F\u00e4hrfahrten zu machen, wenn man dabei dauerhaft Masken tragen muss. Macht keinen Spa\u00df, da verzichte ich drauf. Sollen&#8217;s doch alle bankrott gehen, je schneller, desto fr\u00fcher ist dieser Maskenvirus ausgerottet.<\/p>\n<p>Aber was soll ich in der Schweiz machen? Naja, im Zweifelsfall halt ein paar P\u00e4sse fahren, die im Winter nicht offen sind, dazu ein bisschen maskenfrei einkaufen und wenn&#8217;s klappt, irgendwo \u00c4lplermaccaroni essen. Ich war ja in AT, seitdem es die Maskenpflicht wieder gibt, nicht mehr in einem Supermarkt oder Tankstellenshop. Nicht, dass ich gerade irgendwas n\u00f6tig brauchen w\u00fcrde, aber wenn man noch die Gelegenheit hat, muss man sie eben ausn\u00fctzen. In AT darf man ab n\u00e4chster Woche auch keinen Baumarkt mehr maskenfrei besuchen, da hatte ich mir letztens auch &#8216;ne Packung Chips mitgenommen und Soda-Stream-Sirup gekauft. Das f\u00e4llt dann auch weg.<\/p>\n<p>Nach dem Skifahren, Essen und Packen ging&#8217;s am sp\u00e4teren Nachmittag noch nach Samnaun zum Tanken, unten in Martina hatte der Z\u00f6llner den falschen rausgesucht, n\u00e4mlich mich. Hat alles mehr oder weniger sorgf\u00e4ltig durchsucht, sogar den Klodeckel ge\u00f6ffnet, aber nat\u00fcrlich nix gefunden. Weiter ging&#8217;s \u00fcber den Fl\u00fcela und Lenzerheide, wo ich zuvor an einem Parkplatz am Stra\u00dfenrand ohne (sichtbarem) Verbotsschild \u00fcbernachtet hab.<\/p>\n<p>(Fotos anklicken zum Vergr\u00f6\u00dfern)<\/p>\n<p><a href='http:\/\/extra.inmontanis.info\/d\/59951-2\/DSC01316.jpg'><img src=http:\/\/extra.inmontanis.info\/d\/59950-3\/DSC01316.jpg \/><\/a><br \/>\n^ Fl\u00fcela-Pass<\/p>\n<p><a href='http:\/\/extra.inmontanis.info\/d\/59955-2\/DSC01318.jpg'><img src=http:\/\/extra.inmontanis.info\/d\/59954-3\/DSC01318.jpg \/><\/a><br \/>\n^ Fl\u00fcela-Pass<\/p>\n<p><a href='http:\/\/extra.inmontanis.info\/d\/59959-2\/DSC01321.jpg'><img src=http:\/\/extra.inmontanis.info\/d\/59958-3\/DSC01321.jpg \/><\/a><br \/>\n^ Fl\u00fcela-Pass<\/p>\n<p><a href='http:\/\/extra.inmontanis.info\/d\/59963-2\/DSC01323.jpg'><img src=http:\/\/extra.inmontanis.info\/d\/59962-3\/DSC01323.jpg \/><\/a><br \/>\n^ Fl\u00fcela-Pass<\/p>\n<p><a href='http:\/\/extra.inmontanis.info\/d\/59967-2\/DSC01324.jpg'><img src=http:\/\/extra.inmontanis.info\/d\/59966-3\/DSC01324.jpg \/><\/a><br \/>\n^ Fl\u00fcela-Pass<\/p>\n<p><a href='http:\/\/extra.inmontanis.info\/d\/59971-2\/DSC01327.jpg'><img src=http:\/\/extra.inmontanis.info\/d\/59970-3\/DSC01327.jpg \/><\/a><br \/>\n^ Fl\u00fcela-Pass<\/p>\n<p><strong>Sa, 12.9.2020<\/strong><\/p>\n<p>Gut, dass man 2 Navis dabei hat, denn mein Hauptnavi wollte mir jede geplante Passstra\u00dfe vereiteln, weil &#8220;Wintersperre Nov-Mai&#8221; &#8211; obwohl wir ja erst September haben. Da hat das letzte Kartenupdate ja mal wieder richtig gut funktioniert :-(<\/p>\n<p>Leider ist die Supermarktsituation in CH nicht immer so einfach, wenn man einen gratis Parkplatz haben m\u00f6chte, da Migros und Coop meistens nur kostenpflichtige Parkpl\u00e4tze haben. Also kaufte ich vermehrt bei den kleineren Dorfl\u00e4den Volg und Denner ein. Erst im Tessin kam ich an einem Migros mit kostenlosem Parkplatz vorbei, aber mittlerweile hatte ich fast alles, was ich wollte, bis auf \u00c4lplermaccaroni, die es aber im Tessin noch seltener gibt, so die \u00fcberhaupt noch produziert werden. <\/p>\n<p>Vom Fl\u00fcelapass bzw. Nachtplatz vor Lenzerheide ging&#8217;s zuerst \u00fcber den Oberalp, dann in Andermatt aber nicht \u00fcber den Gotthard, sondern die Runde \u00fcber Susten, Grimsel und Nufenen. <\/p>\n<p>Highlight und eigentliches Ziel dieser kleinen Reise war aber doch der Gotthardpass, genauer gesagt die alte, gepflasterte Stra\u00dfe auf der S\u00fcdseite. Die sah ich bereits bei meiner ersten &#8220;SSWATS&#8221; im Sommer 2005, wenn ich mich recht erinnere, aber seitdem war ich nie mehr im Sommer dort in der Gegend. Also sollte es heute endlich soweit sein, einmal rauf und dann wieder runter. War echt genial zu fahren, so k\u00f6nnten von mir aus alle Alpenp\u00e4sse sein. <\/p>\n<p>Um nicht wieder den Oberalp fahren zu m\u00fcssen, nahm ich den Bernardino-Pass und in weiterer Folge den Albula, so dass sich erst wieder kurz vor \u00d6sterreich der Kreis der Rundfahrt schloss.<\/p>\n<p><a href='http:\/\/extra.inmontanis.info\/d\/59975-2\/DSC01328.jpg'><img src=http:\/\/extra.inmontanis.info\/d\/59974-3\/DSC01328.jpg \/><\/a><\/p>\n<p><a href='http:\/\/extra.inmontanis.info\/d\/59979-2\/DSC01329.jpg'><img src=http:\/\/extra.inmontanis.info\/d\/59978-3\/DSC01329.jpg \/><\/a><\/p>\n<p><a href='http:\/\/extra.inmontanis.info\/d\/59983-2\/DSC01331.jpg'><img src=http:\/\/extra.inmontanis.info\/d\/59982-3\/DSC01331.jpg \/><\/a><br \/>\n^ Oberalp-Pass<\/p>\n<p><a href='http:\/\/extra.inmontanis.info\/d\/59987-2\/DSC01334.jpg'><img src=http:\/\/extra.inmontanis.info\/d\/59986-3\/DSC01334.jpg \/><\/a><br \/>\n^ Oberalp-Pass<\/p>\n<p><a href='http:\/\/extra.inmontanis.info\/d\/59991-2\/DSC01338.jpg'><img src=http:\/\/extra.inmontanis.info\/d\/59990-3\/DSC01338.jpg \/><\/a><br \/>\n^ Oberalp-Pass \/ Skigebiet Andermatt<\/p>\n<p><a href='http:\/\/extra.inmontanis.info\/d\/59995-2\/DSC01339.jpg'><img src=http:\/\/extra.inmontanis.info\/d\/59994-3\/DSC01339.jpg \/><\/a><br \/>\n^ Skigebiet Andermatt<\/p>\n<p><a href='http:\/\/extra.inmontanis.info\/d\/59999-2\/DSC01343.jpg'><img src=http:\/\/extra.inmontanis.info\/d\/59998-3\/DSC01343.jpg \/><\/a><br \/>\n^ Susten-Pass<\/p>\n<p><a href='http:\/\/extra.inmontanis.info\/d\/60003-2\/DSC01344.jpg'><img src=http:\/\/extra.inmontanis.info\/d\/60002-3\/DSC01344.jpg \/><\/a><br \/>\n^ Susten-Pass<\/p>\n<p><a href='http:\/\/extra.inmontanis.info\/d\/60007-2\/DSC01351.jpg'><img src=http:\/\/extra.inmontanis.info\/d\/60006-3\/DSC01351.jpg \/><\/a><br \/>\n^ Susten-Pass<\/p>\n<p><a href='http:\/\/extra.inmontanis.info\/d\/60011-2\/DSC01356.jpg'><img src=http:\/\/extra.inmontanis.info\/d\/60010-3\/DSC01356.jpg \/><\/a><br \/>\n^ Susten-Pass, generell gab&#8217;s gestern\/heute sehr viele Baustellen.<\/p>\n<p><a href='http:\/\/extra.inmontanis.info\/d\/60015-2\/DSC01357.jpg'><img src=http:\/\/extra.inmontanis.info\/d\/60014-3\/DSC01357.jpg \/><\/a><br \/>\n^ Susten-Pass, Scheiteltunnel<\/p>\n<p><a href='http:\/\/extra.inmontanis.info\/d\/60019-2\/DSC01362.jpg'><img src=http:\/\/extra.inmontanis.info\/d\/60018-3\/DSC01362.jpg \/><\/a><br \/>\n^ Susten-Pass<\/p>\n<p><a href='http:\/\/extra.inmontanis.info\/d\/60023-2\/DSC01365.jpg'><img src=http:\/\/extra.inmontanis.info\/d\/60022-3\/DSC01365.jpg \/><\/a><br \/>\n^ Susten-Pass<\/p>\n<p><a href='http:\/\/extra.inmontanis.info\/d\/60027-2\/DSC01368.jpg'><img src=http:\/\/extra.inmontanis.info\/d\/60026-3\/DSC01368.jpg \/><\/a><br \/>\n^ Grimsel-Pass<\/p>\n<p><a href='http:\/\/extra.inmontanis.info\/d\/60031-2\/DSC01369.jpg'><img src=http:\/\/extra.inmontanis.info\/d\/60030-3\/DSC01369.jpg \/><\/a><br \/>\n^ Grimsel-Pass<\/p>\n<p><a href='http:\/\/extra.inmontanis.info\/d\/60035-2\/DSC01371.jpg'><img src=http:\/\/extra.inmontanis.info\/d\/60034-3\/DSC01371.jpg \/><\/a><br \/>\n^ Grimsel-Pass \/ Staumauer<\/p>\n<p><a href='http:\/\/extra.inmontanis.info\/d\/60039-2\/DSC01372.jpg'><img src=http:\/\/extra.inmontanis.info\/d\/60038-3\/DSC01372.jpg \/><\/a><br \/>\n^ Grimsel-Pass \/ Stausee<\/p>\n<p><a href='http:\/\/extra.inmontanis.info\/d\/60043-2\/DSC01373.jpg'><img src=http:\/\/extra.inmontanis.info\/d\/60042-3\/DSC01373.jpg \/><\/a><br \/>\n^ Grimsel-Pass<\/p>\n<p><a href='http:\/\/extra.inmontanis.info\/d\/60047-2\/DSC01375.jpg'><img src=http:\/\/extra.inmontanis.info\/d\/60046-3\/DSC01375.jpg \/><\/a><br \/>\n^ Grimsel-Pass<\/p>\n<p><a href='http:\/\/extra.inmontanis.info\/d\/60051-2\/DSC01378.jpg'><img src=http:\/\/extra.inmontanis.info\/d\/60050-3\/DSC01378.jpg \/><\/a><br \/>\n^ Grimsel-Pass \/ Hospiz \/ Stausee<\/p>\n<p><a href='http:\/\/extra.inmontanis.info\/d\/60055-2\/DSC01380.jpg'><img src=http:\/\/extra.inmontanis.info\/d\/60054-3\/DSC01380.jpg \/><\/a><br \/>\n^ Grimsel-Pass<\/p>\n<p><a href='http:\/\/extra.inmontanis.info\/d\/60059-2\/DSC01381.jpg'><img src=http:\/\/extra.inmontanis.info\/d\/60058-3\/DSC01381.jpg \/><\/a><br \/>\n^ Grimsel-Pass \/ Staumauer<\/p>\n<p><a href='http:\/\/extra.inmontanis.info\/d\/60063-2\/DSC01383.jpg'><img src=http:\/\/extra.inmontanis.info\/d\/60062-3\/DSC01383.jpg \/><\/a><br \/>\n^ Grimsel-Pass \/ Stausee<\/p>\n<p><a href='http:\/\/extra.inmontanis.info\/d\/60067-2\/DSC01386.jpg'><img src=http:\/\/extra.inmontanis.info\/d\/60066-3\/DSC01386.jpg \/><\/a><br \/>\n^ Grimsel-Pass \/ Hospiz \/ Stausee<\/p>\n<p><a href='http:\/\/extra.inmontanis.info\/d\/60071-2\/DSC01388.jpg'><img src=http:\/\/extra.inmontanis.info\/d\/60070-3\/DSC01388.jpg \/><\/a><br \/>\n^ Grimsel-Pass<\/p>\n<p><a href='http:\/\/extra.inmontanis.info\/d\/60075-2\/DSC01389.jpg'><img src=http:\/\/extra.inmontanis.info\/d\/60074-3\/DSC01389.jpg \/><\/a><br \/>\n^ Grimsel-Pass mit Blick zum Furka-Pass<\/p>\n<p><a href='http:\/\/extra.inmontanis.info\/d\/60079-2\/DSC01392.jpg'><img src=http:\/\/extra.inmontanis.info\/d\/60078-3\/DSC01392.jpg \/><\/a><br \/>\n^ Nufenen-Pass<\/p>\n<p><a href='http:\/\/extra.inmontanis.info\/d\/60083-2\/DSC01394.jpg'><img src=http:\/\/extra.inmontanis.info\/d\/60082-3\/DSC01394.jpg \/><\/a><br \/>\n^ Nufenen-Pass<\/p>\n<p><a href='http:\/\/extra.inmontanis.info\/d\/60087-2\/DSC01395.jpg'><img src=http:\/\/extra.inmontanis.info\/d\/60086-3\/DSC01395.jpg \/><\/a><br \/>\n^ Nufenen-Pass<\/p>\n<p><a href='http:\/\/extra.inmontanis.info\/d\/60091-2\/DSC01399.jpg'><img src=http:\/\/extra.inmontanis.info\/d\/60090-3\/DSC01399.jpg \/><\/a><br \/>\n^ Gotthard-Pass \/ Alte Stra\u00dfe<\/p>\n<p><a href='http:\/\/extra.inmontanis.info\/d\/60095-2\/DSC01402.jpg'><img src=http:\/\/extra.inmontanis.info\/d\/60094-3\/DSC01402.jpg \/><\/a><br \/>\n^ Gotthard-Pass \/ Alte Stra\u00dfe (Tremola)<\/p>\n<p><a href='http:\/\/extra.inmontanis.info\/d\/60099-2\/DSC01404.jpg'><img src=http:\/\/extra.inmontanis.info\/d\/60098-3\/DSC01404.jpg \/><\/a><br \/>\n^ Gotthard-Pass \/ Alte Stra\u00dfe (Tremola)<\/p>\n<p><a href='http:\/\/extra.inmontanis.info\/d\/60103-2\/DSC01406.jpg'><img src=http:\/\/extra.inmontanis.info\/d\/60102-3\/DSC01406.jpg \/><\/a><br \/>\n^ Gotthard-Pass \/ Alte Stra\u00dfe (Tremola)<\/p>\n<p><a href='http:\/\/extra.inmontanis.info\/d\/60107-2\/DSC01407.jpg'><img src=http:\/\/extra.inmontanis.info\/d\/60106-3\/DSC01407.jpg \/><\/a><br \/>\n^ Gotthard-Pass \/ Alte Stra\u00dfe (Tremola)<\/p>\n<p><a href='http:\/\/extra.inmontanis.info\/d\/60111-2\/DSC01409.jpg'><img src=http:\/\/extra.inmontanis.info\/d\/60110-3\/DSC01409.jpg \/><\/a><br \/>\n^ Gotthard-Pass \/ Alte Stra\u00dfe (Tremola)<\/p>\n<p><a href='http:\/\/extra.inmontanis.info\/d\/60115-2\/DSC01411.jpg'><img src=http:\/\/extra.inmontanis.info\/d\/60114-3\/DSC01411.jpg \/><\/a><br \/>\n^ Gotthard-Pass \/ Alte Stra\u00dfe<\/p>\n<p><a href='http:\/\/extra.inmontanis.info\/d\/60119-2\/DSC01412.jpg'><img src=http:\/\/extra.inmontanis.info\/d\/60118-3\/DSC01412.jpg \/><\/a><br \/>\n^ Gotthard-Pass \/ Alte Stra\u00dfe<\/p>\n<p><a href='http:\/\/extra.inmontanis.info\/d\/60123-2\/DSC01413.jpg'><img src=http:\/\/extra.inmontanis.info\/d\/60122-3\/DSC01413.jpg \/><\/a><br \/>\n^ Gotthard-Pass \/ Alte Stra\u00dfe<\/p>\n<p><a href='http:\/\/extra.inmontanis.info\/d\/60127-2\/DSC01414.jpg'><img src=http:\/\/extra.inmontanis.info\/d\/60126-3\/DSC01414.jpg \/><\/a><br \/>\n^ Gotthard-Pass<\/p>\n<p><a href='http:\/\/extra.inmontanis.info\/d\/60131-2\/DSC01415.jpg'><img src=http:\/\/extra.inmontanis.info\/d\/60130-3\/DSC01415.jpg \/><\/a><br \/>\n^ .. muss extrem unhandlich zu fahren sein, dieses riesige Wohnmobil ..<\/p>\n<p><a href='http:\/\/extra.inmontanis.info\/d\/60135-2\/DSC01416.jpg'><img src=http:\/\/extra.inmontanis.info\/d\/60134-3\/DSC01416.jpg \/><\/a><br \/>\n^ Gotthard-Pass<\/p>\n<p><a href='http:\/\/extra.inmontanis.info\/d\/60139-2\/DSC01417.jpg'><img src=http:\/\/extra.inmontanis.info\/d\/60138-3\/DSC01417.jpg \/><\/a><br \/>\n^ Gotthard-Pass \/ Alte Stra\u00dfe (Tremola)<\/p>\n<p><a href='http:\/\/extra.inmontanis.info\/d\/60143-2\/DSC01419.jpg'><img src=http:\/\/extra.inmontanis.info\/d\/60142-3\/DSC01419.jpg \/><\/a><br \/>\n^ .. so eine lange Stra\u00dfe zu pflastern, muss gef\u00fchlt auch eine ewige Arbeit sein ..<\/p>\n<p><a href='http:\/\/extra.inmontanis.info\/d\/60147-2\/DSC01420.jpg'><img src=http:\/\/extra.inmontanis.info\/d\/60146-3\/DSC01420.jpg \/><\/a><br \/>\n^ Gotthard-Pass \/ Alte-Neue Stra\u00dfe<\/p>\n<p><a href='http:\/\/extra.inmontanis.info\/d\/60151-2\/DSC01422.jpg'><img src=http:\/\/extra.inmontanis.info\/d\/60150-3\/DSC01422.jpg \/><\/a><br \/>\n^ San Bernardino Pass<\/p>\n<p><a href='http:\/\/extra.inmontanis.info\/d\/60155-2\/DSC01425.jpg'><img src=http:\/\/extra.inmontanis.info\/d\/60154-3\/DSC01425.jpg \/><\/a><br \/>\n^ San Bernardino Pass<\/p>\n<p><a href='http:\/\/extra.inmontanis.info\/d\/60159-2\/DSC01427.jpg'><img src=http:\/\/extra.inmontanis.info\/d\/60158-3\/DSC01427.jpg \/><\/a><br \/>\n^ San Bernardino Pass<\/p>\n<p><a href='http:\/\/extra.inmontanis.info\/d\/60163-2\/DSC01429.jpg'><img src=http:\/\/extra.inmontanis.info\/d\/60162-3\/DSC01429.jpg \/><\/a><br \/>\n^ San Bernardino Pass<\/p>\n<p><a href='http:\/\/extra.inmontanis.info\/d\/60167-2\/DSC01435.jpg'><img src=http:\/\/extra.inmontanis.info\/d\/60166-3\/DSC01435.jpg \/><\/a><br \/>\n^ Albula-Pass<\/p>\n<p><a href='http:\/\/extra.inmontanis.info\/d\/60171-2\/DSC01436.jpg'><img src=http:\/\/extra.inmontanis.info\/d\/60170-3\/DSC01436.jpg \/><\/a><br \/>\n^ Albula-Pass<\/p>\n<p><a href='http:\/\/extra.inmontanis.info\/d\/60175-2\/DSC01437.jpg'><img src=http:\/\/extra.inmontanis.info\/d\/60174-3\/DSC01437.jpg \/><\/a><br \/>\n^ Albula-Pass<\/p>\n<p><a href='http:\/\/extra.inmontanis.info\/d\/60179-2\/DSC01438.jpg'><img src=http:\/\/extra.inmontanis.info\/d\/60178-3\/DSC01438.jpg \/><\/a><br \/>\n^ Albula-Pass<\/p>\n<p><a href='http:\/\/extra.inmontanis.info\/d\/60183-2\/DSC01440.jpg'><img src=http:\/\/extra.inmontanis.info\/d\/60182-3\/DSC01440.jpg \/><\/a><br \/>\n^ Albula-Pass<\/p>\n<p>Fazit: Naja, eine eher sinnlose Aktion gewesen, auch wenn einige P\u00e4sse schon recht nett waren.<\/p>\n","protected":false},"excerpt":{"rendered":"<p>Fr, 11.9.2020<\/p>\n<p>Ich hatte mir letztes WE schon vorgenommen, mal f\u00fcr ne Nacht wegzufahren. Ich checkte die Coronama\u00dfnahmensituation &#8211; in IT muss man wohl was ausdrucken und bei Einreise mitf\u00fchren, dazu weitreichende Maskenpflicht und hunderte andere Regeln, ach, keine Lust, dann halt nach CH? Da war&#8217;s letztes WE auch nicht so sonnig gemeldet. Aber bevor <a href=\"http:\/\/blog.inmontanis.info\/?p=6338\">[&#8230;]<\/a><\/p>\n","protected":false},"author":1,"featured_media":0,"comment_status":"closed","ping_status":"closed","sticky":false,"template":"","format":"standard","meta":{"footnotes":""},"categories":[25,14],"tags":[45],"class_list":["post-6338","post","type-post","status-publish","format-standard","hentry","category-noreport","category-swiss","tag-see","odd"],"_links":{"self":[{"href":"http:\/\/blog.inmontanis.info\/index.php?rest_route=\/wp\/v2\/posts\/6338","targetHints":{"allow":["GET"]}}],"collection":[{"href":"http:\/\/blog.inmontanis.info\/index.php?rest_route=\/wp\/v2\/posts"}],"about":[{"href":"http:\/\/blog.inmontanis.info\/index.php?rest_route=\/wp\/v2\/types\/post"}],"author":[{"embeddable":true,"href":"http:\/\/blog.inmontanis.info\/index.php?rest_route=\/wp\/v2\/users\/1"}],"replies":[{"embeddable":true,"href":"http:\/\/blog.inmontanis.info\/index.php?rest_route=%2Fwp%2Fv2%2Fcomments&post=6338"}],"version-history":[{"count":5,"href":"http:\/\/blog.inmontanis.info\/index.php?rest_route=\/wp\/v2\/posts\/6338\/revisions"}],"predecessor-version":[{"id":6343,"href":"http:\/\/blog.inmontanis.info\/index.php?rest_route=\/wp\/v2\/posts\/6338\/revisions\/6343"}],"wp:attachment":[{"href":"http:\/\/blog.inmontanis.info\/index.php?rest_route=%2Fwp%2Fv2%2Fmedia&parent=6338"}],"wp:term":[{"taxonomy":"category","embeddable":true,"href":"http:\/\/blog.inmontanis.info\/index.php?rest_route=%2Fwp%2Fv2%2Fcategories&post=6338"},{"taxonomy":"post_tag","embeddable":true,"href":"http:\/\/blog.inmontanis.info\/index.php?rest_route=%2Fwp%2Fv2%2Ftags&post=6338"}],"curies":[{"name":"wp","href":"https:\/\/api.w.org\/{rel}","templated":true}]}}