{"id":6334,"date":"2020-09-11T20:39:43","date_gmt":"2020-09-11T18:39:43","guid":{"rendered":"http:\/\/blog.inmontanis.info\/?p=6334"},"modified":"2023-07-01T20:57:36","modified_gmt":"2023-07-01T18:57:36","slug":"hintertuxer-gletscher-11-13-9-2020","status":"publish","type":"post","link":"http:\/\/blog.inmontanis.info\/?p=6334","title":{"rendered":"Hintertuxer Gletscher, 11.+13.9.2020"},"content":{"rendered":"<p><strong>Fr, 11.9.2020<\/strong><\/p>\n<p>Die GW war morgens sehr hart bis eisig (insb. richtung Olperer, nix f\u00fcr Bremser, Augen zu und durch, \u00fcbrigens nur 1 GW-SL offen), Olperer wieder tiefe Furchen der Trainierer und etwas Wartezeiten, TFH-Abfahrt um 10:30 unten weich, im langen Flachst\u00fcck mittlerweile gro\u00dfe Gletschereisfl\u00e4chen, wir sind jetzt wohl so ziemlich am Schnee-Tiefststand dieses Sommers, wobei es die n\u00e4chsten Tage ja noch warm bleiben soll und kaum\/kein Schnee in Sicht ist.<\/p>\n<p>Aber die N\u00e4chte sind k\u00fcrzer, die Sonne tiefer, viel taut jetzt nicht mehr, so lang es nicht regnet. Wenig spa\u00dfig heute, daher mittags wieder aufgeh\u00f6rt.<\/p>\n<p>(Fotos anklicken zum Vergr\u00f6\u00dfern)<\/p>\n<p><a href='http:\/\/ski.inmontanis.info\/d\/281998-2\/DSC01303_002.jpg'><img src=http:\/\/ski.inmontanis.info\/d\/281997-3\/DSC01303_002.jpg \/><\/a><br \/>\n^ TFH-Hang<\/p>\n<p><a href='http:\/\/ski.inmontanis.info\/d\/282002-2\/DSC01305_001.jpg'><img src=http:\/\/ski.inmontanis.info\/d\/282001-3\/DSC01305_001.jpg \/><\/a><br \/>\n^ ZwiDeGo<\/p>\n<p><a href='http:\/\/ski.inmontanis.info\/d\/282006-2\/DSC01308.jpg'><img src=http:\/\/ski.inmontanis.info\/d\/282005-3\/DSC01308.jpg \/><\/a><br \/>\n^ Wg. Schneemangel kaum noch Rennkurse am linken GW-Trainingshang<\/p>\n<p><a href='http:\/\/ski.inmontanis.info\/d\/282010-2\/DSC01310.jpg'><img src=http:\/\/ski.inmontanis.info\/d\/282009-3\/DSC01310.jpg \/><\/a><br \/>\n^ Am Olperer ists voller<\/p>\n<p><strong>So, 13.9.2020<\/strong><\/p>\n<p>Am heutigen wohl 100. Skitag der Saison nahm ich mal wieder andere Ski mit, meine langen Carpani, in der Hoffnung, die w\u00fcrden die unruhigen Pisten am Olperer besser wegstecken.<\/p>\n<p>Die erste Abfahrt von der 10EUB zur DSB war sommerlich-westalpenm\u00e4\u00dfig hart und griffig, das bedeutet normalerweise ein sch\u00f6nes Auffirnen im Laufe des Tages. F\u00fcr die GW-Abfahrt zum Olperer galt das nat\u00fcrlich nicht mehr, so einen eisigen, steilen, ungem\u00fctlichen Hang gibt&#8217;s (im Sp\u00e4tsommer\/Fr\u00fchherbst) nur in Hintertux.<\/p>\n<p>Am Olperer war&#8217;s tw. noch etwas h\u00e4rter als am Freitag zu der Uhrzeit, die tw. tiefen Furchen st\u00f6rten mit diesen Ski nicht, daf\u00fcr pappt es etwas schneller, blieb aber noch unproblematisch heute, auch die Talstation war ohne Schieben zu erreichen. Lie\u00df sich gut bis zum Schluss fahren, insb. der linke Trainingshang nach 12 Uhr, daher bin ich mal wieder etwas l\u00e4nger geblieben und nicht schon gegen Mittag runter wie die letzten Male.<\/p>\n<p>Kaum ist der Funpark ge\u00f6ffnet, wird man immer wieder mit Raucher und Kiffer im Olperer-SL und an dessen Liftstationen konfrontiert, da zieht man die &#8220;Maske&#8221; auch mal freiwillig dr\u00fcber :-(<\/p>\n<p>Da die DSB-Abfahrt nachmittags noch gut ging und auch die Sonne noch schien, fuhr ich noch ein paar mal die DSB. Die \u00e4u\u00dferen GW-Abfahrten sind auch wieder l\u00e4nger offen, kurz vor 15 Uhr bin ich gefahren, da ging&#8217;s ganz gut, und: die &#8220;Rennkurven&#8221; waren schon wieder fast weg, weil der Schnee in sich zusammenf\u00e4llt nachmittags. Noch ein Grund eigentlich, nicht zu fr\u00fch im Sommer zu pr\u00e4parieren&#8230;<\/p>\n<p>Abgesehen vom eisig-ruppigen Zwischenst\u00fcck war auch der TFH-Hang nachmittags nicht (mehr) so stark aufgefahren, also fuhr ich nochmals rauf. Hin und wieder geht&#8217;s nachmittags einfach besser als vormittags. Und leerer ist&#8217;s sowieso. Vielleicht h\u00e4tte ich generell die letzten WE lieber nachmittags statt vormittags fahren sollen? Na gut, meist war&#8217;s nachmittags auch nicht mehr so sonnig ..<\/p>\n<p>Um 15:40 eine letzte Bergfahrt, ausnahmsweise mal mit dem GB3. Nach etlichen mauen Tagen war heute mal wieder ein guter Skitag.<\/p>\n<p><a href='http:\/\/ski.inmontanis.info\/d\/282014-2\/DSC01444.jpg'><img src=http:\/\/ski.inmontanis.info\/d\/282013-3\/DSC01444.jpg \/><\/a><br \/>\n^ Blick zum Kasererbereich von der DSB-Talstation, die Matten scheinen auf den Wegen noch zu liegen.<\/p>\n<p><a href='http:\/\/ski.inmontanis.info\/d\/282022-2\/DSC01449.jpg'><img src=http:\/\/ski.inmontanis.info\/d\/282021-3\/DSC01449.jpg \/><\/a><br \/>\n^ DSB-Abfahrt<\/p>\n<p><a href='http:\/\/ski.inmontanis.info\/d\/282018-2\/DSC01450.jpg'><img src=http:\/\/ski.inmontanis.info\/d\/282017-3\/DSC01450.jpg \/><\/a><br \/>\n^ Gletscherlifte<\/p>\n<p><a href='http:\/\/ski.inmontanis.info\/d\/282026-2\/DSC01451.jpg'><img src=http:\/\/ski.inmontanis.info\/d\/282025-3\/DSC01451.jpg \/><\/a><br \/>\n^ DSB talw\u00e4rts fotografiert<\/p>\n<p><a href='http:\/\/ski.inmontanis.info\/d\/282030-2\/DSC01453.jpg'><img src=http:\/\/ski.inmontanis.info\/d\/282029-3\/DSC01453.jpg \/><\/a><br \/>\n^ Wassergraben am linken O-SL<\/p>\n<p><a href='http:\/\/ski.inmontanis.info\/d\/282034-2\/DSC01455.jpg'><img src=http:\/\/ski.inmontanis.info\/d\/282033-3\/DSC01455.jpg \/><\/a><br \/>\n^ GW von Olperer<\/p>\n<p><a href='http:\/\/ski.inmontanis.info\/d\/282038-2\/DSC01456.jpg'><img src=http:\/\/ski.inmontanis.info\/d\/282037-3\/DSC01456.jpg \/><\/a><br \/>\n^ Olperer von GW<\/p>\n<p><a href='http:\/\/ski.inmontanis.info\/d\/282042-2\/DSC01458.jpg'><img src=http:\/\/ski.inmontanis.info\/d\/282041-3\/DSC01458.jpg \/><\/a><br \/>\n^ GB 3<\/p>\n<p><a href='http:\/\/ski.inmontanis.info\/d\/282046-2\/DSC01464.jpg'><img src=http:\/\/ski.inmontanis.info\/d\/282045-3\/DSC01464.jpg \/><\/a><br \/>\n^ An der DSB-Gletscherst\u00fctze sind seit einiger Zeit ein paar Matten verweht, heut sieht man sch\u00f6n den Farbunterschied des Schnees<\/p>\n<p><a href='http:\/\/ski.inmontanis.info\/d\/282050-2\/DSC01465.jpg'><img src=http:\/\/ski.inmontanis.info\/d\/282049-3\/DSC01465.jpg \/><\/a><br \/>\n^ Die 3 auch nachmittags zum Skifahren ge\u00f6ffneten Seilbahnen<\/p>\n<p><a href='http:\/\/ski.inmontanis.info\/d\/282054-2\/DSC01469.jpg'><img src=http:\/\/ski.inmontanis.info\/d\/282053-3\/DSC01469.jpg \/><\/a><br \/>\n^ GW-SL um 14:50 Uhr, Piste links fertig pr\u00e4pariert, nun kommt die rechte Seite dran<\/p>\n<p><a href='http:\/\/ski.inmontanis.info\/d\/282058-2\/DSC01470.jpg'><img src=http:\/\/ski.inmontanis.info\/d\/282057-3\/DSC01470.jpg \/><\/a><br \/>\n^ TFH-Abfahrt auch um 15 Uhr noch relativ gut heute<\/p>\n<p><a href='http:\/\/ski.inmontanis.info\/d\/282062-2\/DSC01472.jpg'><img src=http:\/\/ski.inmontanis.info\/d\/282061-3\/DSC01472.jpg \/><\/a><br \/>\n^ DSB-Abfahrt um 15 Uhr<\/p>\n<p><a href='http:\/\/ski.inmontanis.info\/d\/282066-2\/DSC01474.jpg'><img src=http:\/\/ski.inmontanis.info\/d\/282065-3\/DSC01474.jpg \/><\/a><br \/>\n^ Liegt heut mal wieder Sahara in der Luft? Weils im S\u00fcden die ganze Zeit schon so diesig-gelb ist..<\/p>\n<p><a href='http:\/\/ski.inmontanis.info\/d\/282070-2\/DSC01475_001.jpg'><img src=http:\/\/ski.inmontanis.info\/d\/282069-3\/DSC01475_001.jpg \/><\/a><br \/>\n^ TFH-Abfahrt Mittelteil .. bzw. daneben ;-)<\/p>\n","protected":false},"excerpt":{"rendered":"<p>Fr, 11.9.2020<\/p>\n<p>Die GW war morgens sehr hart bis eisig (insb. richtung Olperer, nix f\u00fcr Bremser, Augen zu und durch, \u00fcbrigens nur 1 GW-SL offen), Olperer wieder tiefe Furchen der Trainierer und etwas Wartezeiten, TFH-Abfahrt um 10:30 unten weich, im langen Flachst\u00fcck mittlerweile gro\u00dfe Gletschereisfl\u00e4chen, wir sind jetzt wohl so ziemlich am Schnee-Tiefststand dieses Sommers, <a href=\"http:\/\/blog.inmontanis.info\/?p=6334\">[&#8230;]<\/a><\/p>\n","protected":false},"author":1,"featured_media":0,"comment_status":"closed","ping_status":"closed","sticky":false,"template":"","format":"standard","meta":{"footnotes":""},"categories":[246,25,13,28],"tags":[38,47],"class_list":["post-6334","post","type-post","status-publish","format-standard","hentry","category-hintertux","category-noreport","category-austria","category-skifahren-sommer","tag-dsb","tag-sl","odd"],"_links":{"self":[{"href":"http:\/\/blog.inmontanis.info\/index.php?rest_route=\/wp\/v2\/posts\/6334","targetHints":{"allow":["GET"]}}],"collection":[{"href":"http:\/\/blog.inmontanis.info\/index.php?rest_route=\/wp\/v2\/posts"}],"about":[{"href":"http:\/\/blog.inmontanis.info\/index.php?rest_route=\/wp\/v2\/types\/post"}],"author":[{"embeddable":true,"href":"http:\/\/blog.inmontanis.info\/index.php?rest_route=\/wp\/v2\/users\/1"}],"replies":[{"embeddable":true,"href":"http:\/\/blog.inmontanis.info\/index.php?rest_route=%2Fwp%2Fv2%2Fcomments&post=6334"}],"version-history":[{"count":3,"href":"http:\/\/blog.inmontanis.info\/index.php?rest_route=\/wp\/v2\/posts\/6334\/revisions"}],"predecessor-version":[{"id":6337,"href":"http:\/\/blog.inmontanis.info\/index.php?rest_route=\/wp\/v2\/posts\/6334\/revisions\/6337"}],"wp:attachment":[{"href":"http:\/\/blog.inmontanis.info\/index.php?rest_route=%2Fwp%2Fv2%2Fmedia&parent=6334"}],"wp:term":[{"taxonomy":"category","embeddable":true,"href":"http:\/\/blog.inmontanis.info\/index.php?rest_route=%2Fwp%2Fv2%2Fcategories&post=6334"},{"taxonomy":"post_tag","embeddable":true,"href":"http:\/\/blog.inmontanis.info\/index.php?rest_route=%2Fwp%2Fv2%2Ftags&post=6334"}],"curies":[{"name":"wp","href":"https:\/\/api.w.org\/{rel}","templated":true}]}}