{"id":6331,"date":"2020-09-05T18:15:56","date_gmt":"2020-09-05T16:15:56","guid":{"rendered":"http:\/\/blog.inmontanis.info\/?p=6331"},"modified":"2023-07-01T20:57:42","modified_gmt":"2023-07-01T18:57:42","slug":"hintertuxer-gletscher-4-5-9-2020","status":"publish","type":"post","link":"http:\/\/blog.inmontanis.info\/?p=6331","title":{"rendered":"Hintertuxer Gletscher, 4.+5.9.2020"},"content":{"rendered":"<p><strong>Fr, 4.9.2020<\/strong><\/p>\n<p>Letztes WE lie\u00df ich aus, da schlechtes Wetter mit Regen und Schneefall und viel Sturm gemeldet war und mir zum Einfach-mal-hinfahren und Testen die Fahrerei durch&#8217;s Zillertal zu nervig war. <\/p>\n<p>Glaub heute war eh der erste richtige sonnige Tag seit letztem WE, wie passend, dass ich heute meinen ersten dienstfreien Freitag hab :)<\/p>\n<p>Verkehrstechnisch ist die Fahrt durchs Zillertal an einem Freitag noch unangenehmer als am WE, kommen doch zu den Schl\u00e4fern noch zahlreiche LKW dazu, die noch dazu auch ins Tuxertal rauf wollen (die meisten Urlauber biegen ja eher Schlegeis ab), so dass ich mal nichts zur Navi-berechneten Zeit gut machen konnte und ca. 9 Uhr am Parkplatz war.<\/p>\n<p>Mittlerweile ist wieder mehr los, es fuhren sogar wieder alle 4 SL und die Trainingsbereiche waren voll, hab heute aber nur Italiener  geh\u00f6rt.<\/p>\n<p>Die GW-Abfahrt richtung Olperer war vormittags herbstlich vereist, die Pisten am Olperer bereits tief verfurcht durch Trainingsgruppen und noch dazu pappig, die TFH-Abfahrt war noch hart und ging gut zu fahren, zumindest bis ca. Mittag, so dass ich gegen 12:30 wieder runter fuhr. Nein, das war heute nicht so toll.<\/p>\n<p>(Fotos anklicken zum Vergr\u00f6\u00dfern)<\/p>\n<p><a href='http:\/\/ski.inmontanis.info\/d\/281942-2\/DSC01263_001.jpg'><img src=http:\/\/ski.inmontanis.info\/d\/281941-3\/DSC01263_001.jpg \/><\/a><br \/>\n^ Update in der Tiefgarage: Anzeige freier\/besetzter Stellpl\u00e4tze. Ausfahrseitig wird auch die Schranke erneuert, na hoffentlich wird das alte Parkhaus an der Gondel nicht kostenpflichtig, wenn dann das neue fertig ist?!<\/p>\n<p><a href='http:\/\/ski.inmontanis.info\/d\/281946-2\/DSC01266.jpg'><img src=http:\/\/ski.inmontanis.info\/d\/281945-3\/DSC01266.jpg \/><\/a><br \/>\n^ TFH-Hang Matten entfernt<\/p>\n<p><a href='http:\/\/ski.inmontanis.info\/d\/281950-2\/DSC01267_001.jpg'><img src=http:\/\/ski.inmontanis.info\/d\/281949-3\/DSC01267_001.jpg \/><\/a><br \/>\n^ Alle 4 SL in Betrieb (keine Wartezeiten)<\/p>\n<p><a href='http:\/\/ski.inmontanis.info\/d\/281954-2\/DSC01270.jpg'><img src=http:\/\/ski.inmontanis.info\/d\/281953-3\/DSC01270.jpg \/><\/a><br \/>\n^ GW-SL, Trainingsh\u00e4nge waren voll<\/p>\n<p><a href='http:\/\/ski.inmontanis.info\/d\/281958-2\/DSC01274_001.jpg'><img src=http:\/\/ski.inmontanis.info\/d\/281957-3\/DSC01274_001.jpg \/><\/a><br \/>\n^ Olperer-GW; die Rinne an der GW blieb den heurigen Sommer \u00fcber schneebedeckt.<\/p>\n<p><strong>Sa, 5.9.2020<\/strong><\/p>\n<p>Da ich nicht zeitig genug ins Bett kam, war ich erst zwischen 9 und 9:30 an der Talstation. Ein bisschen \u00e4rgere ich mich ja mittlerweile schon, die lange Saisonkarte gekauft zu haben, diese Fahrerei durch&#8217;s Zillertal kostet viel Nerven, dazu die Maskensituation in den Gondeln, die nervigen Rennkids und die jetzt bald zu erwartenden, immer gr\u00f6\u00dferen Wartezeiten&#8230; ich glaub, Mitte Oktober &#8211; Mitte November werd ich nur noch ab 13 Uhr oder an Schlechtwettertagen fahren&#8230; Au\u00dfer die Grenzen nach IT und\/oder DE w\u00e4ren zu. Das w\u00e4re nat\u00fcrlich genial f\u00fcr mich ;)<\/p>\n<p>Am Olperer ging&#8217;s bis ca. 11 Uhr besser als gestern, danach auch hier etwas pappig. Aber wieder die nervig tiefen Furchen der Renngruppen, die auf den Pisten trainieren m\u00fcssen. TFH-Abfahrt dagegen schlechter als gestern, um 12 Uhr wurde wieder der zweite GW-SL eingestellt (obwohl noch fast alle Rennkurse gesteckt waren und ja zw. 12 und 13 Uhr viele Olperer-R\u00fcckkehrer kommen), daher um 12:10 wieder runtergefahren, bevor wieder alle runterwollen. In eine Kabine mit Rennkids, die auch keine Lust auf Maskentragen hatten, da hab ich auch kein Problem zu stehen. Sitz eh den ganzen Nachmittag daheim. Und morgen. <\/p>\n<p><a href='http:\/\/ski.inmontanis.info\/d\/281962-2\/DSC01283.jpg'><img src=http:\/\/ski.inmontanis.info\/d\/281961-3\/DSC01283.jpg \/><\/a><br \/>\n^ Zoom linker Kaserer-SL<\/p>\n<p><a href='http:\/\/ski.inmontanis.info\/d\/281966-2\/DSC01284.jpg'><img src=http:\/\/ski.inmontanis.info\/d\/281965-3\/DSC01284.jpg \/><\/a><br \/>\n^ Zoom Felsen rechter Kaserer-SL<\/p>\n<p><a href='http:\/\/ski.inmontanis.info\/d\/281970-2\/DSC01288.jpg'><img src=http:\/\/ski.inmontanis.info\/d\/281969-3\/DSC01288.jpg \/><\/a><br \/>\n^ Bauarbeiten L\u00e4rmstange-KSB<\/p>\n<p><a href='http:\/\/ski.inmontanis.info\/d\/281974-2\/DSC01291_001.jpg'><img src=http:\/\/ski.inmontanis.info\/d\/281973-3\/DSC01291_001.jpg \/><\/a><br \/>\n^ Traktor-Event heute, also das kapier ich auch nicht. Wenn ich mit einem Traktor irgendeine coole Bergschotterstra\u00dfe fahren wollen w\u00fcrde, g\u00e4be es da sicher genug interessantere, insb. in den Westalpen, oder?! :)<\/p>\n<p><a href='http:\/\/ski.inmontanis.info\/d\/281978-2\/DSC01293.jpg'><img src=http:\/\/ski.inmontanis.info\/d\/281977-3\/DSC01293.jpg \/><\/a><br \/>\n^ TFH<\/p>\n<p><a href='http:\/\/ski.inmontanis.info\/d\/281982-2\/DSC01296_001.jpg'><img src=http:\/\/ski.inmontanis.info\/d\/281981-3\/DSC01296_001.jpg \/><\/a><br \/>\n^ Gestern Nachmittag\/Abend gab&#8217;s hier noch ein paar Wasserl\u00e4ufe, war somit beim Queren von der 10EUB her unangenehm<\/p>\n<p><a href='http:\/\/ski.inmontanis.info\/d\/281986-2\/DSC01299_001.jpg'><img src=http:\/\/ski.inmontanis.info\/d\/281985-3\/DSC01299_001.jpg \/><\/a><br \/>\n^ Mit Gl\u00fcck hat man wenigstens am Rand eine schmale, unzerfurchte Abfahrtsm\u00f6glichkeit. Muss man halt kurzschwingen. Und wenn dabei die dort rumliegendenen Renngruppen ein bisschen Schnee abbekommen, selbst Schuld :)<\/p>\n<p><a href='http:\/\/ski.inmontanis.info\/d\/281990-2\/DSC01300_002.jpg'><img src=http:\/\/ski.inmontanis.info\/d\/281989-3\/DSC01300_002.jpg \/><\/a><br \/>\n^ Traktor-Event heute<\/p>\n<p><a href='http:\/\/ski.inmontanis.info\/d\/281994-2\/DSC01302_001.jpg'><img src=http:\/\/ski.inmontanis.info\/d\/281993-3\/DSC01302_001.jpg \/><\/a><br \/>\n^ Olperer \/ Kaserer, <\/p>\n<p>Achja, die nervigen Rennkids &#8230; mal auflisten, was mir an diesen 2 halben Tagen so alles passiert ist:<\/p>\n<p>&#8211; GW-Abb\u00fcgelstelle, steht mittig in der Spur einer ganz am Ende (also vor den St\u00f6cken) und macht keinen Mucks wegzugehen. Unweit nebendran stehen auch welche. H\u00e4tte Lust gehabt, meinen B\u00fcgel einfach loszulassen, soll er ihn f\u00fcr soviel Bl\u00f6dheit doch auf den Kopf bekommen. Bin dann m\u00f6glichst nah rangefahren und hab ihn zu Seite weggesto\u00dfen, nachdem er tats\u00e4chlich immer noch nicht beiseite ging.<\/p>\n<p>&#8211; GW-SL an der Kreuzung der Piste, macht einer seinen Schwung direkt vor mir und haut mir bis auf Bauchh\u00f6he den Schnee hin. <\/p>\n<p>&#8211; Olperer-SL an der Pistenkreuzung querte einer so nah vor mir, dass seine Skienden nur noch ca. 5cm von meinen Skispitzen entfernt waren<\/p>\n<p>&#8211; Olperer-SL Talstation, einer steht direkt am Einstieg, nimmt sich aber keinen B\u00fcgel, weil er mal wieder wartet, zus\u00e4tlich eine andere, die vor dem Einsteig innenseitig wartet, so dass sich keiner vorbeifahren traut<\/p>\n<p>&#8211; GW-SL Talstation, einiges los (weil der 2. SL bereits eingestellt), der n\u00e4chste, der dran gewesen w\u00e4re, f\u00e4hrt zum Einstieg, bleibt aber nicht stehen, sondern schiebt weiter, also bleibt der B\u00fcgel leer. Danach stell ich mich wie \u00fcblich 90\u00b0 quer hin, schaue wartend zum B\u00fcgel und merke nicht, was richtung Berg geschieht, nehme also den n\u00e4chsten B\u00fcgel, was ist, stehen paar Meter vor dem Einstieg pl\u00f6tzlich 2, die h\u00e4tten einsteigen wollen. Ja, da habt&#8217;s jetzt Pech gehabt, mussten zur Seite weg und mich durchlassen.<\/p>\n<p>&#8211; GB 2 Bergstation nachmittags, da wollten 3 italienische Rennkids eine Gondel besetzen, obwohl es eine lange Schlange bis fast zu den Drehkreuzen gab. Bin an der Schlange seitlich vorbei und rein, die Kids beschwerten sich lauthals, nach mir noch andere Skifahrer\/Border. Ganz zum Schluss huschten noch 2 Trainer rein &#8211; vielleicht war das von vornherein so geplant? Aber das kann man ja nicht wissen. <\/p>\n<p><strong>So, 6.9.2020<\/strong><\/p>\n<p>.. wetterbedingt verzichtet.<\/p>\n","protected":false},"excerpt":{"rendered":"<p>Fr, 4.9.2020<\/p>\n<p>Letztes WE lie\u00df ich aus, da schlechtes Wetter mit Regen und Schneefall und viel Sturm gemeldet war und mir zum Einfach-mal-hinfahren und Testen die Fahrerei durch&#8217;s Zillertal zu nervig war. <\/p>\n<p>Glaub heute war eh der erste richtige sonnige Tag seit letztem WE, wie passend, dass ich heute meinen ersten dienstfreien Freitag hab <a href=\"http:\/\/blog.inmontanis.info\/?p=6331\">[&#8230;]<\/a><\/p>\n","protected":false},"author":1,"featured_media":0,"comment_status":"closed","ping_status":"closed","sticky":false,"template":"","format":"standard","meta":{"footnotes":""},"categories":[246,25,13,28],"tags":[],"class_list":["post-6331","post","type-post","status-publish","format-standard","hentry","category-hintertux","category-noreport","category-austria","category-skifahren-sommer","odd"],"_links":{"self":[{"href":"http:\/\/blog.inmontanis.info\/index.php?rest_route=\/wp\/v2\/posts\/6331","targetHints":{"allow":["GET"]}}],"collection":[{"href":"http:\/\/blog.inmontanis.info\/index.php?rest_route=\/wp\/v2\/posts"}],"about":[{"href":"http:\/\/blog.inmontanis.info\/index.php?rest_route=\/wp\/v2\/types\/post"}],"author":[{"embeddable":true,"href":"http:\/\/blog.inmontanis.info\/index.php?rest_route=\/wp\/v2\/users\/1"}],"replies":[{"embeddable":true,"href":"http:\/\/blog.inmontanis.info\/index.php?rest_route=%2Fwp%2Fv2%2Fcomments&post=6331"}],"version-history":[{"count":2,"href":"http:\/\/blog.inmontanis.info\/index.php?rest_route=\/wp\/v2\/posts\/6331\/revisions"}],"predecessor-version":[{"id":6333,"href":"http:\/\/blog.inmontanis.info\/index.php?rest_route=\/wp\/v2\/posts\/6331\/revisions\/6333"}],"wp:attachment":[{"href":"http:\/\/blog.inmontanis.info\/index.php?rest_route=%2Fwp%2Fv2%2Fmedia&parent=6331"}],"wp:term":[{"taxonomy":"category","embeddable":true,"href":"http:\/\/blog.inmontanis.info\/index.php?rest_route=%2Fwp%2Fv2%2Fcategories&post=6331"},{"taxonomy":"post_tag","embeddable":true,"href":"http:\/\/blog.inmontanis.info\/index.php?rest_route=%2Fwp%2Fv2%2Ftags&post=6331"}],"curies":[{"name":"wp","href":"https:\/\/api.w.org\/{rel}","templated":true}]}}