{"id":6321,"date":"2020-08-23T16:27:04","date_gmt":"2020-08-23T14:27:04","guid":{"rendered":"http:\/\/blog.inmontanis.info\/?p=6321"},"modified":"2023-07-01T20:57:39","modified_gmt":"2023-07-01T18:57:39","slug":"hintertuxer-gletscher-22-8-2020","status":"publish","type":"post","link":"http:\/\/blog.inmontanis.info\/?p=6321","title":{"rendered":"Hintertuxer Gletscher, 22.8.2020"},"content":{"rendered":"<p><strong>Sa, 22.8.2020<\/strong><\/p>\n<p>Dieses WE sollte das Wetter ja wieder schlechter werden, aber Samstag war nun doch halbtags sonnig gemeldet. Abend, Nacht und Morgen verlief klar, so dass ich so gute Verh\u00e4ltnisse wie die letzten WE erwartete &#8211; leider vergebens. Anscheinend hatte es gestern Nachmittag oder Abend einiges geregnet, was dann trotz klarer Nacht nicht so gut gefrieren konnte.<\/p>\n<p>Entsprechend waren die Pisten leider nicht hart, sondern gro\u00dfteils eher weich und insbesondere in Kombination mit dem Sand sehr bremsend. <\/p>\n<p>Bei meiner 2. DSB-Fahrt stellte sich der neue Liftler mir in den Weg und zwang mich, eine Maske aufzusetzten, obwohl weit und breit keiner au\u00dfer mir und ihm da war. Nur beim Ein- und Austeigen meinte er, worauf ich meinte, er m\u00fcsse mir den Sessel ja nicht halten. Soll er sich doch in seine H\u00fctte einschlie\u00dfen. Danach bin ich nur noch ein paar Mal den GW-SL gefahren. <\/p>\n<p>Olperer-SL fuhr ich heute nur 4x, TFH-Abfahrt war auch anstrengend und an der Gefrorenen Wand ging es auch nicht wirklich besser, daher um 11:30 wieder aufgeh\u00f6rt.<\/p>\n<p>(Fotos anklicken zum Vergr\u00f6\u00dfern)<\/p>\n<p><a href='http:\/\/ski.inmontanis.info\/d\/281710-2\/DSC01233.jpg'><img src=http:\/\/ski.inmontanis.info\/d\/281709-3\/DSC01233.jpg \/><\/a><br \/>\n^ Wartungsarbeiten GB1<\/p>\n<p><a href='http:\/\/ski.inmontanis.info\/d\/281714-2\/DSC01234_002.jpg'><img src=http:\/\/ski.inmontanis.info\/d\/281713-3\/DSC01234_002.jpg \/><\/a><br \/>\n^ Wartungsarbeiten GB1<\/p>\n<p><a href='http:\/\/ski.inmontanis.info\/d\/281718-3\/DSC01235.jpg'><img src=http:\/\/ski.inmontanis.info\/d\/281717-4\/DSC01235.jpg \/><\/a><br \/>\n^ Wartungsarbeiten GB1<\/p>\n<p><a href='http:\/\/ski.inmontanis.info\/d\/281722-3\/DSC01236_001.jpg'><img src=http:\/\/ski.inmontanis.info\/d\/281721-4\/DSC01236_001.jpg \/><\/a><br \/>\n^ Wartungsarbeiten GB1<\/p>\n<p><a href='http:\/\/ski.inmontanis.info\/d\/281726-3\/DSC01240.jpg'><img src=http:\/\/ski.inmontanis.info\/d\/281725-4\/DSC01240.jpg \/><\/a><br \/>\n^ TFH-Abfahrt<\/p>\n<p><a href='http:\/\/ski.inmontanis.info\/d\/281730-3\/DSC01244.jpg'><img src=http:\/\/ski.inmontanis.info\/d\/281729-4\/DSC01244.jpg \/><\/a><br \/>\n^ Erster Blick auf die DSB-Abfahrt: Da hatte es wohl gestern Nachmittag noch geregnet :-(<\/p>\n<p><a href='http:\/\/ski.inmontanis.info\/d\/281738-3\/DSC01246_001.jpg'><img src=http:\/\/ski.inmontanis.info\/d\/281737-4\/DSC01246_001.jpg \/><\/a><br \/>\n^ GW-Olperer; die Trainingsh\u00e4nge werden langsam schneearm<\/p>\n<p><a href='http:\/\/ski.inmontanis.info\/d\/281734-3\/DSC01247.jpg'><img src=http:\/\/ski.inmontanis.info\/d\/281733-4\/DSC01247.jpg \/><\/a><br \/>\n^ Einige Zeit lang konnte man sch\u00f6n in die Dolomiten schauen<\/p>\n<p><a href='http:\/\/ski.inmontanis.info\/d\/281742-3\/DSC01254.jpg'><img src=http:\/\/ski.inmontanis.info\/d\/281741-4\/DSC01254.jpg \/><\/a><br \/>\n^ GW-SL, auf der alten Vermattung rechts in der Mitte liegt immer noch teilweise Altschnee<\/p>\n<p><a href='http:\/\/ski.inmontanis.info\/d\/281746-3\/DSC01255_001.jpg'><img src=http:\/\/ski.inmontanis.info\/d\/281745-4\/DSC01255_001.jpg \/><\/a><br \/>\n^ Die Matten links \u00fcber die letztes Jahr ausgeaperten Felsen haben gen\u00fctzt<\/p>\n<p><a href='http:\/\/ski.inmontanis.info\/d\/281750-3\/DSC01256_001.jpg'><img src=http:\/\/ski.inmontanis.info\/d\/281749-4\/DSC01256_001.jpg \/><\/a><br \/>\n^ Irgendwann passiert auch das jedes Jahr&#8230;<\/p>\n<p><a href='http:\/\/ski.inmontanis.info\/d\/281754-3\/DSC01259.jpg'><img src=http:\/\/ski.inmontanis.info\/d\/281753-4\/DSC01259.jpg \/><\/a><br \/>\n^ Am GW-SL sind Schneefanggitter ausgeapert<\/p>\n<p><strong>So, 23.8.2020<\/strong><\/p>\n<p>Entgegen den Wettervorhersagen war es morgens sonniger als gestern noch gemeldet; die Nacht verlief nur teilweise klar, daf\u00fcr waren die Temperaturen niedriger als gestern. Geregnet d\u00fcrfte es aber gestern Nachmittag\/Abend auch einiges haben. Lust, hin- und raufzufahren um die Verh\u00e4ltnisse zu testen, hatte ich heute aber keine.<\/p>\n","protected":false},"excerpt":{"rendered":"<p>Sa, 22.8.2020<\/p>\n<p>Dieses WE sollte das Wetter ja wieder schlechter werden, aber Samstag war nun doch halbtags sonnig gemeldet. Abend, Nacht und Morgen verlief klar, so dass ich so gute Verh\u00e4ltnisse wie die letzten WE erwartete &#8211; leider vergebens. Anscheinend hatte es gestern Nachmittag oder Abend einiges geregnet, was dann trotz klarer Nacht nicht so <a href=\"http:\/\/blog.inmontanis.info\/?p=6321\">[&#8230;]<\/a><\/p>\n","protected":false},"author":1,"featured_media":0,"comment_status":"closed","ping_status":"closed","sticky":false,"template":"","format":"standard","meta":{"footnotes":""},"categories":[246,25,13,28],"tags":[],"class_list":["post-6321","post","type-post","status-publish","format-standard","hentry","category-hintertux","category-noreport","category-austria","category-skifahren-sommer","odd"],"_links":{"self":[{"href":"http:\/\/blog.inmontanis.info\/index.php?rest_route=\/wp\/v2\/posts\/6321","targetHints":{"allow":["GET"]}}],"collection":[{"href":"http:\/\/blog.inmontanis.info\/index.php?rest_route=\/wp\/v2\/posts"}],"about":[{"href":"http:\/\/blog.inmontanis.info\/index.php?rest_route=\/wp\/v2\/types\/post"}],"author":[{"embeddable":true,"href":"http:\/\/blog.inmontanis.info\/index.php?rest_route=\/wp\/v2\/users\/1"}],"replies":[{"embeddable":true,"href":"http:\/\/blog.inmontanis.info\/index.php?rest_route=%2Fwp%2Fv2%2Fcomments&post=6321"}],"version-history":[{"count":2,"href":"http:\/\/blog.inmontanis.info\/index.php?rest_route=\/wp\/v2\/posts\/6321\/revisions"}],"predecessor-version":[{"id":6323,"href":"http:\/\/blog.inmontanis.info\/index.php?rest_route=\/wp\/v2\/posts\/6321\/revisions\/6323"}],"wp:attachment":[{"href":"http:\/\/blog.inmontanis.info\/index.php?rest_route=%2Fwp%2Fv2%2Fmedia&parent=6321"}],"wp:term":[{"taxonomy":"category","embeddable":true,"href":"http:\/\/blog.inmontanis.info\/index.php?rest_route=%2Fwp%2Fv2%2Fcategories&post=6321"},{"taxonomy":"post_tag","embeddable":true,"href":"http:\/\/blog.inmontanis.info\/index.php?rest_route=%2Fwp%2Fv2%2Ftags&post=6321"}],"curies":[{"name":"wp","href":"https:\/\/api.w.org\/{rel}","templated":true}]}}