{"id":6260,"date":"2020-08-16T17:42:14","date_gmt":"2020-08-16T15:42:14","guid":{"rendered":"http:\/\/blog.inmontanis.info\/?p=6260"},"modified":"2023-07-01T20:57:37","modified_gmt":"2023-07-01T18:57:37","slug":"hintertuxer-gletscher-15-16-8-2020","status":"publish","type":"post","link":"http:\/\/blog.inmontanis.info\/?p=6260","title":{"rendered":"Hintertuxer Gletscher, 15.+16.8.2020"},"content":{"rendered":"<p><strong>Sa, 15.8.2020<\/strong><\/p>\n<p>Der Blick auf die Webcam heute fr\u00fch war: Nebelig. Und die Nacht verlief nicht viel besser. Und gestern Abend hatte es wohl geregnet. Na das spar ich mir heute. Um 8 Uhr: Immer noch Nebel. Um 9 Uhr war der Nebel \u00fcberraschend gr\u00f6\u00dftenteils weg, nur noch eine h\u00f6here Wolkendecke, dazu ein bisschen Sonne &#8211; also musste ich halt doch hinter fahren, wer wei\u00df, wie&#8217;s morgen wird. Also schnell alles zusammengepackt und gegen 10:30 in der Tiefgarage gewesen. <\/p>\n<p>Wie erwartet war der Schnee recht weich, aber zumindest nicht zu bremsend. Um 13:10 bin ich wieder runter, da war&#8217;s leider nicht so leer und maskenfrei wie beim rauffahren.<\/p>\n<p>Wie schon letztes WE gab es an der Talstation GW-SL um die Mittagszeit Schneeverschiebeaktionen, wodurch der SL angehalten werden musste. Diesmal war&#8217;s das Liftler-Haus, das wohl nicht bis 13:30 h\u00e4tte warten k\u00f6nnen..<\/p>\n<p>(Fotos anklicken zum Vergr\u00f6\u00dfern)<\/p>\n<p><a href='http:\/\/ski.inmontanis.info\/d\/281402-2\/DSC01145_001.jpg'><img src=http:\/\/ski.inmontanis.info\/d\/281401-3\/DSC01145_001.jpg \/><\/a><br \/>\n^ Nicht jede Vermattung scheint sinnvoll zu sein ;)<\/p>\n<p><a href='http:\/\/ski.inmontanis.info\/d\/281406-2\/DSC01147.jpg'><img src=http:\/\/ski.inmontanis.info\/d\/281405-3\/DSC01147.jpg \/><\/a><br \/>\n^ Felsen vs Gletscher<\/p>\n<p><a href='http:\/\/ski.inmontanis.info\/d\/281410-2\/DSC01149_001.jpg'><img src=http:\/\/ski.inmontanis.info\/d\/281409-3\/DSC01149_001.jpg \/><\/a><br \/>\n^ Die Matten neben der 10EUB-Bergstation wurden bereits entfernt<\/p>\n<p><a href='http:\/\/ski.inmontanis.info\/d\/281414-2\/DSC01155_001.jpg'><img src=http:\/\/ski.inmontanis.info\/d\/281413-3\/DSC01155_001.jpg \/><\/a><br \/>\n^ Die oberen Matten werden entfernt &#8211; haben sich heuer auch nicht wirklich gelohnt<\/p>\n<p><a href='http:\/\/ski.inmontanis.info\/d\/281418-2\/DSC01156_001.jpg'><img src=http:\/\/ski.inmontanis.info\/d\/281417-3\/DSC01156_001.jpg \/><\/a><br \/>\n^ DSB-Ausfahrt<\/p>\n<p><a href='http:\/\/ski.inmontanis.info\/d\/281422-2\/DSC01157.jpg'><img src=http:\/\/ski.inmontanis.info\/d\/281421-3\/DSC01157.jpg \/><\/a><br \/>\n^ Regen am Abend + keine klare Nacht sorgt nat\u00fcrlich f\u00fcr matschigere Verh\u00e4ltnisse am n\u00e4chsten Tag<\/p>\n<p><a href='http:\/\/ski.inmontanis.info\/d\/281426-2\/DSC01158_001.jpg'><img src=http:\/\/ski.inmontanis.info\/d\/281425-3\/DSC01158_001.jpg \/><\/a><br \/>\n^ Matten am Halfpipe-Depot sind auch schon entfernt<\/p>\n<p><a href='http:\/\/ski.inmontanis.info\/d\/281430-2\/DSC01161.jpg'><img src=http:\/\/ski.inmontanis.info\/d\/281429-3\/DSC01161.jpg \/><\/a><br \/>\n^ TFH-Abfahrtsende<\/p>\n<p><strong>So, 16.8.2020<\/strong><\/p>\n<p>Je nachdem, ob es die n\u00e4chsten WE eher regnet oder schneit, k\u00f6nnte es heute schon das letzte sonnige WE mit aperen Gletscher sein, daher hab ich mal das Zoom-Objektiv eingesteckt, um den aktuellen Kaserer-Status zu dokumentieren.<\/p>\n<p>Die Nacht verlief klar, vormittags blieb es sonnig, daher war der Schnee hart und gut. Olperer ging fast so gut wie letztes WE, daher einige Zeit dort geblieben. Danach ging&#8217;s an der GW ganz gut, fast noch etwas zu hart. Auch heute blieb der GW-SL immer mal wieder stehen, diesmal wegen Matten-Abdeckungsarbeiten im Bergstationsbereich.<\/p>\n<p>Irgendwann zwischen 11 und 12 Uhr gab es dann kaum noch Sonne, daher wollte ich um 12:45 runterfahren, in der Hoffnung auf eine leere GB2-Kabine um die Uhrzeit &#8211; aber es fuhren doch schon zu viele Fu\u00dfg\u00e4nger runter, also nochmal mit der 10EUB rauf, die Sonne kam auch nochmal etwas raus, eine Stunde sp\u00e4ter war alles wieder d\u00fcsterer. (Um 14.15 bin ich schlie\u00dflich runter und hatte Gl\u00fcck am GB2 f\u00fcr eine maskenfreie Talfahrt).<\/p>\n<p><a href='http:\/\/ski.inmontanis.info\/d\/281434-2\/DSC01173.jpg'><img src=http:\/\/ski.inmontanis.info\/d\/281433-3\/DSC01173.jpg \/><\/a><br \/>\n^ Vermutlich Seilf\u00e4nger f\u00fcr GB1-Wartungsarbeiten?<\/p>\n<p><a href='http:\/\/ski.inmontanis.info\/d\/281438-2\/DSC01176_001.jpg'><img src=http:\/\/ski.inmontanis.info\/d\/281437-3\/DSC01176_001.jpg \/><\/a><\/p>\n<p><a href='http:\/\/ski.inmontanis.info\/d\/281442-2\/DSC01179_001.jpg'><img src=http:\/\/ski.inmontanis.info\/d\/281441-3\/DSC01179_001.jpg \/><\/a><br \/>\n^ Sommerberg-Gletscherrestblick<\/p>\n<p><a href='http:\/\/ski.inmontanis.info\/d\/281446-2\/DSC01180_002.jpg'><img src=http:\/\/ski.inmontanis.info\/d\/281445-3\/DSC01180_002.jpg \/><\/a><br \/>\n^ Zoom Sektion 2-3 \/ TFH-Hang<\/p>\n<p><a href='http:\/\/ski.inmontanis.info\/d\/281450-2\/DSC01181_001.jpg'><img src=http:\/\/ski.inmontanis.info\/d\/281449-3\/DSC01181_001.jpg \/><\/a><br \/>\n^ Mittlerer Bereich TFH-Kaserer<\/p>\n<p><a href='http:\/\/ski.inmontanis.info\/d\/281454-2\/DSC01182.jpg'><img src=http:\/\/ski.inmontanis.info\/d\/281453-3\/DSC01182.jpg \/><\/a><br \/>\n^ Zoom Kasererlifte<\/p>\n<p><a href='http:\/\/ski.inmontanis.info\/d\/281458-2\/DSC01183_001.jpg'><img src=http:\/\/ski.inmontanis.info\/d\/281457-3\/DSC01183_001.jpg \/><\/a><br \/>\n^ Felsl\u00f6cher am rechten Kaserer-SL (Felsl\u00f6cher? Gletscherl\u00f6cher? Felsgletscherl\u00f6cher? Gletscherl\u00f6chermitfels?) <\/p>\n<p><a href='http:\/\/ski.inmontanis.info\/d\/281462-2\/DSC01185_001.jpg'><img src=http:\/\/ski.inmontanis.info\/d\/281461-3\/DSC01185_001.jpg \/><\/a><br \/>\n^ Kasererlifte<\/p>\n<p><a href='http:\/\/ski.inmontanis.info\/d\/281466-2\/DSC01186_001.jpg'><img src=http:\/\/ski.inmontanis.info\/d\/281465-3\/DSC01186_001.jpg \/><\/a><br \/>\n^ Vermattungen am linken Kaserer-SL<\/p>\n<p><a href='http:\/\/ski.inmontanis.info\/d\/281470-2\/DSC01188_001.jpg'><img src=http:\/\/ski.inmontanis.info\/d\/281469-3\/DSC01188_001.jpg \/><\/a><br \/>\n^ L\u00e4rmstange-KSB<\/p>\n<p><a href='http:\/\/ski.inmontanis.info\/d\/281474-2\/DSC01191_002.jpg'><img src=http:\/\/ski.inmontanis.info\/d\/281473-3\/DSC01191_002.jpg \/><\/a><br \/>\n^ Unterer Kasererweg<\/p>\n<p><a href='http:\/\/ski.inmontanis.info\/d\/281478-2\/DSC01192_001.jpg'><img src=http:\/\/ski.inmontanis.info\/d\/281477-3\/DSC01192_001.jpg \/><\/a><br \/>\n^ L\u00e4rmstange-KSB<\/p>\n<p><a href='http:\/\/ski.inmontanis.info\/d\/281482-3\/DSC01195_001.jpg'><img src=http:\/\/ski.inmontanis.info\/d\/281481-3\/DSC01195_001.jpg \/><\/a><br \/>\n^ Vorbereitung zum Entfernen der Vermattung (Einsammeln der Holzstecken)<\/p>\n<p><a href='http:\/\/ski.inmontanis.info\/d\/281486-2\/DSC01196_001.jpg'><img src=http:\/\/ski.inmontanis.info\/d\/281485-3\/DSC01196_001.jpg \/><\/a><br \/>\n^ Vermattung Kasererverbindung<\/p>\n<p><a href='http:\/\/ski.inmontanis.info\/d\/281490-2\/DSC01197_002.jpg'><img src=http:\/\/ski.inmontanis.info\/d\/281489-3\/DSC01197_002.jpg \/><\/a><br \/>\n^ Olperer-SL, die direkten Abfahrten gingen heute am besten<\/p>\n<p><a href='http:\/\/ski.inmontanis.info\/d\/281494-3\/DSC01200.jpg'><img src=http:\/\/ski.inmontanis.info\/d\/281493-4\/DSC01200.jpg \/><\/a><br \/>\n^ Vermattung oberer Kasererweg<\/p>\n<p><a href='http:\/\/ski.inmontanis.info\/d\/281498-3\/DSC01201_001.jpg'><img src=http:\/\/ski.inmontanis.info\/d\/281497-4\/DSC01201_001.jpg \/><\/a><br \/>\n^ Vermattung Kaserer-L\u00e4rmstange<\/p>\n<p><a href='http:\/\/ski.inmontanis.info\/d\/281502-3\/DSC01204.jpg'><img src=http:\/\/ski.inmontanis.info\/d\/281501-4\/DSC01204.jpg \/><\/a><br \/>\n^ Kaserer-Verbindungen<\/p>\n<p><a href='http:\/\/ski.inmontanis.info\/d\/281506-3\/DSC01205_002.jpg'><img src=http:\/\/ski.inmontanis.info\/d\/281505-4\/DSC01205_002.jpg \/><\/a><br \/>\n^ Baggerarbeiten am Berg<\/p>\n<p><a href='http:\/\/ski.inmontanis.info\/d\/281510-3\/DSC01206_002.jpg'><img src=http:\/\/ski.inmontanis.info\/d\/281509-4\/DSC01206_002.jpg \/><\/a><br \/>\n^ Olperer<\/p>\n<p><a href='http:\/\/ski.inmontanis.info\/d\/281514-3\/DSC01207.jpg'><img src=http:\/\/ski.inmontanis.info\/d\/281513-4\/DSC01207.jpg \/><\/a><br \/>\n^ Die &quot;Eierkartonisierung&quot; kann manchmal recht schnell gehen, nur eine Woche&#8230;<\/p>\n<p><a href='http:\/\/ski.inmontanis.info\/d\/281518-3\/DSC01208_002.jpg'><img src=http:\/\/ski.inmontanis.info\/d\/281517-4\/DSC01208_002.jpg \/><\/a><br \/>\n^ Dr\u00fcben an der GW geht auch nach wie vor die Offpiste-Rinne und die Matschfelder von gestern sind schon weniger schlimm<\/p>\n<p><a href='http:\/\/ski.inmontanis.info\/d\/281522-3\/DSC01209.jpg'><img src=http:\/\/ski.inmontanis.info\/d\/281521-4\/DSC01209.jpg \/><\/a><br \/>\n^ Mal eine andere Perspektive<\/p>\n<p><a href='http:\/\/ski.inmontanis.info\/d\/281526-3\/DSC01213_001.jpg'><img src=http:\/\/ski.inmontanis.info\/d\/281525-4\/DSC01213_001.jpg \/><\/a><br \/>\n^ Warteschlange an der Gletscherh\u00f6hlentour<\/p>\n<p><a href='http:\/\/ski.inmontanis.info\/d\/281530-3\/DSC01215.jpg'><img src=http:\/\/ski.inmontanis.info\/d\/281529-4\/DSC01215.jpg \/><\/a><br \/>\n^ DSB-Abfahrt um 13 Uhr Mitte August, da kann man nicht jammern. Steinchen werden mittlerweile h\u00e4ufiger.<\/p>\n","protected":false},"excerpt":{"rendered":"<p>Sa, 15.8.2020<\/p>\n<p>Der Blick auf die Webcam heute fr\u00fch war: Nebelig. Und die Nacht verlief nicht viel besser. Und gestern Abend hatte es wohl geregnet. Na das spar ich mir heute. Um 8 Uhr: Immer noch Nebel. Um 9 Uhr war der Nebel \u00fcberraschend gr\u00f6\u00dftenteils weg, nur noch eine h\u00f6here Wolkendecke, dazu ein bisschen Sonne <a href=\"http:\/\/blog.inmontanis.info\/?p=6260\">[&#8230;]<\/a><\/p>\n","protected":false},"author":1,"featured_media":0,"comment_status":"closed","ping_status":"closed","sticky":false,"template":"","format":"standard","meta":{"footnotes":""},"categories":[246,25,13,28],"tags":[],"class_list":["post-6260","post","type-post","status-publish","format-standard","hentry","category-hintertux","category-noreport","category-austria","category-skifahren-sommer","odd"],"_links":{"self":[{"href":"http:\/\/blog.inmontanis.info\/index.php?rest_route=\/wp\/v2\/posts\/6260","targetHints":{"allow":["GET"]}}],"collection":[{"href":"http:\/\/blog.inmontanis.info\/index.php?rest_route=\/wp\/v2\/posts"}],"about":[{"href":"http:\/\/blog.inmontanis.info\/index.php?rest_route=\/wp\/v2\/types\/post"}],"author":[{"embeddable":true,"href":"http:\/\/blog.inmontanis.info\/index.php?rest_route=\/wp\/v2\/users\/1"}],"replies":[{"embeddable":true,"href":"http:\/\/blog.inmontanis.info\/index.php?rest_route=%2Fwp%2Fv2%2Fcomments&post=6260"}],"version-history":[{"count":3,"href":"http:\/\/blog.inmontanis.info\/index.php?rest_route=\/wp\/v2\/posts\/6260\/revisions"}],"predecessor-version":[{"id":6263,"href":"http:\/\/blog.inmontanis.info\/index.php?rest_route=\/wp\/v2\/posts\/6260\/revisions\/6263"}],"wp:attachment":[{"href":"http:\/\/blog.inmontanis.info\/index.php?rest_route=%2Fwp%2Fv2%2Fmedia&parent=6260"}],"wp:term":[{"taxonomy":"category","embeddable":true,"href":"http:\/\/blog.inmontanis.info\/index.php?rest_route=%2Fwp%2Fv2%2Fcategories&post=6260"},{"taxonomy":"post_tag","embeddable":true,"href":"http:\/\/blog.inmontanis.info\/index.php?rest_route=%2Fwp%2Fv2%2Ftags&post=6260"}],"curies":[{"name":"wp","href":"https:\/\/api.w.org\/{rel}","templated":true}]}}