{"id":6256,"date":"2020-08-09T22:45:52","date_gmt":"2020-08-09T20:45:52","guid":{"rendered":"http:\/\/blog.inmontanis.info\/?p=6256"},"modified":"2023-07-01T20:58:47","modified_gmt":"2023-07-01T18:58:47","slug":"hintertuxer-gletscher-8-9-8-2020","status":"publish","type":"post","link":"http:\/\/blog.inmontanis.info\/?p=6256","title":{"rendered":"Hintertuxer Gletscher, 8.+9.8.2020"},"content":{"rendered":"<p><strong>Sa, 8.8.2020<\/strong><\/p>\n<p>Nach dem letzten WE hatte es ja einiges geschneit, so dass es zwar wieder sch\u00f6n weiss war und der Sand nicht mehr pappte, daf\u00fcr aber vielleicht der Neuschnee irgendwann zu pappen anfangen w\u00fcrde. Immerhin verlief die Nacht recht klar, denn heute sollte es wieder recht warm werden. Andererseits steht die Sonne jetzt schon merklich tiefer, so dass es morgens l\u00e4nger hart bleiben kann.<\/p>\n<p>Jedenfalls wollte ich deshalb etwas fr\u00fcher oben sein und war bereits um 8:45 in der Tiefgarage. Da nur GB1+GB2 offen waren und noch etwas mehr los war, ging sich eine maskenfreie Auffahrt leider nicht aus.<\/p>\n<p>Olperer-Pisten waren heute endlich mal wieder toll zu fahren, bis 11 Uhr nichts pappig und kein Schieben unten n\u00f6tig, nicht mal sonderlich starkes Schussfahren. Wobei der Olperer-SL heute etliche Male stehen blieb und\/oder langsam fuhr. Keine Ahnung, ob das nur an den Anf\u00e4ngern lag. Gab schon einige Skischulkurse, aber so viel kamen mir am Olperer nicht vor, eher am Seillift. Blieb ca. 1,5h dort, bevor es zum TFH ging. Die TFH-Abfahrt war um die Zeit schon etwas schlechter als letztes WE um die Uhrzeit. <\/p>\n<p>Nach Mittag waren nur noch die n\u00f6rdlicheren GW-H\u00e4nge gut zu fahren (die daf\u00fcr richtig gut), ab SL-Einstellung um 13:30 bremste es aber  auch dort etwas. Noch ein paar Mal die DSB-Abfahrt und um 14.15 nahm ich die pappige Abfahrt zum TFH und fuhr ab. Leider zu der Zeit auch viele Fu\u00dfg\u00e4nger talw\u00e4rts, so dass es leider wieder keine maskenfreie Gondelbahnfahrt gab :( <\/p>\n<p>Witzig wie die Leute morgens immer versuchen, unter B\u00e4umen im Schatten zu parken, anstatt dass sie in die TG fahren. Auch beim Runterfahren beschweren sie sich, dass nirgends Autos im Schatten w\u00e4ren .. &#8220;H\u00e4tten wir doch mal schauen sollen, ob die Tiefgarage offen ist.&#8221; Tja, selbst Schuld :)<\/p>\n<p>(Fotos anklicken zum Vergr\u00f6\u00dfern)<\/p>\n<p><a href='http:\/\/ski.inmontanis.info\/d\/281330-2\/DSC01106_001.jpg'><img src=http:\/\/ski.inmontanis.info\/d\/281329-3\/DSC01106_001.jpg \/><\/a><br \/>\n^ DSB-Zufahrt und Kaserer-Zufahrt<\/p>\n<p><a href='http:\/\/ski.inmontanis.info\/d\/281334-2\/DSC01107.jpg'><img src=http:\/\/ski.inmontanis.info\/d\/281333-3\/DSC01107.jpg \/><\/a><br \/>\n^ Durch den Neuschnee sind in der letzten Woche noch ein paar Leute die ZwiDeGo &#8211; Variante gefahren<\/p>\n<p><a href='http:\/\/ski.inmontanis.info\/d\/281338-2\/DSC01110_001.jpg'><img src=http:\/\/ski.inmontanis.info\/d\/281337-3\/DSC01110_001.jpg \/><\/a><br \/>\n^ Dieses heuer neue Mattenfeld (warum auch immer es hier ist) hatte ich noch nicht dokumentiert<\/p>\n<p><a href='http:\/\/ski.inmontanis.info\/d\/281342-2\/DSC01111_001.jpg'><img src=http:\/\/ski.inmontanis.info\/d\/281341-3\/DSC01111_001.jpg \/><\/a><br \/>\n^ linke Olperer-Abfahrt, heute toll zu fahren<\/p>\n<p><a href='http:\/\/ski.inmontanis.info\/d\/281346-2\/DSC01112_001.jpg'><img src=http:\/\/ski.inmontanis.info\/d\/281345-3\/DSC01112_001.jpg \/><\/a><br \/>\n^ Vermattungen am Verbindungsweg vom Kaserer<\/p>\n<p><a href='http:\/\/ski.inmontanis.info\/d\/281350-2\/DSC01114.jpg'><img src=http:\/\/ski.inmontanis.info\/d\/281349-3\/DSC01114.jpg \/><\/a><br \/>\n^ Blick zur GW<\/p>\n<p><a href='http:\/\/ski.inmontanis.info\/d\/281354-2\/DSC01118.jpg'><img src=http:\/\/ski.inmontanis.info\/d\/281353-3\/DSC01118.jpg \/><\/a><br \/>\n^ TFH<\/p>\n<p><a href='http:\/\/ski.inmontanis.info\/d\/281358-2\/DSC01124.jpg'><img src=http:\/\/ski.inmontanis.info\/d\/281357-3\/DSC01124.jpg \/><\/a><br \/>\n^ GW\/Olperer<\/p>\n<p><a href='http:\/\/ski.inmontanis.info\/d\/281362-2\/DSC01125.jpg'><img src=http:\/\/ski.inmontanis.info\/d\/281361-3\/DSC01125.jpg \/><\/a><br \/>\n^ Linker GW-Trainingshang ging an beiden Tagen um und nach Mittag toll zu fahren<\/p>\n<p><strong>So, 9.8.2020<\/strong><\/p>\n<p>Auch die vergangene Nacht verlief wieder klar und der Tag sollte sonnig werden, somit \u00e4hnlich tolle Sommerskiverh\u00e4ltnisse wie gestern. Erst wieder am Olperer geblieben, dann um und nach Mittag an der GW, TFH-Abfahrt nur 2x gefahren.<\/p>\n<p>Wenn ich extra eine leere Kabine abwarte und wenig los ist, dann muss einer, der bei mir einsteigt, damit rechnen, dass ich w\u00e4hrend der Fahrt die Maske runternehme. Vermutlich denken die anderen ja auch so, weshalb ich momentan nicht in jede Gondel einsteige, au\u00dfer es sind eh schon verschiedene Gruppen drin und eine Warteschlange vorhanden. Einfach nervig, dass man heuer nicht die 4EUB an der 2. Sektion laufen l\u00e4sst, da w\u00e4r das alles unproblematischer. <\/p>\n<p>Ein paar unsch\u00f6ne Zwischenf\u00e4lle gab&#8217;s dann auch noch: Da war die eine 6-k\u00f6pfige Gruppe (Familie?) am Olperer, die sich nicht nur extrem ungeschickt anstellte und insg. zwischen den einzelnen Fahrern 4 B\u00fcgel auslie\u00df, sondern der letzte (Vater?) dann am B\u00fcgel vor mir auch noch rauchen musste und mir die Luft verpestete.<\/p>\n<p>An der Talstation GW-SL musste vor 13 Uhr ein Pistenraupenfahrer unbedingt pl\u00f6tzlich Schnee verschieben, so dass die Zufahrt vom S\u00fcden her gest\u00f6rt war. Sp\u00e4ter hielt sogar der SL noch f\u00fcr kurze Zeit an, damit der den Schnee zwischen die Talstationen verschieben konnte. Als ob man daf\u00fcr nicht bis Betriebseinstellung noch eine halbe Stunde h\u00e4tte warten k\u00f6nnen?!?<\/p>\n<p><a href='http:\/\/ski.inmontanis.info\/d\/281366-2\/DSC01127.jpg'><img src=http:\/\/ski.inmontanis.info\/d\/281365-3\/DSC01127.jpg \/><\/a><br \/>\n^ DSB-Abfahrt<\/p>\n<p><a href='http:\/\/ski.inmontanis.info\/d\/281370-2\/DSC01132.jpg'><img src=http:\/\/ski.inmontanis.info\/d\/281369-3\/DSC01132.jpg \/><\/a><br \/>\n^ DSB-Auffahrt<\/p>\n<p><a href='http:\/\/ski.inmontanis.info\/d\/281374-2\/DSC01134_001.jpg'><img src=http:\/\/ski.inmontanis.info\/d\/281373-3\/DSC01134_001.jpg \/><\/a><br \/>\n^ Die Pistenraupenspur im Funpark ging einfach zu gut, ca. 4x gefahren<\/p>\n<p><a href='http:\/\/ski.inmontanis.info\/d\/281378-2\/DSC01137_001.jpg'><img src=http:\/\/ski.inmontanis.info\/d\/281377-3\/DSC01137_001.jpg \/><\/a><br \/>\n^ An der 10EUB-Bergstation<\/p>\n<p><a href='http:\/\/ski.inmontanis.info\/d\/281382-2\/DSC01138.jpg'><img src=http:\/\/ski.inmontanis.info\/d\/281381-3\/DSC01138.jpg \/><\/a><br \/>\n^ Viel los heut am Gipfel<\/p>\n<p><a href='http:\/\/ski.inmontanis.info\/d\/281386-2\/DSC01139_001.jpg'><img src=http:\/\/ski.inmontanis.info\/d\/281385-3\/DSC01139_001.jpg \/><\/a><br \/>\n^ Viel los heut am Gipfel<\/p>\n<p><a href='http:\/\/ski.inmontanis.info\/d\/281398-2\/DSC01140_001.jpg'><img src=http:\/\/ski.inmontanis.info\/d\/281397-3\/DSC01140_001.jpg \/><\/a><br \/>\n^ GW-SL-Arbeiten, die nicht bis 1330 h\u00e4tten warten k\u00f6nnen?!<\/p>\n<p><a href='http:\/\/ski.inmontanis.info\/d\/281390-2\/DSC01141_001.jpg'><img src=http:\/\/ski.inmontanis.info\/d\/281389-3\/DSC01141_001.jpg \/><\/a><br \/>\n^ Mehr Fu\u00dfg\u00e4nger als Skifahrer. \u00dcbrigens fuhren auch etliche mit der DSB runter. Da bestand der Liftler oben am Einstieg streng auf Maskentragepflicht. Wobei einerseits der Zugang ja verbaut ist und eng und der Liftler den Sessel h\u00e4lt (somit Unterschreitung des 1m-Abstands) &#8211; vmtl. werden das die Gr\u00fcnde daf\u00fcr sein.<\/p>\n<p><a href='http:\/\/ski.inmontanis.info\/d\/281394-2\/DSC01144_001.jpg'><img src=http:\/\/ski.inmontanis.info\/d\/281393-3\/DSC01144_001.jpg \/><\/a><br \/>\n^ Schmelzwasser (TFH-Hang)<\/p>\n<p>Fazit: Eines der besten Hintertux-WE dieses bisher skifahrerisch eher bescheidenen Sommers. Sonntag kam an mehreren Stellen aber wieder leicht der Sand durch, d.h. n\u00e4chstes WE wird wohl wieder Sandbremsschnee sein.<\/p>\n<p>Nachdem ja jetzt fix ist, dass ich zumindest den Winter \u00fcber noch in Tirol bin, kommt langsam die Frage der Saisonkarte auf. Da ich ab September nur noch 4 Tage\/Woche arbeite, werde ich fast jeden Freitag frei haben und kann somit im Winter jedes WE auch l\u00e4ngere Ausfl\u00fcge machen, also Lombardei, K\u00e4rnten, Slowenien, Appennin, S\u00fcdpiemont, Westpiemont, Nordpiemont, Wallis\/Genferseeregion, franz\u00f6sische Nordalpen.. Eine Saisonkarte w\u00fcrde mich da nur auf eine Ecke begrenzen. Obwohl ich durchaus der K\u00e4rntner Karte nicht abgeneigt w\u00e4re um zu checken ob die Skigebiete f\u00fcr die n\u00e4chsten Jahre tauglich genug f\u00fcr einen Umzug w\u00e4ren .. <\/p>\n<p>Aber in Summe macht es diesen Winter wohl keinen Sinn mit einer Saisonkarte, ich m\u00f6chte a) haupts\u00e4chlich oder ausschlie\u00dflich in L\u00e4nder und Skigebiete mit m\u00f6glichst wenig Coronama\u00dfnahmen fahren und b) kommt noch die Ungewissheit dazu, ob man in dieses oder jenes Land \u00fcberhaupt jedes WE ohne Quarant\u00e4ne rein und wieder zur\u00fcck kann. Einzig diese neue pan-europ\u00e4ische k\u00e4me da in Frage, so es sie heuer gibt &#8211; und je nachdem, was inkludiert ist.<\/p>\n","protected":false},"excerpt":{"rendered":"<p>Sa, 8.8.2020<\/p>\n<p>Nach dem letzten WE hatte es ja einiges geschneit, so dass es zwar wieder sch\u00f6n weiss war und der Sand nicht mehr pappte, daf\u00fcr aber vielleicht der Neuschnee irgendwann zu pappen anfangen w\u00fcrde. Immerhin verlief die Nacht recht klar, denn heute sollte es wieder recht warm werden. Andererseits steht die Sonne jetzt schon <a href=\"http:\/\/blog.inmontanis.info\/?p=6256\">[&#8230;]<\/a><\/p>\n","protected":false},"author":1,"featured_media":0,"comment_status":"closed","ping_status":"closed","sticky":false,"template":"","format":"standard","meta":{"footnotes":""},"categories":[246,25,13,28],"tags":[38,47],"class_list":["post-6256","post","type-post","status-publish","format-standard","hentry","category-hintertux","category-noreport","category-austria","category-skifahren-sommer","tag-dsb","tag-sl","odd"],"_links":{"self":[{"href":"http:\/\/blog.inmontanis.info\/index.php?rest_route=\/wp\/v2\/posts\/6256","targetHints":{"allow":["GET"]}}],"collection":[{"href":"http:\/\/blog.inmontanis.info\/index.php?rest_route=\/wp\/v2\/posts"}],"about":[{"href":"http:\/\/blog.inmontanis.info\/index.php?rest_route=\/wp\/v2\/types\/post"}],"author":[{"embeddable":true,"href":"http:\/\/blog.inmontanis.info\/index.php?rest_route=\/wp\/v2\/users\/1"}],"replies":[{"embeddable":true,"href":"http:\/\/blog.inmontanis.info\/index.php?rest_route=%2Fwp%2Fv2%2Fcomments&post=6256"}],"version-history":[{"count":3,"href":"http:\/\/blog.inmontanis.info\/index.php?rest_route=\/wp\/v2\/posts\/6256\/revisions"}],"predecessor-version":[{"id":6259,"href":"http:\/\/blog.inmontanis.info\/index.php?rest_route=\/wp\/v2\/posts\/6256\/revisions\/6259"}],"wp:attachment":[{"href":"http:\/\/blog.inmontanis.info\/index.php?rest_route=%2Fwp%2Fv2%2Fmedia&parent=6256"}],"wp:term":[{"taxonomy":"category","embeddable":true,"href":"http:\/\/blog.inmontanis.info\/index.php?rest_route=%2Fwp%2Fv2%2Fcategories&post=6256"},{"taxonomy":"post_tag","embeddable":true,"href":"http:\/\/blog.inmontanis.info\/index.php?rest_route=%2Fwp%2Fv2%2Ftags&post=6256"}],"curies":[{"name":"wp","href":"https:\/\/api.w.org\/{rel}","templated":true}]}}