{"id":6252,"date":"2020-08-02T21:12:00","date_gmt":"2020-08-02T19:12:00","guid":{"rendered":"http:\/\/blog.inmontanis.info\/?p=6252"},"modified":"2023-07-01T20:57:35","modified_gmt":"2023-07-01T18:57:35","slug":"hintertuxer-gletscher-1-2-8-2020","status":"publish","type":"post","link":"http:\/\/blog.inmontanis.info\/?p=6252","title":{"rendered":"Hintertuxer Gletscher, 1.+2.8.2020"},"content":{"rendered":"<p><strong>Sa, 1.8.2020<\/strong><\/p>\n<p>Man kann es mit letztem Sonntag am M\u00f6lltaler nat\u00fcrlich nicht objektiv vergleichen, weil es heute viel w\u00e4rmer war. Aber selbst f\u00fcr Hintertux war es heute sehr pappig und stockend. Selbst mit viel Schuss kam man am Olperer nicht weit und musste lang schieben, ja selbst den GW-SL erreichte man nicht von den rechten H\u00e4ngen ohne zu schieben. Auch die Rennkids nicht, also liegt es nicht am Material.<\/p>\n<p>ZwiDeGo war&#8217;s leider knapp zu sp\u00e4t. Man k\u00f6nnte zwar den gro\u00dfen Steilhang an einer schmalen Stelle noch erreichen, aber wer wei\u00df, ob man da nicht einsinkt so nah zwischen den Felsen. Bei der  Steilrinne h\u00e4tte man kurz \u00fcber Steine m\u00fcssen. Aber der Schnee ist eh recht eierkartonartig. An der GW bin ich hier und da etwas offpiste gefahren, war aber auch kein Wiederholungsgrund.<\/p>\n<p>Um 12:30 fuhr ich wieder runter, nachdem ich die Ski zum Service gab. Wurde ausnahmsweise nur ein kleines Service, aber da diese Ski ja jahrelang bei meinem Vater ungenutzt rumstanden, d\u00fcrte ein Wachsen vielleicht mal ganz sinnvoll sein. Morgen somit dann hoffentlich weniger stockend und im Anschluss werden sie bis zum Winter aufgehoben, bis ich wieder Allmountains brauch &#8211; den Rest des Sommers nehm ich wieder die &#8220;Sommerracecarver&#8221;.<\/p>\n<p>(Fotos anklicken zum Vergr\u00f6\u00dfern)<\/p>\n<p><a href='http:\/\/ski.inmontanis.info\/d\/281242-2\/DSC01073.jpg'><img src=http:\/\/ski.inmontanis.info\/d\/281241-3\/DSC01073.jpg \/><\/a><br \/>\n^ Blick von der Sektion 1<\/p>\n<p><a href='http:\/\/ski.inmontanis.info\/d\/281246-2\/DSC01074.jpg'><img src=http:\/\/ski.inmontanis.info\/d\/281245-3\/DSC01074.jpg \/><\/a><br \/>\n^ Lang sieht man kaum einen Unterschied, aber irgendwann geht&#8217;s dann schnell mit der GB3-Zufahrt. Wenn ich heuer aufgrund der Maskenpflicht schon mit Schneeband zur Talstation kaum den GB3 fuhr, fahr ich ihn jetzt nat\u00fcrlich erst recht nicht ;)<\/p>\n<p><a href='http:\/\/ski.inmontanis.info\/d\/281250-2\/DSC01075.jpg'><img src=http:\/\/ski.inmontanis.info\/d\/281249-3\/DSC01075.jpg \/><\/a><br \/>\n^ TFH-Hang<\/p>\n<p><a href='http:\/\/ski.inmontanis.info\/d\/281254-2\/DSC01078.jpg'><img src=http:\/\/ski.inmontanis.info\/d\/281253-3\/DSC01078.jpg \/><\/a><br \/>\n^ Man m\u00fcsste meinen, sie m\u00fcssten&#8217;s langsam wissen, wo sie die Matten verlegen ;)<\/p>\n<p><a href='http:\/\/ski.inmontanis.info\/d\/281258-2\/DSC01080.jpg'><img src=http:\/\/ski.inmontanis.info\/d\/281257-3\/DSC01080.jpg \/><\/a><br \/>\n^ DSB-Zufahrt<\/p>\n<p><a href='http:\/\/ski.inmontanis.info\/d\/281262-2\/DSC01085.jpg'><img src=http:\/\/ski.inmontanis.info\/d\/281261-3\/DSC01085.jpg \/><\/a><br \/>\n^ Gletscherschlepper<\/p>\n<p><a href='http:\/\/ski.inmontanis.info\/d\/281266-2\/DSC01088.jpg'><img src=http:\/\/ski.inmontanis.info\/d\/281265-3\/DSC01088.jpg \/><\/a><br \/>\n^ Am Funpark am Olperer wird jetzt noch schnell was vermattet&#8230;<\/p>\n<p><a href='http:\/\/ski.inmontanis.info\/d\/281270-2\/DSC01090.jpg'><img src=http:\/\/ski.inmontanis.info\/d\/281269-3\/DSC01090.jpg \/><\/a><br \/>\n^ Olperer-GW<\/p>\n<p><a href='http:\/\/ski.inmontanis.info\/d\/281274-2\/DSC01092.jpg'><img src=http:\/\/ski.inmontanis.info\/d\/281273-3\/DSC01092.jpg \/><\/a><br \/>\n^ Schlegeis-3SB-Abfahrt im unteren Teil blanker Gletscher<\/p>\n<p><a href='http:\/\/ski.inmontanis.info\/d\/281278-2\/DSC01093.jpg'><img src=http:\/\/ski.inmontanis.info\/d\/281277-3\/DSC01093.jpg \/><\/a><br \/>\n^ TFH-Abfahrt<\/p>\n<p><a href='http:\/\/ski.inmontanis.info\/d\/281282-2\/DSC01094.jpg'><img src=http:\/\/ski.inmontanis.info\/d\/281281-3\/DSC01094.jpg \/><\/a><br \/>\n^ TFH-Abfahrt<\/p>\n<p>Was mir an den Olpererh\u00e4ngen vormittags auffiel: Obwohl kaum Spuren vorhanden waren, war kaum die Pistenpr\u00e4parierung zu erkennen, so sehr hat sich der Schnee \u00fcber Nacht wieder gesetzt. Abends nachgedacht kam ich zu der Erkenntnis, dass die fr\u00fche Pr\u00e4parierung gleich nach SL-Schlie\u00dfung um 13:30 ein Fehler sein k\u00f6nnte, an solch warmen Tagen. Einerseits geht durch das Abtauen am Rest des Tages die geriffelte Pr\u00e4parierung verloren und m.E. ist diese wichtig, damit der Schnee \u00fcber Nacht besser gefriert (weil gr\u00f6\u00dfere Oberfl\u00e4che und man siehts ja auch am &#8220;Eierkartonschnee&#8221;, dass insb. die Kanten oft sehr lang sehr hart sind). Zudem ist der Schnee dadurch morgens schmutziger, da durch das Pr\u00e4parieren die Oberfl\u00e4che zwar an sich wieder wei\u00dfer ist, diese Schicht bis zum n\u00e4chsten Tag aber wieder weggetaut ist, wenn so fr\u00fch pr\u00e4pariert wird.  <\/p>\n<p>Ich habs mir abends mal auf der Webcam angesehen: Am M\u00f6lltaler wurde gestern erst gegen 19 Uhr die Piste pr\u00e4pariert. Gut m\u00f6glich, dass sie dadurch besser durchfrieren kann und am n\u00e4chsten Tag weniger sandig und weniger pappig ist. Und wenn&#8217;s nachts nicht gefriert, k\u00f6nnte es f\u00fcr Skifahrer sogar besser sein, die &#8220;Sandpiste&#8221; am Olperer erst morgens zu pr\u00e4parieren, weil sie dann wei\u00dfer und rutschiger ist. Von der Weichheit her machts eh keinen Unterschied mehr.<\/p>\n<p><strong>So, 2.8.2020<\/strong><\/p>\n<p>Heute im Laufe des Tages sollte die n\u00e4chste Kaltfront kommen, wobei es lt. Bergfex erst regnen soll, bevor es evtl. heute und morgen um die 30cm schneien soll, tw. Schneefallgrenze in Tirol kurzzeitig um die 2000m. Entgegen Bergfex war es heute vormittags aber viel weniger sonnig, stattdessen ein Mix aus Wolken und &#8220;Nebel&#8221; und hier und da mal ein bisschen Sonne.<\/p>\n<p>Trotz frisch gewachster Ski sp\u00fcrte man am Olperer den Schnee schon leicht pappen und die Talstation war nicht ohne Schieben erreichbar. Nur die TFH-Abfahrt war weniger bremsend, allerdings auch weniger dreckig. Die ging dann auch selbst um 12 Uhr noch recht gut zu fahren, als ich aufh\u00f6rte.<\/p>\n<p>W\u00e4hrend gestern einige &#8220;Nackerte&#8221; unterwegs waren, gab es heute fast nur noch Renngruppen und Skischulen. Generell ist jetzt viel weniger los.<\/p>\n<p><a href='http:\/\/ski.inmontanis.info\/d\/281286-2\/DSC01098.jpg'><img src=http:\/\/ski.inmontanis.info\/d\/281285-3\/DSC01098.jpg \/><\/a><br \/>\n^ ZwiDeGo, 2 Spuren von vmtl. gestern Nachmittag. Bin aber trotzdem nicht gefahren heut.<\/p>\n<p><a href='http:\/\/ski.inmontanis.info\/d\/281290-2\/DSC01100.jpg'><img src=http:\/\/ski.inmontanis.info\/d\/281289-3\/DSC01100.jpg \/><\/a><br \/>\n^ GW und \u00dcbungslift. SL-Trassen noch ohne Bachl\u00e4ufe und Wasserpf\u00fctzen<\/p>\n<p><a href='http:\/\/ski.inmontanis.info\/d\/281294-2\/DSC01101_001.jpg'><img src=http:\/\/ski.inmontanis.info\/d\/281293-3\/DSC01101_001.jpg \/><\/a><br \/>\n^ Offpiste an der GW<\/p>\n<p><a href='http:\/\/ski.inmontanis.info\/d\/281298-2\/DSC01102_001.jpg'><img src=http:\/\/ski.inmontanis.info\/d\/281297-3\/DSC01102_001.jpg \/><\/a><br \/>\n^ Hier macht&#8217;s wohl wenig Unterschied, ob Matten liegen oder nicht, der Schnee taut recht gleich. Und links oben scheint gar kein Schnee mehr unter den Matten zu sein.<\/p>\n<p><a href='http:\/\/ski.inmontanis.info\/d\/281302-2\/DSC01104.jpg'><img src=http:\/\/ski.inmontanis.info\/d\/281301-3\/DSC01104.jpg \/><\/a><br \/>\n^ Das Mattendepot ist leer!<\/p>\n<p><a href='http:\/\/ski.inmontanis.info\/d\/281306-2\/DSC01105.jpg'><img src=http:\/\/ski.inmontanis.info\/d\/281305-3\/DSC01105.jpg \/><\/a><br \/>\n^ Viel zu viel Sand auf dem weichen Schnee, das bremst. Viel schieben m\u00fcssen, au\u00dfer man nahm rechts die Raupenspur.<\/p>\n<p>Nachdem sowohl ZwiDeGo heuer quasi inexistent war, es auch sonst einfach zu viel Tage mit schlechten Schneeverh\u00e4ltnissen gibt und man jedes Mal bei der Fahrt durchs Zillertal die ganzen Schleicher hat, werde ich wohl n\u00e4chstes Jahr nicht wieder die Sommersaisonkarte am Hintertuxer kaufen. Selbst, wenn ich weiterhin in Tirol sein sollte. Dann lieber \u00f6fters mal zum M\u00f6lltaler schauen oder vielleicht die 10-Tage-w\u00e4hrend-der-Saison-Karte am Stelvio kaufen.<\/p>\n","protected":false},"excerpt":{"rendered":"<p>Sa, 1.8.2020<\/p>\n<p>Man kann es mit letztem Sonntag am M\u00f6lltaler nat\u00fcrlich nicht objektiv vergleichen, weil es heute viel w\u00e4rmer war. Aber selbst f\u00fcr Hintertux war es heute sehr pappig und stockend. Selbst mit viel Schuss kam man am Olperer nicht weit und musste lang schieben, ja selbst den GW-SL erreichte man nicht von den rechten <a href=\"http:\/\/blog.inmontanis.info\/?p=6252\">[&#8230;]<\/a><\/p>\n","protected":false},"author":1,"featured_media":0,"comment_status":"closed","ping_status":"closed","sticky":false,"template":"","format":"standard","meta":{"footnotes":""},"categories":[246,25,13,28],"tags":[47],"class_list":["post-6252","post","type-post","status-publish","format-standard","hentry","category-hintertux","category-noreport","category-austria","category-skifahren-sommer","tag-sl","odd"],"_links":{"self":[{"href":"http:\/\/blog.inmontanis.info\/index.php?rest_route=\/wp\/v2\/posts\/6252","targetHints":{"allow":["GET"]}}],"collection":[{"href":"http:\/\/blog.inmontanis.info\/index.php?rest_route=\/wp\/v2\/posts"}],"about":[{"href":"http:\/\/blog.inmontanis.info\/index.php?rest_route=\/wp\/v2\/types\/post"}],"author":[{"embeddable":true,"href":"http:\/\/blog.inmontanis.info\/index.php?rest_route=\/wp\/v2\/users\/1"}],"replies":[{"embeddable":true,"href":"http:\/\/blog.inmontanis.info\/index.php?rest_route=%2Fwp%2Fv2%2Fcomments&post=6252"}],"version-history":[{"count":3,"href":"http:\/\/blog.inmontanis.info\/index.php?rest_route=\/wp\/v2\/posts\/6252\/revisions"}],"predecessor-version":[{"id":6255,"href":"http:\/\/blog.inmontanis.info\/index.php?rest_route=\/wp\/v2\/posts\/6252\/revisions\/6255"}],"wp:attachment":[{"href":"http:\/\/blog.inmontanis.info\/index.php?rest_route=%2Fwp%2Fv2%2Fmedia&parent=6252"}],"wp:term":[{"taxonomy":"category","embeddable":true,"href":"http:\/\/blog.inmontanis.info\/index.php?rest_route=%2Fwp%2Fv2%2Fcategories&post=6252"},{"taxonomy":"post_tag","embeddable":true,"href":"http:\/\/blog.inmontanis.info\/index.php?rest_route=%2Fwp%2Fv2%2Ftags&post=6252"}],"curies":[{"name":"wp","href":"https:\/\/api.w.org\/{rel}","templated":true}]}}