{"id":6246,"date":"2020-07-26T21:30:18","date_gmt":"2020-07-26T19:30:18","guid":{"rendered":"http:\/\/blog.inmontanis.info\/?p=6246"},"modified":"2023-08-06T08:55:21","modified_gmt":"2023-08-06T06:55:21","slug":"karnten-mollltaler-gletscher-25-26-7-2020-umzugsgedanken","status":"publish","type":"post","link":"http:\/\/blog.inmontanis.info\/?p=6246","title":{"rendered":"K\u00e4rnten + M\u00f6llltaler Gletscher, 25.+26.7.2020  (+ Umzugsgedanken)"},"content":{"rendered":"<p><strong>Sa, 25.7.2020<\/strong><\/p>\n<p>Nachdem es mir im August 2011 am M\u00f6lltaler Gletscher ganz gut gefallen hatte, nahm ich es mir ja schon l\u00e4nger mal vor, endlich mal wieder im Sommer vorbei zu sehen. Da es die letzten Jahre aber doch nicht klappte, nahm ich es mir heuer unbedingt vor. Am zweiten Tag wollte ich das Mattenskigebiet Puchberg\/Schneeberg ausprobieren.<\/p>\n<p>In den letzten 2-3 Wochen keimte aber noch eine andere Idee auf, n\u00e4mlich, eventuell  meine teilabbezahlte Eigentumswohnung in Innsbruck zu verkaufen (die sollte nun ca. oder gar mehr als das doppelte als 2006 wert sein), so dass ich nicht nur die Restschuld tilgen k\u00f6nnte, sondern noch 100-150.000,- \u20ac \u00fcbrig h\u00e4tte. Vielleicht k\u00f6nnte man ja in Russland oder Kirgistan ein neues Leben aufbauen? Spa\u00dfeshalber mal in Tirol geschaut, da sind die Grundst\u00fccke und H\u00e4user doch recht teuer, au\u00dfer absolute Bruchbuden.<\/p>\n<p>Nach Italien, irgendein altes Haus kaufen, da stehen ja immer so viel zu verkaufen in den T\u00e4lern und auf den Bergen .. aber will ich wirklich in Italien das ganze Jahr leben? So gern ich in Italien bin, hin und wieder tut es nach meinen l\u00e4ngeren Reisen schon gut, wenn man da wieder drau\u00dfen ist. <\/p>\n<p>Was w\u00fcrde bei uns ein neues Haus kosten? Bei kleinen H\u00e4uschen um die knapp 30qm w\u00e4r man wohl ab 30.000 \u20ac dabei. Zzgl. Fundament und Erschlie\u00dfungskosten. Da k\u00f6nnte ja durchaus was gehen, evtl. sogar um die 40-50qm. Mehr Lebensraum brauch ich eh nicht, wird dann sowohl im Bau, wie auch im Unterhalt (Heizung) zu teuer. Zur Not stellt man sich noch einen Schuppen aufs Grundst\u00fcck, das ist ja dann der Vorteil im Gegensatz zu einer Wohnung. Und Platz f\u00fcr 2-3 Autos, vielleicht mal einen Elektrowagen als Zweitwagen f\u00fcr k\u00fcrzere Strecken und\/oder ein Wohnmobil w\u00e4re auch. Oder doch mal ein Korb oder eine alte Gondelkabine, ein alter Stra\u00dfenbahnwagen oder eine Gartenmodelltram?<\/p>\n<p>Aber ins g\u00fcnstige Burgenland m\u00f6cht ich auch ungern ziehen. Au\u00dfer es g\u00e4b dort g\u00fcnstige Burgen. So eine kleine alte Burg in Gro\u00dfbritannien direkt am Meer, das w\u00e4r schon auch cool. Aber wohl schwer zu bekommen und wohl noch teurer zu unterhalten. Und von meinem Lieblingsskiland Italien w\u00e4r selbst das Burgenland schon arg weit weg. Also mal im Internet gesucht, wo man in \u00d6sterreich noch g\u00fcnstig Grund kaufen kann und erstaunt feststellen m\u00fcssen: K\u00e4rnten! H\u00e4tte ich nicht erwartet. Klar, in\/um die Gro\u00dfst\u00e4dte und Seen ist es auch dort sehr teuer, aber abseits gibts viel Auswahl schon von unter 20.000,- bis knapp \u00fcber 50.000,- \u20ac f\u00fcr ein 600-1200qm &#8211; Grundst\u00fcck. Und von Italien ist man auch nicht zu weit weg, 2 Stunden mehr oder weniger Autofahrt, als ob mich das st\u00f6ren w\u00fcrde :-) <\/p>\n<p>Ok, ein 2-Tages-WE zum Genfersee oder Sommerskifahren in Cervinia+Tignes w\u00e4re dann nicht mehr drin. Daf\u00fcr gibt&#8217;s in K\u00e4rnten und Steiermark und Slowenien noch etliche Skigebiete, die ich nicht kenn und die mich interessieren w\u00fcrden. Und man w\u00e4r schnell am Kanin, wo man bei gutem Wetter Meerpano beim Skifahren hat. Sogar in Bosnien und in SK\/CZ\/PL w\u00e4r man ca. gleich schnell wie in den Westalpen. Viel neues Zeug zu erkunden, auch f\u00fcr verl\u00e4ngerte Wochenenden also.<\/p>\n<p>Ich sah mir etliche Grundst\u00fccke in K\u00e4rnten im Internet an, suchte sie anhand der Bilder auf Google Earth und setzte mir POIs f\u00fcr&#8217;s Navi und wollte also im Zuge des Besuchs am M\u00f6lltaler Gletscher dieses Wochenende einige anschauen oder zumindest mal vorbeifahren.<\/p>\n<p>Allerdings bin ich mir so \u00fcberhaupt nicht ganz im klaren, was ich eigentlich will, denn meine W\u00fcnsche sind allesamt etwas gegenteilig&#8230;<\/p>\n<p>Je n\u00e4her an Osttirol, desto n\u00e4her an der Lombardei, aber je n\u00e4her an Villach oder Klagenfurt, desto n\u00e4her an Slowenien.<\/p>\n<p>Je weiter am Land, desto ruhiger, aber desto weiter zur n\u00e4chsten Autobahn.<\/p>\n<p>Je ruhiger gelegen, desto schm\u00e4ler die Zufahrtsstra\u00dfen und desto schwieriger f\u00fcr gro\u00dfe LKWs, solche langen und g\u00fcnstigen Modulh\u00e4user zu transportieren. (Die meisten der an diesem WE besichtigten Grundst\u00fccke d\u00fcrften ein Problem damit haben&#8230;)<\/p>\n<p>Je h\u00f6her auf dem Berg, desto sch\u00f6ner die Fernsicht, aber auch desto sinnlos-steiler das Grundst\u00fcck und desto l\u00e4nger die Auffahrt (und ob man eine Mattenskipiste samt Aufstiegsanlage auf dem eigenen Grundst\u00fcck genehmigt bekommt, ist eine andere Frage :) ).<\/p>\n<p>Je flacher das Grundst\u00fcck, desto einfacher+g\u00fcnstiger zu bebauen und desto mehr Platz, aber auch desto weniger Panorama und desto einfacher ist selbiges durch weitere Neubauten in n\u00e4chsten Jahren zu zerst\u00f6ren.<\/p>\n<p>Je steiler und n\u00e4her die Berge, desto weniger durch zuk\u00fcnftige Neubauten gest\u00f6rt, aber desto weniger Fernsicht.<\/p>\n<p>Je n\u00e4her an Skigebiet X, desto weiter von Skigebiet Y weg. Und wie stehen die Chancen, dass das Skigebiet X in ein paar Jahren noch existiert?<\/p>\n<p>Wenn man nicht wei\u00df, was man will, hilft es manchmal herauszufinden, was man nicht will, aber manchmal ist das, was dann als Kompromis dann \u00fcbrig bleibt, etwas, das man auch nicht wirklich will&#8230;<\/p>\n<p>&#8211;<\/p>\n<p>Da die Wettervorhersagen zumindet f\u00fcr die Nacht von SA auf SO klarer meldeten, entschied ich, am Sonntag Ski zu fahren und fuhr am Samstag fr\u00fch, aber nicht zu fr\u00fch los. \u00dcber die Brennerbundesstra\u00dfe und mautfrei weiter durchs Pustertal, wo bereits viel Verkehr war, nach Osttirol und weiter nach K\u00e4rnten. Erster Halt am Skigebiet von K\u00f6tschach-Mauthen:<\/p>\n<p><a href='http:\/\/ski.inmontanis.info\/d\/281226-2\/DSC00622.jpg'><img src=http:\/\/ski.inmontanis.info\/d\/281224-3\/DSC00622.jpg \/><\/a><br \/>\n^ SL Laas im Skigebiet K\u00f6tschach-Mauthen, ca. 1,4 km lang<\/p>\n<p><a href='http:\/\/ski.inmontanis.info\/d\/281230-2\/DSC00625.jpg'><img src=http:\/\/ski.inmontanis.info\/d\/281229-3\/DSC00625.jpg \/><\/a><br \/>\n^ DSB-Hang<\/p>\n<p><a href='http:\/\/ski.inmontanis.info\/d\/281234-2\/DSC00626.jpg'><img src=http:\/\/ski.inmontanis.info\/d\/281233-3\/DSC00626.jpg \/><\/a><br \/>\n^ Talstation der DSB  (ca 2,3 km lang). Sommerbetrieb gibts hier gar nicht? Und im Winter ist auch kaum was los? Puh ..<\/p>\n<p><a href='http:\/\/ski.inmontanis.info\/d\/281238-2\/DSC00631.jpg'><img src=http:\/\/ski.inmontanis.info\/d\/281237-3\/DSC00631.jpg \/><\/a><br \/>\n^ .. und noch ein \u00dcbungs-SL daneben<\/p>\n<p>.. und dann \u00fcber Hermagor weiter nach Bad Bleiberg ..<\/p>\n<p><a href='http:\/\/ski.inmontanis.info\/d\/281220-2\/DSC00644.jpg'><img src=http:\/\/ski.inmontanis.info\/d\/281218-3\/DSC00644.jpg \/><\/a><br \/>\n^ Skigebiet in Griminitzen. Langweilig verglichen mit dem, was in K\u00e4rnten stillgelegt wurde (Verditz, Dobratsch, &#8230;)<\/p>\n<p><a href='http:\/\/extra.inmontanis.info\/d\/59911-2\/DSC00700.jpg'><img src=http:\/\/extra.inmontanis.info\/d\/59910-3\/DSC00700.jpg \/><\/a><br \/>\n^ Dobratsch (Bad Bleiberg)<\/p>\n<p>.. dann \u00fcber Villach richtung Loiblpass \/ s\u00fcdlich von Klagenfurt und \u00f6stlich daran vorbei in den Norden. In diesen Gegenden gibts wohl die g\u00fcnstigsten Grundst\u00fccke, aber panoramam\u00e4\u00dfig bzw. dann auch fahrstreckenm\u00e4\u00dfig schien mir das doch wenig sinnvoll. Die engeren T\u00e4ler \u00f6stlich und westlich von BKK konnten mich auch nicht \u00fcberzeugen. Gut m\u00f6glich, dass mir das alles im Winter, wenn Schnee l\u00e4ge, viel besser gefallen w\u00fcrde. Am besten gefiel es mir abschnittsweise in K\u00f6tschach bzw. zwischen K\u00f6tschach und ca. Hermagor, sowie grob zwischen Villach und Spittal \/ Kolbnitz, was mir von den zuk\u00fcnftigen eventuellen Fahrstrecken her eh am sinnvollsten zu sein scheint.<\/p>\n<p><a href='http:\/\/extra.inmontanis.info\/d\/59915-2\/DSC00710.jpg'><img src=http:\/\/extra.inmontanis.info\/d\/59914-3\/DSC00710.jpg \/><\/a><br \/>\n^ Schanzen mit Sessellift in Villach<\/p>\n<p><a href='http:\/\/extra.inmontanis.info\/d\/59919-2\/DSC00716.jpg'><img src=http:\/\/extra.inmontanis.info\/d\/59918-3\/DSC00716.jpg \/><\/a><br \/>\n^ Stehender Autobahnstau vorm Karawankentunnel \/ Slowenien<\/p>\n<p><a href='http:\/\/ski.inmontanis.info\/d\/281210-2\/DSC00819.jpg'><img src=http:\/\/ski.inmontanis.info\/d\/281208-3\/DSC00819.jpg \/><\/a><br \/>\n^ Panorama vom Hochrindl. Hier t\u00e4te es mir schon gefallen, aber da bin ich wohl zu sp\u00e4t.<\/p>\n<p><a href='http:\/\/ski.inmontanis.info\/d\/281214-2\/DSC00823.jpg'><img src=http:\/\/ski.inmontanis.info\/d\/281213-3\/DSC00823.jpg \/><\/a><br \/>\n^ Linker SL im Skigebiet Hochrindl; die Abfahrtsschneisen schauen leider nicht so einladend aus, aber immerhin nat\u00fcrlicher als zB am Nassfeld ;)<\/p>\n<p><a href='http:\/\/ski.inmontanis.info\/d\/281204-2\/DSC00846.jpg'><img src=http:\/\/ski.inmontanis.info\/d\/281203-3\/DSC00846.jpg \/><\/a><br \/>\n^ Skigebiet Bad Kleinkirchheim, f\u00fcr mich ist so eine bewaldete &#8220;H\u00fcgellandschaft&#8221; eher langweilig, wenn ich es jeden Tag anschauen m\u00fcsste. Dann lieber steile, schroffe Felsen &#8211; oder gleich ein weites Pano \u00fcber eine Ebene.<\/p>\n<p><a href='http:\/\/extra.inmontanis.info\/d\/59923-2\/DSC00860.jpg'><img src=http:\/\/extra.inmontanis.info\/d\/59922-3\/DSC00860.jpg \/><\/a><br \/>\n^ Zwischen Villach und Spittal w\u00e4r das Pano aber schon ganz nett. Leider war mein n\u00e4chster Grundst\u00fccks-POI nicht hier, sondern sp\u00e4ter an einem wieder steileren Hang. Und die Stra\u00dfe war auch schm\u00e4ler.<\/p>\n<p>Abends fuhr ich, nach einem Zwischenhalt beim McD in Spittal, zum M\u00f6lltaler Gletscher, wo ich an der untersten der oberen Parkebenen \u00fcbernachtete. Standen einige Wohnmobile und Zelte da.<\/p>\n<p><a href='http:\/\/extra.inmontanis.info\/d\/59927-2\/DSC00909.jpg'><img src=http:\/\/extra.inmontanis.info\/d\/59926-3\/DSC00909.jpg \/><\/a><br \/>\n^ Richtung M\u00f6lltaler Gletscher<\/p>\n<p><a href='http:\/\/extra.inmontanis.info\/d\/59931-2\/DSC00910.jpg'><img src=http:\/\/extra.inmontanis.info\/d\/59930-3\/DSC00910.jpg \/><\/a><br \/>\n^ Taleinw\u00e4rts richtung M\u00f6lltaler Gletscher<\/p>\n<p><a href='http:\/\/ski.inmontanis.info\/d\/281000-2\/DSC00912.jpg'><img src=http:\/\/ski.inmontanis.info\/d\/280999-3\/DSC00912.jpg \/><\/a><br \/>\n^ Untere Parkpl\u00e4tze. Gibts da einen Pendelbus, wenn man im Herbst hier parken muss, oder muss man zu Fu\u00df rauf?<\/p>\n<p><a href='http:\/\/ski.inmontanis.info\/d\/281004-2\/DSC00913.jpg'><img src=http:\/\/ski.inmontanis.info\/d\/281003-3\/DSC00913.jpg \/><\/a><br \/>\n^ Zwischen unteren und oberen Parkebenen<\/p>\n<p>Ich kaufte mir noch &#8220;schnell&#8221; die Tageskarte, die online um 41,- statt 49,- (Kassenpreis) kostete. Wie sich morgen herausstellte, musste man sogar nicht mal f\u00fcr die Keycard was zahlen!<\/p>\n<p><strong>So, 26.7.2020<\/strong><\/p>\n<p>Um 5:15 wurde ich aufgeweckt, weil so ein Arsch meinte, er m\u00fcsse um die Uhrzeit neben mir parken und hundert Mal die T\u00fcren auf- und zuschlagen. Da stellt man sich extra auf den unteren Platz, damit man nicht durch all zu fr\u00fch ankommende Skirenngruppenbusse geweckt wird, und dann das!!<\/p>\n<p>Einschlafen konnte ich nicht mehr so wirklich, nach 7 Uhr bin ich weiter rauf gefahren und hab mich auf den Parkplatz nahe dem Eingang gestellt. Gegen 7:30\/7:45 kamen die ersten Renngruppen (Italiener und\/oder Slowenen, es waren aber auch Kids aus Bayern da) und ich holte mir die kostenlose Gopass-Keycard ab, auf der ich dann zuk\u00fcnftige derartige Skip\u00e4sse direkt laden k\u00f6nnte.<\/p>\n<p>Um 8 Uhr ist die erste Bergfahrt, wobei ich drau\u00dfen wartete. Entgegen dem Hintertuxer gibt&#8217;s hier derzeit eine Beschr\u00e4nkung: 120 Personen in der SSB und 4 Personen in der 6EUB, zumindest lt. Schilder. Maskenpflicht wurde zumindest bergw\u00e4rts an der Talstation morgens kontrolliert. <\/p>\n<p>Bei der Auffahrt mit der SSB musste ich unweigerlich wieder einmal an unseren Sommerurlaub Mitte August 1990 in K\u00e4rnten denken, wo ich (nur mit meiner Mutter) auf der R\u00fcckfahrt am Kitzsteinhorn skifahren war und bei der Runterfahrt in der SSB ja ohnm\u00e4chtig wurde. In meiner Erinnerung sind wir zuvor die Stra\u00dfe zum M\u00f6lltaler damals mit dem Rad runtergefahren. Aber daheim hab ich jetzt in meinem alten Tagebuch nachgesehen: es war doch die Stra\u00dfe im Maltatal, die wir mit dem Auto rauf und (diesmal mit Vater) auf dem Rad runter fuhren. Den M\u00f6lltaler Gletscher wollten wir zuvor besuchen, doch da notierte ich mir:<br \/>\n<em>&#8220;DI: Fahrt zum M\u00f6lltaler Gletscher, doch da Vater keine Lust hatte, steile Bergstra\u00dfe zu fahren, gingen Mutter und ich in die Raggaschlucht, die man auf Stegen durch begeht&#8221;.<\/em><\/p>\n<p>Am Samstag drauf, 18.8.1990, Heimfahrt, am Kitzsteinhorn (bei 10cm Neuschnee) kamen wir wg. Stau \u00fcbrigens erst um 13 Uhr an, ich fuhr dann nur mit meiner Mutter Ski: <em>&#8220;Erst Standseilbahn (gro\u00dfteils Tunnel, steil), dann Luftschwebebahn und dann Mini-Standseilbahn (nur eine Kabine). Skifahren auf 2 Skiliften und 2 Teilskilifte (kurz, leicht), dann zur\u00fcck (ca. 15:30) zur Luftschwebebahn.&#8221; &#8230; &#8220;Ab in die Standseilbahn &#8230;&#8221; &#8220;Doch dann wirds mir schlecht, schwindelig, Kopfweh, g\u00e4hne wie sonst noch was, kein Fenster, werde ohnm\u00e4chtig (!!!!). Kurz danach bin ich wieder wach. Ich sitze, wei\u00df nicht mehr, wo ich bin, was geschah. Mutter: &#8216;Du bist ohnm\u00e4chtig gworn.&#8217; Dacht erst &#8216;Schmarrn&#8217; .. aber dann &#8230;&#8221;<\/em><\/p>\n<p>Knapp 30 Jahre sp\u00e4ter dann mein zweiter Sommerskitag (nach 2011) am M\u00f6lltaler. Leider war es morgens doch nicht so sonnig wie gemeldet, stattdessen leicht bedeckt. Ein Wetterzustand, den ich diesen Sommer am Hintertuxer doch noch kein einziges mal hatte, oder? Entweder es war neblig, wolkig, sonnig oder gab Regen\/Schnee.<\/p>\n<p>Da ich tendenziell wohl keine Lust haben werde, den Fu\u00dfweg vom Gletscher zur\u00fcck zum Restaurant 2x zu gehen, kaufte ich mir noch schnell etwas und steckte zumindest die H\u00e4lfte ein. Statt belegte Baguettes oder so gab es nur eine ungew\u00f6hnlich belegte Breze, aber um 3,90 preislich OK.<\/p>\n<p>In Betrieb war nur die 6KSB und eigentlich w\u00e4r mir die DSB ja lieber, so lang man die Haube nicht braucht &#8211; gem\u00fctlicher, Sessel allein, l\u00e4nger ausruhen .. wobei die 6KSB eh sehr langsam fuhr heute und den Vorteil hat, dass sie weiter rauf geht. Und die Haube war heut auch nicht so schlecht, da es ohne Sonne recht k\u00fchl war und sp\u00e4ter leicht zu regnen anfing. Also war ich doch ganz froh \u00fcber die 6KSB.<\/p>\n<p>Das erste Abfahrtsst\u00fcck vom Restaurnt zur 6KSB ging schon mal genial, jawohl, so muss sich Sommerschnee anf\u00fchlen. Wann hatte ich das zuletzt am Hintertuxer? Man hat hier zwar weniger Abwechslung, aber die bessere Pistenqualit\u00e4t, kein Schieben, besser pr\u00e4pariert&#8230; und einige Offpistevarianten hat man auch sehr lang in den Sommer hinein. <\/p>\n<p>Seit ich 2011 hier war und seitdem ja auch immer wieder auf anderen Gletschern war, bin ich der Meinung, dass diese S\u00fcdwest-Hangausrichtung die idealste f\u00fcr Sommerski ist: morgens keine Sonne (wie an Nord\/Nordost\/Osth\u00e4ngen), somit morgens hart, aber fr\u00fcher auffirnend als West\/Nordwesth\u00e4nge, die ja oft erst nachmittags und teils erst nach Schlie\u00dfung auffirnen.<\/p>\n<p>Auch von der Steilheit her ist es recht angenehm, nicht zu steil, als dass es zu schnell und zu viel verbuckeln w\u00fcrde (wie die meisten am Hintertuxer) und im Gegensatz zum Tuxer gibt&#8217;s auch keine zu flachen Ausl\u00e4ufe, wo man schieben m\u00fcsste. Ich w\u00fcrde sogar meinen, dass die meisten Sommerskipisten in den Alpen entweder sp\u00fcrbar flacher oder sp\u00fcrbar steiler sind, aber selten eine \u00e4hnliche Steilheit wie hier haben. Nur der Fussweg zum Restaurant ist weiter als am Tuxer, aber das macht man ja nicht so oft.<\/p>\n<p>Leider vielleicht etwas wenig los heute, auch wenn Renngruppen hier sind und man auch mal 1, 2 Sessel warten musste. Insbesondere in Kombination mit dem schwindenden Gletscher muss man sich schon etwas wundern, warum man nicht zumindest einen Teil der Abfahrt in kompletter L\u00e4nge vermattet, um im Herbst fr\u00fcher starten zu k\u00f6nnen. Aber mir soll&#8217;s recht sein, fahr ich ja lieber im Sommer als im Herbst.<\/p>\n<p>Skibetrieb ist \u00fcbrigens auch im Sommer auch nachmittags, 15:30 letzte Bergfahrt der 6KSB. Und im Gegensatz zum Hintertuxer macht es hier nachmittags auch Spa\u00df.<\/p>\n<p>Das unterste, flachste St\u00fcck wurde aber schon bald etwas bremsig, vmtl. durch den hohen Sandstaubanteil. Bereits vor 10 Uhr gab es die ersten Regentropfen, gegen 11 Uhr wurden sie mehr, richtig durchn\u00e4sst wurde ich aber nicht. Nach 11 Uhr war dann schon ein Teil der Rennpiste offen, wo es auch sp\u00e4ter noch toll zu fahren ging. Nach 12 Uhr gab es etwas Sonne und Nebel und ich blieb daher etwas l\u00e4nger, obwohl ich im Restaurant oben noch was essen wollte und mir nachmittags noch ein paar Grundst\u00fccke ansehen wollte.<\/p>\n<p>Auch offpiste gab es einige M\u00f6glichkeiten, die zumeist ganz gut gingen.<\/p>\n<p>Um 13:50 machte ich die letzte Bergfahrt &#8211; der Hunger war da. Einige Speisen gibt&#8217;s mit dem Gopass g\u00fcnstiger, zB. die K\u00e4sesp\u00e4tzle um 8,50 statt 8,90. Ich nahm noch ein kleines Skiwasser dazu, was in Summe 10,90 ausmachte.<\/p>\n<p>(Fotos anklicken zum Vergr\u00f6\u00dfern)<\/p>\n<p><a href='http:\/\/ski.inmontanis.info\/d\/281008-2\/DSC00916.jpg'><img src=http:\/\/ski.inmontanis.info\/d\/281007-3\/DSC00916.jpg \/><\/a><br \/>\n^ Talstation. Bahn f\u00e4hrt um 8 Uhr, also wart ich noch etwas au\u00dfen, bevor ich mir die Maske aufsetz und reingehe<\/p>\n<p><a href='http:\/\/ski.inmontanis.info\/d\/281012-2\/DSC00917.jpg'><img src=http:\/\/ski.inmontanis.info\/d\/281011-3\/DSC00917.jpg \/><\/a><br \/>\n^ Pistenplan<\/p>\n<p><a href='http:\/\/ski.inmontanis.info\/d\/281016-2\/DSC00918.jpg'><img src=http:\/\/ski.inmontanis.info\/d\/281015-3\/DSC00918.jpg \/><\/a><br \/>\n^ Bergstation der SSB<\/p>\n<p><a href='http:\/\/ski.inmontanis.info\/d\/281020-2\/DSC00919.jpg'><img src=http:\/\/ski.inmontanis.info\/d\/281019-3\/DSC00919.jpg \/><\/a><br \/>\n^ Einer der SL an der Mittelstation, sowie Abfahrten<\/p>\n<p><a href='http:\/\/ski.inmontanis.info\/d\/281024-2\/DSC00920.jpg'><img src=http:\/\/ski.inmontanis.info\/d\/281023-3\/DSC00920.jpg \/><\/a><br \/>\n^ 6EUB Sektion 2<\/p>\n<p><a href='http:\/\/ski.inmontanis.info\/d\/281028-2\/DSC00925.jpg'><img src=http:\/\/ski.inmontanis.info\/d\/281027-3\/DSC00925.jpg \/><\/a><br \/>\n^ Mittelstation<\/p>\n<p><a href='http:\/\/ski.inmontanis.info\/d\/281032-2\/DSC00928.jpg'><img src=http:\/\/ski.inmontanis.info\/d\/281031-3\/DSC00928.jpg \/><\/a><br \/>\n^ Talstation der 6EUB<\/p>\n<p><a href='http:\/\/ski.inmontanis.info\/d\/281036-2\/DSC00929.jpg'><img src=http:\/\/ski.inmontanis.info\/d\/281035-3\/DSC00929.jpg \/><\/a><br \/>\n^ Mittelstation. Die beiden SL und die 4SB  sind hier recht sch\u00f6n in die Landschaft integriert<\/p>\n<p><a href='http:\/\/ski.inmontanis.info\/d\/281040-2\/DSC00934.jpg'><img src=http:\/\/ski.inmontanis.info\/d\/281039-3\/DSC00934.jpg \/><\/a><br \/>\n^ Stausee und 4SB Alteck<\/p>\n<p><a href='http:\/\/ski.inmontanis.info\/d\/281044-2\/DSC00936.jpg'><img src=http:\/\/ski.inmontanis.info\/d\/281043-3\/DSC00936.jpg \/><\/a><br \/>\n^ Stauseen und Mittelstationsabfahrt<\/p>\n<p><a href='http:\/\/ski.inmontanis.info\/d\/281048-2\/DSC00938.jpg'><img src=http:\/\/ski.inmontanis.info\/d\/281047-3\/DSC00938.jpg \/><\/a><br \/>\n^ Bergstation 6EUB<\/p>\n<p><a href='http:\/\/ski.inmontanis.info\/d\/281052-2\/DSC00939.jpg'><img src=http:\/\/ski.inmontanis.info\/d\/281051-3\/DSC00939.jpg \/><\/a><br \/>\n^ Sommerskigebiet, in Betrieb ist momentan nur die 6KSB<\/p>\n<p><a href='http:\/\/ski.inmontanis.info\/d\/281056-2\/DSC00940.jpg'><img src=http:\/\/ski.inmontanis.info\/d\/281055-3\/DSC00940.jpg \/><\/a><br \/>\n^ Sommerskigebiet, ge\u00f6ffnet sind 2 Abfahrten und die beiden Funparks, aber offpiste geht auch noch was<\/p>\n<p>Vergleich August 2011:<br \/>\n<a href='http:\/\/ski.inmontanis.info\/d\/134744-3\/DSC07944.jpg'><img src=http:\/\/ski.inmontanis.info\/d\/134744-3\/DSC07944.jpg \/><\/a><br \/>\n^ 14.8.2011; trotz der intensiven Beschneiung konnte man den damaligen Status Quo wohl nicht ganz halten. Klar, aktuell liegt noch viel Schnee, weil der heurige Sommer so k\u00fchl war. <\/p>\n<p><a href='http:\/\/ski.inmontanis.info\/d\/281060-2\/DSC00941.jpg'><img src=http:\/\/ski.inmontanis.info\/d\/281059-3\/DSC00941.jpg \/><\/a><br \/>\n^ Man muss nur wenig bis zum Schneefeld laufen und kann dann abfahren.<\/p>\n<p><a href='http:\/\/ski.inmontanis.info\/d\/281064-2\/IMG_20200726_084338.jpg'><img src=http:\/\/ski.inmontanis.info\/d\/281063-3\/IMG_20200726_084338.jpg \/><\/a><br \/>\n^ Zumindest f\u00fcr mich ungewohnt belegte Breze, aber schmeckte ganz gut. Auch wenn ich Paprika lieber h\u00e4tte als Tomaten.<\/p>\n<p><a href='http:\/\/ski.inmontanis.info\/d\/281068-2\/DSC00943.jpg'><img src=http:\/\/ski.inmontanis.info\/d\/281067-3\/DSC00943.jpg \/><\/a><br \/>\n^ 6KSB und DSB Bergstation<\/p>\n<p><a href='http:\/\/ski.inmontanis.info\/d\/281072-2\/DSC00945.jpg'><img src=http:\/\/ski.inmontanis.info\/d\/281071-3\/DSC00945.jpg \/><\/a><br \/>\n^ F\u00fcr den Weg sollte man kein Problem mit Steinen haben. Aber besser als gar kein Schnee.<\/p>\n<p><a href='http:\/\/ski.inmontanis.info\/d\/281076-2\/DSC00947.jpg'><img src=http:\/\/ski.inmontanis.info\/d\/281075-3\/DSC00947.jpg \/><\/a><br \/>\n^ Pano<\/p>\n<p><a href='http:\/\/ski.inmontanis.info\/d\/281080-2\/DSC00949.jpg'><img src=http:\/\/ski.inmontanis.info\/d\/281079-3\/DSC00949.jpg \/><\/a><br \/>\n^ Die Matten werden etwas anders verlegt als am Hintertuxer: Aufgelegte Steine statt reingehauene Holzpfl\u00f6cke<\/p>\n<p><a href='http:\/\/ski.inmontanis.info\/d\/281084-2\/DSC00950.jpg'><img src=http:\/\/ski.inmontanis.info\/d\/281083-3\/DSC00950.jpg \/><\/a><br \/>\n^ Abfahrtsh\u00e4nge mit f\u00fcr Sommerski recht praktischer Richtung und Steilheit<\/p>\n<p><a href='http:\/\/ski.inmontanis.info\/d\/281088-2\/DSC00952.jpg'><img src=http:\/\/ski.inmontanis.info\/d\/281087-3\/DSC00952.jpg \/><\/a><br \/>\n^ DSB-Bergstation mit Mattenausfahrt. K\u00f6nnt man bei der 6KSB im Tal am Einstieg ja auch machen (wie in Frankreich selbst im Winter \u00fcblich), w\u00fcrd man sich die Schneeverschieberei sparen.<\/p>\n<p><a href='http:\/\/ski.inmontanis.info\/d\/281092-2\/DSC00954.jpg'><img src=http:\/\/ski.inmontanis.info\/d\/281091-3\/DSC00954.jpg \/><\/a><br \/>\n^ Kurzfristig war mal bissl was los, hin und wieder musste man auch ein paar Sessel warten.<\/p>\n<p><a href='http:\/\/ski.inmontanis.info\/d\/281096-2\/DSC00958.jpg'><img src=http:\/\/ski.inmontanis.info\/d\/281095-3\/DSC00958.jpg \/><\/a><br \/>\n^ An der DSB-Gletscherst\u00fctze sieht man den Eismasseverlust<\/p>\n<p><a href='http:\/\/ski.inmontanis.info\/d\/281100-2\/DSC00959.jpg'><img src=http:\/\/ski.inmontanis.info\/d\/281099-3\/DSC00959.jpg \/><\/a><br \/>\n^ Offpiste rechts<\/p>\n<p><a href='http:\/\/ski.inmontanis.info\/d\/281104-2\/DSC00964.jpg'><img src=http:\/\/ski.inmontanis.info\/d\/281103-3\/DSC00964.jpg \/><\/a><br \/>\n^ Offpiste rechts, war der sch\u00f6nste Offpistehang heut<\/p>\n<p><a href='http:\/\/ski.inmontanis.info\/d\/281108-2\/DSC00967.jpg'><img src=http:\/\/ski.inmontanis.info\/d\/281107-3\/DSC00967.jpg \/><\/a><br \/>\n^ Offpiste links im unteren Bereich war zu eierkartonig-unruhig-hart, nur 1x gefahren<\/p>\n<p><a href='http:\/\/ski.inmontanis.info\/d\/281112-2\/DSC00970.jpg'><img src=http:\/\/ski.inmontanis.info\/d\/281111-3\/DSC00970.jpg \/><\/a><br \/>\n^ Offpiste rechts<\/p>\n<p><a href='http:\/\/ski.inmontanis.info\/d\/281116-2\/DSC00971.jpg'><img src=http:\/\/ski.inmontanis.info\/d\/281115-3\/DSC00971.jpg \/><\/a><br \/>\n^ Offpiste links zwischen die Felsen<\/p>\n<p><a href='http:\/\/ski.inmontanis.info\/d\/281120-2\/DSC00972.jpg'><img src=http:\/\/ski.inmontanis.info\/d\/281119-3\/DSC00972.jpg \/><\/a><br \/>\n^ Offpiste links<\/p>\n<p><a href='http:\/\/ski.inmontanis.info\/d\/281124-2\/DSC00973.jpg'><img src=http:\/\/ski.inmontanis.info\/d\/281123-3\/DSC00973.jpg \/><\/a><br \/>\n^ Offpiste ganz links, der steilste Hang des Tages<\/p>\n<p><a href='http:\/\/ski.inmontanis.info\/d\/281128-2\/DSC00974.jpg'><img src=http:\/\/ski.inmontanis.info\/d\/281127-3\/DSC00974.jpg \/><\/a><br \/>\n^ Offpiste ganz links<\/p>\n<p><a href='http:\/\/ski.inmontanis.info\/d\/281132-2\/DSC00977.jpg'><img src=http:\/\/ski.inmontanis.info\/d\/281131-3\/DSC00977.jpg \/><\/a><br \/>\n^ Um die 6KSB-Talstation h\u00e4tte man wohl noch genug Schneefelder, wo man schon l\u00e4ngst h\u00e4tte Schnee verschieben k\u00f6nnte, damit man im Sommer bzw. im Herbst mehr f\u00fcr die Zufahrt h\u00e4tte?<\/p>\n<p><a href='http:\/\/ski.inmontanis.info\/d\/281136-2\/DSC00979.jpg'><img src=http:\/\/ski.inmontanis.info\/d\/281135-3\/DSC00979.jpg \/><\/a><br \/>\n^ Offpiste ganz links, der steilste Hang des Tages<\/p>\n<p><a href='http:\/\/ski.inmontanis.info\/d\/281140-2\/DSC00980.jpg'><img src=http:\/\/ski.inmontanis.info\/d\/281139-3\/DSC00980.jpg \/><\/a><br \/>\n^ Abfahrten und Mattenfelder<\/p>\n<p><a href='http:\/\/ski.inmontanis.info\/d\/281144-2\/DSC00983.jpg'><img src=http:\/\/ski.inmontanis.info\/d\/281143-3\/DSC00983.jpg \/><\/a><br \/>\n^ Schneezustand an der Abfahrt um 13:20 Uhr. Immer noch perfekter Zustand. Das hat man am Hintertuxer nicht mal am Morgen so sch\u00f6n ;-)<\/p>\n<p><a href='http:\/\/ski.inmontanis.info\/d\/281148-2\/DSC00984.jpg'><img src=http:\/\/ski.inmontanis.info\/d\/281147-3\/DSC00984.jpg \/><\/a><br \/>\n^ Offpistebereich links bzw. ganz links, der Steilhang vorhin war also links des ausgeaperten Gletschers<\/p>\n<p><a href='http:\/\/ski.inmontanis.info\/d\/281152-2\/DSC00985.jpg'><img src=http:\/\/ski.inmontanis.info\/d\/281151-3\/DSC00985.jpg \/><\/a><br \/>\n^ Felsen in der Abfahrt im oberen Bereich<\/p>\n<p><a href='http:\/\/ski.inmontanis.info\/d\/281156-2\/DSC00986.jpg'><img src=http:\/\/ski.inmontanis.info\/d\/281155-3\/DSC00986.jpg \/><\/a><br \/>\n^ Offpiste rechts<\/p>\n<p><a href='http:\/\/ski.inmontanis.info\/d\/281160-2\/DSC00988.jpg'><img src=http:\/\/ski.inmontanis.info\/d\/281159-3\/DSC00988.jpg \/><\/a><br \/>\n^ Offpiste rechts, hier ging&#8217;s grad noch<\/p>\n<p><a href='http:\/\/ski.inmontanis.info\/d\/281164-2\/DSC00990.jpg'><img src=http:\/\/ski.inmontanis.info\/d\/281163-3\/DSC00990.jpg \/><\/a><br \/>\n^ Felsiger Steilhang links der 6KSB<\/p>\n<p><a href='http:\/\/ski.inmontanis.info\/d\/281168-2\/DSC00992.jpg'><img src=http:\/\/ski.inmontanis.info\/d\/281167-3\/DSC00992.jpg \/><\/a><br \/>\n^ Trainingspiste, ging nachmittags auch toll zu fahren. Etwas kurios die 2 mattenbreite Vermattung in der Mitte zwischen den Abfahrten<\/p>\n<p><a href='http:\/\/ski.inmontanis.info\/d\/281172-2\/DSC00994.jpg'><img src=http:\/\/ski.inmontanis.info\/d\/281171-3\/DSC00994.jpg \/><\/a><br \/>\n^ W\u00e4hrend alle anderen den unteren Abfahrtsskiweg von der EUB rauflaufen, zog ich lieber \u00fcber Schneefelder zum mittleren Weg, wo man abgeschnallt doch viel bequemer hoch gehen kann.<\/p>\n<p><a href='http:\/\/ski.inmontanis.info\/d\/281176-2\/DSC00995.jpg'><img src=http:\/\/ski.inmontanis.info\/d\/281175-3\/DSC00995.jpg \/><\/a><br \/>\n^ Im Restaurant bei der Tablettr\u00fcckgabe kann man sich Trinkwasser holen. Ich hab mein 0.3er Skiwasser dadurch verl\u00e4ngert.<\/p>\n<p><a href='http:\/\/ski.inmontanis.info\/d\/281180-2\/DSC00996.jpg'><img src=http:\/\/ski.inmontanis.info\/d\/281179-3\/DSC00996.jpg \/><\/a><br \/>\n^ Ein paar Funparknutzer waren auch noch um 14:40 unterwegs. Die 6KSB kann \u00fcbrigens auch von Fu\u00dfg\u00e4ngern berg- und talw\u00e4rts genommen werden.<\/p>\n<p><a href='http:\/\/ski.inmontanis.info\/d\/281184-2\/DSC01002.jpg'><img src=http:\/\/ski.inmontanis.info\/d\/281183-3\/DSC01002.jpg \/><\/a><br \/>\n^ Mit der 6EUB geht&#8217;s wieder runter<\/p>\n<p><a href='http:\/\/ski.inmontanis.info\/d\/281188-2\/DSC01004.jpg'><img src=http:\/\/ski.inmontanis.info\/d\/281187-3\/DSC01004.jpg \/><\/a><br \/>\n^ Mittelstation und weitere Seen. Die Talstation der SSB ist erst hinter (und unter) dem unteren Stausee.<\/p>\n<p><a href='http:\/\/ski.inmontanis.info\/d\/281192-2\/DSC01007.jpg'><img src=http:\/\/ski.inmontanis.info\/d\/281191-3\/DSC01007.jpg \/><\/a><br \/>\n^ SSB-Betriebszeiten, immerhin gibts einen geregelten Fahrplan, nach dem man sich halten kann. Letzte Bergfahrt 6KSB \u00fcbrigens 15:30 Uhr.<\/p>\n<p><a href='http:\/\/ski.inmontanis.info\/d\/281196-2\/ge20200726a.jpg'><img src=http:\/\/ski.inmontanis.info\/d\/281195-3\/ge20200726a.jpg \/><\/a><br \/>\n^ GPS-Track 26.7.2020. Im unteren Bereich zerf\u00e4llt die Gletscherzunge wohl bereits :-(<\/p>\n<p>Fazit: Falls ich die n\u00e4chsten Jahre den Sommer hier statt am Tuxer verbringen m\u00fcsste, h\u00e4tt ich nix dagegen. Ich glaub, die Wahrscheinlichkeit f\u00fcr tolle Pistenverh\u00e4ltnisse ist hier viel h\u00f6her. Nur werden ggf. die Sommersaisonen immer k\u00fcrzer oder irgendwann ganz eingestellt.<\/p>\n<p><a href='http:\/\/ski.inmontanis.info\/d\/281200-2\/DSC01038.jpg'><img src=http:\/\/ski.inmontanis.info\/d\/281199-3\/DSC01038.jpg \/><\/a><br \/>\n^ Hier stand mal der ESL Sektion 1 in Afritz \/ Verditz. Gab sogar 3 Abfarten lt. einem alten Plan. Bei meinem einzigen Besuch hier war die 1. Sektion leider nicht in Betrieb. Aber wenigstens konnt ich oben noch ESL+DSB fahren, mittlerweile ist ja leider alles stillgelegt.<\/p>\n<p>Anno 2007:<br \/>\n<a href='http:\/\/ski.inmontanis.info\/d\/19199-2\/P1130766.jpg'><img src=http:\/\/ski.inmontanis.info\/d\/19199-2\/P1130766.jpg \/><\/a><\/p>\n<p><a href='http:\/\/extra.inmontanis.info\/d\/59935-2\/DSC01068.jpg'><img src=http:\/\/extra.inmontanis.info\/d\/59934-3\/DSC01068.jpg \/><\/a><br \/>\n^ Lienz<\/p>\n<p><a href='http:\/\/extra.inmontanis.info\/d\/59939-2\/DSC01070.jpg'><img src=http:\/\/extra.inmontanis.info\/d\/59938-3\/DSC01070.jpg \/><\/a><br \/>\n^ McDonalds in Lienz hat eine alte Tram (Wien)<\/p>\n<p><a href='http:\/\/extra.inmontanis.info\/d\/59943-2\/DSC01071.jpg'><img src=http:\/\/extra.inmontanis.info\/d\/59942-3\/DSC01071.jpg \/><\/a><br \/>\n^ Hm, ein alter Stra\u00dfenbahnwagen im Garten oder als Wohnung umgebaut, das w\u00e4r schon auch cooool ;-) War \u00fcbrigens in UK gar nicht un\u00fcblich, etliche der alten Holzrahmen-Trams wurden zu H\u00e4usern oder Gartenh\u00e4usern umgebaut und nach Jahrzehnten wieder entdeckt und von Museen  zum originalen Tramwagen umgebaut.<\/p>\n<p>Zur\u00fcck nach Nordtirol ging&#8217;s diesmal direkt, \u00fcber den mautpflichtigen Felbertauerntunnel. F\u00fcr Tiroler (und einige Salzburger und K\u00e4rntner) gibt&#8217;s da ja einen kleinen Nachlass.<\/p>\n","protected":false},"excerpt":{"rendered":"<p>Sa, 25.7.2020<\/p>\n<p>Nachdem es mir im August 2011 am M\u00f6lltaler Gletscher ganz gut gefallen hatte, nahm ich es mir ja schon l\u00e4nger mal vor, endlich mal wieder im Sommer vorbei zu sehen. Da es die letzten Jahre aber doch nicht klappte, nahm ich es mir heuer unbedingt vor. Am zweiten Tag wollte ich das Mattenskigebiet <a href=\"http:\/\/blog.inmontanis.info\/?p=6246\">[&#8230;]<\/a><\/p>\n","protected":false},"author":1,"featured_media":0,"comment_status":"closed","ping_status":"closed","sticky":false,"template":"","format":"standard","meta":{"footnotes":""},"categories":[208,211,199,13,28,81],"tags":[39,56,38,78,45,47,46],"class_list":["post-6246","post","type-post","status-publish","format-standard","hentry","category-hochrindl","category-kotschach","category-molltaler-gletscher","category-austria","category-skifahren-sommer","category-kurztrips","tag-6eub","tag-6sb","tag-dsb","tag-restschnee","tag-see","tag-sl","tag-ssb","odd"],"_links":{"self":[{"href":"http:\/\/blog.inmontanis.info\/index.php?rest_route=\/wp\/v2\/posts\/6246","targetHints":{"allow":["GET"]}}],"collection":[{"href":"http:\/\/blog.inmontanis.info\/index.php?rest_route=\/wp\/v2\/posts"}],"about":[{"href":"http:\/\/blog.inmontanis.info\/index.php?rest_route=\/wp\/v2\/types\/post"}],"author":[{"embeddable":true,"href":"http:\/\/blog.inmontanis.info\/index.php?rest_route=\/wp\/v2\/users\/1"}],"replies":[{"embeddable":true,"href":"http:\/\/blog.inmontanis.info\/index.php?rest_route=%2Fwp%2Fv2%2Fcomments&post=6246"}],"version-history":[{"count":5,"href":"http:\/\/blog.inmontanis.info\/index.php?rest_route=\/wp\/v2\/posts\/6246\/revisions"}],"predecessor-version":[{"id":6251,"href":"http:\/\/blog.inmontanis.info\/index.php?rest_route=\/wp\/v2\/posts\/6246\/revisions\/6251"}],"wp:attachment":[{"href":"http:\/\/blog.inmontanis.info\/index.php?rest_route=%2Fwp%2Fv2%2Fmedia&parent=6246"}],"wp:term":[{"taxonomy":"category","embeddable":true,"href":"http:\/\/blog.inmontanis.info\/index.php?rest_route=%2Fwp%2Fv2%2Fcategories&post=6246"},{"taxonomy":"post_tag","embeddable":true,"href":"http:\/\/blog.inmontanis.info\/index.php?rest_route=%2Fwp%2Fv2%2Ftags&post=6246"}],"curies":[{"name":"wp","href":"https:\/\/api.w.org\/{rel}","templated":true}]}}