{"id":6243,"date":"2020-07-19T19:58:50","date_gmt":"2020-07-19T17:58:50","guid":{"rendered":"http:\/\/blog.inmontanis.info\/?p=6243"},"modified":"2023-07-01T20:57:38","modified_gmt":"2023-07-01T18:57:38","slug":"hintertuxer-gletscher-18-19-7-2020","status":"publish","type":"post","link":"http:\/\/blog.inmontanis.info\/?p=6243","title":{"rendered":"Hintertuxer Gletscher, 18.+19.7.2020"},"content":{"rendered":"<p><strong>Sa, 18.7.2020<\/strong><\/p>\n<p>Die letzten Tage samt diesem WE war die n\u00e4chste Kaltfront in Tirol, somit also abermals etwas Neuschnee auf den Pisten plus Nebelskifahren. Immerhin sollte es auch tags\u00fcber recht frisch bleiben, wenn man schon keinen Firn bekommt, dann hoffentlich nicht zu viel Papp?<\/p>\n<p>Um 10:30 war ich etwas sp\u00e4ter als sonst in der Tiefgarage. Die Anfahrt durch&#8217;s Zillertal ist allerdings umso nerviger, je sp\u00e4ter man morgens dran ist&#8230; Je fr\u00fcher, desto weniger Schnarchnasen sind unterwegs.<\/p>\n<p>Im Gegensatz zu den letzten WE lief heute GB1, die DSB war daf\u00fcr nicht in Betrieb, ist bei dem Wetter aber auch nicht so tragisch.<\/p>\n<p>Auf jeder Piste, die ich fuhr, gab es wohl morgens (oder evtl. gestern Abend) 1-2 neue Pistenraupenspuren, teils kreuz und quer und unsch\u00f6n unruhig (knollig etc.), was insb. bei dichtem Nebel problematisch ist.<\/p>\n<p>Kurz nach 12 Uhr fuhr ich wieder ab, Nebel und kalter Wind, muss nicht sein. TFH-Abfahrt war bis zum untersten Steilhang auch noch recht eisig.<\/p>\n<p><strong>So, 19.7.2020<\/strong><\/p>\n<p>Die Nacht verlief wie der Morgen vernebelt. Also am Gletscher, nicht in meinem Kopf und laut Webcams. Daher nochmals etwas sp\u00e4ter gefahren und erst um 10:40 in der Tiefgarage gewesen. Da sah es aus der 1. Sektion schon recht blau am Gletscher aus. Erste Abfahrt zur DSB war schon mal recht pappig, aber weil das Wetter besser war (nicht jedoch die Pistenverh\u00e4ltnisse) fuhr ich hier und da ein bisschen und um 13 Uhr wieder runter &#8211; hatte daheim interessanteres zu tun :)<\/p>\n<p>Um 12\/13 Uhr talw\u00e4rts bekommt man nat\u00fcrlich keine GB2-Kabine f\u00fcr sich und leider ist ja die 4EUB nicht in Betrieb. Gestern daher Maske tragen m\u00fcssen. Die Familie aus DE heute verzichtete dagegen auf MNS, also zog ich mein Halstuch auch runter. Im Gegensatz zu denen red ich aber auch nicht und kann somit keine Tr\u00f6pfchen ausspucken. Vielleicht sollte man statt MNS-Pflicht also Redeverbot erteilen, w\u00e4r f\u00fcr Mitfahrer auch viel angenehmer :)<\/p>\n<p>Da auf der 1. Sektion heute wieder die 8EUB fuhr, konnte man dort problemloser eine eigene Kabine bekommen.<\/p>\n<p>Fazit: Das WE war zu vergessen. Offpiste hab ich erst gar nicht viel probiert. Ob ich f\u00fcr solche WE in Zukunft \u00fcberhaupt noch einen Bericht schreib, wei\u00df ich nicht. <\/p>\n<p><a href='http:\/\/ski.inmontanis.info\/d\/280980-2\/DSC00606.jpg'><img src=http:\/\/ski.inmontanis.info\/d\/280979-3\/DSC00606.jpg \/><\/a><br \/>\n^ Zufahrt GB3<\/p>\n<p><a href='http:\/\/ski.inmontanis.info\/d\/280984-2\/DSC00607.jpg'><img src=http:\/\/ski.inmontanis.info\/d\/280983-3\/DSC00607.jpg \/><\/a><br \/>\n^ ZwiDeGo, wg. des Neuschnees dieses WE nicht von mir befahren<\/p>\n<p><a href='http:\/\/ski.inmontanis.info\/d\/280988-2\/DSC00608.jpg'><img src=http:\/\/ski.inmontanis.info\/d\/280987-3\/DSC00608.jpg \/><\/a><br \/>\n^ DSB-Zufahrt<\/p>\n<p><a href='http:\/\/ski.inmontanis.info\/d\/280992-2\/DSC00610_001.jpg'><img src=http:\/\/ski.inmontanis.info\/d\/280991-3\/DSC00610_001.jpg \/><\/a><br \/>\n^ GW\/Olperer<\/p>\n<p><a href='http:\/\/ski.inmontanis.info\/d\/280996-2\/DSC00611.jpg'><img src=http:\/\/ski.inmontanis.info\/d\/280995-3\/DSC00611.jpg \/><\/a><br \/>\n^ Viel los heute am \u00dcbungslift<\/p>\n","protected":false},"excerpt":{"rendered":"<p>Sa, 18.7.2020<\/p>\n<p>Die letzten Tage samt diesem WE war die n\u00e4chste Kaltfront in Tirol, somit also abermals etwas Neuschnee auf den Pisten plus Nebelskifahren. Immerhin sollte es auch tags\u00fcber recht frisch bleiben, wenn man schon keinen Firn bekommt, dann hoffentlich nicht zu viel Papp?<\/p>\n<p>Um 10:30 war ich etwas sp\u00e4ter als sonst in der Tiefgarage. <a href=\"http:\/\/blog.inmontanis.info\/?p=6243\">[&#8230;]<\/a><\/p>\n","protected":false},"author":1,"featured_media":0,"comment_status":"closed","ping_status":"closed","sticky":false,"template":"","format":"standard","meta":{"footnotes":""},"categories":[246,25,13,28],"tags":[72,47],"class_list":["post-6243","post","type-post","status-publish","format-standard","hentry","category-hintertux","category-noreport","category-austria","category-skifahren-sommer","tag-10eub","tag-sl","odd"],"_links":{"self":[{"href":"http:\/\/blog.inmontanis.info\/index.php?rest_route=\/wp\/v2\/posts\/6243","targetHints":{"allow":["GET"]}}],"collection":[{"href":"http:\/\/blog.inmontanis.info\/index.php?rest_route=\/wp\/v2\/posts"}],"about":[{"href":"http:\/\/blog.inmontanis.info\/index.php?rest_route=\/wp\/v2\/types\/post"}],"author":[{"embeddable":true,"href":"http:\/\/blog.inmontanis.info\/index.php?rest_route=\/wp\/v2\/users\/1"}],"replies":[{"embeddable":true,"href":"http:\/\/blog.inmontanis.info\/index.php?rest_route=%2Fwp%2Fv2%2Fcomments&post=6243"}],"version-history":[{"count":2,"href":"http:\/\/blog.inmontanis.info\/index.php?rest_route=\/wp\/v2\/posts\/6243\/revisions"}],"predecessor-version":[{"id":6245,"href":"http:\/\/blog.inmontanis.info\/index.php?rest_route=\/wp\/v2\/posts\/6243\/revisions\/6245"}],"wp:attachment":[{"href":"http:\/\/blog.inmontanis.info\/index.php?rest_route=%2Fwp%2Fv2%2Fmedia&parent=6243"}],"wp:term":[{"taxonomy":"category","embeddable":true,"href":"http:\/\/blog.inmontanis.info\/index.php?rest_route=%2Fwp%2Fv2%2Fcategories&post=6243"},{"taxonomy":"post_tag","embeddable":true,"href":"http:\/\/blog.inmontanis.info\/index.php?rest_route=%2Fwp%2Fv2%2Ftags&post=6243"}],"curies":[{"name":"wp","href":"https:\/\/api.w.org\/{rel}","templated":true}]}}