{"id":6240,"date":"2020-07-16T18:34:30","date_gmt":"2020-07-16T16:34:30","guid":{"rendered":"http:\/\/blog.inmontanis.info\/?p=6240"},"modified":"2023-08-03T22:17:38","modified_gmt":"2023-08-03T20:17:38","slug":"tribute-to-staunies-2016-2026-chapter-4-2020","status":"publish","type":"post","link":"http:\/\/blog.inmontanis.info\/?p=6240","title":{"rendered":"Tribute to Staunies, 2016-2026 {Chapter 4: 2020}"},"content":{"rendered":"<p><em>Einige Jahre lang stand immer ein &#8220;heuer ist das letzte Jahr&#8221; im Raum. F\u00fcr Juli 2016 wurde das endg\u00fcltige Ende des sch\u00f6nen, nostalgischen Staunies-Gondelkorbliftes in Cortina d&#8217;Ampezzo proklamiert. An einem der letzten Tage, am 16.7.2016, war ich noch einmal dort und kaufte mir die Dolomiti-&#8220;Superski&#8221;-Sommer-Tageskarte um 44,- \u20ac, um den ganzen Tag \u00fcber mehrmals mit dem Lift fahren zu k\u00f6nnen. Selbst im Winter bin ich ungern bereit, soviel f\u00fcr einen Skipass auszugeben ;-)<\/p>\n<p>376 Fotos hatte ich gemacht (mit diversen Objektiven), dazu 159 Videoclips mit fast 3 Stunden L\u00e4nge, sowohl mit der kleinen Actioncam, wie mit der gro\u00dfen Digicam.<\/p>\n<p>Ich hab ja bereits mehrere Berichte mit vielen Fotos von dem Lift online und wollte diesen letzten Bericht zur einj\u00e4hrigen Stilllegung 2017 ver\u00f6ffentlichen. Im Juli 2017 hatte ich mir das anders \u00fcberlegt: Ich werde die Fotos und Videos aufteilen. Auf 10 Teil-Berichte. Und von 2017 weg jedes Jahr im Juli einen weiteren Teil online stellen.<br \/>\n<\/em><\/p>\n<p>Hier also Teil 4, der Zeitraum der Fotos und Videos war ca. 11:55-12:30 Uhr.<\/p>\n<p>(Fotos anklicken zum Vergr\u00f6\u00dfern)<\/p>\n<p><a href='http:\/\/ski.inmontanis.info\/d\/280892-2\/DSC02656_001.jpg'><img src=http:\/\/ski.inmontanis.info\/d\/280891-3\/DSC02656_001.jpg \/><\/a><br \/>\n^ Strecke in IR<\/p>\n<p><a href='http:\/\/ski.inmontanis.info\/d\/280896-2\/DSC05143.jpg'><img src=http:\/\/ski.inmontanis.info\/d\/280895-3\/DSC05143.jpg \/><\/a><br \/>\n^ Strecke<\/p>\n<p><a href='http:\/\/ski.inmontanis.info\/d\/280900-2\/DSC05144.jpg'><img src=http:\/\/ski.inmontanis.info\/d\/280899-3\/DSC05144.jpg \/><\/a><br \/>\n^ Talstation<\/p>\n<p><a href='http:\/\/ski.inmontanis.info\/d\/280904-2\/DSC05145.jpg'><img src=http:\/\/ski.inmontanis.info\/d\/280903-3\/DSC05145.jpg \/><\/a><br \/>\n^ St\u00fctze 6<\/p>\n<p><a href='http:\/\/ski.inmontanis.info\/d\/280908-2\/DSC05147.jpg'><img src=http:\/\/ski.inmontanis.info\/d\/280907-3\/DSC05147.jpg \/><\/a><br \/>\n^ Doppel-St\u00fctze 6<\/p>\n<p><a href='http:\/\/ski.inmontanis.info\/d\/280912-2\/DSC05149.jpg'><img src=http:\/\/ski.inmontanis.info\/d\/280911-3\/DSC05149.jpg \/><\/a><br \/>\n^ Doppel-St\u00fctze 6<\/p>\n<p><a href='http:\/\/ski.inmontanis.info\/d\/280916-2\/DSC05150.jpg'><img src=http:\/\/ski.inmontanis.info\/d\/280915-3\/DSC05150.jpg \/><\/a><br \/>\n^ St\u00fctze 7<\/p>\n<p><a href='http:\/\/ski.inmontanis.info\/d\/280920-2\/DSC05151.jpg'><img src=http:\/\/ski.inmontanis.info\/d\/280919-3\/DSC05151.jpg \/><\/a><br \/>\n^ St\u00fctze 8<\/p>\n<p><a href='http:\/\/ski.inmontanis.info\/d\/280924-2\/DSC05152.jpg'><img src=http:\/\/ski.inmontanis.info\/d\/280923-3\/DSC05152.jpg \/><\/a><br \/>\n^ St\u00fctze 8<\/p>\n<p><a href='http:\/\/ski.inmontanis.info\/d\/280928-2\/DSC05153.jpg'><img src=http:\/\/ski.inmontanis.info\/d\/280927-3\/DSC05153.jpg \/><\/a><br \/>\n^ St\u00fctze 8<\/p>\n<p><a href='http:\/\/ski.inmontanis.info\/d\/280932-2\/DSC05154.jpg'><img src=http:\/\/ski.inmontanis.info\/d\/280931-3\/DSC05154.jpg \/><\/a><br \/>\n^ Doppel-St\u00fctze 10 und DSB-Zwischenausstieg<\/p>\n<p><a href='http:\/\/ski.inmontanis.info\/d\/280936-2\/DSC05156.jpg'><img src=http:\/\/ski.inmontanis.info\/d\/280935-3\/DSC05156.jpg \/><\/a><br \/>\n^ Doppel-St\u00fctze 10<\/p>\n<p><a href='http:\/\/ski.inmontanis.info\/d\/280940-2\/DSC05158.jpg'><img src=http:\/\/ski.inmontanis.info\/d\/280939-3\/DSC05158.jpg \/><\/a><br \/>\n^ DSB-Zwischenausstieg und alte Fundamente<\/p>\n<p><a href='http:\/\/ski.inmontanis.info\/d\/280944-2\/DSC05161.jpg'><img src=http:\/\/ski.inmontanis.info\/d\/280943-3\/DSC05161.jpg \/><\/a><br \/>\n^ DSB-Zwischenausstieg<\/p>\n<p><a href='http:\/\/ski.inmontanis.info\/d\/280948-2\/DSC05163.jpg'><img src=http:\/\/ski.inmontanis.info\/d\/280947-3\/DSC05163.jpg \/><\/a><br \/>\n^ DSB-Zwischenausstieg<\/p>\n<p><a href='http:\/\/ski.inmontanis.info\/d\/280952-2\/DSC05164.jpg'><img src=http:\/\/ski.inmontanis.info\/d\/280951-3\/DSC05164.jpg \/><\/a><br \/>\n^ Ex-Fundament<\/p>\n<p><a href='http:\/\/ski.inmontanis.info\/d\/280956-2\/DSC05165.jpg'><img src=http:\/\/ski.inmontanis.info\/d\/280955-3\/DSC05165.jpg \/><\/a><\/p>\n<p><a href='http:\/\/ski.inmontanis.info\/d\/280960-2\/DSC05166.jpg'><img src=http:\/\/ski.inmontanis.info\/d\/280959-3\/DSC05166.jpg \/><\/a><br \/>\n^ St\u00fctze 12<\/p>\n<p><a href='http:\/\/ski.inmontanis.info\/d\/280964-2\/DSC05167_001.jpg'><img src=http:\/\/ski.inmontanis.info\/d\/280963-3\/DSC05167_001.jpg \/><\/a><br \/>\n^ St\u00fctze 12<\/p>\n<p><a href='http:\/\/ski.inmontanis.info\/d\/280968-2\/DSC05168.jpg'><img src=http:\/\/ski.inmontanis.info\/d\/280967-3\/DSC05168.jpg \/><\/a><br \/>\n^ Oberer Streckenteil<\/p>\n<p><a href='http:\/\/ski.inmontanis.info\/d\/280972-2\/DSC05170_001.jpg'><img src=http:\/\/ski.inmontanis.info\/d\/280971-3\/DSC05170_001.jpg \/><\/a><br \/>\n^ R\u00fcckblick<\/p>\n<p><a href='http:\/\/ski.inmontanis.info\/d\/280976-2\/DSC05172.jpg'><img src=http:\/\/ski.inmontanis.info\/d\/280975-3\/DSC05172.jpg \/><\/a><br \/>\n^ Bergstation<\/p>\n<p>Und hier das dazu passende Videomaterial, eine Bergfahrt:<\/p>\n<p><object style=\"height: 500px; width: 900px\"><param name=\"movie\" value=\"http:\/\/www.youtube.com\/v\/smRK03PKY_w\"><\/param><param name=\"wmode\" value=\"transparent\"><\/param><embed src=\"http:\/\/www.youtube.com\/v\/smRK03PKY_w\" type=\"application\/x-shockwave-flash\" wmode=\"transparent\"  width=\"900\" height=\"480\"><\/embed><\/object><\/p>\n<p>(Fortsetzung folgt &#8211; im Juli 2021.) <\/p>\n","protected":false},"excerpt":{"rendered":"<p>Einige Jahre lang stand immer ein &#8220;heuer ist das letzte Jahr&#8221; im Raum. F\u00fcr Juli 2016 wurde das endg\u00fcltige Ende des sch\u00f6nen, nostalgischen Staunies-Gondelkorbliftes in Cortina d&#8217;Ampezzo proklamiert. An einem der letzten Tage, am 16.7.2016, war ich noch einmal dort und kaufte mir die Dolomiti-&#8220;Superski&#8221;-Sommer-Tageskarte um 44,- \u20ac, um den ganzen Tag \u00fcber mehrmals mit <a href=\"http:\/\/blog.inmontanis.info\/?p=6240\">[&#8230;]<\/a><\/p>\n","protected":false},"author":1,"featured_media":0,"comment_status":"closed","ping_status":"closed","sticky":false,"template":"","format":"standard","meta":{"footnotes":""},"categories":[500,24,15,59],"tags":[90,63],"class_list":["post-6240","post","type-post","status-publish","format-standard","hentry","category-cortina-dampezzo","category-tagestour","category-italienitaly","category-nostalgie","tag-infrarot","tag-korblift","odd"],"_links":{"self":[{"href":"http:\/\/blog.inmontanis.info\/index.php?rest_route=\/wp\/v2\/posts\/6240","targetHints":{"allow":["GET"]}}],"collection":[{"href":"http:\/\/blog.inmontanis.info\/index.php?rest_route=\/wp\/v2\/posts"}],"about":[{"href":"http:\/\/blog.inmontanis.info\/index.php?rest_route=\/wp\/v2\/types\/post"}],"author":[{"embeddable":true,"href":"http:\/\/blog.inmontanis.info\/index.php?rest_route=\/wp\/v2\/users\/1"}],"replies":[{"embeddable":true,"href":"http:\/\/blog.inmontanis.info\/index.php?rest_route=%2Fwp%2Fv2%2Fcomments&post=6240"}],"version-history":[{"count":2,"href":"http:\/\/blog.inmontanis.info\/index.php?rest_route=\/wp\/v2\/posts\/6240\/revisions"}],"predecessor-version":[{"id":6242,"href":"http:\/\/blog.inmontanis.info\/index.php?rest_route=\/wp\/v2\/posts\/6240\/revisions\/6242"}],"wp:attachment":[{"href":"http:\/\/blog.inmontanis.info\/index.php?rest_route=%2Fwp%2Fv2%2Fmedia&parent=6240"}],"wp:term":[{"taxonomy":"category","embeddable":true,"href":"http:\/\/blog.inmontanis.info\/index.php?rest_route=%2Fwp%2Fv2%2Fcategories&post=6240"},{"taxonomy":"post_tag","embeddable":true,"href":"http:\/\/blog.inmontanis.info\/index.php?rest_route=%2Fwp%2Fv2%2Ftags&post=6240"}],"curies":[{"name":"wp","href":"https:\/\/api.w.org\/{rel}","templated":true}]}}