{"id":6235,"date":"2020-05-23T18:51:44","date_gmt":"2020-05-23T16:51:44","guid":{"rendered":"http:\/\/blog.inmontanis.info\/?p=6235"},"modified":"2023-08-05T16:03:09","modified_gmt":"2023-08-05T14:03:09","slug":"klovsjo-mulsjo-trelleborg-innsbruck-22-23-5-2020","status":"publish","type":"post","link":"http:\/\/blog.inmontanis.info\/?p=6235","title":{"rendered":"Kl\u00f6vsj\u00f6-Mulsj\u00f6-Trelleborg-Innsbruck 22.-23.5.2020"},"content":{"rendered":"<p><strong>Final Escape Sweden, 7.5.2020-23.5.2020<br \/>\nTag 16: FR, 22.5.2020 &#8211; Kl\u00f6vsj\u00f6-Mulsj\u00f6-Trelleborg<\/strong> (km 8.613, Diff. 1.016)<\/p>\n<p>Heute gab es erstmals wieder 2-stellige Temperaturen und im Tagesverlauf sogar 20-21\u00b0 lt. Autothermometer. N\u00f6rdlich von Mora war die Strasse mal abschnittsweise \u00fcber 500m (H\u00f6he), da hatte ich zwischen 9 und 10 Uhr die letzten Schneereste neben der Strasse. Untr\u00fcgliche Zeichen, dass es wieder heimw\u00e4rts in den S\u00fcden geht&#8230;<\/p>\n<p>Da ich beim Skigebiet Kl\u00f6vsj\u00f6 \u00fcbernachtet hatte, sah ich mir morgens noch den Storhogna-Teil an. Bei meiner ersten Winter-Skandinavienreise war ich zwar f\u00fcr je einen halben Tag in Vemdalen und Bj\u00f6rnrike, aber nicht in Kl\u00f6vsj\u00f6. M\u00fcsste man auch mal nachholen.<\/p>\n<p>Sp\u00e4ter fuhr ich noch in Mulsj\u00f6 Alpin vorbei, einem kleinen Skigebiet, das mit wenig Umweg auf der Route lag.<\/p>\n<p>(Fotos anklicken zum Vergr\u00f6\u00dfern)<\/p>\n<p><a href='http:\/\/extra.inmontanis.info\/d\/58587-3\/scn2020a.jpg'><img src=http:\/\/extra.inmontanis.info\/d\/58586-4\/scn2020a.jpg \/><\/a><br \/>\n^ T\u00fcrkis von X bis Trelleborg (Meer): Fahrstrecke 22.5.2020 (1.016km)<br \/>\nDunkelblau von Trelleborg (Meer) bis Innsbruck : Fahrstrecke 23.5.2020 (953km)<br \/>\nX: Kl\u00f6vsj\u00f6 \/ Vemdalen<br \/>\nB: Gesundaberget \/ Mora<br \/>\nY: Mullsj\u00f6 Alpin<\/p>\n<p><a href='http:\/\/ski.inmontanis.info\/d\/280790-2\/DSC00009.jpg'><img src=http:\/\/ski.inmontanis.info\/d\/280789-3\/DSC00009.jpg \/><\/a><br \/>\n^ Abgeschiedener, rechter \u00dcbungslift in Kl\u00f6vsj\u00f6<\/p>\n<p><a href='http:\/\/ski.inmontanis.info\/d\/280794-2\/DSC00012.jpg'><img src=http:\/\/ski.inmontanis.info\/d\/280793-3\/DSC00012.jpg \/><\/a><br \/>\n^ Haupthang<\/p>\n<p><a href='http:\/\/ski.inmontanis.info\/d\/280798-2\/DSC00015.jpg'><img src=http:\/\/ski.inmontanis.info\/d\/280797-3\/DSC00015.jpg \/><\/a><br \/>\n^ Hinterer Skigebietsteil (Storhogna)<\/p>\n<p><a href='http:\/\/ski.inmontanis.info\/d\/280802-2\/DSC00017.jpg'><img src=http:\/\/ski.inmontanis.info\/d\/280801-3\/DSC00017.jpg \/><\/a><br \/>\n^ Pl\u00e4ne<\/p>\n<p><a href='http:\/\/ski.inmontanis.info\/d\/280806-2\/DSC00019.jpg'><img src=http:\/\/ski.inmontanis.info\/d\/280805-3\/DSC00019.jpg \/><\/a><br \/>\n^ Der Verbindungslift geht unter der Stra\u00dfe hindurch (Storhogna)<\/p>\n<p><a href='http:\/\/ski.inmontanis.info\/d\/280810-2\/DSC00021.jpg'><img src=http:\/\/ski.inmontanis.info\/d\/280809-3\/DSC00021.jpg \/><\/a><br \/>\n^ Verbindungslifte richtung Kl\u00f6vsj\u00f6<\/p>\n<p><a href='http:\/\/ski.inmontanis.info\/d\/280814-2\/DSC00025.jpg'><img src=http:\/\/ski.inmontanis.info\/d\/280813-3\/DSC00025.jpg \/><\/a><br \/>\n^ Skigebiet Vemdalsskalet<\/p>\n<p><a href='http:\/\/ski.inmontanis.info\/d\/280818-2\/DSC00032.jpg'><img src=http:\/\/ski.inmontanis.info\/d\/280817-3\/DSC00032.jpg \/><\/a><br \/>\n^ Vemdalsskalet, hier recht modelliert<\/p>\n<p><a href='http:\/\/ski.inmontanis.info\/d\/280822-2\/DSC00036.jpg'><img src=http:\/\/ski.inmontanis.info\/d\/280821-3\/DSC00036.jpg \/><\/a><br \/>\n^ Skigebiet Bj\u00f6rnrike<\/p>\n<p><a href='http:\/\/extra.inmontanis.info\/d\/59799-2\/DSC00042.jpg'><img src=http:\/\/extra.inmontanis.info\/d\/59798-3\/DSC00042.jpg \/><\/a><br \/>\n^ E45 \/ Voxnan<\/p>\n<p><a href='http:\/\/extra.inmontanis.info\/d\/59803-2\/DSC00043.jpg'><img src=http:\/\/extra.inmontanis.info\/d\/59802-3\/DSC00043.jpg \/><\/a><br \/>\n^ Hach, ich mag den Inlandsv\u00e4gen, um Schweden von Nord nach S\u00fcd oder umgekehrt zu durchqueren.<\/p>\n<p><a href='http:\/\/extra.inmontanis.info\/d\/59807-2\/DSC00045.jpg'><img src=http:\/\/extra.inmontanis.info\/d\/59806-3\/DSC00045.jpg \/><\/a><br \/>\n^ E45 \/ Sandsj\u00f6n<\/p>\n<p><a href='http:\/\/extra.inmontanis.info\/d\/59811-2\/DSC00047.jpg'><img src=http:\/\/extra.inmontanis.info\/d\/59810-3\/DSC00047.jpg \/><\/a><br \/>\n^ Inlandsv\u00e4gen kreuzt Inlandsbanan<\/p>\n<p><a href='http:\/\/extra.inmontanis.info\/d\/59815-2\/DSC00049.jpg'><img src=http:\/\/extra.inmontanis.info\/d\/59814-3\/DSC00049.jpg \/><\/a><br \/>\n^ vmtl. Skigebiet Gr\u00f6nklitt, das letzte Mal, das ich auf dieser Reise Schnee sah<\/p>\n<p><a href='http:\/\/extra.inmontanis.info\/d\/59819-2\/DSC00051.jpg'><img src=http:\/\/extra.inmontanis.info\/d\/59818-3\/DSC00051.jpg \/><\/a><br \/>\n^ E45 \/ Orsasj\u00f6n<\/p>\n<p><a href='http:\/\/extra.inmontanis.info\/d\/59823-2\/DSC00056.jpg'><img src=http:\/\/extra.inmontanis.info\/d\/59822-3\/DSC00056.jpg \/><\/a><br \/>\n^ Mora<\/p>\n<p><a href='http:\/\/extra.inmontanis.info\/d\/59827-2\/DSC00060.jpg'><img src=http:\/\/extra.inmontanis.info\/d\/59826-3\/DSC00060.jpg \/><\/a><br \/>\n^ E45 \/ Orklingen<\/p>\n<p><a href='http:\/\/extra.inmontanis.info\/d\/59831-2\/DSC00064.jpg'><img src=http:\/\/extra.inmontanis.info\/d\/59830-3\/DSC00064.jpg \/><\/a><br \/>\n^ 26 \/ Lesj\u00f6n<\/p>\n<p><a href='http:\/\/extra.inmontanis.info\/d\/59835-2\/DSC00066.jpg'><img src=http:\/\/extra.inmontanis.info\/d\/59834-3\/DSC00066.jpg \/><\/a><br \/>\n^ 26 \/ L\u00e5ngban<\/p>\n<p><a href='http:\/\/extra.inmontanis.info\/d\/59839-2\/DSC00067.jpg'><img src=http:\/\/extra.inmontanis.info\/d\/59838-3\/DSC00067.jpg \/><\/a><br \/>\n^ Ja, man sieht sie auf schwedischen Stra\u00dfen immer noch, diese tollen alten Amischlitten<\/p>\n<p><a href='http:\/\/extra.inmontanis.info\/d\/59843-2\/DSC00068.jpg'><img src=http:\/\/extra.inmontanis.info\/d\/59842-3\/DSC00068.jpg \/><\/a><br \/>\n^ Nicht das Meer, sondern der riesige V\u00e4nern-See<\/p>\n<p><a href='http:\/\/extra.inmontanis.info\/d\/59847-2\/IMG_20200522_142445.jpg'><img src=http:\/\/extra.inmontanis.info\/d\/59846-3\/IMG_20200522_142445.jpg \/><\/a><br \/>\n^ Lecker K\u00f6ttbullar<\/p>\n<p><a href='http:\/\/ski.inmontanis.info\/d\/280828-2\/DSC00078.jpg'><img src=http:\/\/ski.inmontanis.info\/d\/280826-3\/DSC00078.jpg \/><\/a><br \/>\n^ Blick ins Skigebiet Mullsj\u00f6 Alpin in eher britisch wirkender H\u00fcgellandschaft<\/p>\n<p><a href='http:\/\/ski.inmontanis.info\/d\/280832-2\/DSC00081.jpg'><img src=http:\/\/ski.inmontanis.info\/d\/280831-3\/DSC00081.jpg \/><\/a><br \/>\n^ Parkplatz an der Bergstation<\/p>\n<p><a href='http:\/\/ski.inmontanis.info\/d\/280836-2\/DSC00083.jpg'><img src=http:\/\/ski.inmontanis.info\/d\/280835-3\/DSC00083.jpg \/><\/a><br \/>\n^ Bergstationen der 3 SL. Wie man wohl beim mittleren SL aussteigt\/wegf\u00e4hrt mit den anderen SL links und rechts daneben .. ?<\/p>\n<p><a href='http:\/\/ski.inmontanis.info\/d\/280840-2\/DSC00084.jpg'><img src=http:\/\/ski.inmontanis.info\/d\/280839-3\/DSC00084.jpg \/><\/a><br \/>\n^ <\/p>\n<p><a href='http:\/\/ski.inmontanis.info\/d\/280844-2\/DSC00085.jpg'><img src=http:\/\/ski.inmontanis.info\/d\/280843-3\/DSC00085.jpg \/><\/a><br \/>\n^ Pistenplan<\/p>\n<p><a href='http:\/\/ski.inmontanis.info\/d\/280848-2\/DSC00087.jpg'><img src=http:\/\/ski.inmontanis.info\/d\/280847-3\/DSC00087.jpg \/><\/a><br \/>\n^ Panorama<\/p>\n<p><a href='http:\/\/ski.inmontanis.info\/d\/280852-2\/DSC00088.jpg'><img src=http:\/\/ski.inmontanis.info\/d\/280851-3\/DSC00088.jpg \/><\/a><br \/>\n^ Abfahrten 1-2-3<\/p>\n<p><a href='http:\/\/ski.inmontanis.info\/d\/280856-2\/DSC00089.jpg'><img src=http:\/\/ski.inmontanis.info\/d\/280855-3\/DSC00089.jpg \/><\/a><br \/>\n^ Neben den 3 parallelen SL gibts noch zwei k\u00fcrzere \u00dcbungslifte<\/p>\n<p><a href='http:\/\/ski.inmontanis.info\/d\/280860-2\/DSC00091.jpg'><img src=http:\/\/ski.inmontanis.info\/d\/280859-3\/DSC00091.jpg \/><\/a><br \/>\n^ 4 SL<\/p>\n<p><a href='http:\/\/ski.inmontanis.info\/d\/280864-2\/DSC00092.jpg'><img src=http:\/\/ski.inmontanis.info\/d\/280863-3\/DSC00092.jpg \/><\/a><br \/>\n^ Hersteller<\/p>\n<p><a href='http:\/\/ski.inmontanis.info\/d\/280868-2\/DSC00094.jpg'><img src=http:\/\/ski.inmontanis.info\/d\/280867-3\/DSC00094.jpg \/><\/a><br \/>\n^ Linker \u00dcbungslift<\/p>\n<p><a href='http:\/\/ski.inmontanis.info\/d\/280872-2\/DSC00096.jpg'><img src=http:\/\/ski.inmontanis.info\/d\/280871-3\/DSC00096.jpg \/><\/a><br \/>\n^ Beide \u00dcbungslifte<\/p>\n<p><a href='http:\/\/ski.inmontanis.info\/d\/280876-2\/DSC00099.jpg'><img src=http:\/\/ski.inmontanis.info\/d\/280875-3\/DSC00099.jpg \/><\/a><br \/>\n^ Abfahrten 4-5<\/p>\n<p><a href='http:\/\/ski.inmontanis.info\/d\/280880-2\/DSC00102.jpg'><img src=http:\/\/ski.inmontanis.info\/d\/280879-3\/DSC00102.jpg \/><\/a><br \/>\n^ Bergstationen<\/p>\n<p><a href='http:\/\/ski.inmontanis.info\/d\/280884-2\/DSC00104.jpg'><img src=http:\/\/ski.inmontanis.info\/d\/280883-3\/DSC00104.jpg \/><\/a><br \/>\n^ Bergstationen<\/p>\n<p><a href='http:\/\/ski.inmontanis.info\/d\/280888-3\/DSC00105.jpg'><img src=http:\/\/ski.inmontanis.info\/d\/280887-4\/DSC00105.jpg \/><\/a><br \/>\n^ Bergstationen<\/p>\n<p><a href='http:\/\/extra.inmontanis.info\/d\/59851-2\/DSC00109.jpg'><img src=http:\/\/extra.inmontanis.info\/d\/59850-3\/DSC00109.jpg \/><\/a><br \/>\n^ Landschaft hier m.E. eher britisch als skandinavisch<\/p>\n<p><a href='http:\/\/extra.inmontanis.info\/d\/59855-2\/DSC00111.jpg'><img src=http:\/\/extra.inmontanis.info\/d\/59854-3\/DSC00111.jpg \/><\/a><br \/>\n^ Historische BP-Tankstelle<\/p>\n<p><a href='http:\/\/extra.inmontanis.info\/d\/59859-2\/DSC00112.jpg'><img src=http:\/\/extra.inmontanis.info\/d\/59858-3\/DSC00112.jpg \/><\/a><br \/>\n^ Historische Tankstelle<\/p>\n<p><a href='http:\/\/extra.inmontanis.info\/d\/59863-2\/DSC00120.jpg'><img src=http:\/\/extra.inmontanis.info\/d\/59862-3\/DSC00120.jpg \/><\/a><br \/>\n^ Yeah, KFC!<\/p>\n<p><a href='http:\/\/extra.inmontanis.info\/d\/59867-2\/IMG_20200521_215750.jpg'><img src=http:\/\/extra.inmontanis.info\/d\/59866-3\/IMG_20200521_215750.jpg \/><\/a><br \/>\n^ Gibt was mit BBQ-Sauce? Dann muss ich das testen ;)<\/p>\n<p>Leider gab es am KFC ewige Wartezeiten innen, die Abstandsmarkierungen wurden von den meisten eingehalten, es war nur eine Kasse offen (mit Plexiglas davor), aber ich wartete geduldig auf meinen Original BBQ Burger plus Twister, den ich morgen fr\u00fch kalt essen wollte. <\/p>\n<p>Bis ich noch einen Parkplatz in Trelleborg gefunden hatte, der mir gefiel, war es schon recht sp\u00e4t, h\u00e4tte aber noch 6,5 &#8220;Sollschlafstunden&#8221; gehabt, leider konnte ich wegen Regen und der W\u00e4rme schlecht einschlafen.<\/p>\n<p>&#8212;<\/p>\n<p><strong>Final Escape Sweden, 7.5.2020-23.5.2020<br \/>\nTag 17: SA, 23.5.2020 &#8211; Trelleborg-Innsbruck<\/strong> (km 9.566, Diff. 953)<\/p>\n<p>Dass ich schon einen Tag fr\u00fcher als \u00fcblich heimfuhr hatte 2 Gr\u00fcnde:<br \/>\n&#8211; am Sonntag gab es keine 7:30 &#8211; F\u00e4hre von Trelleborg nach Rostock<br \/>\n&#8211; falls ich doch volle 2 Wochen in Quarant\u00e4ne muss und keinen Test machen darf, k\u00f6nnt ich so \u00fcbern\u00e4chstes WE am Sonntag skifahren<\/p>\n<p>Um 6:30 Uhr, also bereits 1 Stunde vor Abfahrt der F\u00e4hre, war ich bereits auf dem Schiff. Durch die eher kurzfristige Buchung war die \u00dcberfahrt etwas teurer, wobei ich einige Bonuspunkte bei Stena vom letzten Mal hatte, so dass es 83,- \u20ac kostete. Gibt sogar gratis Internet.<\/p>\n<p>Nach dem ersten Film (abgespeichert am Handy) und dem Rest des dritten Teils einer Serie hatte ich Hunger und gerade Gl\u00fcck, die Shrimpsandwiches standen zum Verkauf. Der Shop ist zwar auch nicht durchg\u00e4ngig offen, aber wohl immerhin laufend Essen m\u00f6glich, insofern also nach wie vor der Vorteil zur TT-Line. Auf der F\u00e4hre sah man erstmals wieder Leute mit Maske &#8211; aber keine Ahnung, ob die bei Ankunft in Deutschland ein Muss gewesen w\u00e4ren. <\/p>\n<p><a href='http:\/\/extra.inmontanis.info\/d\/59871-3\/DSC00122.jpg'><img src=http:\/\/extra.inmontanis.info\/d\/59870-4\/DSC00122.jpg \/><\/a><br \/>\n^ Trelleborg F\u00e4hrhafen<\/p>\n<p><a href='http:\/\/extra.inmontanis.info\/d\/59875-3\/DSC00124.jpg'><img src=http:\/\/extra.inmontanis.info\/d\/59874-4\/DSC00124.jpg \/><\/a><br \/>\n^ Trelleborg Hafen \/ Meine heutige F\u00e4hre hat sogar ein Zugdeck<\/p>\n<p><a href='http:\/\/extra.inmontanis.info\/d\/59879-3\/DSC00129.jpg'><img src=http:\/\/extra.inmontanis.info\/d\/59878-4\/DSC00129.jpg \/><\/a><br \/>\n^ G\u00fcterwaggons werden auf die F\u00e4hre gefahren<\/p>\n<p><a href='http:\/\/extra.inmontanis.info\/d\/59883-3\/DSC00127.jpg'><img src=http:\/\/extra.inmontanis.info\/d\/59882-4\/DSC00127.jpg \/><\/a><br \/>\n^ Trelleborg Hafen<\/p>\n<p><a href='http:\/\/extra.inmontanis.info\/d\/59887-3\/DSC00130.jpg'><img src=http:\/\/extra.inmontanis.info\/d\/59886-4\/DSC00130.jpg \/><\/a><br \/>\n^ 1962 war das Auffahren auf die F\u00e4hre doch noch um einiges unbequemer ..<\/p>\n<p><a href='http:\/\/extra.inmontanis.info\/d\/59891-3\/DSC00132.jpg'><img src=http:\/\/extra.inmontanis.info\/d\/59890-4\/DSC00132.jpg \/><\/a><br \/>\n^ Trelleborg Hafen<\/p>\n<p><a href='http:\/\/extra.inmontanis.info\/d\/59895-3\/DSC00135.jpg'><img src=http:\/\/extra.inmontanis.info\/d\/59894-4\/DSC00135.jpg \/><\/a><br \/>\n^ F\u00e4hre von der Hinfahrt, f\u00e4hrt etwas sp\u00e4ter ab<\/p>\n<p><a href='http:\/\/extra.inmontanis.info\/d\/59899-3\/IMG_20200522_104205.jpg'><img src=http:\/\/extra.inmontanis.info\/d\/59898-4\/IMG_20200522_104205.jpg \/><\/a><br \/>\n^ Shrimpsandwich mit Polarbr\u00f6d, doppelt lecker<\/p>\n<p><a href='http:\/\/extra.inmontanis.info\/d\/59903-3\/DSC00145.jpg'><img src=http:\/\/extra.inmontanis.info\/d\/59902-4\/DSC00145.jpg \/><\/a><br \/>\n^ Wetter lud heut nicht sehr zum Verweilen auf dem Sun Deck ein<\/p>\n<p><a href='http:\/\/extra.inmontanis.info\/d\/59907-3\/DSC00146.jpg'><img src=http:\/\/extra.inmontanis.info\/d\/59906-4\/DSC00146.jpg \/><\/a><br \/>\n^ In Rostock ist wieder etwas mehr Leben als bei meiner Abfahrt<\/p>\n<p>Um 13:30 wieder in Deutschland hatte ich je nach Route noch ca. 940km zu fahren. Genug Zeit, um gem\u00fctliche 110 km\/h im Tempomat einzustellen. Die Polizei am F\u00e4hrhafen fotorgrafierte mit dem Handy meinen Ausweis. Die K\u00fchlbox war nach der F\u00e4hrfahrt auch noch sehr k\u00fchl, h\u00e4tte ich doch etwas mehr gek\u00fchlte Fertiggerichte einkaufen k\u00f6nnen. In Deutschland hielt ich noch an einem McDonalds-Drive-In f\u00fcr einen McRib und abends in Franken noch an einem KFC-Drive-In f\u00fcr einen gr\u00f6\u00dferen Einkauf, von dem ich 2\/3 mit heim nahm f\u00fcr morgen bzw. zum Einfrieren. Tanken an Automatentankstellen, so dass ich keine Maske aufsetzen musste.<\/p>\n<p>Nachdem ich mich jetzt 2 Wochen lang frei in Schweden bewegen durfte, durch DE fahren durfte, muss ich in \u00d6sterreich nun 2 Wochen in Quarant\u00e4ne &#8211; oder mich um einen negativen Covid-Test k\u00fcmmern. Die Astronauten mussten damals nach der Mondlandung \u00fcbrigens 21 Tage in Quarant\u00e4ne&#8230;<\/p>\n<p>Da ich die Strecke \u00fcber die Inntalautobahn nicht sehr gern fahre, fuhr ich wie eher \u00fcblich \u00fcber Garmisch-Scharnitz, was aber wegen des Regens in der Nacht etwas anstrengender war als \u00fcblich.<\/p>\n<p>An der \u00d6sterreichischen Grenze in Scharnitz musste ich nur meinen Ausweis zeigen und wurde gefragt, wohin ich m\u00f6chte -> heim. Keine Frage nach dem woher, kein Hinweis auf Quarant\u00e4ne, kein Wisch zum Unterschreiben (wie es in der Verordnung hie\u00df), kein Foto oder Notieren des Ausweises. Um kurz vor 1 Uhr war ich daheim.<\/p>\n<p>Zusammenschnitt Dashcamvideo der letzten beiden Tage:<br \/>\n<object style=\"height: 500px; width: 900px\"><param name=\"movie\" value=\"http:\/\/www.youtube.com\/v\/5i32JbyXALk\"><\/param><param name=\"wmode\" value=\"transparent\"><\/param><embed src=\"http:\/\/www.youtube.com\/v\/5i32JbyXALk\" type=\"application\/x-shockwave-flash\" wmode=\"transparent\"  width=\"900\" height=\"480\"><\/embed><\/object><\/p>\n<p>F\u00fcr den Rest des Jahres hab ich nun noch 5 Tage Urlaub \u00fcrig &#8211; ob ich damit heuer noch irgendwann nach UK, IOM oder IRL komme, bleibt abzuwarten, tendenziell aber wohl eher erst im Herbst, sollte es dann m\u00f6glich sein. <\/p>\n<p>Der Grenz\u00fcbertritt lie\u00df nat\u00fcrlich etliche Fragen offen. Am Sonntag hielt ich mich an die Quarant\u00e4ne und suchte M\u00f6glichkeiten und Kosten f\u00fcr Covid-Tests in Innsbruck f\u00fcr Montag raus. Am Montag rief ich eine der Hotlines an und erkundigte mich, wie das jetzt genau mit der Quarant\u00e4ne sei, wenn ich an der Grenze weder darauf hingewiesen wurde noch etwas unterschreiben musste und bekam die Antwort, dass ich dann nicht in Quarant\u00e4ne m\u00fcsse. Eine EMail an eine andere Hotline blieb unbeantwortet. Ich fragte noch meinem Chef, ob ich von der Firma aus in Quarant\u00e4ne bleiben sollte und bekam das OK, dass ich ab Dienstag wieder in die Firma durfte. Soviel dann zum Thema Quarant\u00e4ne &#8211; aber bitte, ich hab mein M\u00f6glichstes getan.<\/p>\n<p><a href='http:\/\/extra.inmontanis.info\/d\/58583-2\/DSC00157.jpg'><img src=http:\/\/extra.inmontanis.info\/d\/58582-3\/DSC00157.jpg \/><\/a><br \/>\n^ Eink\u00e4ufe, diesmal leider ausschlie\u00dflich aus Schweden; rechts 5 gek\u00fchlte Fertiggerichte (Rentiergeschnetzeltes, K\u00f6ttbular, Lachsburger und ein Pie oder Quiche). <\/p>\n<p>## ENDE ##<\/p>\n","protected":false},"excerpt":{"rendered":"<p>Final Escape Sweden, 7.5.2020-23.5.2020 Tag 16: FR, 22.5.2020 &#8211; Kl\u00f6vsj\u00f6-Mulsj\u00f6-Trelleborg (km 8.613, Diff. 1.016)<\/p>\n<p>Heute gab es erstmals wieder 2-stellige Temperaturen und im Tagesverlauf sogar 20-21\u00b0 lt. Autothermometer. N\u00f6rdlich von Mora war die Strasse mal abschnittsweise \u00fcber 500m (H\u00f6he), da hatte ich zwischen 9 und 10 Uhr die letzten Schneereste neben der Strasse. Untr\u00fcgliche Zeichen, <a href=\"http:\/\/blog.inmontanis.info\/?p=6235\">[&#8230;]<\/a><\/p>\n","protected":false},"author":1,"featured_media":0,"comment_status":"closed","ping_status":"closed","sticky":false,"template":"","format":"standard","meta":{"footnotes":""},"categories":[183,777,19],"tags":[37,45,47],"class_list":["post-6235","post","type-post","status-publish","format-standard","hentry","category-2020-05-schweden","category-mullsjo","category-schwedensweden","tag-meer","tag-see","tag-sl","odd"],"_links":{"self":[{"href":"http:\/\/blog.inmontanis.info\/index.php?rest_route=\/wp\/v2\/posts\/6235","targetHints":{"allow":["GET"]}}],"collection":[{"href":"http:\/\/blog.inmontanis.info\/index.php?rest_route=\/wp\/v2\/posts"}],"about":[{"href":"http:\/\/blog.inmontanis.info\/index.php?rest_route=\/wp\/v2\/types\/post"}],"author":[{"embeddable":true,"href":"http:\/\/blog.inmontanis.info\/index.php?rest_route=\/wp\/v2\/users\/1"}],"replies":[{"embeddable":true,"href":"http:\/\/blog.inmontanis.info\/index.php?rest_route=%2Fwp%2Fv2%2Fcomments&post=6235"}],"version-history":[{"count":4,"href":"http:\/\/blog.inmontanis.info\/index.php?rest_route=\/wp\/v2\/posts\/6235\/revisions"}],"predecessor-version":[{"id":6239,"href":"http:\/\/blog.inmontanis.info\/index.php?rest_route=\/wp\/v2\/posts\/6235\/revisions\/6239"}],"wp:attachment":[{"href":"http:\/\/blog.inmontanis.info\/index.php?rest_route=%2Fwp%2Fv2%2Fmedia&parent=6235"}],"wp:term":[{"taxonomy":"category","embeddable":true,"href":"http:\/\/blog.inmontanis.info\/index.php?rest_route=%2Fwp%2Fv2%2Fcategories&post=6235"},{"taxonomy":"post_tag","embeddable":true,"href":"http:\/\/blog.inmontanis.info\/index.php?rest_route=%2Fwp%2Fv2%2Ftags&post=6235"}],"curies":[{"name":"wp","href":"https:\/\/api.w.org\/{rel}","templated":true}]}}