{"id":6220,"date":"2020-07-05T19:23:11","date_gmt":"2020-07-05T17:23:11","guid":{"rendered":"http:\/\/blog.inmontanis.info\/?p=6220"},"modified":"2023-07-01T20:57:42","modified_gmt":"2023-07-01T18:57:42","slug":"hintertuxer-gletscher-4-5-7-2020","status":"publish","type":"post","link":"http:\/\/blog.inmontanis.info\/?p=6220","title":{"rendered":"Hintertuxer Gletscher, 4.+5.7.2020"},"content":{"rendered":"<p><strong>Sa, 4.7.2020<\/strong><\/p>\n<p>Eigentlich hatte ich mir ja vorgenommen, nach Macugnaga zu fahren, wenn die heuer Skibetrieb anbieten. Das w\u00e4re dieses Wochenende der Fall gewesen. Aber .. es sprach doch einige dagegen: eher wenig und sehr sandiger Schnee offpiste, eventuell sehr voll, die Wettervorhersagen f\u00fcr Macugnaga\/Cervinia\/Tignes \u00e4hnlich zu Hintertux &#8211; beide Tage sehr sonnig, aber von FR auf SA evtl. eine bedeckte Nacht. Zudem wollte ich Cervinia heuer lieber erst im August fahren, damit ich mal wieder den Grenzlift fahren k\u00f6nnte, bevor der dann bald mit der 3S-Bahn ersetzt wird.<\/p>\n<p>Also blieb ich dieses WE auf meiner Saisonkarte. Um 9 Uhr am Parkplatz schienen etwas weniger Autos zu stehen als letztes WE, zudem sollte ja die DSB ab heute wieder in Betrieb gehen. <\/p>\n<p>Entgegen der Wettervorhersage klarte es nachts auf, es war morgens sonnnig und das Skigebiet \u00fcber der Nebeldecke. Somit waren unerwarteterweise die Pisten doch hart gefroren.<\/p>\n<p>Leider ist der rechte Olperer-SL schon wieder au\u00dfer Betrieb, weil es irgendwelche Bauarbeiten gibt. Entsprechend gab es morgens zwei l\u00e4ngere Schlangen am Lift, so dass ich ihn heute nicht gefahren bin. Stattdessen gleich mal ZwiDeGo getestet und f\u00fcr fahrbar befunden. Um 11:45 sank man dagegen in den oberen St\u00fccken ziemlich ein und weiter unten war es pappig, also verzog ich mich zur GW, wo die Offpisteh\u00e4nge toll firnig waren.<\/p>\n<p>Eher ungew\u00f6hnlicherweise wurden heute erst die GW-H\u00e4nge pr\u00e4pariert, also vor dem Olperer, so dass die GW-SL-H\u00e4nge bereits um 13:30 gesperrt wurden, schade. Der DSB-Hang war schon ziemlich aufgefahren und machte weniger Spass. Meine letzte DSB-Bergfahrt machte ich um 14:15. Ich fragte noch einen Bediensteten hinsichtlich des Baggers und er meinte, er w\u00fcsste es nicht genau, aber es soll wohl eine ebene Fl\u00e4che f\u00fcr einen Seilzug werden. <\/p>\n<p>(Fotos anklicken zum Vergr\u00f6\u00dfern)<\/p>\n<p><a href='http:\/\/ski.inmontanis.info\/d\/280408-2\/DSC00487.jpg'><img src=http:\/\/ski.inmontanis.info\/d\/280407-3\/DSC00487.jpg \/><\/a><br \/>\n^ Die ZwiDeGo-Zufahrt von der EUB aus ist etwas erschwert, da Schneeverschieben (dieses WE kam man noch unten rum)<\/p>\n<p><a href='http:\/\/ski.inmontanis.info\/d\/280412-2\/DSC00491.jpg'><img src=http:\/\/ski.inmontanis.info\/d\/280411-3\/DSC00491.jpg \/><\/a><br \/>\n^ SL-Pano von der DSB aus<\/p>\n<p><a href='http:\/\/ski.inmontanis.info\/d\/280416-2\/DSC00496.jpg'><img src=http:\/\/ski.inmontanis.info\/d\/280415-3\/DSC00496.jpg \/><\/a><br \/>\n^ Nebelmeer mit GB3<\/p>\n<p><a href='http:\/\/ski.inmontanis.info\/d\/280420-2\/DSC00499_001.jpg'><img src=http:\/\/ski.inmontanis.info\/d\/280419-3\/DSC00499_001.jpg \/><\/a><br \/>\n^ Nebelmeer mit GB3<\/p>\n<p><a href='http:\/\/ski.inmontanis.info\/d\/280424-2\/DSC00500.jpg'><img src=http:\/\/ski.inmontanis.info\/d\/280423-3\/DSC00500.jpg \/><\/a><br \/>\n^ Selten so gut gewesen wie heute, da es auch keine Raupenspur gab<\/p>\n<p><a href='http:\/\/ski.inmontanis.info\/d\/280428-2\/DSC00502.jpg'><img src=http:\/\/ski.inmontanis.info\/d\/280427-3\/DSC00502.jpg \/><\/a><br \/>\n^ Viel zu viel los am Olperer-SL, weil leider nur 1 offen, weil es beim rechten schon wieder n\u00f6tige Arbeiten gibt<\/p>\n<p><a href='http:\/\/ski.inmontanis.info\/d\/280432-2\/DSC00503_001.jpg'><img src=http:\/\/ski.inmontanis.info\/d\/280431-3\/DSC00503_001.jpg \/><\/a><br \/>\n^ ZwiDeGo<\/p>\n<p><a href='http:\/\/ski.inmontanis.info\/d\/280436-2\/DSC00514.jpg'><img src=http:\/\/ski.inmontanis.info\/d\/280435-3\/DSC00514.jpg \/><\/a><br \/>\n^ GW-Offpiste<\/p>\n<p><a href='http:\/\/ski.inmontanis.info\/d\/280440-2\/DSC00516_001.jpg'><img src=http:\/\/ski.inmontanis.info\/d\/280439-3\/DSC00516_001.jpg \/><\/a><br \/>\n^ Arbeiten an der Abspannung des rechten Olperer-SL<\/p>\n<p><a href='http:\/\/ski.inmontanis.info\/d\/280444-2\/DSC00520.jpg'><img src=http:\/\/ski.inmontanis.info\/d\/280443-3\/DSC00520.jpg \/><\/a><br \/>\n^ Steilhang rechts vom GW-SL ging an beiden Tagen toll zu fahren<\/p>\n<p><a href='http:\/\/ski.inmontanis.info\/d\/280448-2\/DSC00521_002.jpg'><img src=http:\/\/ski.inmontanis.info\/d\/280447-3\/DSC00521_002.jpg \/><\/a><br \/>\n^ Bester Hang des Tages, am Samstag auch um 13:15 noch super, am Sonntag schon fr\u00fcher schlechter.<\/p>\n<p><a href='http:\/\/ski.inmontanis.info\/d\/280452-2\/DSC00525.jpg'><img src=http:\/\/ski.inmontanis.info\/d\/280451-3\/DSC00525.jpg \/><\/a><br \/>\n^ Die Variante ging auch noch, aber n\u00e4chstes WE evtl. nicht mehr.<\/p>\n<p><a href='http:\/\/ski.inmontanis.info\/d\/280456-2\/DSC00527_002.jpg'><img src=http:\/\/ski.inmontanis.info\/d\/280455-3\/DSC00527_002.jpg \/><\/a><br \/>\n^ Blick zu den ZwiDeGo-Varianten samt der von mir so genannten Steilrinne, die ich am Sonntag mehrfach fuhr<\/p>\n<p><strong>So, 5.7.2020<\/strong><\/p>\n<p>Die heutige Nacht verlief zwar auch wieder wolkenfrei, aber als ich oben war, war es mal nicht so sonnig wie gestern. Ich hab gleich mal die Abzweigung zur DSB verpasst und bin dann alternativ offpiste nahe der Beschneiung gefahren, da hier heuer noch nicht vermattet wurde. (Es wurde das letzte Monat kaum noch was vermattet, obwohl noch haufenweise Matten im Depot liegen.)<\/p>\n<p>Am Olperer war&#8217;s mir heut fr\u00fch wieder zu voll und sp\u00e4ter hatte ich dann keine Lust mehr, so dass ich den SL auch heute wieder auslie\u00df und gleich mal ZwiDeGo fuhr. Dort ging es bereits wieder vormittags gut zu fahren, wobei es im Steilhang nun schon etwas unsch\u00f6nen &#8220;Eierkartonschnee&#8221; gibt. Daf\u00fcr sank man weiter oben ab Mittag weniger ein als gestern.<\/p>\n<p>Nach Mittag pappte es im Offpiste-Bereich der GW, das war gestern besser. Mein heutiger Schwerpunkt war daher die Steilrinne unter der 10EUB.<\/p>\n<p>Um 14 Uhr bin ich zum ersten Mal an diesem WE den GB3 gefahren, weil gerade nix los war. Ansonsten bevorzugte ich nat\u00fcrlich die maskenfreie 10EUB (weil Gondel alleine) und die luftige DSB. Danach noch 1x 10EUB und 2x DSB und Schluss f\u00fcr heute. Zwischen den beiden DSB-Auffahrten bin ich dann die erste komplette offene Piste heute gefahren &#8211; sonst war ich auf den Pistenst\u00fccken ja nur untwergs, um vom oder zum Offpistegel\u00e4nde zu kommen :)<\/p>\n<p>(Fotos anklicken zum Vergr\u00f6\u00dfern)<\/p>\n<p><a href='http:\/\/ski.inmontanis.info\/d\/280460-2\/DSC00529.jpg'><img src=http:\/\/ski.inmontanis.info\/d\/280459-3\/DSC00529.jpg \/><\/a><br \/>\n^ TFH-Abfahrt\/Beschneiung, hier liegen heuer  gar keine Matten<\/p>\n<p><a href='http:\/\/ski.inmontanis.info\/d\/280464-2\/DSC00530_002.jpg'><img src=http:\/\/ski.inmontanis.info\/d\/280463-3\/DSC00530_002.jpg \/><\/a><br \/>\n^ Dass der Hang neben der Piste pr\u00e4pariert wird, deutet h\u00e4ufig darauf hin, dass er demn\u00e4chst vermattet wird.<\/p>\n<p><a href='http:\/\/ski.inmontanis.info\/d\/280472-2\/DSC00532.jpg'><img src=http:\/\/ski.inmontanis.info\/d\/280471-3\/DSC00532.jpg \/><\/a><br \/>\n^ 10EUB\/DSB<\/p>\n<p><a href='http:\/\/ski.inmontanis.info\/d\/280468-2\/DSC00531_001.jpg'><img src=http:\/\/ski.inmontanis.info\/d\/280467-3\/DSC00531_001.jpg \/><\/a><br \/>\n^ ZwiDeGo &#8211; Wahl: Links hart, rechts Firn<\/p>\n<p><a href='http:\/\/ski.inmontanis.info\/d\/280476-2\/DSC00534_001.jpg'><img src=http:\/\/ski.inmontanis.info\/d\/280475-3\/DSC00534_001.jpg \/><\/a><br \/>\n^ .. ich entschied mich f\u00fcr die weiche Variante :)<\/p>\n<p><a href='http:\/\/ski.inmontanis.info\/d\/280480-2\/DSC00535_001.jpg'><img src=http:\/\/ski.inmontanis.info\/d\/280479-3\/DSC00535_001.jpg \/><\/a><br \/>\n^ DSB-Abfahrt \/ GW-SL; sch\u00f6n, dass so viel los ist, denn: Solang sich der Sommerskilauf f\u00fcr die Hintertuxer rentiert, werden sie ihn ja nicht einstellen.<\/p>\n<p><a href='http:\/\/ski.inmontanis.info\/d\/280484-2\/DSC00537_001.jpg'><img src=http:\/\/ski.inmontanis.info\/d\/280483-3\/DSC00537_001.jpg \/><\/a><br \/>\n^ ZwiDeGo<\/p>\n<p><a href='http:\/\/ski.inmontanis.info\/d\/280488-2\/DSC00542_002.jpg'><img src=http:\/\/ski.inmontanis.info\/d\/280487-3\/DSC00542_002.jpg \/><\/a><br \/>\n^ Toller Firn<\/p>\n<p><a href='http:\/\/ski.inmontanis.info\/d\/280492-2\/DSC00544.jpg'><img src=http:\/\/ski.inmontanis.info\/d\/280491-3\/DSC00544.jpg \/><\/a><br \/>\n^ Paraglider waren auch einige unterwegs, sp\u00e4ter noch ein Tandemflug<\/p>\n<p><a href='http:\/\/ski.inmontanis.info\/d\/280504-2\/DSC00549_001.jpg'><img src=http:\/\/ski.inmontanis.info\/d\/280503-3\/DSC00549_001.jpg \/><\/a><br \/>\n^ GW-SL mal von anderer Perspektive<\/p>\n<p><a href='http:\/\/ski.inmontanis.info\/d\/280508-2\/DSC00551_001.jpg'><img src=http:\/\/ski.inmontanis.info\/d\/280507-3\/DSC00551_001.jpg \/><\/a><br \/>\n^ GW-SL mal von anderer Perspektive<\/p>\n<p><a href='http:\/\/ski.inmontanis.info\/d\/280496-2\/DSC00555.jpg'><img src=http:\/\/ski.inmontanis.info\/d\/280495-3\/DSC00555.jpg \/><\/a><br \/>\n^ Arbeiten am rechten Olperer-SL<\/p>\n<p><a href='http:\/\/ski.inmontanis.info\/d\/280500-2\/DSC00557_001.jpg'><img src=http:\/\/ski.inmontanis.info\/d\/280499-3\/DSC00557_001.jpg \/><\/a><br \/>\n^ Gletscherh\u00fctte<\/p>\n<p><a href='http:\/\/ski.inmontanis.info\/d\/280512-2\/DSC00559.jpg'><img src=http:\/\/ski.inmontanis.info\/d\/280511-3\/DSC00559.jpg \/><\/a><br \/>\n^ GW-SL mal von anderer Perspektive<\/p>\n<p><a href='http:\/\/ski.inmontanis.info\/d\/280516-2\/DSC00564_001.jpg'><img src=http:\/\/ski.inmontanis.info\/d\/280515-3\/DSC00564_001.jpg \/><\/a><br \/>\n^ ZwiDeGo war dieses WE nicht nur ich unterwegs<\/p>\n<p><a href='http:\/\/ski.inmontanis.info\/d\/280520-2\/DSC00566_001.jpg'><img src=http:\/\/ski.inmontanis.info\/d\/280519-3\/DSC00566_001.jpg \/><\/a><br \/>\n^ meine heute bevorzugte Variante<\/p>\n<p><a href='http:\/\/ski.inmontanis.info\/d\/280524-2\/DSC00567.jpg'><img src=http:\/\/ski.inmontanis.info\/d\/280523-3\/DSC00567.jpg \/><\/a><br \/>\n^ Je sandiger, desto h\u00e4rter war der Schnee; sonst nachmittags etwas Einsinkgefahr<\/p>\n<p><a href='http:\/\/ski.inmontanis.info\/d\/280528-2\/DSC00569_002.jpg'><img src=http:\/\/ski.inmontanis.info\/d\/280527-3\/DSC00569_002.jpg \/><\/a><br \/>\n^ Heut hat sich glatt einer erdreist, den bereits pr\u00e4parierten Trainingshang zu befahren. Wurde gsetern+heute aber auch schon fr\u00fch, gleich um 13:30 Uhr, angefangen.<\/p>\n<p><a href='http:\/\/ski.inmontanis.info\/d\/280532-2\/DSC00505.jpg'><img src=http:\/\/ski.inmontanis.info\/d\/280531-3\/DSC00505.jpg \/><\/a><br \/>\n^ Leider war die DSB wohl am ersten Betriebstag ziemlich schmutzig<\/p>\n<p><a href='http:\/\/ski.inmontanis.info\/d\/280536-2\/DSC00573.jpg'><img src=http:\/\/ski.inmontanis.info\/d\/280535-3\/DSC00573.jpg \/><\/a><br \/>\n^ Leider war die DSB wohl am ersten Betriebstag ziemlich schmutzig<\/p>\n","protected":false},"excerpt":{"rendered":"<p>Sa, 4.7.2020<\/p>\n<p>Eigentlich hatte ich mir ja vorgenommen, nach Macugnaga zu fahren, wenn die heuer Skibetrieb anbieten. Das w\u00e4re dieses Wochenende der Fall gewesen. Aber .. es sprach doch einige dagegen: eher wenig und sehr sandiger Schnee offpiste, eventuell sehr voll, die Wettervorhersagen f\u00fcr Macugnaga\/Cervinia\/Tignes \u00e4hnlich zu Hintertux &#8211; beide Tage sehr sonnig, aber von <a href=\"http:\/\/blog.inmontanis.info\/?p=6220\">[&#8230;]<\/a><\/p>\n","protected":false},"author":1,"featured_media":0,"comment_status":"closed","ping_status":"closed","sticky":false,"template":"","format":"standard","meta":{"footnotes":""},"categories":[246,25,13,28],"tags":[],"class_list":["post-6220","post","type-post","status-publish","format-standard","hentry","category-hintertux","category-noreport","category-austria","category-skifahren-sommer","odd"],"_links":{"self":[{"href":"http:\/\/blog.inmontanis.info\/index.php?rest_route=\/wp\/v2\/posts\/6220","targetHints":{"allow":["GET"]}}],"collection":[{"href":"http:\/\/blog.inmontanis.info\/index.php?rest_route=\/wp\/v2\/posts"}],"about":[{"href":"http:\/\/blog.inmontanis.info\/index.php?rest_route=\/wp\/v2\/types\/post"}],"author":[{"embeddable":true,"href":"http:\/\/blog.inmontanis.info\/index.php?rest_route=\/wp\/v2\/users\/1"}],"replies":[{"embeddable":true,"href":"http:\/\/blog.inmontanis.info\/index.php?rest_route=%2Fwp%2Fv2%2Fcomments&post=6220"}],"version-history":[{"count":3,"href":"http:\/\/blog.inmontanis.info\/index.php?rest_route=\/wp\/v2\/posts\/6220\/revisions"}],"predecessor-version":[{"id":6223,"href":"http:\/\/blog.inmontanis.info\/index.php?rest_route=\/wp\/v2\/posts\/6220\/revisions\/6223"}],"wp:attachment":[{"href":"http:\/\/blog.inmontanis.info\/index.php?rest_route=%2Fwp%2Fv2%2Fmedia&parent=6220"}],"wp:term":[{"taxonomy":"category","embeddable":true,"href":"http:\/\/blog.inmontanis.info\/index.php?rest_route=%2Fwp%2Fv2%2Fcategories&post=6220"},{"taxonomy":"post_tag","embeddable":true,"href":"http:\/\/blog.inmontanis.info\/index.php?rest_route=%2Fwp%2Fv2%2Ftags&post=6220"}],"curies":[{"name":"wp","href":"https:\/\/api.w.org\/{rel}","templated":true}]}}