{"id":6214,"date":"2020-05-20T21:54:06","date_gmt":"2020-05-20T19:54:06","guid":{"rendered":"http:\/\/blog.inmontanis.info\/?p=6214"},"modified":"2023-08-05T12:45:00","modified_gmt":"2023-08-05T10:45:00","slug":"klimpfjall-laubwald-treeskiing-mitte-mai-teil-3-20-5-2020","status":"publish","type":"post","link":"http:\/\/blog.inmontanis.info\/?p=6214","title":{"rendered":"Klimpfj\u00e4ll &#8211; Laubwald-Treeskiing Mitte Mai Teil 3, 20.5.2020"},"content":{"rendered":"<p><strong>Final Escape Sweden, 7.5.2020-23.5.2020<br \/>\nTag 14: MI, 20.5.2020 &#8211; Klimpfj\u00e4ll &#8211; Was ist Gl\u00fcck?<\/strong> (km 6.975, Diff. 321)<\/p>\n<p>Fr\u00fchst\u00fcck gab&#8217;s von 8-10 Uhr; da der Lift erst ab 10 Uhr fahren soll, konnte ich mir also etwas Zeit lassen. Bis ich unten war, waren aber die Rennkids schon alle da und gerade noch dass ein Tisch f\u00fcr mich frei war. Zur Abwechslung gab es nochmals ein Fr\u00fchst\u00fccksbuffet, Auswahl war aber im Prinzip auch nicht anders. Marmeladen gab&#8217;s nur offene und die sahen nicht nach meinem Geschmack aus, also a\u00df ich 2 Semmeln mit K\u00e4se\/Schinken\/Ei und Milch mit Cornflakes.<\/p>\n<p>Beim Kauf des Skipasses bekam ich heute keine Karte, sondern nur die Quittung, und ich fragte, ob es normal sei, dass man Mitte Mai hier offen h\u00e4tte, was vereint wurde. Man habe keine Beschneiung und heuer einfach sehr viel Naturschnee. Na wenigstens mal eine positive Sache in diesem covidverkorksten Fr\u00fchjahr..<\/p>\n<p>Vermutlich h\u00e4tten sie auch nicht offen, wenn nicht regelm\u00e4\u00dfig die letzten WE mind. ein Skiclub aus \u00c5re hier trainieren w\u00fcrde &#8211; und da morgen auch in Schweden Feiertag ist, haben sie f\u00fcr mich zum Gl\u00fcck ab heute nochmal offen.<\/p>\n<p>Wie vorletztes WE waren wieder beide SL offen und das Wetter nicht ganz so ungest\u00f6rt sonig. Am S\u00fcdlift war&#8217;s teilweise sch\u00f6n firnig auf den Pisten, nachmittags sogar mit &#8220;Meeresbrandungsrauschen&#8221;, offpiste aber schwer durchn\u00e4sst -> das ging am Nordlift besser. Leider hab ich an 2 Stellen im Wald Schneeh\u00fchner aufgeschreckt. Aber Offpiste ist hier ja nicht verboten und die Skirouten gehen sogar offiziell durch den Wald.<\/p>\n<p>Auch wenn es nachmittags etwas anstrengend wurde, den ganzen Tag ohne Pause nur SL zu fahren, blieb ich bis zum Schluss, letzte Bergfahrt kurz vor 4. In Summe bin ich die beiden SL heute 33x gefahren und es war somit der intensivste der 3 Skitage hier. Und alle 3 Tage musste ich am jeweiligen Tag mit vollen 5 Sternen bewerten. Manchmal braucht man halt nur 2 SL zum Gl\u00fcck. <\/p>\n<p>Pistenplan:<br \/>\n<a href='https:\/\/www.klimpfjallskicenter.se\/wp-content\/uploads\/2018\/01\/Pistkarta-1-1030x659.jpg'>https:\/\/www.klimpfjallskicenter.se\/wp-content\/uploads\/2018\/01\/Pistkarta-1-1030&#215;659.jpg<\/a><\/p>\n<p>(Fotos anklicken zum Vergr\u00f6\u00dfern)<\/p>\n<p><a href='http:\/\/extra.inmontanis.info\/d\/58895-2\/scn2020h.jpg'><img src=http:\/\/extra.inmontanis.info\/d\/58894-3\/scn2020h.jpg \/><\/a><br \/>\n^ Magenta von D \u00fcber E bis Str\u00f6msund (am Wort Schweden): Fahrstrecke 20.5.2020 (321 km)<br \/>\nD: Klimpfj\u00e4ll<br \/>\nE: Vilhelmina<br \/>\nW: Bl\u00e5sj\u00f6n (morgiges Ziel), wischen D und W = Wintersperre (Vildmarksv\u00e4gen)<\/p>\n<p><a href='http:\/\/ski.inmontanis.info\/d\/277905-3\/ge202005klimpf2.jpg'><img src=http:\/\/ski.inmontanis.info\/d\/277904-4\/ge202005klimpf2.jpg \/><\/a><br \/>\n^ GPS-Track<br \/>\nGelb: 9.5.2020<br \/>\nBlau: 10.5.2020<br \/>\nMagenta: heute 20.5.2020<br \/>\n(die zwei Verbindungsskiwege bin ich nicht gefahren)<\/p>\n<p>Der lange SL (Norrliften) ist ca. 1080m lang und somit vergleichbar mit dem Eisgrat\/Eisjoch-SL am Stubaier Gletscher (wobei letzterer etwas \u00fcber 200hm, dieser knapp unter 200hm macht).<\/p>\n<p><a href='http:\/\/ski.inmontanis.info\/d\/280288-2\/DSC09649.jpg'><img src=http:\/\/ski.inmontanis.info\/d\/280287-3\/DSC09649.jpg \/><\/a><br \/>\n^ Abfahrt am Sydliften war gleich mal toll firnig<\/p>\n<p><a href='http:\/\/ski.inmontanis.info\/d\/280292-2\/DSC09652.jpg'><img src=http:\/\/ski.inmontanis.info\/d\/280291-3\/DSC09652.jpg \/><\/a><br \/>\n^ Skiroute 4 Klimpgubbestigen am Sydliften &#8211; hatte ich bei den vorherigen Besuchen gar nicht bemerkt, dass die sogar ausgeschildert ist.<\/p>\n<p><a href='http:\/\/ski.inmontanis.info\/d\/280296-2\/DSC09656.jpg'><img src=http:\/\/ski.inmontanis.info\/d\/280295-3\/DSC09656.jpg \/><\/a><br \/>\n^ Skiroute 4<\/p>\n<p><a href='http:\/\/ski.inmontanis.info\/d\/280300-2\/DSC09657.jpg'><img src=http:\/\/ski.inmontanis.info\/d\/280299-3\/DSC09657.jpg \/><\/a><br \/>\n^ Skiroute 4, ab hier irgendeine ehemalige Trasse. Schnee war allerdings schwer nass und tief.<\/p>\n<p><a href='http:\/\/ski.inmontanis.info\/d\/280304-2\/DSC09663.jpg'><img src=http:\/\/ski.inmontanis.info\/d\/280303-3\/DSC09663.jpg \/><\/a><br \/>\n^ Offpiste am Norrliften war schneem\u00e4\u00dfig besser<\/p>\n<p><a href='http:\/\/ski.inmontanis.info\/d\/280308-2\/DSC09665.jpg'><img src=http:\/\/ski.inmontanis.info\/d\/280307-3\/DSC09665.jpg \/><\/a><br \/>\n^ Links ist die Abfahrt 14, wo wieder der Trainingskurs abgesteckt ist<\/p>\n<p><a href='http:\/\/ski.inmontanis.info\/d\/280312-2\/DSC09671.jpg'><img src=http:\/\/ski.inmontanis.info\/d\/280311-3\/DSC09671.jpg \/><\/a><br \/>\n^ Variante am \u00dcbungs-SSL<\/p>\n<p><a href='http:\/\/ski.inmontanis.info\/d\/280316-2\/DSC09678.jpg'><img src=http:\/\/ski.inmontanis.info\/d\/280315-3\/DSC09678.jpg \/><\/a><br \/>\n^ Offpiste<\/p>\n<p><a href='http:\/\/ski.inmontanis.info\/d\/280320-2\/DSC09683.jpg'><img src=http:\/\/ski.inmontanis.info\/d\/280319-3\/DSC09683.jpg \/><\/a><br \/>\n^ Offpiste am 20.5. durch einen lichten Laubwald, wie geil ist das denn!<\/p>\n<p><a href='http:\/\/ski.inmontanis.info\/d\/280324-2\/DSC09684.jpg'><img src=http:\/\/ski.inmontanis.info\/d\/280323-3\/DSC09684.jpg \/><\/a><br \/>\n^ Vermutlich Abfahrt 16, rechts vom SSL<\/p>\n<p><a href='http:\/\/ski.inmontanis.info\/d\/280328-2\/DSC09686.jpg'><img src=http:\/\/ski.inmontanis.info\/d\/280327-3\/DSC09686.jpg \/><\/a><br \/>\n^ Offpiste<\/p>\n<p><a href='http:\/\/ski.inmontanis.info\/d\/280332-2\/DSC09689.jpg'><img src=http:\/\/ski.inmontanis.info\/d\/280331-3\/DSC09689.jpg \/><\/a><br \/>\n^ Offpiste<\/p>\n<p><a href='http:\/\/ski.inmontanis.info\/d\/280336-2\/DSC09693.jpg'><img src=http:\/\/ski.inmontanis.info\/d\/280335-3\/DSC09693.jpg \/><\/a><br \/>\n^ Stellenweise war&#8217;s im Wald auch mal etwas steiler.<\/p>\n<p><a href='http:\/\/ski.inmontanis.info\/d\/280340-2\/DSC09696.jpg'><img src=http:\/\/ski.inmontanis.info\/d\/280339-3\/DSC09696.jpg \/><\/a><br \/>\n^ Route 17 L\u00e4mmelbranten rechts vom SSL<\/p>\n<p><a href='http:\/\/ski.inmontanis.info\/d\/280344-2\/DSC09699.jpg'><img src=http:\/\/ski.inmontanis.info\/d\/280343-3\/DSC09699.jpg \/><\/a><br \/>\n^ Im Norrliften-SL nahe Bergstation; links die Spur war auch von mir<\/p>\n<p><a href='http:\/\/ski.inmontanis.info\/d\/280348-2\/DSC09702.jpg'><img src=http:\/\/ski.inmontanis.info\/d\/280347-3\/DSC09702.jpg \/><\/a><br \/>\n^ Nochmals am Sydliften<\/p>\n<p><a href='http:\/\/ski.inmontanis.info\/d\/280352-2\/DSC09703.jpg'><img src=http:\/\/ski.inmontanis.info\/d\/280351-3\/DSC09703.jpg \/><\/a><br \/>\n^ Rechte Abfahrt 5 am Sydliften<\/p>\n<p><a href='http:\/\/ski.inmontanis.info\/d\/280356-2\/DSC09705.jpg'><img src=http:\/\/ski.inmontanis.info\/d\/280355-3\/DSC09705.jpg \/><\/a><br \/>\n^ Sydliften. Da war&#8217;s immer noch leerer als am Norrliften.<\/p>\n<p><a href='http:\/\/ski.inmontanis.info\/d\/280360-2\/DSC09711.jpg'><img src=http:\/\/ski.inmontanis.info\/d\/280359-3\/DSC09711.jpg \/><\/a><br \/>\n^ Einige von den Rennkids fuhren nachmittags nach dem Renntraining mit irgendwelchen Schlitten am Lift hinauf, manchmal konnten sie sich nicht halten und der Schlitten fuhr alleine zur Bergstation weiter<\/p>\n<p><a href='http:\/\/ski.inmontanis.info\/d\/280364-2\/DSC09712.jpg'><img src=http:\/\/ski.inmontanis.info\/d\/280363-3\/DSC09712.jpg \/><\/a><br \/>\n^ Abfahrt 15. Was ist Gl\u00fcck? Wenn man in einem Mitte Mai ge\u00f6ffneten Skigebiet eine Abfahrt alle 2 Stunden fahren kann und niemand anders in sein Kunstwerk f\u00e4hrt :)<\/p>\n<p><a href='http:\/\/ski.inmontanis.info\/d\/280368-2\/DSC09720.jpg'><img src=http:\/\/ski.inmontanis.info\/d\/280367-3\/DSC09720.jpg \/><\/a><br \/>\n^ Offpiste<\/p>\n<p><a href='http:\/\/ski.inmontanis.info\/d\/280372-2\/DSC09725.jpg'><img src=http:\/\/ski.inmontanis.info\/d\/280371-3\/DSC09725.jpg \/><\/a><br \/>\n^ An diesem Tag war ich eher k\u00fcnstlerisch unterwegs ;)<\/p>\n<p><a href='http:\/\/ski.inmontanis.info\/d\/280376-2\/DSC09726.jpg'><img src=http:\/\/ski.inmontanis.info\/d\/280375-3\/DSC09726.jpg \/><\/a><br \/>\n^ Links Route 17, rechts Abfahrt 16, ganz links ist der SSL zu sehen, alle heutigen Spuren d\u00fcrften von mir gewesen sein.<\/p>\n<p><a href='http:\/\/ski.inmontanis.info\/d\/280380-2\/DSC09727.jpg'><img src=http:\/\/ski.inmontanis.info\/d\/280379-3\/DSC09727.jpg \/><\/a><br \/>\n^ Letzte SL-Bergfahrt um kurz vor 16 Uhr<\/p>\n<p><a href='http:\/\/ski.inmontanis.info\/d\/280384-2\/DSC09731.jpg'><img src=http:\/\/ski.inmontanis.info\/d\/280383-3\/DSC09731.jpg \/><\/a><br \/>\n^ Norrliften, Mittelteil; ein St\u00fcck vor mir h\u00e4ngt wieder ein verlassener Schlitten am B\u00fcgel ..<\/p>\n<p><a href='http:\/\/ski.inmontanis.info\/d\/280388-2\/DSC09735.jpg'><img src=http:\/\/ski.inmontanis.info\/d\/280387-3\/DSC09735.jpg \/><\/a><br \/>\n^ .. der zum Gl\u00fcck von selbst durch diesen H\u00fcgel abb\u00fcgelt und somit keinen Stopp des Lifts verursacht<\/p>\n<p><a href='http:\/\/ski.inmontanis.info\/d\/280392-2\/DSC09737.jpg'><img src=http:\/\/ski.inmontanis.info\/d\/280391-3\/DSC09737.jpg \/><\/a><br \/>\n^ R\u00fcckseitenpano<\/p>\n<p><a href='http:\/\/ski.inmontanis.info\/d\/280396-2\/DSC09738.jpg'><img src=http:\/\/ski.inmontanis.info\/d\/280395-3\/DSC09738.jpg \/><\/a><br \/>\n^ SL-Norrliften-Bergstation<\/p>\n<p><a href='http:\/\/ski.inmontanis.info\/d\/280400-3\/DSC09744.jpg'><img src=http:\/\/ski.inmontanis.info\/d\/280399-4\/DSC09744.jpg \/><\/a><br \/>\n^ Panofoto an der K2-H\u00fctte<\/p>\n<p><a href='http:\/\/ski.inmontanis.info\/d\/280404-3\/DSC09742.jpg'><img src=http:\/\/ski.inmontanis.info\/d\/280403-4\/DSC09742.jpg \/><\/a><br \/>\n^ Talpano. Lt. Pistenplan sollte hier \u00fcber diese steile Kante die ganz linke Skiroute irgendwie weggehen &#8230;aber da gibts ein paar Felsen, also lie\u00df ich es lieber sein. Schnee war am Sydliften offpiste eh nicht so gut (nur onpiste)<\/p>\n<p>Am Parkplatz checkte ich meine Mails &#8211; ganz vergessen, das untertags mal zu machen .. Weniger sch\u00f6ne Nachrichten aus Bl\u00e5sj\u00f6n, der Lift wird leider nicht am morgigen Feiertag in Betrieb sein: &#8220;everyone booked on Friday but I can take you up a couple of times with snowmobile tomorrow. It&#8217;s two others that want to ski tomorrow as well. But on friday the lift will be open for public 12-16. Tomorrow I can take you up after 12 as it&#8217;s a school on the hill 8-12.&#8221;<\/p>\n<p>Schade &#8211; und warum durfte ich dann morgens mitfahren? Naja, so konnte ich in Str\u00f6msund im Auto wenigstens etwas l\u00e4nger schlafen, weil ich dann nicht um 9 Uhr an der Talstation sein muss. Und wer die beiden anderen vermutlich sein werden, ahnte ich :)<\/p>\n<p>Nach dem Skitag in Klimpfj\u00e4ll bin ich noch die Stra\u00dfe weiter richtung Bl\u00e5sj\u00f6n gefahren, die ja leider Wintersperre hat. <\/p>\n<p><a href='http:\/\/extra.inmontanis.info\/d\/59635-2\/DSC09747.jpg'><img src=http:\/\/extra.inmontanis.info\/d\/59634-3\/DSC09747.jpg \/><\/a><br \/>\n^ Vildmarksv\u00e4gen, Klimpfj\u00e4ll-Stekenjokk<\/p>\n<p><a href='http:\/\/extra.inmontanis.info\/d\/59639-2\/DSC09753.jpg'><img src=http:\/\/extra.inmontanis.info\/d\/59638-3\/DSC09753.jpg \/><\/a><br \/>\n^ Vildmarksv\u00e4gen, Klimpfj\u00e4ll-Stekenjokk<\/p>\n<p><a href='http:\/\/extra.inmontanis.info\/d\/59643-2\/DSC09755.jpg'><img src=http:\/\/extra.inmontanis.info\/d\/59642-3\/DSC09755.jpg \/><\/a><br \/>\n^ Vildmarksv\u00e4gen, Klimpfj\u00e4ll-Stekenjokk<\/p>\n<p><a href='http:\/\/extra.inmontanis.info\/d\/59647-2\/DSC09756.jpg'><img src=http:\/\/extra.inmontanis.info\/d\/59646-3\/DSC09756.jpg \/><\/a><br \/>\n^ Vildmarksv\u00e4gen, Klimpfj\u00e4ll-Stekenjokk<\/p>\n<p><a href='http:\/\/extra.inmontanis.info\/d\/59651-2\/DSC09760.jpg'><img src=http:\/\/extra.inmontanis.info\/d\/59650-3\/DSC09760.jpg \/><\/a><br \/>\n^ Vildmarksv\u00e4gen, Klimpfj\u00e4ll-Stekenjokk<\/p>\n<p><a href='http:\/\/extra.inmontanis.info\/d\/59655-2\/DSC09761.jpg'><img src=http:\/\/extra.inmontanis.info\/d\/59654-3\/DSC09761.jpg \/><\/a><br \/>\n^ Vildmarksv\u00e4gen, Klimpfj\u00e4ll-Stekenjokk<\/p>\n<p><a href='http:\/\/extra.inmontanis.info\/d\/59659-2\/DSC09762.jpg'><img src=http:\/\/extra.inmontanis.info\/d\/59658-3\/DSC09762.jpg \/><\/a><br \/>\n^ Vildmarksv\u00e4gen, Klimpfj\u00e4ll-Stekenjokk; da links h\u00e4tte ich gestern Abend sch\u00f6n eine Skitour raufmachen k\u00f6nnen und h\u00e4tte vermutlich ein tolles Pano \u00fcber die Hochebene gehabt &#8211; leider nicht daran gedacht :(<\/p>\n<p><a href='http:\/\/extra.inmontanis.info\/d\/59663-2\/DSC09765.jpg'><img src=http:\/\/extra.inmontanis.info\/d\/59662-3\/DSC09765.jpg \/><\/a><br \/>\n^ Vildmarksv\u00e4gen, Klimpfj\u00e4ll-Stekenjokk, ab hier ist die Stra\u00dfensperre f\u00fcr ein paar wenige km &#8211; schon etwas \u00fcbertrieben, da es weder  sonderlich weiter rauf geht noch irgendwelche steilen Bergh\u00e4nge am Stra\u00dfenrand hat.<\/p>\n<p><a href='http:\/\/extra.inmontanis.info\/d\/59667-2\/DSC09767.jpg'><img src=http:\/\/extra.inmontanis.info\/d\/59666-3\/DSC09767.jpg \/><\/a><br \/>\n^ Vildmarksv\u00e4gen, Klimpfj\u00e4ll-Stekenjokk<\/p>\n<p><a href='http:\/\/extra.inmontanis.info\/d\/59671-2\/DSC09768.jpg'><img src=http:\/\/extra.inmontanis.info\/d\/59670-3\/DSC09768.jpg \/><\/a><br \/>\n^ Vildmarksv\u00e4gen, Klimpfj\u00e4ll-Stekenjokk (das St\u00fcck wird immer erst am 6.6. ge\u00f6ffnet)<\/p>\n<p><a href='http:\/\/extra.inmontanis.info\/d\/59675-2\/DSC09770_001.jpg'><img src=http:\/\/extra.inmontanis.info\/d\/59674-3\/DSC09770_001.jpg \/><\/a><br \/>\n^ Vildmarksv\u00e4gen, Klimpfj\u00e4ll-Stekenjokk, weiter wollte ich nicht mehr gehen.<\/p>\n<p><a href='http:\/\/extra.inmontanis.info\/d\/59679-3\/DSC09774.jpg'><img src=http:\/\/extra.inmontanis.info\/d\/59678-4\/DSC09774.jpg \/><\/a><br \/>\n^ Komische Mulden neben der Stra\u00dfe .. ?<\/p>\n<p><a href='http:\/\/extra.inmontanis.info\/d\/59683-3\/DSC09777.jpg'><img src=http:\/\/extra.inmontanis.info\/d\/59682-4\/DSC09777.jpg \/><\/a><br \/>\n^ Wintersperre<\/p>\n<p><a href='http:\/\/extra.inmontanis.info\/d\/59687-3\/ge2020052021a.jpg'><img src=http:\/\/extra.inmontanis.info\/d\/59686-4\/ge2020052021a.jpg \/><\/a><br \/>\n^ Vildmarksv\u00e4gen, Magenta das heute gefahrene St\u00fcck, gr\u00fcn das morgige &#8211; und dazwischen ist ein kurzes St\u00fcck im Winter gesperrt, daher mind \u00fcber 300, f\u00fcr mich \u00fcber 400 km Umweg!<\/p>\n<p><a href='http:\/\/extra.inmontanis.info\/d\/59691-3\/IMG_20200520_192222.jpg'><img src=http:\/\/extra.inmontanis.info\/d\/59690-4\/IMG_20200520_192222.jpg \/><\/a><br \/>\n^ Nochmal einen Laxburger (Frasses)<\/p>\n<p><a href='http:\/\/extra.inmontanis.info\/d\/59695-3\/DSC09781.jpg'><img src=http:\/\/extra.inmontanis.info\/d\/59694-4\/DSC09781.jpg \/><\/a><br \/>\n^ E45 \/ R\u00f6rstr\u00f6msj\u00f6n<\/p>\n<p><a href='http:\/\/extra.inmontanis.info\/d\/59699-3\/DSC09783.jpg'><img src=http:\/\/extra.inmontanis.info\/d\/59698-4\/DSC09783.jpg \/><\/a><br \/>\n^ E45 \/ Stor-Skirsj\u00f6n<\/p>\n<p><a href='http:\/\/extra.inmontanis.info\/d\/59703-3\/DSC09787_001.jpg'><img src=http:\/\/extra.inmontanis.info\/d\/59702-4\/DSC09787_001.jpg \/><\/a><br \/>\n^ Bei Str\u00f6msund \/ Str\u00f6ms Vattudal (23:00 Uhr)<\/p>\n<p><a href='http:\/\/extra.inmontanis.info\/d\/59707-3\/DSC09791.jpg'><img src=http:\/\/extra.inmontanis.info\/d\/59706-4\/DSC09791.jpg \/><\/a><br \/>\n^ Z804 \/ \u00d6hn<\/p>\n<p><a href='http:\/\/extra.inmontanis.info\/d\/59711-3\/DSC09795.jpg'><img src=http:\/\/extra.inmontanis.info\/d\/59710-4\/DSC09795.jpg \/><\/a><br \/>\n^ .. leider scheint die Insel wohl rundherum bewohnte H\u00e4user an der K\u00fcste zu haben (23:27 Uhr)<\/p>\n<p><a href='http:\/\/extra.inmontanis.info\/d\/59715-3\/DSC09798.jpg'><img src=http:\/\/extra.inmontanis.info\/d\/59714-4\/DSC09798.jpg \/><\/a><br \/>\n^ Str\u00f6msund \/ Bahnhof (23:58 Uhr) und \u00dcbernachtungsplatz<\/p>\n<p>Zusammenschnitt Dashcamvideo von heute:<br \/>\n<object style=\"height: 500px; width: 900px\"><param name=\"movie\" value=\"http:\/\/www.youtube.com\/v\/vjVNfee9jMc\"><\/param><param name=\"wmode\" value=\"transparent\"><\/param><embed src=\"http:\/\/www.youtube.com\/v\/vjVNfee9jMc\" type=\"application\/x-shockwave-flash\" wmode=\"transparent\"  width=\"900\" height=\"480\"><\/embed><\/object><\/p>\n<p>(Fortsetzung folgt.)<\/p>\n","protected":false},"excerpt":{"rendered":"<p>Final Escape Sweden, 7.5.2020-23.5.2020 Tag 14: MI, 20.5.2020 &#8211; Klimpfj\u00e4ll &#8211; Was ist Gl\u00fcck? (km 6.975, Diff. 321)<\/p>\n<p>Fr\u00fchst\u00fcck gab&#8217;s von 8-10 Uhr; da der Lift erst ab 10 Uhr fahren soll, konnte ich mir also etwas Zeit lassen. Bis ich unten war, waren aber die Rennkids schon alle da und gerade noch dass ein <a href=\"http:\/\/blog.inmontanis.info\/?p=6214\">[&#8230;]<\/a><\/p>\n","protected":false},"author":1,"featured_media":0,"comment_status":"closed","ping_status":"closed","sticky":false,"template":"","format":"standard","meta":{"footnotes":""},"categories":[183,653,19,27],"tags":[45,47],"class_list":["post-6214","post","type-post","status-publish","format-standard","hentry","category-2020-05-schweden","category-klimpfjall","category-schwedensweden","category-skifahren-winterskiing-winter","tag-see","tag-sl","odd"],"_links":{"self":[{"href":"http:\/\/blog.inmontanis.info\/index.php?rest_route=\/wp\/v2\/posts\/6214","targetHints":{"allow":["GET"]}}],"collection":[{"href":"http:\/\/blog.inmontanis.info\/index.php?rest_route=\/wp\/v2\/posts"}],"about":[{"href":"http:\/\/blog.inmontanis.info\/index.php?rest_route=\/wp\/v2\/types\/post"}],"author":[{"embeddable":true,"href":"http:\/\/blog.inmontanis.info\/index.php?rest_route=\/wp\/v2\/users\/1"}],"replies":[{"embeddable":true,"href":"http:\/\/blog.inmontanis.info\/index.php?rest_route=%2Fwp%2Fv2%2Fcomments&post=6214"}],"version-history":[{"count":5,"href":"http:\/\/blog.inmontanis.info\/index.php?rest_route=\/wp\/v2\/posts\/6214\/revisions"}],"predecessor-version":[{"id":6219,"href":"http:\/\/blog.inmontanis.info\/index.php?rest_route=\/wp\/v2\/posts\/6214\/revisions\/6219"}],"wp:attachment":[{"href":"http:\/\/blog.inmontanis.info\/index.php?rest_route=%2Fwp%2Fv2%2Fmedia&parent=6214"}],"wp:term":[{"taxonomy":"category","embeddable":true,"href":"http:\/\/blog.inmontanis.info\/index.php?rest_route=%2Fwp%2Fv2%2Fcategories&post=6214"},{"taxonomy":"post_tag","embeddable":true,"href":"http:\/\/blog.inmontanis.info\/index.php?rest_route=%2Fwp%2Fv2%2Ftags&post=6214"}],"curies":[{"name":"wp","href":"https:\/\/api.w.org\/{rel}","templated":true}]}}