{"id":6209,"date":"2020-05-19T17:57:49","date_gmt":"2020-05-19T15:57:49","guid":{"rendered":"http:\/\/blog.inmontanis.info\/?p=6209"},"modified":"2023-08-05T12:29:19","modified_gmt":"2023-08-05T10:29:19","slug":"arjeplog-nalovardo-hemavan-klimpfjall-19-5-2020","status":"publish","type":"post","link":"http:\/\/blog.inmontanis.info\/?p=6209","title":{"rendered":"Arjeplog-Nalovardo-Hemavan-Klimpfj\u00e4ll, 19.5.2020"},"content":{"rendered":"<p><strong>Final Escape Sweden, 7.5.2020-23.5.2020<br \/>\nTag 13: DI, 19.5.2020 &#8211; Arjeplog-Nalovardo-Hemavan-Klimpfj\u00e4ll<\/strong> (km 6.654, Diff. 525)<\/p>\n<p>Morgen ist der dritte Besuch im Skigebiet Klimpfj\u00e4ll geplant, f\u00fcr heute h\u00e4tte es einige Optionen gegeben &#8211; erst wollte ich die 100km richtung Westen fahren (wo ich letztes Jahr Skifahren war, evtl. dort oder irgendwo anders eine Skitour), dann war mir der Umweg doch zu lang und die Wettervorhersagen f\u00fcr weiter s\u00fcdlich auch nicht so \u00fcbel. Dann nahm ich mir eine Abk\u00fcrzung zum morgigen Skigebiet vor und fuhr am Skigebiet Nalovardo vorbei, wo ich eine Skitour machen wollte.<\/p>\n<p>Als ich dort ankam, war es zwar recht sonnig am Berg, es wehte aber abschnittsweise ein sehr kalter Wind am Parkplatz. Dazu schien das Panorama wieder recht eingeschr\u00e4nkt zu sein, weil dichte Wolken in Richtung S\u00fcd und West waren, somit ich mich nur schwer aufraffen konnte, abermals vermeintlich ohne das erw\u00fcnschte Panorama eine Skitour zu machen. Bin stattdessen noch nach Hemavan-T\u00e4rnaby gefahren, glaub da muss ich bei Betrieb auch mal wieder vorbei.<\/p>\n<p>Leider gab&#8217;s an den beiden Tankstellen in Hemavan kein Hotdog o.\u00e4. und auch im Supermarkt war der Imbissbereich geschlossen, so dass ich nach dem vorherigen Shrimpsbaguette in T\u00e4rnaby (dort h\u00e4tte es Hotdogs gegeben, kam aber nicht mehr dran vorbei, da ich in dem Bereich eine andere Strecke fahren wollte) leider nichts mehr bekam und auf ein Abendessen im Hotel hoffen musste..<\/p>\n<p>Schlussendlich also wieder ein reiner Autofahrtag, aber dank des Wetters und blauem Wasser gab es genug tolle Motive und das Fahren der Naturstra\u00dfen \/ dirt roads ist auch spa\u00dfig, solang es nicht zu viel Schlagl\u00f6cher gibt. Da waren heute leider einige St\u00fccke dabei.<\/p>\n<p>(Fotos anklicken zum Vergr\u00f6\u00dfern)<\/p>\n<p><a href='http:\/\/extra.inmontanis.info\/d\/58895-2\/scn2020h.jpg'><img src=http:\/\/extra.inmontanis.info\/d\/58894-3\/scn2020h.jpg \/><\/a><br \/>\n^ T\u00fcrkis von I bis D: Fahrstrecke 19.5.2020 (525 km)<br \/>\nI: Arjeplog<br \/>\nS: Nalovardo<br \/>\nT: T\u00e4rnaby<br \/>\nU: Hemavan<br \/>\nD: Klimpfj\u00e4ll<\/p>\n<p><a href='http:\/\/extra.inmontanis.info\/d\/59447-2\/DSC09456.jpg'><img src=http:\/\/extra.inmontanis.info\/d\/59446-3\/DSC09456.jpg \/><\/a><br \/>\n^ Arjeplog \/ S\u00e4lla<\/p>\n<p><a href='http:\/\/extra.inmontanis.info\/d\/59451-2\/DSC09460.jpg'><img src=http:\/\/extra.inmontanis.info\/d\/59450-3\/DSC09460.jpg \/><\/a><br \/>\n^ Schafe?<\/p>\n<p><a href='http:\/\/extra.inmontanis.info\/d\/59455-2\/DSC09461.jpg'><img src=http:\/\/extra.inmontanis.info\/d\/59454-3\/DSC09461.jpg \/><\/a><br \/>\n^ Nein, wei\u00dfe Rentiere, na sowas.<\/p>\n<p><a href='http:\/\/extra.inmontanis.info\/d\/59459-2\/DSC09467.jpg'><img src=http:\/\/extra.inmontanis.info\/d\/59458-3\/DSC09467.jpg \/><\/a><br \/>\n^ Naturstra\u00dfe BD626 (Arjeplog-Nalovardo)<\/p>\n<p><a href='http:\/\/extra.inmontanis.info\/d\/59463-2\/DSC09475.jpg'><img src=http:\/\/extra.inmontanis.info\/d\/59462-3\/DSC09475.jpg \/><\/a><br \/>\n^ Lais\u00e4lven<\/p>\n<p><a href='http:\/\/ski.inmontanis.info\/d\/280236-2\/DSC09477.jpg'><img src=http:\/\/ski.inmontanis.info\/d\/280234-3\/DSC09477.jpg \/><\/a><br \/>\n^ Nalovardo, R\u00fcckseite vom Skigebiet<\/p>\n<p><a href='http:\/\/ski.inmontanis.info\/d\/280240-2\/DSC09480.jpg'><img src=http:\/\/ski.inmontanis.info\/d\/280239-3\/DSC09480.jpg \/><\/a><br \/>\n^ Skigebiet Nalovardo<\/p>\n<p><a href='http:\/\/ski.inmontanis.info\/d\/280244-2\/DSC09482.jpg'><img src=http:\/\/ski.inmontanis.info\/d\/280243-3\/DSC09482.jpg \/><\/a><br \/>\n^ Hier sah es sonnig aus, aber links und hinter mir genau umgekehrt. Dazu ein starker Wind und nur knapp \u00fcber 0\u00b0 .. konnte mich nicht aufraffen.<\/p>\n<p><a href='http:\/\/extra.inmontanis.info\/d\/59467-2\/DSC09487.jpg'><img src=http:\/\/extra.inmontanis.info\/d\/59466-3\/DSC09487.jpg \/><\/a><br \/>\n^ Bei Sorsele.<\/p>\n<p><a href='http:\/\/extra.inmontanis.info\/d\/59471-2\/DSC09489.jpg'><img src=http:\/\/extra.inmontanis.info\/d\/59470-3\/DSC09489.jpg \/><\/a><br \/>\n^ AC1132 \/ Juktan<\/p>\n<p><a href='http:\/\/extra.inmontanis.info\/d\/59475-2\/DSC09495.jpg'><img src=http:\/\/extra.inmontanis.info\/d\/59474-3\/DSC09495.jpg \/><\/a><br \/>\n^ E12 \/ Ume\u00e4lven<\/p>\n<p><a href='http:\/\/extra.inmontanis.info\/d\/59479-2\/DSC09499.jpg'><img src=http:\/\/extra.inmontanis.info\/d\/59478-3\/DSC09499.jpg \/><\/a><br \/>\n^ E12 richtung T\u00e4rnaby<\/p>\n<p><a href='http:\/\/extra.inmontanis.info\/d\/59483-2\/DSC09501.jpg'><img src=http:\/\/extra.inmontanis.info\/d\/59482-3\/DSC09501.jpg \/><\/a><br \/>\n^ E12 \/ Luvlie Geavhta<\/p>\n<p><a href='http:\/\/ski.inmontanis.info\/d\/280248-2\/DSC09504.jpg'><img src=http:\/\/ski.inmontanis.info\/d\/280247-3\/DSC09504.jpg \/><\/a><br \/>\n^ Blick ins Skigebiet von T\u00e4rnaby<\/p>\n<p><a href='http:\/\/extra.inmontanis.info\/d\/59487-2\/DSC09505.jpg'><img src=http:\/\/extra.inmontanis.info\/d\/59486-3\/DSC09505.jpg \/><\/a><br \/>\n^ E12 \/ Geavhta<\/p>\n<p><a href='http:\/\/extra.inmontanis.info\/d\/59491-2\/DSC09506.jpg'><img src=http:\/\/extra.inmontanis.info\/d\/59490-3\/DSC09506.jpg \/><\/a><br \/>\n^ E12 \/ Geavhta bei T\u00e4rnaby<\/p>\n<p><a href='http:\/\/extra.inmontanis.info\/d\/59495-2\/IMG_20200519_141024.jpg'><img src=http:\/\/extra.inmontanis.info\/d\/59494-3\/IMG_20200519_141024.jpg \/><\/a><br \/>\n^ Ein Shrimpsandwich bekommt man in Schweden anscheinend nicht nur in Meeresn\u00e4he :)<\/p>\n<p><a href='http:\/\/ski.inmontanis.info\/d\/280252-2\/DSC09508.jpg'><img src=http:\/\/ski.inmontanis.info\/d\/280251-3\/DSC09508.jpg \/><\/a><br \/>\n^ T\u00e4rnaby \/ DSB<\/p>\n<p><a href='http:\/\/ski.inmontanis.info\/d\/280256-2\/DSC09509.jpg'><img src=http:\/\/ski.inmontanis.info\/d\/280255-3\/DSC09509.jpg \/><\/a><br \/>\n^ T\u00e4rnaby-Hemavan<\/p>\n<p><a href='http:\/\/extra.inmontanis.info\/d\/59499-2\/DSC09512.jpg'><img src=http:\/\/extra.inmontanis.info\/d\/59498-3\/DSC09512.jpg \/><\/a><br \/>\n^ Hemavan \/ Ume\u00e4lven<\/p>\n<p><a href='http:\/\/ski.inmontanis.info\/d\/280260-2\/DSC09513.jpg'><img src=http:\/\/ski.inmontanis.info\/d\/280259-3\/DSC09513.jpg \/><\/a><br \/>\n^ Hemavan<\/p>\n<p><a href='http:\/\/ski.inmontanis.info\/d\/280264-2\/DSC09515.jpg'><img src=http:\/\/ski.inmontanis.info\/d\/280263-3\/DSC09515.jpg \/><\/a><br \/>\n^ Hemavan \/ rechte Lifte<\/p>\n<p>In meinem Stra\u00dfenatlas war an einer Seitenstra\u00dfe irgendeine Art von Lift eingezeichnet, das wollte ich mal \u00fcberpr\u00fcfen, fand aber leider nichts.<\/p>\n<p><a href='http:\/\/ski.inmontanis.info\/d\/280268-2\/DSC09517.jpg'><img src=http:\/\/ski.inmontanis.info\/d\/280267-3\/DSC09517.jpg \/><\/a><br \/>\n^ AC1118<\/p>\n<p><a href='http:\/\/ski.inmontanis.info\/d\/280272-2\/DSC09520.jpg'><img src=http:\/\/ski.inmontanis.info\/d\/280271-3\/DSC09520.jpg \/><\/a><br \/>\n^ Hier schien es mir noch am vielversprechendsten nach einem ehemaligen Lift auszusehen ..<\/p>\n<p><a href='http:\/\/ski.inmontanis.info\/d\/280276-2\/ge20200519b.jpg'><img src=http:\/\/ski.inmontanis.info\/d\/280275-3\/ge20200519b.jpg \/><\/a><br \/>\n^ Schaut schon verd\u00e4chtig nach stillgelegter Lift- und Pistenschneise aus, zumindest das St\u00fcck in Bildmitte + Abfahrt rechts.<\/p>\n<p><a href='http:\/\/ski.inmontanis.info\/d\/280280-2\/DSC09523.jpg'><img src=http:\/\/ski.inmontanis.info\/d\/280279-3\/DSC09523.jpg \/><\/a><br \/>\n^ AC1118  &#8211; Blick ins Skigebiet von Hemavan<\/p>\n<p><a href='http:\/\/extra.inmontanis.info\/d\/59503-2\/DSC09524.jpg'><img src=http:\/\/extra.inmontanis.info\/d\/59502-3\/DSC09524.jpg \/><\/a><br \/>\n^ Ume\u00e4lven<\/p>\n<p><a href='http:\/\/ski.inmontanis.info\/d\/280284-2\/DSC09530.jpg'><img src=http:\/\/ski.inmontanis.info\/d\/280283-3\/DSC09530.jpg \/><\/a><br \/>\n^ Hemavan Gondol<\/p>\n<p><a href='http:\/\/extra.inmontanis.info\/d\/59507-2\/DSC09533.jpg'><img src=http:\/\/extra.inmontanis.info\/d\/59506-3\/DSC09533.jpg \/><\/a><br \/>\n^ AC1113 \/ Manchmal ist so eine Naturstra\u00dfe ziemlich staubig :-)<\/p>\n<p><a href='http:\/\/extra.inmontanis.info\/d\/59511-2\/DSC09537.jpg'><img src=http:\/\/extra.inmontanis.info\/d\/59510-3\/DSC09537.jpg \/><\/a><br \/>\n^ AC1113 \/ Stor-Bj\u00f6rkvattnet<\/p>\n<p><a href='http:\/\/extra.inmontanis.info\/d\/59515-2\/DSC09539.jpg'><img src=http:\/\/extra.inmontanis.info\/d\/59514-3\/DSC09539.jpg \/><\/a><br \/>\n^ AC1113 \/ Stor-Bj\u00f6rkvattnet<\/p>\n<p><a href='http:\/\/extra.inmontanis.info\/d\/59519-2\/DSC09541.jpg'><img src=http:\/\/extra.inmontanis.info\/d\/59518-3\/DSC09541.jpg \/><\/a><br \/>\n^ AC1113 \/ Stor-Bj\u00f6rkvattnet<\/p>\n<p><a href='http:\/\/extra.inmontanis.info\/d\/59523-2\/DSC09547.jpg'><img src=http:\/\/extra.inmontanis.info\/d\/59522-3\/DSC09547.jpg \/><\/a><br \/>\n^ AC1113 \/ Stor-Bj\u00f6rkvattnet<\/p>\n<p><a href='http:\/\/extra.inmontanis.info\/d\/59527-2\/DSC09558.jpg'><img src=http:\/\/extra.inmontanis.info\/d\/59526-3\/DSC09558.jpg \/><\/a><br \/>\n^ AC1113 \/ Stor-Bj\u00f6rkvattnet<\/p>\n<p><a href='http:\/\/extra.inmontanis.info\/d\/59531-2\/DSC09562.jpg'><img src=http:\/\/extra.inmontanis.info\/d\/59530-3\/DSC09562.jpg \/><\/a><br \/>\n^ AC1113 \/ Ume\u00e4lven Staumauer<\/p>\n<p><a href='http:\/\/extra.inmontanis.info\/d\/59535-2\/DSC09564.jpg'><img src=http:\/\/extra.inmontanis.info\/d\/59534-3\/DSC09564.jpg \/><\/a><br \/>\n^ Aufw\u00e4rts ..<\/p>\n<p><a href='http:\/\/extra.inmontanis.info\/d\/59539-2\/DSC09565.jpg'><img src=http:\/\/extra.inmontanis.info\/d\/59538-3\/DSC09565.jpg \/><\/a><br \/>\n^ .. und abw\u00e4rts (Ume\u00e4lven)<\/p>\n<p><a href='http:\/\/extra.inmontanis.info\/d\/59543-2\/DSC09567.jpg'><img src=http:\/\/extra.inmontanis.info\/d\/59542-3\/DSC09567.jpg \/><\/a><br \/>\n^ AC1100 \/ Ume\u00e4lven, netter kleiner Canyon<\/p>\n<p><a href='http:\/\/extra.inmontanis.info\/d\/59547-2\/DSC09569.jpg'><img src=http:\/\/extra.inmontanis.info\/d\/59546-3\/DSC09569.jpg \/><\/a><br \/>\n^ AC1100 \/ Ume\u00e4lven<\/p>\n<p><a href='http:\/\/extra.inmontanis.info\/d\/59551-2\/DSC09574.jpg'><img src=http:\/\/extra.inmontanis.info\/d\/59550-3\/DSC09574.jpg \/><\/a><br \/>\n^ AC1093 .. Naturstra\u00dfen als Abk\u00fcrzung<\/p>\n<p><a href='http:\/\/extra.inmontanis.info\/d\/59555-2\/DSC09580.jpg'><img src=http:\/\/extra.inmontanis.info\/d\/59554-3\/DSC09580.jpg \/><\/a><br \/>\n^ AC1093<\/p>\n<p><a href='http:\/\/extra.inmontanis.info\/d\/59559-2\/DSC09581.jpg'><img src=http:\/\/extra.inmontanis.info\/d\/59558-3\/DSC09581.jpg \/><\/a><br \/>\n^ AC1077 \/ Dikasj\u00f6n oder Vojmsj\u00f6n oder dazwischen<\/p>\n<p><a href='http:\/\/extra.inmontanis.info\/d\/59563-2\/DSC09584.jpg'><img src=http:\/\/extra.inmontanis.info\/d\/59562-3\/DSC09584.jpg \/><\/a><br \/>\n^ Dikasj\u00f6n oder Vojmsj\u00f6n oder dazwischen<\/p>\n<p><a href='http:\/\/extra.inmontanis.info\/d\/59567-2\/DSC09589.jpg'><img src=http:\/\/extra.inmontanis.info\/d\/59566-3\/DSC09589.jpg \/><\/a><br \/>\n^ AC1077 \/ Marsfj\u00e4llet<\/p>\n<p><a href='http:\/\/extra.inmontanis.info\/d\/59571-2\/DSC09595.jpg'><img src=http:\/\/extra.inmontanis.info\/d\/59570-3\/DSC09595.jpg \/><\/a><br \/>\n^ AC1067 \/ \u00c5ngerman\u00e4lven<\/p>\n<p><a href='http:\/\/extra.inmontanis.info\/d\/59575-2\/DSC09597.jpg'><img src=http:\/\/extra.inmontanis.info\/d\/59574-3\/DSC09597.jpg \/><\/a><br \/>\n^ AC1067 \/ \u00c5ngerman\u00e4lven<\/p>\n<p><a href='http:\/\/extra.inmontanis.info\/d\/59579-2\/DSC09600.jpg'><img src=http:\/\/extra.inmontanis.info\/d\/59578-3\/DSC09600.jpg \/><\/a><br \/>\n^ AC1067 \/ Bijjie Lijhtie<\/p>\n<p><a href='http:\/\/extra.inmontanis.info\/d\/59583-2\/DSC09602.jpg'><img src=http:\/\/extra.inmontanis.info\/d\/59582-3\/DSC09602.jpg \/><\/a><br \/>\n^ Kultsj\u00f6n<\/p>\n<p><a href='http:\/\/extra.inmontanis.info\/d\/59587-2\/DSC09604.jpg'><img src=http:\/\/extra.inmontanis.info\/d\/59586-3\/DSC09604.jpg \/><\/a><br \/>\n^ Kultsj\u00f6n<\/p>\n<p><a href='http:\/\/extra.inmontanis.info\/d\/59591-2\/DSC09614.jpg'><img src=http:\/\/extra.inmontanis.info\/d\/59590-3\/DSC09614.jpg \/><\/a><br \/>\n^ Kultsj\u00f6n<\/p>\n<p><a href='http:\/\/extra.inmontanis.info\/d\/59595-2\/DSC09617.jpg'><img src=http:\/\/extra.inmontanis.info\/d\/59594-3\/DSC09617.jpg \/><\/a><br \/>\n^ Kultsj\u00f6n<\/p>\n<p><a href='http:\/\/extra.inmontanis.info\/d\/59599-2\/DSC09621.jpg'><img src=http:\/\/extra.inmontanis.info\/d\/59598-3\/DSC09621.jpg \/><\/a><br \/>\n^ Kultsj\u00f6n<\/p>\n<p><a href='http:\/\/extra.inmontanis.info\/d\/59603-2\/DSC09622.jpg'><img src=http:\/\/extra.inmontanis.info\/d\/59602-3\/DSC09622.jpg \/><\/a><br \/>\n^ Kultsj\u00f6n<\/p>\n<p>\u00dcbernachtet wird heute im Hotel beim Skigebiet Klimpfj\u00e4ll, weil die mit 800,- SEK (also ca. 78,- \u20ac)  das g\u00fcnstigste Zimmer hatten und ich hatte insofern Gl\u00fcck, dass es etwas zu Essen gab, auch wenn es nur Pizza war &#8211; aber das hat andererseits den Vorteil, dass ich ein bisschen was f\u00fcr morgen Mittag aufheben konnte (oder musste, weil ich so eine ganze Pizza ja eh selten schaffe, au\u00dfer manchmal in Italien bei wesentlich d\u00fcnnerem Boden).<\/p>\n<p>Voraussichtlich wird das auch meine letzte Nacht in einem Hotel, da die N\u00e4chte jetzt auch wieder etwas w\u00e4rmer werden und ich ja immer weiter in den S\u00fcden komme.<\/p>\n<p><a href='http:\/\/extra.inmontanis.info\/d\/59607-2\/IMG_20200519_185413.jpg'><img src=http:\/\/extra.inmontanis.info\/d\/59606-3\/IMG_20200519_185413.jpg \/><\/a><br \/>\n^ Abendessen im Hotel, Kebap-Pizza mit Kebap-Sauce (man h\u00e4tte auch eine andere Sauce dazu haben k\u00f6nnen)<\/p>\n<p><a href='http:\/\/extra.inmontanis.info\/d\/59611-2\/DSC09624.jpg'><img src=http:\/\/extra.inmontanis.info\/d\/59610-3\/DSC09624.jpg \/><\/a><br \/>\n^ Hotelzimmerpano<\/p>\n<p><a href='http:\/\/extra.inmontanis.info\/d\/59615-2\/DSC09627.jpg'><img src=http:\/\/extra.inmontanis.info\/d\/59614-3\/DSC09627.jpg \/><\/a><br \/>\n^ Gro\u00dfes Badezimmer mit eigener elektrischer Heizung (gut), aber ohne Steckdose oder F\u00f6hn (weniger gut)<\/p>\n<p><a href='http:\/\/extra.inmontanis.info\/d\/59619-2\/DSC09628.jpg'><img src=http:\/\/extra.inmontanis.info\/d\/59618-3\/DSC09628.jpg \/><\/a><br \/>\n^ Hotelzimmer, hier allerdings kein einziger Kleiderhaken und kein einziger Schrank<\/p>\n<p><a href='http:\/\/extra.inmontanis.info\/d\/59623-2\/DSC09634.jpg'><img src=http:\/\/extra.inmontanis.info\/d\/59622-3\/DSC09634.jpg \/><\/a><br \/>\n^ Hotelzimmerpano um 22:22 Uhr; auch sp\u00e4ter blieb es zu hell f\u00fcr Nordlichter<\/p>\n<p>Irgendwann im Laufe des Abends, aber viel zu sp\u00e4t, fiel mir ein, dass ich ja noch die in ein paar km geschlossene Stra\u00dfe richtung Blasj\u00f6n h\u00e4tte fahren k\u00f6nnen &#8211; was mich am n\u00e4chsten Tag ge\u00e4rgert hat, denn da bin ich sie nachmittags gefahren und hab gesehen, dass ich dort mit einer kurzen Skitour eine tolle Aussicht gehabt h\u00e4tte :(<\/p>\n<p><a href='http:\/\/extra.inmontanis.info\/d\/59627-2\/DSC09640.jpg'><img src=http:\/\/extra.inmontanis.info\/d\/59626-3\/DSC09640.jpg \/><\/a><br \/>\n^ In Schweden \u00fcblicher WC-T\u00fcrschlie\u00dfmechanismus, au\u00dfen und innen ist zumindest hier in der H\u00f6he versetzt, was einem komisch vorkommt (H\u00e4, der Griff war doch gerade wo anders?)<\/p>\n<p><a href='http:\/\/extra.inmontanis.info\/d\/59631-2\/DSC09641.jpg'><img src=http:\/\/extra.inmontanis.info\/d\/59630-3\/DSC09641.jpg \/><\/a><br \/>\n^ Zum Schlie\u00dfen dr\u00fcckt man den Innengriff nach oben. Zum \u00d6ffnen nach unten. Wenn man nicht absperrt, f\u00fchlt es sich aber komisch an, dass der innere Griff beim Runterdr\u00fccken von der Neutralposition aus nicht so weit runter geht wie au\u00dfen bzw. wie man es generell gewohnt ist.<\/p>\n<p>Zusammenschnitt Dashcamvideo von heute, wie am gestrigen Tag mit ein paar l\u00e4ngeren Naturstra\u00dfenst\u00fccken:<br \/>\n<object style=\"height: 500px; width: 900px\"><param name=\"movie\" value=\"http:\/\/www.youtube.com\/v\/IRuceYPpq_o\"><\/param><param name=\"wmode\" value=\"transparent\"><\/param><embed src=\"http:\/\/www.youtube.com\/v\/IRuceYPpq_o\" type=\"application\/x-shockwave-flash\" wmode=\"transparent\"  width=\"900\" height=\"480\"><\/embed><\/object><\/p>\n<p>(Fortsetzung folgt.)<\/p>\n","protected":false},"excerpt":{"rendered":"<p>Final Escape Sweden, 7.5.2020-23.5.2020 Tag 13: DI, 19.5.2020 &#8211; Arjeplog-Nalovardo-Hemavan-Klimpfj\u00e4ll (km 6.654, Diff. 525)<\/p>\n<p>Morgen ist der dritte Besuch im Skigebiet Klimpfj\u00e4ll geplant, f\u00fcr heute h\u00e4tte es einige Optionen gegeben &#8211; erst wollte ich die 100km richtung Westen fahren (wo ich letztes Jahr Skifahren war, evtl. dort oder irgendwo anders eine Skitour), dann war mir <a href=\"http:\/\/blog.inmontanis.info\/?p=6209\">[&#8230;]<\/a><\/p>\n","protected":false},"author":1,"featured_media":0,"comment_status":"closed","ping_status":"closed","sticky":false,"template":"","format":"standard","meta":{"footnotes":""},"categories":[183,643,19],"tags":[45],"class_list":["post-6209","post","type-post","status-publish","format-standard","hentry","category-2020-05-schweden","category-nalovardo","category-schwedensweden","tag-see","odd"],"_links":{"self":[{"href":"http:\/\/blog.inmontanis.info\/index.php?rest_route=\/wp\/v2\/posts\/6209","targetHints":{"allow":["GET"]}}],"collection":[{"href":"http:\/\/blog.inmontanis.info\/index.php?rest_route=\/wp\/v2\/posts"}],"about":[{"href":"http:\/\/blog.inmontanis.info\/index.php?rest_route=\/wp\/v2\/types\/post"}],"author":[{"embeddable":true,"href":"http:\/\/blog.inmontanis.info\/index.php?rest_route=\/wp\/v2\/users\/1"}],"replies":[{"embeddable":true,"href":"http:\/\/blog.inmontanis.info\/index.php?rest_route=%2Fwp%2Fv2%2Fcomments&post=6209"}],"version-history":[{"count":4,"href":"http:\/\/blog.inmontanis.info\/index.php?rest_route=\/wp\/v2\/posts\/6209\/revisions"}],"predecessor-version":[{"id":6213,"href":"http:\/\/blog.inmontanis.info\/index.php?rest_route=\/wp\/v2\/posts\/6209\/revisions\/6213"}],"wp:attachment":[{"href":"http:\/\/blog.inmontanis.info\/index.php?rest_route=%2Fwp%2Fv2%2Fmedia&parent=6209"}],"wp:term":[{"taxonomy":"category","embeddable":true,"href":"http:\/\/blog.inmontanis.info\/index.php?rest_route=%2Fwp%2Fv2%2Fcategories&post=6209"},{"taxonomy":"post_tag","embeddable":true,"href":"http:\/\/blog.inmontanis.info\/index.php?rest_route=%2Fwp%2Fv2%2Ftags&post=6209"}],"curies":[{"name":"wp","href":"https:\/\/api.w.org\/{rel}","templated":true}]}}