{"id":6205,"date":"2020-06-28T17:38:47","date_gmt":"2020-06-28T15:38:47","guid":{"rendered":"http:\/\/blog.inmontanis.info\/?p=6205"},"modified":"2023-07-01T20:57:40","modified_gmt":"2023-07-01T18:57:40","slug":"hintertuxer-gletscher-27-28-6-2020","status":"publish","type":"post","link":"http:\/\/blog.inmontanis.info\/?p=6205","title":{"rendered":"Hintertuxer Gletscher, 27.+28.6.2020"},"content":{"rendered":"<p><strong>Sa, 27.6.2020<\/strong><\/p>\n<p>Heute kam ich bereits um 8:50 Uhr an, wo ich noch eine Warteschlange an der Talstation der 8EUB vernahm. Bis ich angezogen war, bekam ich aber eine Kabine 8EUB + GB2 f\u00fcr mich. Die DSB ist offiziell noch in Revision, soll aber ab 4.7. wieder \u00f6ffnen. Aktuell ist ja immer noch Schnee auf den Matten, das h\u00e4tte man sich wohl sparen k\u00f6nnen.<\/p>\n<p>In Betrieb waren oben alle 4 SL, die auch recht lange mehr oder weniger voll ausgelastet waren.<\/p>\n<p>Um 10.45 probierte ich es mal &#8220;ZwiDeGo&#8221; (falls ich es heuer noch nicht erkl\u00e4rt haben sollte: &#8220;Zwischen Den Gondeln&#8221;) &#8211; oben bzw. westseitige H\u00e4nge bruchharschig, ostseitig sehr weich (Schneerutsche), unterer nordseitiger Steilhang je sandiger, also \u00e4lter, desto h\u00e4rter und besser zu fahren, allerdings bremst der sehr sandige Schnee recht stark, sp\u00e4testens im Flachen. <\/p>\n<p>Dass mich einer erkennt, kam ja schon \u00f6fters vor &#8211; nicht nur am Hintertuxer, aber dass einer ein Selfie mit mir haben will, war heute Mittag eine Premiere. (Ein stiller Mitleser, vmtl. im Alpinforum.) <\/p>\n<p>Um 14 Uhr ein drittes Mal ZwiDeGo, oben zwar kein Bruchharsch mehr, aber nass tief so dass man auch kaum um die Kurve kam.. also fuhr ich ab. Am GB2 stieg in meine Kabine noch eine Renngruppe aus dem Veneto ein, die aber trotz Hinweise des Liftlers die Maske nicht \u00fcberzogen. Na, dann brauch ich auch keine tragen&#8230;<\/p>\n<p>(Fotos anklicken zum Vergr\u00f6\u00dfern)<\/p>\n<p><a href='http:\/\/ski.inmontanis.info\/d\/280158-2\/DSC00437.jpg'><img src=http:\/\/ski.inmontanis.info\/d\/280157-3\/DSC00437.jpg \/><\/a><br \/>\n^ Von 8EUB Sektion 1<\/p>\n<p><a href='http:\/\/ski.inmontanis.info\/d\/280162-2\/DSC00441.jpg'><img src=http:\/\/ski.inmontanis.info\/d\/280161-3\/DSC00441.jpg \/><\/a><br \/>\n^ Zufahrt GB3<\/p>\n<p><a href='http:\/\/ski.inmontanis.info\/d\/280166-2\/DSC00444.jpg'><img src=http:\/\/ski.inmontanis.info\/d\/280165-3\/DSC00444.jpg \/><\/a><br \/>\n^ ZwiDeGo, der Steilhang lie\u00df sich besser fahren, weil schon der alte, sandige Schnee vom Mai rauskommt<\/p>\n<p><a href='http:\/\/ski.inmontanis.info\/d\/280170-2\/DSC00449_001.jpg'><img src=http:\/\/ski.inmontanis.info\/d\/280169-3\/DSC00449_001.jpg \/><\/a><br \/>\n^ Ziemlich volle GW-Pisten, beide SL liefen gut ausgelastet<\/p>\n<p><a href='http:\/\/ski.inmontanis.info\/d\/280174-2\/DSC00450.jpg'><img src=http:\/\/ski.inmontanis.info\/d\/280173-3\/DSC00450.jpg \/><\/a><br \/>\n^ .. auch die beiden Olperer-SL waren in Betrieb und voll ausgelastet<\/p>\n<p><a href='http:\/\/ski.inmontanis.info\/d\/280178-2\/DSC00451.jpg'><img src=http:\/\/ski.inmontanis.info\/d\/280177-3\/DSC00451.jpg \/><\/a><br \/>\n^ Vom SL Olperer zur Gefrorenen Wand<\/p>\n<p><a href='http:\/\/ski.inmontanis.info\/d\/280182-2\/DSC00454_001.jpg'><img src=http:\/\/ski.inmontanis.info\/d\/280181-3\/DSC00454_001.jpg \/><\/a><br \/>\n^ Neben der Piste gings wie \u00fcblich besser<\/p>\n<p><a href='http:\/\/ski.inmontanis.info\/d\/280186-2\/DSC00457_001.jpg'><img src=http:\/\/ski.inmontanis.info\/d\/280185-3\/DSC00457_001.jpg \/><\/a><br \/>\n^ ZwiDeGo<\/p>\n<p><a href='http:\/\/ski.inmontanis.info\/d\/280190-2\/DSC00459.jpg'><img src=http:\/\/ski.inmontanis.info\/d\/280189-3\/DSC00459.jpg \/><\/a><br \/>\n^ ZwiDeGo, leider gab es immer mal wieder Schneerutsche auf dem ostseitigen Hang, aber daf\u00fcr war&#8217;s hier sch\u00f6ner zu fahren<\/p>\n<p><a href='http:\/\/ski.inmontanis.info\/d\/280194-2\/DSC00460.jpg'><img src=http:\/\/ski.inmontanis.info\/d\/280193-3\/DSC00460.jpg \/><\/a><br \/>\n^ ZwiDeGo mit GB3<\/p>\n<p><a href='http:\/\/ski.inmontanis.info\/d\/280198-2\/DSC00464.jpg'><img src=http:\/\/ski.inmontanis.info\/d\/280197-3\/DSC00464.jpg \/><\/a><br \/>\n^ Richtung Kaserer sah man, wieviel Sahara-Sandstaub es diesen Winter wieder gab &#8211; das wird weiter oben sp\u00e4ter auch so aussehen :(<\/p>\n<p><a href='http:\/\/ski.inmontanis.info\/d\/280202-2\/DSC00466.jpg'><img src=http:\/\/ski.inmontanis.info\/d\/280201-3\/DSC00466.jpg \/><\/a><br \/>\n^ Die Vermattung der DSB-Zufahrt war leider echt sinnlos &#8211; aktuell immer noch Schnee auf den Matten &#8211; und vielleicht auch der Grund, warum sie noch nicht in Betrieb ist ..<\/p>\n<p><a href='http:\/\/ski.inmontanis.info\/d\/280206-2\/DSC00469.jpg'><img src=http:\/\/ski.inmontanis.info\/d\/280205-3\/DSC00469.jpg \/><\/a><br \/>\n^ An sich gut zu fahren (weil kompakt), aber der Sandschnee ist doch sehr bremsend.<\/p>\n<p><a href='http:\/\/ski.inmontanis.info\/d\/280210-2\/DSC00473.jpg'><img src=http:\/\/ski.inmontanis.info\/d\/280209-3\/DSC00473.jpg \/><\/a><br \/>\n^ Auf dieser Seite war ich nach der Vermattung auch nie unterwegs &#8211; aber aktuell hat&#8217;s noch Schnee, so.. why not?<\/p>\n<p><strong>So, 28.6.2020<\/strong><\/p>\n<p>McDonalds-Fr\u00fchst\u00fcck dritter und letzter Teil &#8211; mit dem letzte Woche im Spar gekauften Ahornsirup bewaffnet, kaufte ich mir wieder die Pancakes mit Nutella und erfuhr, wie ein Hamburger ohne Gurken, Zwiebel und Saucen hei\u00dft: &#8220;Hamburger Plain&#8221;. H\u00e4tte nicht gedacht, dass es das als eigenst\u00e4ndiges Produkt gibt :) Der Burger kam mit dem Ahornsirup auf die Pancakes und das Nutella kam dann halt zwischen das Hamburgerbr\u00f6tchen (und mit ins Skigebiet).<\/p>\n<p>Gestern Abend gab es wohl einiges an Regen am Gletscher, aber immerhin hatte es nachts noch aufgeklart, sonst w\u00e4re alles extrem matschig heute gewesen. Stattdessen also schon hart, aber prinzipiell schon (fr\u00fcher) pappiger als gestern. Auch ZwiDeGo war es schlechter als gestern, somit bereits um 12 Uhr runter.<\/p>\n<p><a href='http:\/\/extra.inmontanis.info\/d\/59443-2\/IMG_20200628_081056.jpg'><img src=http:\/\/extra.inmontanis.info\/d\/59442-3\/IMG_20200628_081056.jpg \/><\/a><br \/>\n^ So m\u00fcssen Pancakes sein &#8211; mit Rindfleischburger und Ahornsirup :)<\/p>\n<p><a href='http:\/\/ski.inmontanis.info\/d\/280214-2\/DSC00477_001.jpg'><img src=http:\/\/ski.inmontanis.info\/d\/280213-3\/DSC00477_001.jpg \/><\/a><br \/>\n^ H\u00e4tte ja nicht gedacht, dass das Gletschertor \u00fcbern Winter quasi komplett eingeschneit, aber nicht abgesichert ist &#8211; beim Abfahren  kaum zu erkennen.<\/p>\n<p><a href='http:\/\/ski.inmontanis.info\/d\/280218-2\/DSC00478.jpg'><img src=http:\/\/ski.inmontanis.info\/d\/280217-3\/DSC00478.jpg \/><\/a><br \/>\n^ \u00dcblicher 10EUB-DSB-Blick<\/p>\n<p><a href='http:\/\/ski.inmontanis.info\/d\/280222-2\/DSC00479.jpg'><img src=http:\/\/ski.inmontanis.info\/d\/280221-3\/DSC00479.jpg \/><\/a><br \/>\n^ Auch heute wieder beide GW-SL in Betrieb, Offpiste durch die vereiste Regenschicht aber gl\u00e4nzender<\/p>\n<p><a href='http:\/\/ski.inmontanis.info\/d\/280226-2\/DSC00481.jpg'><img src=http:\/\/ski.inmontanis.info\/d\/280225-3\/DSC00481.jpg \/><\/a><br \/>\n^ Kein Massengrab, sondern Mattendepot. <\/p>\n<p><a href='http:\/\/ski.inmontanis.info\/d\/280230-2\/DSC00482_001.jpg'><img src=http:\/\/ski.inmontanis.info\/d\/280229-3\/DSC00482_001.jpg \/><\/a><br \/>\n^ Die rechte Au\u00dfenpiste am Olperer ist mittlerweile doch wieder geschlossen, lie\u00df sich aber gut fahren dieses WE<\/p>\n","protected":false},"excerpt":{"rendered":"<p>Sa, 27.6.2020<\/p>\n<p>Heute kam ich bereits um 8:50 Uhr an, wo ich noch eine Warteschlange an der Talstation der 8EUB vernahm. Bis ich angezogen war, bekam ich aber eine Kabine 8EUB + GB2 f\u00fcr mich. Die DSB ist offiziell noch in Revision, soll aber ab 4.7. wieder \u00f6ffnen. Aktuell ist ja immer noch Schnee auf <a href=\"http:\/\/blog.inmontanis.info\/?p=6205\">[&#8230;]<\/a><\/p>\n","protected":false},"author":1,"featured_media":0,"comment_status":"closed","ping_status":"closed","sticky":false,"template":"","format":"standard","meta":{"footnotes":""},"categories":[246,25,13,28],"tags":[47],"class_list":["post-6205","post","type-post","status-publish","format-standard","hentry","category-hintertux","category-noreport","category-austria","category-skifahren-sommer","tag-sl","odd"],"_links":{"self":[{"href":"http:\/\/blog.inmontanis.info\/index.php?rest_route=\/wp\/v2\/posts\/6205","targetHints":{"allow":["GET"]}}],"collection":[{"href":"http:\/\/blog.inmontanis.info\/index.php?rest_route=\/wp\/v2\/posts"}],"about":[{"href":"http:\/\/blog.inmontanis.info\/index.php?rest_route=\/wp\/v2\/types\/post"}],"author":[{"embeddable":true,"href":"http:\/\/blog.inmontanis.info\/index.php?rest_route=\/wp\/v2\/users\/1"}],"replies":[{"embeddable":true,"href":"http:\/\/blog.inmontanis.info\/index.php?rest_route=%2Fwp%2Fv2%2Fcomments&post=6205"}],"version-history":[{"count":3,"href":"http:\/\/blog.inmontanis.info\/index.php?rest_route=\/wp\/v2\/posts\/6205\/revisions"}],"predecessor-version":[{"id":6208,"href":"http:\/\/blog.inmontanis.info\/index.php?rest_route=\/wp\/v2\/posts\/6205\/revisions\/6208"}],"wp:attachment":[{"href":"http:\/\/blog.inmontanis.info\/index.php?rest_route=%2Fwp%2Fv2%2Fmedia&parent=6205"}],"wp:term":[{"taxonomy":"category","embeddable":true,"href":"http:\/\/blog.inmontanis.info\/index.php?rest_route=%2Fwp%2Fv2%2Fcategories&post=6205"},{"taxonomy":"post_tag","embeddable":true,"href":"http:\/\/blog.inmontanis.info\/index.php?rest_route=%2Fwp%2Fv2%2Ftags&post=6205"}],"curies":[{"name":"wp","href":"https:\/\/api.w.org\/{rel}","templated":true}]}}