{"id":6199,"date":"2020-05-18T20:51:36","date_gmt":"2020-05-18T18:51:36","guid":{"rendered":"http:\/\/blog.inmontanis.info\/?p=6199"},"modified":"2023-08-05T13:22:24","modified_gmt":"2023-08-05T11:22:24","slug":"dundret-lsap-soldalen-18-5-2020","status":"publish","type":"post","link":"http:\/\/blog.inmontanis.info\/?p=6199","title":{"rendered":"Dundret (Skitour \/ LSAP Soldalen), 18.5.2020"},"content":{"rendered":"<p><strong>Final Escape Sweden, 7.5.2020-23.5.2020<br \/>\nTag 12: MO, 18.5.2020 &#8211; Dundret<\/strong> (km 6.129, Diff. 431)<\/p>\n<p>Um 1:30 Uhr wurde ich heute Nacht unsanft geweckt. Die Erde hat vibriert, evtl. auch ein lauter Knall. Explosion? Ernsthaft? Warum muss man im Bergwerk mitten in der Nacht eine Sprengung machen, damit alle aufwachen? Oder doch ein Erdbeben?<\/p>\n<p>Keine 2 Stunden sp\u00e4ter wurde ich erneut wachger\u00fcttelt. Ok, das f\u00fchlte sich mal sicher nach Erdbeben an. Diesmal war das Einschlafen auch etwas schwieriger.<\/p>\n<p>Als mich dann mein Wecker noch etwas verschlafen wachklingelte, checkte ich das Internet, wo ein Erdbeben von St\u00e4rke 4,8 oder 4,9 in Kiruna gemeldet wurde, das st\u00e4rkste seit 12 Jahren in Schweden. Das betraf aber nur das Beben um 3:11 Uhr. Dass um 1:30 erfuhr ich erst sp\u00e4ter daheim bei weiteren Recherchen \u00fcber Kiruna, n\u00e4mlich dass anscheinend t\u00e4glich um 1:30 Uhr eine Sprengung in der Mine gemacht wird, das Tagessoll, das dann tags\u00fcber gehoben wird. Ist ja bitte voll krank, das mitten in der Nacht zu machen, wenn andere schlafen wollen. Aber wieso bin ich die letzten Tage nicht wachgeworden?<\/p>\n<p>Das Fr\u00fchst\u00fcck im Hotel nahm ich heute nicht mit, sondern a\u00df es nat\u00fcrlich vor Ort, Spiegeleier mit Speck inklusive.<\/p>\n<p>Da mich der eine eventuell stillgelegte Lift in Dundret keine Ruhe lie\u00df, machte ich dort heute eine Skitour. Scheint tats\u00e4chlich stillgelegt. SOOO \u00e4rgerlich, statt die KSB zu bauen h\u00e4tten&#8217;s mal lieber diesen Lift renoviert und entweder mittels Skiwegen oder oben mit 2 SL auf dem sch\u00f6nen Hochplateau ans Hauptgebiet angebunden und damit ein doppelt so gro\u00dfes Skigebiet haben k\u00f6nnen :(<\/p>\n<p>An der SL-Bergstation hatte ich mir mangels Fernsicht erst \u00fcberlegt, ob ich \u00fcberhaupt auf den Gipfel soll, aber da es relativ sonnig war ging ich in gro\u00dfen B\u00f6gen und es hatte sich doch gelohnt, auch der Schnee ging toll zu fahren, wenn auch kein Butterfirn, doch sch\u00f6n sulzig nass.<\/p>\n<p>(Fotos anklicken zum Vergr\u00f6\u00dfern)<\/p>\n<p><a href='http:\/\/extra.inmontanis.info\/d\/58895-2\/scn2020h.jpg'><img src=http:\/\/extra.inmontanis.info\/d\/58894-3\/scn2020h.jpg \/><\/a><br \/>\n^ Magenta von O bis I: Fahrstrecke 18.5.2020 (431 km &#8212; ist das nicht sch\u00f6n, 431 km, so weit und auf der Karte so nah)<br \/>\nO: Kiruna<br \/>\nN: Dundret \/ G\u00e4llivare<br \/>\nI: Arjeplog <\/p>\n<p><a href='http:\/\/ski.inmontanis.info\/d\/279914-2\/DSC09194.jpg'><img src=http:\/\/ski.inmontanis.info\/d\/279913-3\/DSC09194.jpg \/><\/a><br \/>\n^ Ende der Stra\u00dfe an der Schanze und kleiner Parkplatz<\/p>\n<p><a href='http:\/\/ski.inmontanis.info\/d\/279918-2\/DSC09196.jpg'><img src=http:\/\/ski.inmontanis.info\/d\/279917-3\/DSC09196.jpg \/><\/a><br \/>\n^ Zum stillgelegten SL muss man noch ein St\u00fcck zu Fu\u00df weiter<\/p>\n<p><a href='http:\/\/ski.inmontanis.info\/d\/280138-2\/ge20200518a.jpg'><img src=http:\/\/ski.inmontanis.info\/d\/280137-3\/ge20200518a.jpg \/><\/a><br \/>\n^ GPS-Track<br \/>\nMagenta heutige Skitour<br \/>\nRot der stillgelegte SL<br \/>\nOrange der Schanzenlift<br \/>\nBlau die vermutlich in Betrieb befindlichen Lifte<br \/>\nRosa die vermutlich dort stillgelegten Lifte<\/p>\n<p><a href='http:\/\/ski.inmontanis.info\/d\/279922-2\/DSC09199.jpg'><img src=http:\/\/ski.inmontanis.info\/d\/279921-3\/DSC09199.jpg \/><\/a><br \/>\n^ Dundretkullen, die Schanze ist momentan wohl stillgelegt, der SL daneben dann vmtl. auch? Eigenartig auch das Schneeloch mit Felsen am Schanzenhang..<\/p>\n<p><a href='http:\/\/ski.inmontanis.info\/d\/279926-2\/DSC09201.jpg'><img src=http:\/\/ski.inmontanis.info\/d\/279925-3\/DSC09201.jpg \/><\/a><br \/>\n^ Noch war mir nicht 100%-ig klar, ob der Lift stillgelegt ist ..<\/p>\n<p><a href='http:\/\/ski.inmontanis.info\/d\/279930-2\/DSC09202.jpg'><img src=http:\/\/ski.inmontanis.info\/d\/279929-3\/DSC09202.jpg \/><\/a><br \/>\n^ .. aber ein Blick in die Talstation offenbart: Ja, er ist stillgelegt.<\/p>\n<p><a href='http:\/\/ski.inmontanis.info\/d\/279934-2\/DSC09203.jpg'><img src=http:\/\/ski.inmontanis.info\/d\/279933-3\/DSC09203.jpg \/><\/a><br \/>\n^ Schaltkasten<\/p>\n<p><a href='http:\/\/ski.inmontanis.info\/d\/279938-2\/DSC09205.jpg'><img src=http:\/\/ski.inmontanis.info\/d\/279937-3\/DSC09205.jpg \/><\/a><br \/>\n^ Talstation \/ Antrieb<\/p>\n<p><a href='http:\/\/ski.inmontanis.info\/d\/279942-2\/DSC09206.jpg'><img src=http:\/\/ski.inmontanis.info\/d\/279941-3\/DSC09206.jpg \/><\/a><br \/>\n^ Talstation \/ Antrieb<\/p>\n<p>Da die T\u00fcr offen war ..<\/p>\n<p><a href='http:\/\/ski.inmontanis.info\/d\/279946-2\/DSC09207.jpg'><img src=http:\/\/ski.inmontanis.info\/d\/279945-3\/DSC09207.jpg \/><\/a><br \/>\n^ Langb\u00fcgel von DM<\/p>\n<p><a href='http:\/\/ski.inmontanis.info\/d\/279950-2\/DSC09208.jpg'><img src=http:\/\/ski.inmontanis.info\/d\/279949-3\/DSC09208.jpg \/><\/a><br \/>\n^ Des Liftlers Schei\u00dfhaus ;)<\/p>\n<p><a href='http:\/\/ski.inmontanis.info\/d\/279954-2\/DSC09209.jpg'><img src=http:\/\/ski.inmontanis.info\/d\/279953-3\/DSC09209.jpg \/><\/a><br \/>\n^ Schaltkasten<\/p>\n<p><a href='http:\/\/ski.inmontanis.info\/d\/279958-2\/DSC09210.jpg'><img src=http:\/\/ski.inmontanis.info\/d\/279957-3\/DSC09210.jpg \/><\/a><br \/>\n^ Falls keine Kleber entfernt wurden und die j\u00e4hrlichen \u00dcberpr\u00fcfungspickerl auch danach noch h\u00e4tten aufgeklebt werden m\u00fcssen, war der SL also entweder 1994 oder 1995 zuletzt in Betrieb. Standort Soldalen k\u00f6nnte somit wohl auch der Name gewesen sein.<\/p>\n<p><a href='http:\/\/ski.inmontanis.info\/d\/279962-2\/DSC09211.jpg'><img src=http:\/\/ski.inmontanis.info\/d\/279961-3\/DSC09211.jpg \/><\/a><br \/>\n^ Talstation<\/p>\n<p><a href='http:\/\/ski.inmontanis.info\/d\/279966-2\/DSC09212.jpg'><img src=http:\/\/ski.inmontanis.info\/d\/279965-3\/DSC09212.jpg \/><\/a><br \/>\n^ Talstation \/ Antrieb<\/p>\n<p><a href='http:\/\/ski.inmontanis.info\/d\/279970-2\/DSC09216.jpg'><img src=http:\/\/ski.inmontanis.info\/d\/279969-3\/DSC09216.jpg \/><\/a><br \/>\n^ SL-Strecke, ungew\u00f6hnliche 5-Bein-Portalst\u00fctzen<\/p>\n<p><a href='http:\/\/ski.inmontanis.info\/d\/279974-2\/DSC09217.jpg'><img src=http:\/\/ski.inmontanis.info\/d\/279973-3\/DSC09217.jpg \/><\/a><br \/>\n^ Talstation<\/p>\n<p><a href='http:\/\/ski.inmontanis.info\/d\/279978-2\/DSC09218.jpg'><img src=http:\/\/ski.inmontanis.info\/d\/279977-3\/DSC09218.jpg \/><\/a><br \/>\n^ Das Betonfundament der 3-Bein-St\u00fctze &#8211; und wozu diese Finnen (wenn man das so nennt)?<\/p>\n<p><a href='http:\/\/ski.inmontanis.info\/d\/279982-2\/DSC09219.jpg'><img src=http:\/\/ski.inmontanis.info\/d\/279981-3\/DSC09219.jpg \/><\/a><br \/>\n^ Der Rost alleine w\u00fcrde in Schweden ja noch nicht bedeuten, dass der Lift nicht in Betrieb sein k\u00f6nnte ;-)<\/p>\n<p><a href='http:\/\/ski.inmontanis.info\/d\/279986-2\/DSC09221.jpg'><img src=http:\/\/ski.inmontanis.info\/d\/279985-3\/DSC09221.jpg \/><\/a><\/p>\n<p><a href='http:\/\/ski.inmontanis.info\/d\/279990-2\/DSC09223.jpg'><img src=http:\/\/ski.inmontanis.info\/d\/279989-3\/DSC09223.jpg \/><\/a><br \/>\n^ Abfahrt im unteren Teil<\/p>\n<p><a href='http:\/\/ski.inmontanis.info\/d\/279994-2\/DSC09226.jpg'><img src=http:\/\/ski.inmontanis.info\/d\/279993-3\/DSC09226.jpg \/><\/a><br \/>\n^ Abfahrt<\/p>\n<p><a href='http:\/\/ski.inmontanis.info\/d\/279998-2\/DSC09229.jpg'><img src=http:\/\/ski.inmontanis.info\/d\/279997-3\/DSC09229.jpg \/><\/a><br \/>\n^ Blick zur Bergstation des Schanzen-SL, zu dem ein Weg hin und zur\u00fcckf\u00fchrt (wobei ersterer ja zur Siedlung runter geht; siehe auch Sat-Bild \/ GPS-Track)<\/p>\n<p><a href='http:\/\/ski.inmontanis.info\/d\/280002-2\/DSC09234.jpg'><img src=http:\/\/ski.inmontanis.info\/d\/280001-3\/DSC09234.jpg \/><\/a><br \/>\n^ Toppliften war fr\u00fcher der rechte SL im Hauptgebiet, eine Verbindung gab es damals also doch. Soldalen hei\u00dft dann wohl das Hochplateau (dort eher Langlauf), denn der Pfeil rechts zeigt in diese Richtung; das Schild ist ziemlich parallel zur Liftrichtung<\/p>\n<p><a href='http:\/\/ski.inmontanis.info\/d\/280006-2\/DSC09238.jpg'><img src=http:\/\/ski.inmontanis.info\/d\/280005-3\/DSC09238.jpg \/><\/a><br \/>\n^ Bergstation<\/p>\n<p><a href='http:\/\/ski.inmontanis.info\/d\/280010-2\/DSC09241.jpg'><img src=http:\/\/ski.inmontanis.info\/d\/280009-3\/DSC09241.jpg \/><\/a><br \/>\n^ Bergstation<\/p>\n<p><a href='http:\/\/ski.inmontanis.info\/d\/280014-2\/DSC09242.jpg'><img src=http:\/\/ski.inmontanis.info\/d\/280013-3\/DSC09242.jpg \/><\/a><br \/>\n^ Bergstation \/ Abspannung. Falls der Lift echt schon 25 Jahre LSAP sein sollte, schaut das hier alles noch recht gut aus.<\/p>\n<p><a href='http:\/\/ski.inmontanis.info\/d\/280018-2\/DSC09243.jpg'><img src=http:\/\/ski.inmontanis.info\/d\/280017-3\/DSC09243.jpg \/><\/a><br \/>\n^ Bergstation<\/p>\n<p><a href='http:\/\/ski.inmontanis.info\/d\/280022-2\/DSC09244.jpg'><img src=http:\/\/ski.inmontanis.info\/d\/280021-3\/DSC09244.jpg \/><\/a><br \/>\n^ Da es zum Gipfel nicht mehr weit war und die Sonne schien, ging ich gem\u00fctlich in weitem Bogen das St\u00fcck noch rauf<\/p>\n<p><a href='http:\/\/ski.inmontanis.info\/d\/280026-2\/DSC09253.jpg'><img src=http:\/\/ski.inmontanis.info\/d\/280025-3\/DSC09253.jpg \/><\/a><br \/>\n^ Vorne der Ex-Soldalen-Lift, hinten der Ex?-Soldalsliften, der zuvor Toppliften hie\u00df (und die 6KSB-Bergstation sieht man auch)<\/p>\n<p><a href='http:\/\/ski.inmontanis.info\/d\/280030-2\/DSC09262.jpg'><img src=http:\/\/ski.inmontanis.info\/d\/280029-3\/DSC09262.jpg \/><\/a><br \/>\n^ Richtung Talstation. Die beiden Tourengeher gingen nach mir los und waren vor mir wieder weg<\/p>\n<p><a href='http:\/\/ski.inmontanis.info\/d\/280034-2\/DSC09271.jpg'><img src=http:\/\/ski.inmontanis.info\/d\/280033-3\/DSC09271.jpg \/><\/a><br \/>\n^ Hochplateau, richtung S\u00fcden kann man von hier aus nicht ins Tal schauen. Dort gegen\u00fcber ein flacher SL f\u00e4nde ich durchaus auch nett.<\/p>\n<p><a href='http:\/\/ski.inmontanis.info\/d\/280038-2\/DSC09272.jpg'><img src=http:\/\/ski.inmontanis.info\/d\/280037-3\/DSC09272.jpg \/><\/a><br \/>\n^ Hochplateau-Panofoto (Soldalen?)<\/p>\n<p><a href='http:\/\/ski.inmontanis.info\/d\/280042-2\/DSC09274.jpg'><img src=http:\/\/ski.inmontanis.info\/d\/280041-3\/DSC09274.jpg \/><\/a><br \/>\n^ Hochplateau-Panofoto<\/p>\n<p><a href='http:\/\/ski.inmontanis.info\/d\/280046-2\/DSC09276.jpg'><img src=http:\/\/ski.inmontanis.info\/d\/280045-3\/DSC09276.jpg \/><\/a><br \/>\n^ Hochplateau; zum Langlaufen hier oben war die 6KSB heuer wohl Mitte\/Ende Mai nochmals offen. Ok, f\u00fcr die Langl\u00e4ufer bringt die KSB nat\u00fcrlich was. Weil es ja im Tal nicht genug Langlaufloipen gibt :)<\/p>\n<p><a href='http:\/\/ski.inmontanis.info\/d\/280050-2\/DSC09281.jpg'><img src=http:\/\/ski.inmontanis.info\/d\/280049-3\/DSC09281.jpg \/><\/a><br \/>\n^ Rentiere<\/p>\n<p><a href='http:\/\/ski.inmontanis.info\/d\/280054-2\/DSC09282.jpg'><img src=http:\/\/ski.inmontanis.info\/d\/280053-3\/DSC09282.jpg \/><\/a><br \/>\n^ Gipfel<\/p>\n<p><a href='http:\/\/ski.inmontanis.info\/d\/280058-2\/DSC09286.jpg'><img src=http:\/\/ski.inmontanis.info\/d\/280057-3\/DSC09286.jpg \/><\/a><br \/>\n^ G\u00e4llivare<\/p>\n<p><a href='http:\/\/ski.inmontanis.info\/d\/280062-2\/DSC09292.jpg'><img src=http:\/\/ski.inmontanis.info\/d\/280061-3\/DSC09292.jpg \/><\/a><br \/>\n^ Nord-Pano<\/p>\n<p><a href='http:\/\/ski.inmontanis.info\/d\/280066-2\/DSC09293.jpg'><img src=http:\/\/ski.inmontanis.info\/d\/280065-3\/DSC09293.jpg \/><\/a><br \/>\n^ Ex- und aktuelles Skigebiet. H\u00e4tte man sch\u00f6n irgendwo mit Liften verbinden k\u00f6nnten<\/p>\n<p><a href='http:\/\/ski.inmontanis.info\/d\/280070-2\/DSC09305.jpg'><img src=http:\/\/ski.inmontanis.info\/d\/280069-3\/DSC09305.jpg \/><\/a><br \/>\n^ Ex-SL-Bergstation<\/p>\n<p><a href='http:\/\/ski.inmontanis.info\/d\/280074-2\/DSC09308.jpg'><img src=http:\/\/ski.inmontanis.info\/d\/280073-3\/DSC09308.jpg \/><\/a><br \/>\n^ Die Abfahrt ging gut<\/p>\n<p><a href='http:\/\/ski.inmontanis.info\/d\/280078-2\/DSC09309.jpg'><img src=http:\/\/ski.inmontanis.info\/d\/280077-3\/DSC09309.jpg \/><\/a><br \/>\n^ Abfahrt vom Gipfel zum SL<\/p>\n<p><a href='http:\/\/ski.inmontanis.info\/d\/280082-2\/DSC09312.jpg'><img src=http:\/\/ski.inmontanis.info\/d\/280081-3\/DSC09312.jpg \/><\/a><br \/>\n^ St\u00fctze vorm Steilhang<\/p>\n<p><a href='http:\/\/ski.inmontanis.info\/d\/280086-2\/DSC09313.jpg'><img src=http:\/\/ski.inmontanis.info\/d\/280085-3\/DSC09313.jpg \/><\/a><\/p>\n<p><a href='http:\/\/ski.inmontanis.info\/d\/280090-2\/DSC09314.jpg'><img src=http:\/\/ski.inmontanis.info\/d\/280089-3\/DSC09314.jpg \/><\/a><br \/>\n^ Der Lift d\u00fcrfte wohl gegen den Uhrzeigersinn gelaufen sein<\/p>\n<p><a href='http:\/\/ski.inmontanis.info\/d\/280094-2\/DSC09317.jpg'><img src=http:\/\/ski.inmontanis.info\/d\/280093-3\/DSC09317.jpg \/><\/a><br \/>\n^ Bergstation<\/p>\n<p><a href='http:\/\/ski.inmontanis.info\/d\/280098-2\/DSC09319.jpg'><img src=http:\/\/ski.inmontanis.info\/d\/280097-3\/DSC09319.jpg \/><\/a><br \/>\n^ St\u00fctze<\/p>\n<p><a href='http:\/\/ski.inmontanis.info\/d\/280102-2\/DSC09323.jpg'><img src=http:\/\/ski.inmontanis.info\/d\/280101-3\/DSC09323.jpg \/><\/a><br \/>\n^ Sch\u00f6n rostig ;)<\/p>\n<p><a href='http:\/\/ski.inmontanis.info\/d\/280106-2\/DSC09328.jpg'><img src=http:\/\/ski.inmontanis.info\/d\/280105-3\/DSC09328.jpg \/><\/a><\/p>\n<p><a href='http:\/\/ski.inmontanis.info\/d\/280110-2\/DSC09334.jpg'><img src=http:\/\/ski.inmontanis.info\/d\/280109-3\/DSC09334.jpg \/><\/a><\/p>\n<p><a href='http:\/\/ski.inmontanis.info\/d\/280114-2\/DSC09345.jpg'><img src=http:\/\/ski.inmontanis.info\/d\/280113-3\/DSC09345.jpg \/><\/a><br \/>\n^ wollte n\u00e4her am Lift bleiben statt auf der ehemaligen Abfahrt.<\/p>\n<p><a href='http:\/\/ski.inmontanis.info\/d\/280118-2\/DSC09346.jpg'><img src=http:\/\/ski.inmontanis.info\/d\/280117-3\/DSC09346.jpg \/><\/a><br \/>\n^ St\u00fctze  mit dem Schanzenlift im Hintergrund<\/p>\n<p><a href='http:\/\/ski.inmontanis.info\/d\/280122-2\/DSC09347.jpg'><img src=http:\/\/ski.inmontanis.info\/d\/280121-3\/DSC09347.jpg \/><\/a><br \/>\n^ Trasse talw\u00e4rts und Parkplatz<\/p>\n<p><a href='http:\/\/ski.inmontanis.info\/d\/280126-2\/DSC09349.jpg'><img src=http:\/\/ski.inmontanis.info\/d\/280125-3\/DSC09349.jpg \/><\/a><br \/>\n^ Abfahrt<\/p>\n<p><a href='http:\/\/ski.inmontanis.info\/d\/280130-2\/DSC09350.jpg'><img src=http:\/\/ski.inmontanis.info\/d\/280129-3\/DSC09350.jpg \/><\/a><br \/>\n^ Abfahrt<\/p>\n<p><a href='http:\/\/ski.inmontanis.info\/d\/280134-2\/DSC09355.jpg'><img src=http:\/\/ski.inmontanis.info\/d\/280133-3\/DSC09355.jpg \/><\/a><br \/>\n^ Schanzenlift<\/p>\n<p><a href='http:\/\/ski.inmontanis.info\/d\/280142-2\/DSC09356.jpg'><img src=http:\/\/ski.inmontanis.info\/d\/280141-3\/DSC09356.jpg \/><\/a><br \/>\n^ Der Weg vom Parkplatz retour ist ganz sch\u00f6n steil &#8211; Pech, wenn es tags\u00fcber schneit und man nicht mehr raufkommt :)<\/p>\n<p><a href='http:\/\/ski.inmontanis.info\/d\/280146-2\/DSC09357.jpg'><img src=http:\/\/ski.inmontanis.info\/d\/280145-3\/DSC09357.jpg \/><\/a><\/p>\n<p><a href='http:\/\/ski.inmontanis.info\/d\/280150-2\/DSC09358.jpg'><img src=http:\/\/ski.inmontanis.info\/d\/280149-3\/DSC09358.jpg \/><\/a><br \/>\n^ Es schneit mal wieder kurz, das tat es heute im Laufe des Tages etliche Male.<\/p>\n<p><a href='http:\/\/ski.inmontanis.info\/d\/280154-2\/DSC09359.jpg'><img src=http:\/\/ski.inmontanis.info\/d\/280153-3\/DSC09359.jpg \/><\/a><br \/>\n^ Blick ins Skigebiet von G\u00e4llivare, in Bildmitte das geschlossene, links das offene<\/p>\n<p><a href='http:\/\/extra.inmontanis.info\/d\/59323-2\/IMG_20200518_142851.jpg'><img src=http:\/\/extra.inmontanis.info\/d\/59322-3\/IMG_20200518_142851.jpg \/><\/a><br \/>\n^ Heute mal keinen Laxburger beim Frasses gekauft, sondern, ich glaub, den Blaubeer-BBQ-Burgeer<\/p>\n<p><a href='http:\/\/extra.inmontanis.info\/d\/59327-2\/DSC09361.jpg'><img src=http:\/\/extra.inmontanis.info\/d\/59326-3\/DSC09361.jpg \/><\/a><br \/>\n^ Wolken und blauer Himmel waren heute sehr kontrastreich &#8211; am Bild nochmals verst\u00e4rkt<\/p>\n<p><a href='http:\/\/extra.inmontanis.info\/d\/59331-2\/DSC09362.jpg'><img src=http:\/\/extra.inmontanis.info\/d\/59330-3\/DSC09362.jpg \/><\/a><br \/>\n^ E45 G\u00e4llivare-Porjus<\/p>\n<p><a href='http:\/\/extra.inmontanis.info\/d\/59335-2\/DSC09364.jpg'><img src=http:\/\/extra.inmontanis.info\/d\/59334-3\/DSC09364.jpg \/><\/a><br \/>\n^ E45 G\u00e4llivare-Porjus<\/p>\n<p><a href='http:\/\/extra.inmontanis.info\/d\/59339-2\/DSC09366.jpg'><img src=http:\/\/extra.inmontanis.info\/d\/59338-3\/DSC09366.jpg \/><\/a><br \/>\n^ E45 G\u00e4llivare-Porjus<\/p>\n<p><a href='http:\/\/extra.inmontanis.info\/d\/59343-2\/DSC09367.jpg'><img src=http:\/\/extra.inmontanis.info\/d\/59342-3\/DSC09367.jpg \/><\/a><br \/>\n^ S\u00f6r-Stubba<\/p>\n<p><a href='http:\/\/extra.inmontanis.info\/d\/59347-2\/DSC09369.jpg'><img src=http:\/\/extra.inmontanis.info\/d\/59346-3\/DSC09369.jpg \/><\/a><br \/>\n^ SL \/ Skigebiet bei Porjus \/ Porjusberget<\/p>\n<p><a href='http:\/\/extra.inmontanis.info\/d\/59351-2\/DSC09378_001.jpg'><img src=http:\/\/extra.inmontanis.info\/d\/59350-3\/DSC09378_001.jpg \/><\/a><br \/>\n^ Lule\u00e4lven \/ gestaut bei Porjus<\/p>\n<p><a href='http:\/\/extra.inmontanis.info\/d\/59355-2\/DSC09379.jpg'><img src=http:\/\/extra.inmontanis.info\/d\/59354-3\/DSC09379.jpg \/><\/a><br \/>\n^ Lule\u00e4lven \/ gestaut bei Porjus<\/p>\n<p><a href='http:\/\/extra.inmontanis.info\/d\/59359-2\/DSC09383.jpg'><img src=http:\/\/extra.inmontanis.info\/d\/59358-3\/DSC09383.jpg \/><\/a><br \/>\n^ Lule\u00e4lven \/ 2. Staustufe unter Porjus<\/p>\n<p><a href='http:\/\/extra.inmontanis.info\/d\/59363-2\/DSC09384.jpg'><img src=http:\/\/extra.inmontanis.info\/d\/59362-3\/DSC09384.jpg \/><\/a><br \/>\n^ Lule\u00e4lven \/ 2. Staustufe unter Porjus<\/p>\n<p><a href='http:\/\/extra.inmontanis.info\/d\/59367-2\/DSC09389.jpg'><img src=http:\/\/extra.inmontanis.info\/d\/59366-3\/DSC09389.jpg \/><\/a><br \/>\n^ Lule\u00e4lven \/ 3. Staustufe unter Porjus. Ich glaub, die Beklebung lass ich auch beim n\u00e4chsten Ignis, wenn ich mir nochmal einen kaufen sollte, was durchaus nicht unwahrscheinlich ist. Berge, Skifahren, See\/Meer &#8211; wie k\u00f6nnte meine Beklebung passender sein?<\/p>\n<p><a href='http:\/\/extra.inmontanis.info\/d\/59371-2\/DSC09388.jpg'><img src=http:\/\/extra.inmontanis.info\/d\/59370-3\/DSC09388.jpg \/><\/a><br \/>\n^ Lule\u00e4lven \/ 3. Staustufe unter Porjus <\/p>\n<p><a href='http:\/\/extra.inmontanis.info\/d\/59375-2\/DSC09391.jpg'><img src=http:\/\/extra.inmontanis.info\/d\/59374-3\/DSC09391.jpg \/><\/a><br \/>\n^ Lule\u00e4lven \/ 3. Staustufe unter Porjus<\/p>\n<p><a href='http:\/\/extra.inmontanis.info\/d\/59379-2\/DSC09394.jpg'><img src=http:\/\/extra.inmontanis.info\/d\/59378-3\/DSC09394.jpg \/><\/a><br \/>\n^ Eigenartiges Schienengef\u00e4hrt<\/p>\n<p><a href='http:\/\/extra.inmontanis.info\/d\/59383-2\/DSC09398.jpg'><img src=http:\/\/extra.inmontanis.info\/d\/59382-3\/DSC09398.jpg \/><\/a><br \/>\n^ Polarkreis<\/p>\n<p><a href='http:\/\/extra.inmontanis.info\/d\/59387-2\/DSC09401.jpg'><img src=http:\/\/extra.inmontanis.info\/d\/59386-3\/DSC09401.jpg \/><\/a><br \/>\n^ Interessante Infos zum Polarkreis, der im Jahr 12000 also ein St\u00fcck weiter n\u00f6rdlich sein wird<\/p>\n<p><a href='http:\/\/extra.inmontanis.info\/d\/59391-2\/DSC09403.jpg'><img src=http:\/\/extra.inmontanis.info\/d\/59390-3\/DSC09403.jpg \/><\/a><br \/>\n^ Es schneit mal wieder, vielleicht der letzte Schneefall auf meiner Reise? Die Temperaturen werden w\u00e4rmer, je s\u00fcdlicher ich komme. +6\u00b0 hatte ich heute Nachmittag am Autothermometer gesehen, so viel wie schon lange nicht mehr.<\/p>\n<p><a href='http:\/\/extra.inmontanis.info\/d\/59395-2\/DSC09410.jpg'><img src=http:\/\/extra.inmontanis.info\/d\/59394-3\/DSC09410.jpg \/><\/a><br \/>\n^ Vielleicht ein Fasan? H\u00fchnerv\u00f6gel sieht man die letzten Jahre auch immer h\u00e4ufiger<\/p>\n<p><a href='http:\/\/extra.inmontanis.info\/d\/59399-2\/DSC09413.jpg'><img src=http:\/\/extra.inmontanis.info\/d\/59398-3\/DSC09413.jpg \/><\/a><br \/>\n^ Elche dagegen bleiben selten, ca. einer pro Skandinavienurlaub.<\/p>\n<p><a href='http:\/\/extra.inmontanis.info\/d\/59403-2\/DSC09414.jpg'><img src=http:\/\/extra.inmontanis.info\/d\/59402-3\/DSC09414.jpg \/><\/a><br \/>\n^ E45 \/ Pite\u00e4lven.<\/p>\n<p><a href='http:\/\/extra.inmontanis.info\/d\/59407-2\/DSC09415.jpg'><img src=http:\/\/extra.inmontanis.info\/d\/59406-3\/DSC09415.jpg \/><\/a><br \/>\n^ Pite\u00e4lven<\/p>\n<p><a href='http:\/\/extra.inmontanis.info\/d\/59411-2\/DSC09417.jpg'><img src=http:\/\/extra.inmontanis.info\/d\/59410-3\/DSC09417.jpg \/><\/a><br \/>\n^ Naturstra\u00dfe BD636 (Abk\u00fcrzung nach Arjeplog)<\/p>\n<p><a href='http:\/\/extra.inmontanis.info\/d\/59415-2\/DSC09422.jpg'><img src=http:\/\/extra.inmontanis.info\/d\/59414-3\/DSC09422.jpg \/><\/a><br \/>\n^ Abk\u00fcrzung nach Arjeplog. Ganz den Navis darf man bei Naturstra\u00dfen nicht trauen, da man meist wesentlich schneller fahren und somit die k\u00fcrzeste nehmen kann, w\u00e4hrend einem das Navi gerne mal auch w\u00e4hrend solcher Stra\u00dfen eine Abzweigung empfiehlt, weil es entweder die eine unbefestigte Stra\u00dfe nicht drin hat, oder die andere irgendwann als geteerte Stra\u00dfe drin ist, und so trotz Umweg vom Navi schneller berechnet wird. Hin und wieder sind die Spuren aber auch unruhiger und man muss langsamer fahren.<\/p>\n<p>\u00dcbernachtet wird in Arjeplog in dem Hotel am See, wo ich vor einer Woche schon war. Richtung Meer h\u00e4tte es zwar g\u00fcnstigeres gegeben, wollte aber lieber im Schnee bleiben. Zudem sollte lt. gestriger Wettervorhersage das Wetter weiter s\u00fcdlich morgen eher schlechter werden und es somit ggf. sinnvoller sein, noch nordwestlich von Arjeplog zu bleiben. Ich bat beim Buchen um ein Zimmer mit Seepano und bekam es auch.<\/p>\n<p><a href='http:\/\/extra.inmontanis.info\/d\/59419-2\/DSC09423.jpg'><img src=http:\/\/extra.inmontanis.info\/d\/59418-3\/DSC09423.jpg \/><\/a><br \/>\n^ Hotelzimmer in Arjeplog, diesmal gespiegelt<\/p>\n<p><a href='http:\/\/extra.inmontanis.info\/d\/59423-2\/DSC09432.jpg'><img src=http:\/\/extra.inmontanis.info\/d\/59422-3\/DSC09432.jpg \/><\/a><br \/>\n^ Hotelzimmerpano in Arjeplog (20:55 Uhr)<\/p>\n<p><a href='http:\/\/extra.inmontanis.info\/d\/59427-2\/DSC09439.jpg'><img src=http:\/\/extra.inmontanis.info\/d\/59426-3\/DSC09439.jpg \/><\/a><br \/>\n^ Hotelzimmerpano in Arjeplog (21:33 Uhr)<\/p>\n<p><a href='http:\/\/extra.inmontanis.info\/d\/59431-2\/DSC09443.jpg'><img src=http:\/\/extra.inmontanis.info\/d\/59430-3\/DSC09443.jpg \/><\/a><br \/>\n^ Galtis, dort machte ich vor einer Woche die Skitour<\/p>\n<p><a href='http:\/\/extra.inmontanis.info\/d\/59435-2\/DSC09447.jpg'><img src=http:\/\/extra.inmontanis.info\/d\/59434-3\/DSC09447.jpg \/><\/a><br \/>\n^ Hotelzimmerpano in Arjeplog \/ vor Sonnenuntergang (22:11 Uhr)<\/p>\n<p><a href='http:\/\/extra.inmontanis.info\/d\/59439-2\/DSC09451.jpg'><img src=http:\/\/extra.inmontanis.info\/d\/59438-3\/DSC09451.jpg \/><\/a><br \/>\n^ Hotelzimmerpano in Arjeplog \/ Abendd\u00e4mmerung (22:47 Uhr)<\/p>\n<p>Zusammenschnitt Dashcamvideo von heute:<br \/>\n<object style=\"height: 500px; width: 900px\"><param name=\"movie\" value=\"http:\/\/www.youtube.com\/v\/ou99e2Vmh_8\"><\/param><param name=\"wmode\" value=\"transparent\"><\/param><embed src=\"http:\/\/www.youtube.com\/v\/ou99e2Vmh_8\" type=\"application\/x-shockwave-flash\" wmode=\"transparent\"  width=\"900\" height=\"480\"><\/embed><\/object><\/p>\n<p>(Fortsetzung folgt.)<\/p>\n","protected":false},"excerpt":{"rendered":"<p>Final Escape Sweden, 7.5.2020-23.5.2020 Tag 12: MO, 18.5.2020 &#8211; Dundret (km 6.129, Diff. 431)<\/p>\n<p>Um 1:30 Uhr wurde ich heute Nacht unsanft geweckt. Die Erde hat vibriert, evtl. auch ein lauter Knall. Explosion? Ernsthaft? Warum muss man im Bergwerk mitten in der Nacht eine Sprengung machen, damit alle aufwachen? Oder doch ein Erdbeben?<\/p>\n<p>Keine 2 <a href=\"http:\/\/blog.inmontanis.info\/?p=6199\">[&#8230;]<\/a><\/p>\n","protected":false},"author":1,"featured_media":0,"comment_status":"closed","ping_status":"closed","sticky":false,"template":"","format":"standard","meta":{"footnotes":""},"categories":[183,682,59,638,19,29,32],"tags":[45,47],"class_list":["post-6199","post","type-post","status-publish","format-standard","hentry","category-2020-05-schweden","category-dundret","category-nostalgie","category-porjus","category-schwedensweden","category-skitourenwalk-ski","category-lostplaces","tag-see","tag-sl","odd"],"_links":{"self":[{"href":"http:\/\/blog.inmontanis.info\/index.php?rest_route=\/wp\/v2\/posts\/6199","targetHints":{"allow":["GET"]}}],"collection":[{"href":"http:\/\/blog.inmontanis.info\/index.php?rest_route=\/wp\/v2\/posts"}],"about":[{"href":"http:\/\/blog.inmontanis.info\/index.php?rest_route=\/wp\/v2\/types\/post"}],"author":[{"embeddable":true,"href":"http:\/\/blog.inmontanis.info\/index.php?rest_route=\/wp\/v2\/users\/1"}],"replies":[{"embeddable":true,"href":"http:\/\/blog.inmontanis.info\/index.php?rest_route=%2Fwp%2Fv2%2Fcomments&post=6199"}],"version-history":[{"count":6,"href":"http:\/\/blog.inmontanis.info\/index.php?rest_route=\/wp\/v2\/posts\/6199\/revisions"}],"predecessor-version":[{"id":9129,"href":"http:\/\/blog.inmontanis.info\/index.php?rest_route=\/wp\/v2\/posts\/6199\/revisions\/9129"}],"wp:attachment":[{"href":"http:\/\/blog.inmontanis.info\/index.php?rest_route=%2Fwp%2Fv2%2Fmedia&parent=6199"}],"wp:term":[{"taxonomy":"category","embeddable":true,"href":"http:\/\/blog.inmontanis.info\/index.php?rest_route=%2Fwp%2Fv2%2Fcategories&post=6199"},{"taxonomy":"post_tag","embeddable":true,"href":"http:\/\/blog.inmontanis.info\/index.php?rest_route=%2Fwp%2Fv2%2Ftags&post=6199"}],"curies":[{"name":"wp","href":"https:\/\/api.w.org\/{rel}","templated":true}]}}