{"id":6196,"date":"2020-06-20T17:51:44","date_gmt":"2020-06-20T15:51:44","guid":{"rendered":"http:\/\/blog.inmontanis.info\/?p=6196"},"modified":"2023-07-01T20:57:38","modified_gmt":"2023-07-01T18:57:38","slug":"hintertuxer-gletscher-20-21-6-2020","status":"publish","type":"post","link":"http:\/\/blog.inmontanis.info\/?p=6196","title":{"rendered":"Hintertuxer Gletscher, 20.+21.6.2020"},"content":{"rendered":"<p><strong>Sa, 20.6.2020<\/strong><\/p>\n<p>Als ich um 9:10 am Parkplatz ankam, traf mich fast der Schlag: Trotz des recht schlecht gemeldeten Wetters dieses WE war der normale Parkplatz voll und auch schon der vorherige Parkplatz mit einigen Autos gef\u00fcllt; auch in der Tiefgarage war wieder gut was los.<\/p>\n<p>In Betireb waren heute von unten raus 8EUB+GB2 (sp\u00e4ter dann GB1), netterweise ist auch endlich wieder die 10EUB in Betrieb. Wetterm\u00e4\u00dfig war es stark neblig, zur Abwechslung auch bis runter zum TFH und es schneeregnete leicht. Die geschlossene DSB wird heute keiner vermisst haben :)<\/p>\n<p>Nach einer Fahrt 10EUB+ GW-SL + O-SL lie\u00df ich es allerdings schon bleiben, denn der teilweise unpr\u00e4parierte Neuschnee von der Nacht war durch die vielen Leute zu eher schwer-pappende Haufen aufgefahren, zudem gab es weniger Sicht als beim Schnee\/Regen letzten Sonntag -> keine Verh\u00e4ltnisse, wo man mit einer Saisonkarte unbedingt skifahren m\u00fcsste :)<\/p>\n<p>Stattdessen fuhr ich wieder nach Innsbruck, holte mir den eingeschriebenen deutschen Bu\u00dfgeldbescheid von der Post (siehe Schwedenbericht, 60+28,50 \u20ac) und ging noch kurz in den Interspar &#8211; wow, da wars ganz sch\u00f6n voll. Bin selten dort, erst recht nicht Samstags zu der Uhrzeit, aber seit Montag gibts in AT ja keine Maskenpflicht mehr, vielleicht auch deshalb etwas voller. Danach hab ich noch meinen Vater in Bayern besucht (und meinen alten Fiat Qubo).<\/p>\n<p><img src=http:\/\/ski.inmontanis.info\/d\/279902-2\/DSC00430.jpg \/><br \/>\n^ Schlechtes Wetter, trotzdem sehr viele Autos am Parkplatz<\/p>\n<p><strong>So, 21.6.2020<\/strong><\/p>\n<p>Wetterm\u00e4\u00dfig war es nicht viel anders wie gestern, aber etwas weniger Autos, als ich kurz nach 10 Uhr am Parkplatz ankam.  Ab TFH war&#8217;s wieder dicht neblig. Trotzdem wurde mir eine Fahrt alleine an der 10EUB verw\u00e4hrt und 3 kroatische? Trainer mussten einsteigen, so dass es eine Maskenfahrt war.<\/p>\n<p>Oben waren die Pisten aber wesentlich besser als gestern, hart und leichte Nass-Schnee-Schicht, die auch in den Flachst\u00fccken weniger bremste. Im Laufe des Vormittags fing es wieder leicht zu nieseln an; die TFH-Abfahrt war im unteren Bereich wie \u00fcblich schon tief buckelig aufgefahren und \u00fcberraschend sehr voll, weil die meisten Renngruppen komischerweise an der 10EUB blieben, obwohl 1. genauso wenig Sicht wie oben, 2. Schnee wesentlich schlechter als oben und 3. diese die Piste im Sommer sonst nicht mal mit dem Arsch ansehen und lieber mit der 10EUB runterfahren.<\/p>\n<p>Als es kurz vor Mittag auch oben zu regnen anfing, h\u00f6rte ich auf und fuhr um 12:25 wieder runter<\/p>\n<p><a href='http:\/\/ski.inmontanis.info\/d\/279906-2\/DSC00434.jpg'><img src=http:\/\/ski.inmontanis.info\/d\/279905-3\/DSC00434.jpg \/><\/a><br \/>\n^ Da ich meine Carpani Spigolino Allmountains ja zu Tourenski umbauen lie\u00df und ich sie nicht mehr so h\u00e4ufig fahren wollte, um die Lebenszeit zu erh\u00f6hen, hab ich das Angebot meines Vaters, seine alten und fast nie gefahrenen Head Allmountains zu \u00fcbernehmen, endlich angenommen. <\/p>\n<p>Bei dem heutigen Schnee lie\u00dfen sie sich gut fahren, eher wie meine V\u00f6lk Racecarver (aufgrund des kurzen Radius), wie sie sich dann im Tiefschnee bzw. Sommersulz bew\u00e4hren, wird sich noch zeigen.<\/p>\n<p><a href='http:\/\/ski.inmontanis.info\/d\/279910-2\/DSC00435.jpg'><img src=http:\/\/ski.inmontanis.info\/d\/279909-3\/DSC00435.jpg \/><\/a><br \/>\n^ Immer wenn ich die TFH-Abfahrt heute fuhr, war sie \u00fcberf\u00fcllt<\/p>\n<p>Den Wettervorhersagen nach k\u00f6nnte es nun endlich mal etwas sommerlicher werden. Meine aktuelle Wetterstatistik ist jedenfalls nicht berauschend, wenn auch nicht untypisch f\u00fcr den Hintertuxer:<\/p>\n<p>2 Sonnentage<br \/>\n6 Nebeltage<br \/>\n1 Schnee\/Schneeregen\/Regentage<\/p>\n","protected":false},"excerpt":{"rendered":"<p>Sa, 20.6.2020<\/p>\n<p>Als ich um 9:10 am Parkplatz ankam, traf mich fast der Schlag: Trotz des recht schlecht gemeldeten Wetters dieses WE war der normale Parkplatz voll und auch schon der vorherige Parkplatz mit einigen Autos gef\u00fcllt; auch in der Tiefgarage war wieder gut was los.<\/p>\n<p>In Betireb waren heute von unten raus 8EUB+GB2 (sp\u00e4ter <a href=\"http:\/\/blog.inmontanis.info\/?p=6196\">[&#8230;]<\/a><\/p>\n","protected":false},"author":1,"featured_media":0,"comment_status":"closed","ping_status":"closed","sticky":false,"template":"","format":"standard","meta":{"footnotes":""},"categories":[246,25,13,28],"tags":[],"class_list":["post-6196","post","type-post","status-publish","format-standard","hentry","category-hintertux","category-noreport","category-austria","category-skifahren-sommer","odd"],"_links":{"self":[{"href":"http:\/\/blog.inmontanis.info\/index.php?rest_route=\/wp\/v2\/posts\/6196","targetHints":{"allow":["GET"]}}],"collection":[{"href":"http:\/\/blog.inmontanis.info\/index.php?rest_route=\/wp\/v2\/posts"}],"about":[{"href":"http:\/\/blog.inmontanis.info\/index.php?rest_route=\/wp\/v2\/types\/post"}],"author":[{"embeddable":true,"href":"http:\/\/blog.inmontanis.info\/index.php?rest_route=\/wp\/v2\/users\/1"}],"replies":[{"embeddable":true,"href":"http:\/\/blog.inmontanis.info\/index.php?rest_route=%2Fwp%2Fv2%2Fcomments&post=6196"}],"version-history":[{"count":2,"href":"http:\/\/blog.inmontanis.info\/index.php?rest_route=\/wp\/v2\/posts\/6196\/revisions"}],"predecessor-version":[{"id":6198,"href":"http:\/\/blog.inmontanis.info\/index.php?rest_route=\/wp\/v2\/posts\/6196\/revisions\/6198"}],"wp:attachment":[{"href":"http:\/\/blog.inmontanis.info\/index.php?rest_route=%2Fwp%2Fv2%2Fmedia&parent=6196"}],"wp:term":[{"taxonomy":"category","embeddable":true,"href":"http:\/\/blog.inmontanis.info\/index.php?rest_route=%2Fwp%2Fv2%2Fcategories&post=6196"},{"taxonomy":"post_tag","embeddable":true,"href":"http:\/\/blog.inmontanis.info\/index.php?rest_route=%2Fwp%2Fv2%2Ftags&post=6196"}],"curies":[{"name":"wp","href":"https:\/\/api.w.org\/{rel}","templated":true}]}}