{"id":6192,"date":"2020-05-17T20:32:37","date_gmt":"2020-05-17T18:32:37","guid":{"rendered":"http:\/\/blog.inmontanis.info\/?p=6192"},"modified":"2023-08-05T12:12:00","modified_gmt":"2023-08-05T10:12:00","slug":"riksgransen-17-5-2020","status":"publish","type":"post","link":"http:\/\/blog.inmontanis.info\/?p=6192","title":{"rendered":"Riksgr\u00e4nsen, 17.5.2020"},"content":{"rendered":"<p><strong>Final Escape Sweden, 7.5.2020-23.5.2020<br \/>\nTag 11: SO, 17.5.2020 &#8211; Riksgr\u00e4nsen<\/strong> (km 5.698, Diff. 263)<\/p>\n<p>Leider \u00e4nderten sich die Wettervorhersagen heute fr\u00fch nicht, gemeldet war f\u00fcr heute recht bew\u00f6lkt\/bedeckt, morgen leichter Schneefall,  also dann lieber heute nochmals Riksgr\u00e4nsen. Da die Wettervorhersagen allerdings f\u00fcr Vormittag besser waren, ging&#8217;s nach 7 Uhr ohne Fr\u00fchst\u00fcck vom Hotel in Kiruna los und es schien auch noch recht sch\u00f6n die Sonne. Wie gehabt kaufte ich mir die Tageskarte \u00fcbers Internet auf meine Tirol-Snow-Card, stieg am KSSL ein und blieb erstmal an den Sesselliften, bevor es dort voller werden w\u00fcrde.<\/p>\n<p>Gleich bei der ersten DSB-Fahrt gab es einen kuriosen Anf\u00e4nger vor mir, der beim Einstieg um eine verminderte Geschwindigkeit bat. Erst an der vorletzten St\u00fctze bemerkte er, dass er vergessen hatte, den B\u00fcgel zu schlie\u00dfen und schloss ihn, k\u00e4mpfte mit dem Auflegen der Ski am Fu\u00dfraster und merkte so dann, dass die Bergstation so nah ist, dass er den B\u00fcgel nun wieder \u00f6ffnen musste :)<\/p>\n<p>Wie ich dem Internet entnahm, hat es in Griechenland dieses WE bereits 40\u00b0C? So sch\u00f6n das Skifahren in Griechenland heuer im Februar war, aber da genie\u00dfe ich jetzt lieber hier den skandinavischen Fr\u00fchling bei angenehmeren 0-2\u00b0C :)<\/p>\n<p>Nach Mittag wurde es in einigen Bereichen am SL-seitigen Osthang etwas weicher. Es Firn oder gar Sulz zu nennen, w\u00e4re wohl etwas \u00fcbertrieben, aber am KSSL sp\u00e4ter war es schon recht nett so.<\/p>\n<p>Bis 14 Uhr blieb es sehr sonnig, dann wurden Schleierwolken und richtige Wolken etwas dichter und es schneite sogar mal kurz. Am sp\u00e4ten Nachmittag startete noch ein Paraglider mit R\u00fcckenmotor. Das Ding ist ganz sch\u00f6n laut und weit h\u00f6rbar. Also ein sch\u00f6nes St\u00fcck lauter als Schneemobile!<\/p>\n<p>(Fotos anklicken zum Vergr\u00f6\u00dfern)<\/p>\n<p><a href='http:\/\/extra.inmontanis.info\/d\/58895-2\/scn2020h.jpg'><img src=http:\/\/extra.inmontanis.info\/d\/58894-3\/scn2020h.jpg \/><\/a><br \/>\n^  von O Kiruna bis P Riksgr\u00e4nsen und retour: Fahrstrecke 17.5.2020 (263 km)<br \/>\nO: Kiruna<\/p>\n<p><a href='http:\/\/extra.inmontanis.info\/d\/59279-2\/DSC09040.jpg'><img src=http:\/\/extra.inmontanis.info\/d\/59278-3\/DSC09040.jpg \/><\/a><br \/>\n^ Tornetr\u00e4sk<\/p>\n<p><a href='http:\/\/extra.inmontanis.info\/d\/59283-2\/DSC09047.jpg'><img src=http:\/\/extra.inmontanis.info\/d\/59282-3\/DSC09047.jpg \/><\/a><br \/>\n^ In diesem Urlaub querten auch mehrmals Schneehasen die Stra\u00dfe (das wei\u00dfe Ding vorne auf der Stra\u00dfe)<\/p>\n<p><a href='http:\/\/extra.inmontanis.info\/d\/59287-2\/DSC09048.jpg'><img src=http:\/\/extra.inmontanis.info\/d\/59286-3\/DSC09048.jpg \/><\/a><br \/>\n^ Schneehasensuchbild :)<\/p>\n<p><a href='http:\/\/extra.inmontanis.info\/d\/59291-2\/DSC09050.jpg'><img src=http:\/\/extra.inmontanis.info\/d\/59290-3\/DSC09050.jpg \/><\/a><br \/>\n^ Tornetr\u00e4sk<\/p>\n<p><a href='http:\/\/extra.inmontanis.info\/d\/59295-2\/DSC09053_001.jpg'><img src=http:\/\/extra.inmontanis.info\/d\/59294-3\/DSC09053_001.jpg \/><\/a><br \/>\n^ Rentiere waren auch wieder unterwegs<\/p>\n<p><a href='http:\/\/extra.inmontanis.info\/d\/59299-2\/DSC09055.jpg'><img src=http:\/\/extra.inmontanis.info\/d\/59298-3\/DSC09055.jpg \/><\/a><br \/>\n^ Schade, dass da kein Skigebiet ist, s\u00e4he auch lecker aus<\/p>\n<p><a href='http:\/\/ski.inmontanis.info\/d\/279723-2\/DSC09056.jpg'><img src=http:\/\/ski.inmontanis.info\/d\/279722-3\/DSC09056.jpg \/><\/a><br \/>\n^ Skigebiet Riksgr\u00e4nsen<\/p>\n<p><a href='http:\/\/ski.inmontanis.info\/d\/279567-3\/ge20200514-17i.jpg'><img src=http:\/\/ski.inmontanis.info\/d\/279566-4\/ge20200514-17i.jpg \/><\/a><br \/>\n^ GPS-Track, links unten KSSL, rechts DSB+3SB&#8230;<br \/>\nBlau: Meine Besuche im Mai 2017<br \/>\nGr\u00fcn: 14.5.2020<br \/>\nRot: 16.5.2020<br \/>\nGelb: 17.5.2020 (heutiger Tag)<\/p>\n<p><a href='http:\/\/ski.inmontanis.info\/d\/279727-2\/DSC09062.jpg'><img src=http:\/\/ski.inmontanis.info\/d\/279726-3\/DSC09062.jpg \/><\/a><br \/>\n^ Start um 9:05 Uhr mit dem KSSL Katterj\u00e5kksliften<\/p>\n<p><a href='http:\/\/ski.inmontanis.info\/d\/279731-2\/DSC09064.jpg'><img src=http:\/\/ski.inmontanis.info\/d\/279730-3\/DSC09064.jpg \/><\/a><br \/>\n^ Seitenblick vom KSSL Katterj\u00e5kksliften<\/p>\n<p><a href='http:\/\/ski.inmontanis.info\/d\/279735-2\/DSC09066.jpg'><img src=http:\/\/ski.inmontanis.info\/d\/279734-3\/DSC09066.jpg \/><\/a><br \/>\n^ Abfahrt 15 Apelsinklyftan (retour zur DSB)<\/p>\n<p><a href='http:\/\/ski.inmontanis.info\/d\/279739-2\/DSC09068.jpg'><img src=http:\/\/ski.inmontanis.info\/d\/279738-3\/DSC09068.jpg \/><\/a><br \/>\n^ Abfahrt 15 Apelsinklyftan<\/p>\n<p><a href='http:\/\/ski.inmontanis.info\/d\/279743-2\/DSC09070.jpg'><img src=http:\/\/ski.inmontanis.info\/d\/279742-3\/DSC09070.jpg \/><\/a><br \/>\n^ Abfahrt 15 Apelsinklyftan<\/p>\n<p><a href='http:\/\/ski.inmontanis.info\/d\/279747-2\/DSC09072.jpg'><img src=http:\/\/ski.inmontanis.info\/d\/279746-3\/DSC09072.jpg \/><\/a><br \/>\n^ Abfahrt 15 Apelsinklyftan mit DSB und den steilen DSB-Variantenh\u00e4ngen<\/p>\n<p><a href='http:\/\/ski.inmontanis.info\/d\/279751-2\/DSC09075.jpg'><img src=http:\/\/ski.inmontanis.info\/d\/279750-3\/DSC09075.jpg \/><\/a><br \/>\n^ 3SB<\/p>\n<p><a href='http:\/\/ski.inmontanis.info\/d\/279755-2\/DSC09076.jpg'><img src=http:\/\/ski.inmontanis.info\/d\/279754-3\/DSC09076.jpg \/><\/a><br \/>\n^ Abfahrt 3 Gr\u00e4nsleden 1<\/p>\n<p><a href='http:\/\/ski.inmontanis.info\/d\/279759-2\/DSC09077.jpg'><img src=http:\/\/ski.inmontanis.info\/d\/279758-3\/DSC09077.jpg \/><\/a><br \/>\n^ Abfahrt 3 Gr\u00e4nsleden 1 mit 3SB<\/p>\n<p><a href='http:\/\/ski.inmontanis.info\/d\/279763-2\/DSC09079.jpg'><img src=http:\/\/ski.inmontanis.info\/d\/279762-3\/DSC09079.jpg \/><\/a><br \/>\n^ DSB-3SB mit Abfahrt 4 Gr\u00e4nsleden 2 vorne (bei mir)<\/p>\n<p><a href='http:\/\/ski.inmontanis.info\/d\/279767-2\/DSC09082.jpg'><img src=http:\/\/ski.inmontanis.info\/d\/279766-3\/DSC09082.jpg \/><\/a><br \/>\n^ Schwarze Abfahrt 1 Skimastern zur DSB<\/p>\n<p><a href='http:\/\/ski.inmontanis.info\/d\/279771-2\/DSC09083.jpg'><img src=http:\/\/ski.inmontanis.info\/d\/279770-3\/DSC09083.jpg \/><\/a><br \/>\n^ Bevor der blaue Himmel weg ist, schob ich von der 3SB zum kleinen Gipfel r\u00fcber<\/p>\n<p><a href='http:\/\/ski.inmontanis.info\/d\/279775-2\/DSC09085.jpg'><img src=http:\/\/ski.inmontanis.info\/d\/279774-3\/DSC09085.jpg \/><\/a><br \/>\n^ Nordalsfj\u00e4ll<\/p>\n<p><a href='http:\/\/ski.inmontanis.info\/d\/279779-2\/DSC09087.jpg'><img src=http:\/\/ski.inmontanis.info\/d\/279778-3\/DSC09087.jpg \/><\/a><br \/>\n^ R\u00fcckseitenpano Norwegen bzw. Narvik (l\u00e4ge in Bildmitte rechts direkt hinter dieser gezackten Gipfelformation)<\/p>\n<p><a href='http:\/\/ski.inmontanis.info\/d\/279783-2\/DSC09090.jpg'><img src=http:\/\/ski.inmontanis.info\/d\/279782-3\/DSC09090.jpg \/><\/a><br \/>\n^ Panofoto Norwegen<\/p>\n<p><a href='http:\/\/ski.inmontanis.info\/d\/279787-2\/DSC09091.jpg'><img src=http:\/\/ski.inmontanis.info\/d\/279786-3\/DSC09091.jpg \/><\/a><br \/>\n^ Panofoto Schweden<\/p>\n<p><a href='http:\/\/ski.inmontanis.info\/d\/279791-2\/DSC09092.jpg'><img src=http:\/\/ski.inmontanis.info\/d\/279790-3\/DSC09092.jpg \/><\/a><br \/>\n^ Links 3SB, rechts daneben der momentan defekte KSSL Nordalsliften und ziemlich weit rechts spitzt die Bergstation SL Vinkelliften<\/p>\n<p><a href='http:\/\/ski.inmontanis.info\/d\/279795-2\/DSC09093.jpg'><img src=http:\/\/ski.inmontanis.info\/d\/279794-3\/DSC09093.jpg \/><\/a><br \/>\n^ R\u00fcckseitenpano Norwegen<\/p>\n<p><a href='http:\/\/ski.inmontanis.info\/d\/279799-2\/DSC09095.jpg'><img src=http:\/\/ski.inmontanis.info\/d\/279798-3\/DSC09095.jpg \/><\/a><br \/>\n^ 3SB und Haus am Gipfel<\/p>\n<p><a href='http:\/\/ski.inmontanis.info\/d\/279803-2\/DSC09097.jpg'><img src=http:\/\/ski.inmontanis.info\/d\/279802-3\/DSC09097.jpg \/><\/a><br \/>\n^ Variantenm\u00f6glichkeiten richtung Stra\u00dfe<\/p>\n<p><a href='http:\/\/ski.inmontanis.info\/d\/279807-2\/DSC09098.jpg'><img src=http:\/\/ski.inmontanis.info\/d\/279806-3\/DSC09098.jpg \/><\/a><br \/>\n^ <\/p>\n<p><a href='http:\/\/ski.inmontanis.info\/d\/279811-2\/DSC09103.jpg'><img src=http:\/\/ski.inmontanis.info\/d\/279810-3\/DSC09103.jpg \/><\/a><br \/>\n^ <\/p>\n<p><a href='http:\/\/ski.inmontanis.info\/d\/279815-2\/DSC09104.jpg'><img src=http:\/\/ski.inmontanis.info\/d\/279814-3\/DSC09104.jpg \/><\/a><br \/>\n^ KSSL Nordalsliften<\/p>\n<p><a href='http:\/\/ski.inmontanis.info\/d\/279819-2\/DSC09106.jpg'><img src=http:\/\/ski.inmontanis.info\/d\/279818-3\/DSC09106.jpg \/><\/a><br \/>\n^ Abfahrten 5 (zur 3SB) und 6+7 zu den SL bzw. DSB<\/p>\n<p><a href='http:\/\/ski.inmontanis.info\/d\/279823-2\/DSC09107.jpg'><img src=http:\/\/ski.inmontanis.info\/d\/279822-3\/DSC09107.jpg \/><\/a><br \/>\n^ Einfahrten der steilen DSB-Varianten Branten und Uffes V\u00e4gg, wobei man Branten eher weiter links reinf\u00e4hrt<\/p>\n<p><a href='http:\/\/ski.inmontanis.info\/d\/279827-2\/DSC09109.jpg'><img src=http:\/\/ski.inmontanis.info\/d\/279826-3\/DSC09109.jpg \/><\/a><br \/>\n^ 20 Uffes V\u00e4gg<\/p>\n<p><a href='http:\/\/ski.inmontanis.info\/d\/279831-2\/DSC09111.jpg'><img src=http:\/\/ski.inmontanis.info\/d\/279830-3\/DSC09111.jpg \/><\/a><br \/>\n^ 20 Uffes V\u00e4gg. Sch\u00f6n steil hier.<\/p>\n<p><a href='http:\/\/ski.inmontanis.info\/d\/279835-2\/DSC09112.jpg'><img src=http:\/\/ski.inmontanis.info\/d\/279834-3\/DSC09112.jpg \/><\/a><br \/>\n^ Eigenartiger Himmel heute, blieb aber recht lang sonnig im Skigebiet<\/p>\n<p><a href='http:\/\/ski.inmontanis.info\/d\/279839-2\/DSC09114.jpg'><img src=http:\/\/ski.inmontanis.info\/d\/279838-3\/DSC09114.jpg \/><\/a><br \/>\n^ Auch die Abfahrt 8 Lingonstigen war heute mal frisch pr\u00e4pariert<\/p>\n<p><a href='http:\/\/ski.inmontanis.info\/d\/279843-2\/DSC09118.jpg'><img src=http:\/\/ski.inmontanis.info\/d\/279842-3\/DSC09118.jpg \/><\/a><br \/>\n^ Am Vinkelliften war heut nicht nur die direkte, sondern auch die diagonale Abfahrt frisch pr\u00e4pariert<\/p>\n<p><a href='http:\/\/ski.inmontanis.info\/d\/279847-2\/DSC09124.jpg'><img src=http:\/\/ski.inmontanis.info\/d\/279846-3\/DSC09124.jpg \/><\/a><br \/>\n^ Diagonale Abfahrt 9 Vargtassen<\/p>\n<p><a href='http:\/\/ski.inmontanis.info\/d\/279851-2\/DSC09126.jpg'><img src=http:\/\/ski.inmontanis.info\/d\/279850-3\/DSC09126.jpg \/><\/a><br \/>\n^ Ich hatte die Variante 18 Rimfors gesucht, bin aber wohl irgendwann falsch abgebogen, zumindest landete ich nicht in der Rinne, die ich eigentlich fahren wollte<\/p>\n<p><a href='http:\/\/ski.inmontanis.info\/d\/279855-2\/DSC09128.jpg'><img src=http:\/\/ski.inmontanis.info\/d\/279854-3\/DSC09128.jpg \/><\/a><br \/>\n^ Riksgr\u00e4nsen mit DSB und ihren Steilh\u00e4ngen<\/p>\n<p><a href='http:\/\/ski.inmontanis.info\/d\/279859-2\/DSC09134.jpg'><img src=http:\/\/ski.inmontanis.info\/d\/279858-3\/DSC09134.jpg \/><\/a><br \/>\n^ DSB-Varianten<\/p>\n<p><a href='http:\/\/ski.inmontanis.info\/d\/279863-2\/DSC09138.jpg'><img src=http:\/\/ski.inmontanis.info\/d\/279862-3\/DSC09138.jpg \/><\/a><br \/>\n^ Riksgr\u00e4nsen mit Miniatur-Effekt<\/p>\n<p><a href='http:\/\/ski.inmontanis.info\/d\/279867-2\/DSC09142.jpg'><img src=http:\/\/ski.inmontanis.info\/d\/279866-3\/DSC09142.jpg \/><\/a><br \/>\n^ 3SB-DSB<\/p>\n<p><a href='http:\/\/ski.inmontanis.info\/d\/279871-2\/DSC09146.jpg'><img src=http:\/\/ski.inmontanis.info\/d\/279870-3\/DSC09146.jpg \/><\/a><br \/>\n^ Die Skifahrer im Vinkelliften waren von der Abfahrt aus nicht immer zu sehen, da die Liftspur teilweise so tief lag :)<\/p>\n<p><a href='http:\/\/ski.inmontanis.info\/d\/279875-2\/DSC09148.jpg'><img src=http:\/\/ski.inmontanis.info\/d\/279874-3\/DSC09148.jpg \/><\/a><br \/>\n^ Offpistegel\u00e4nde rechts der DSB weit unten<\/p>\n<p><a href='http:\/\/ski.inmontanis.info\/d\/279879-2\/DSC09150.jpg'><img src=http:\/\/ski.inmontanis.info\/d\/279878-3\/DSC09150.jpg \/><\/a><br \/>\n^ Offpistegel\u00e4nde rechts der DSB weit unten; die Variante von hier  hab ich leider nicht geschafft.<\/p>\n<p><a href='http:\/\/ski.inmontanis.info\/d\/279883-2\/DSC09151.jpg'><img src=http:\/\/ski.inmontanis.info\/d\/279882-3\/DSC09151.jpg \/><\/a><br \/>\n^ Offpistegel\u00e4nde rechts der DSB; generell musste man weiter unten ja auf den freigebaggerten Drainage-Graben aufpassen.<\/p>\n<p><a href='http:\/\/ski.inmontanis.info\/d\/279887-2\/DSC09157.jpg'><img src=http:\/\/ski.inmontanis.info\/d\/279886-3\/DSC09157.jpg \/><\/a><br \/>\n^ Offpiste am KSSL Katterj\u00e5kksliften<\/p>\n<p><a href='http:\/\/ski.inmontanis.info\/d\/279891-2\/DSC09158.jpg'><img src=http:\/\/ski.inmontanis.info\/d\/279890-3\/DSC09158.jpg \/><\/a><br \/>\n^ Offpiste am KSSL Katterj\u00e5kksliften<\/p>\n<p><a href='http:\/\/ski.inmontanis.info\/d\/279895-2\/DSC09165.jpg'><img src=http:\/\/ski.inmontanis.info\/d\/279894-3\/DSC09165.jpg \/><\/a><br \/>\n^ Solliften, ganz ohne Schneefall ging es heute nicht<\/p>\n<p><a href='http:\/\/ski.inmontanis.info\/d\/279899-2\/DSC09174.jpg'><img src=http:\/\/ski.inmontanis.info\/d\/279898-3\/DSC09174.jpg \/><\/a><br \/>\n^ 16:19 Uhr, letzte Offpiste-Fahrt rechts au\u00dfen am KSSL Katterj\u00e5kksliften<\/p>\n<p>In Summe heute der beste und skim\u00e4\u00dfig intensivste dieser 3 Skitage in Riksgr\u00e4nsen und ich blieb bis zum Schluss und fuhr um 15:55 zum Abschluss nochmals mit dem Kurven-SL ganz rauf. N\u00e4chstes Mal w\u00fcrd ich aber lieber sp\u00e4testens um den 1.Mai hier sein, um auch mal wieder in Bj\u00f6rkliden und endlich mal Absiko zu fahren. <\/p>\n<p>&#8211;<\/p>\n<p>Riksgr\u00e4nsen bietet ja schon lange und regelm\u00e4\u00dfig Tag- und Nachtskifahren zu Midsommar Mitte Juni an, sofern der Schnee reicht. Bei meiner ersten Skandinavienreise schien leider nicht genug Schnee zu sein (wobei ich das nur vom Tal aus absch\u00e4tzte), h\u00e4ufiger kann man aber schon an der 3SB zumindest in einer Rinne abfahren, wenns gut kommt in zwei. Heuer lag ja bekanntlich so viel Schnee (aktuell Mitte Mai noch 5,5m), dass sie Mitte Juni absolut zweifelslos werden \u00f6ffnen k\u00f6nnen.<\/p>\n<p><em>Nachdem ich den Bericht erst am 21.6. fertig geschrieben habe, kann ich das hier gleich erw\u00e4hnen: Es war heuer sogar noch die Talabfahrt an der DSB m\u00f6glich, sogar die Offpistevarianten Branten + Uffes V\u00e4gg waren offiziell offen, sowie 3 Abfahrten an der 3SB. Die Abfahrt rechts an 3SB+DSB (Gr\u00e4nsleden 1+2) war wohl f\u00fcr&#8217;s schwedische Nationalteam reserviert. Wahnsinn.<\/p>\n<p>Bianka und Uwe von www.biauwe.de, die hin und wieder im Alpinforum schreiben und die ich sp\u00e4ter in Bl\u00e5sj\u00f6n noch treffen sollte, verl\u00e4ngerten ihre Wohnmobilreise (bei der sie schon den ganzen Winter in Skandinavien unterwegs sind) und waren zum legend\u00e4ren Sommersonnwendskifahren 2020 in Riksgr\u00e4nsen:<\/p>\n<p><a href='https:\/\/www.ski-web24.de\/skigebiete\/Riksgraensen\/frame.htm'>https:\/\/www.ski-web24.de\/skigebiete\/Riksgraensen\/frame.htm<\/a> <\/p>\n<p><a href='https:\/\/www.ski-web24.de\/reisen\/2019-20_winterreise\/frame.htm'>https:\/\/www.ski-web24.de\/reisen\/2019-20_winterreise\/frame.htm<\/a>  (&#8220;17.-20.6.2020&#8221;)<\/p>\n<p>Hach, da w\u00e4r ich auch gern dabei gewesen.<br \/>\n<\/em><\/p>\n<p>&#8211;<\/p>\n<p>Da der Frasses am WE ja leider Covid-bedingt unsinnig nur bis 16 Uhr offen hat und ich keine lust auf nochmals einen Burger von der Tankstelle oder nur ein Hotdog hatte und weil ich in der Hotellobby einen Mikrowellenherd gesehen hatte, wollte ich mir mal ein gek\u00fchltes Fertiggericht vom Supermarkt mitnehmen. Die haben n\u00e4mlich ganz normal auch sonntags bis abends offen.<\/p>\n<p>Ich konnte mich nicht entscheiden und nahm daher zwei Gerichte mit, zumal ich heute ja kein Fr\u00fchst\u00fcck und tags\u00fcber nur 1\/3 kalte Pizza hatte: einen etwas teureren Laxpudding (Kartoffelauflauf mit Lachs) gek\u00fchlt um 65,- SEK und tiefgefrorene K\u00f6ttbullar um g\u00fcnstige 29,- SEK oder so, also unter 3 \u20ac, das ist schon g\u00fcnstig. Den Lachs a\u00df ich als Vorspeise (viel s\u00e4ttigend war er auch nicht, aber lecker) und die K\u00f6ttbullar etwas sp\u00e4ter, aber geschmacklich war das billige Fertiggericht, so sch\u00f6n es auch aussah, leider nicht so gut wie der Lachs. Ich war auch nicht der einzige, der sich da in der Mikrowelle was zum essen machte und aufs Zimmer nahm.<\/p>\n<p><a href='http:\/\/extra.inmontanis.info\/d\/59303-2\/DSC09175.jpg'><img src=http:\/\/extra.inmontanis.info\/d\/59302-3\/DSC09175.jpg \/><\/a><br \/>\n^ Fertiggerichte<\/p>\n<p><a href='http:\/\/extra.inmontanis.info\/d\/59307-2\/DSC09176.jpg'><img src=http:\/\/extra.inmontanis.info\/d\/59306-3\/DSC09176.jpg \/><\/a><br \/>\n^ Obwohl es ein Lowcost-Fertiggericht ist, gibt&#8217;s bei uns wohl selten Fertiggerichte, die dem Produktbild auf der Verpackung so \u00e4hnlich ausschauen.<\/p>\n<p>Danach plante ich noch etwas die n\u00e4chsten Tage und buchte f\u00fcr morgen nochmals das Hotel in Arjeplog. Richtung Meer h\u00e4tte ich zwar g\u00fcnstiger \u00fcbernachtet, aber man kommt da immer so schlecht an die K\u00fcste, als dass sich der Umweg so wirklich lohnen w\u00fcrde.<\/p>\n<p>Die n\u00e4chsten 2 Tage k\u00f6nnten wetterm\u00e4\u00dfig wieder recht mau werden, ab Mittwoch soll dann das Skigebiet Klimpfj\u00e4ll nochmals \u00f6ffnen und am Donnerstag k\u00f6nnte sich was in Bl\u00e5sj\u00f6n ergeben, wobei daf\u00fcr die Vorhersagen aktuell mal recht gut w\u00e4ren.<\/p>\n<p>(Fortsetzung mit n\u00e4chtlicher Ruhest\u00f6rung folgt.)<\/p>\n","protected":false},"excerpt":{"rendered":"<p>Final Escape Sweden, 7.5.2020-23.5.2020 Tag 11: SO, 17.5.2020 &#8211; Riksgr\u00e4nsen (km 5.698, Diff. 263)<\/p>\n<p>Leider \u00e4nderten sich die Wettervorhersagen heute fr\u00fch nicht, gemeldet war f\u00fcr heute recht bew\u00f6lkt\/bedeckt, morgen leichter Schneefall, also dann lieber heute nochmals Riksgr\u00e4nsen. Da die Wettervorhersagen allerdings f\u00fcr Vormittag besser waren, ging&#8217;s nach 7 Uhr ohne Fr\u00fchst\u00fcck vom Hotel in Kiruna <a href=\"http:\/\/blog.inmontanis.info\/?p=6192\">[&#8230;]<\/a><\/p>\n","protected":false},"author":1,"featured_media":0,"comment_status":"closed","ping_status":"closed","sticky":false,"template":"","format":"standard","meta":{"footnotes":""},"categories":[183,636,19,27],"tags":[55,38,48,47],"class_list":["post-6192","post","type-post","status-publish","format-standard","hentry","category-2020-05-schweden","category-riksgransen","category-schwedensweden","category-skifahren-winterskiing-winter","tag-3sb","tag-dsb","tag-kssl","tag-sl","odd"],"_links":{"self":[{"href":"http:\/\/blog.inmontanis.info\/index.php?rest_route=\/wp\/v2\/posts\/6192","targetHints":{"allow":["GET"]}}],"collection":[{"href":"http:\/\/blog.inmontanis.info\/index.php?rest_route=\/wp\/v2\/posts"}],"about":[{"href":"http:\/\/blog.inmontanis.info\/index.php?rest_route=\/wp\/v2\/types\/post"}],"author":[{"embeddable":true,"href":"http:\/\/blog.inmontanis.info\/index.php?rest_route=\/wp\/v2\/users\/1"}],"replies":[{"embeddable":true,"href":"http:\/\/blog.inmontanis.info\/index.php?rest_route=%2Fwp%2Fv2%2Fcomments&post=6192"}],"version-history":[{"count":3,"href":"http:\/\/blog.inmontanis.info\/index.php?rest_route=\/wp\/v2\/posts\/6192\/revisions"}],"predecessor-version":[{"id":6195,"href":"http:\/\/blog.inmontanis.info\/index.php?rest_route=\/wp\/v2\/posts\/6192\/revisions\/6195"}],"wp:attachment":[{"href":"http:\/\/blog.inmontanis.info\/index.php?rest_route=%2Fwp%2Fv2%2Fmedia&parent=6192"}],"wp:term":[{"taxonomy":"category","embeddable":true,"href":"http:\/\/blog.inmontanis.info\/index.php?rest_route=%2Fwp%2Fv2%2Fcategories&post=6192"},{"taxonomy":"post_tag","embeddable":true,"href":"http:\/\/blog.inmontanis.info\/index.php?rest_route=%2Fwp%2Fv2%2Ftags&post=6192"}],"curies":[{"name":"wp","href":"https:\/\/api.w.org\/{rel}","templated":true}]}}