{"id":6186,"date":"2020-05-16T21:37:23","date_gmt":"2020-05-16T19:37:23","guid":{"rendered":"http:\/\/blog.inmontanis.info\/?p=6186"},"modified":"2023-08-05T12:12:06","modified_gmt":"2023-08-05T10:12:06","slug":"riksgransen-16-5-2020","status":"publish","type":"post","link":"http:\/\/blog.inmontanis.info\/?p=6186","title":{"rendered":"Riksgr\u00e4nsen, 16.5.2020"},"content":{"rendered":"<p><strong>Final Escape Sweden, 7.5.2020-23.5.2020<br \/>\nTag 10: SA, 16.5.2020 &#8211; Riksgr\u00e4nsen<\/strong> (km 5.435, Diff. 274)<\/p>\n<p>Windm\u00e4\u00dfig w\u00e4re heute ja vielleicht ein Parkplatz an der DSB sinnvoller, also mal dort hingefahren, aber oberhalb der unteren Parkpl\u00e4tze sah ich beim Vorbeifahren sowas wie &#8220;ab hier nur noch f\u00fcr Hotelg\u00e4ste parken gestattet&#8221; w\u00e4re &#8211; also fuhr ich wieder zum KSSL, da k\u00f6nnte ich im Zweifel nachmittags sch\u00f6ner vom Lift zum Auto abfahren. Nur sind halt hier leider die ganzen &#8220;Snowmobilisten&#8221; mit ihren stinkenden, l\u00e4rmenden Dingern.<\/p>\n<p>Aufgrund des Neuschnees gestern blieb heute einer der beiden Offpiste-Steilh\u00e4nge geschlossen, daf\u00fcr waren zum Wochenende mehr Abfahrten pr\u00e4pariert.<\/p>\n<p>Der Sturm blieb den ganzen Tag \u00fcber relativ stark, erst um kurz vor 15 Uhr musste die 3SB doch noch eingestellt werden. Bevor auch noch die DSB eingestellt wird, bin ich vorsichtshalber nach der folgenden DSB-Fahrt den Ziehweg zu den SL r\u00fcber, war aber zu ersch\u00f6pft, den B\u00fcgel-SL noch mehr als 2x zu fahren (zudem starker Wind bei der Abfahrt + On&#038;Offpiste heute nicht so gut). Nochmals den KSSL zum Abschluss, aber auch hier zuviel Gegenwind auf der flachen Abfahrt und somit um ca. 15:50 aufgeh\u00f6rt.<\/p>\n<p>(Fotos anklicken zum Vergr\u00f6\u00dfern)<\/p>\n<p><a href='http:\/\/extra.inmontanis.info\/d\/58895-2\/scn2020h.jpg'><img src=http:\/\/extra.inmontanis.info\/d\/58894-3\/scn2020h.jpg \/><\/a><br \/>\n^  von O Kiruna bis P Riksgr\u00e4nsen und retour: Fahrstrecke 16.5.2020 (274 km)<br \/>\nO: Kiruna<br \/>\nR: Absiko<br \/>\nQ hinter R: Bj\u00f6rkliden<br \/>\nP: Riksgr\u00e4nsen<\/p>\n<p><a href='http:\/\/extra.inmontanis.info\/d\/59239-3\/DSC08921.jpg'><img src=http:\/\/extra.inmontanis.info\/d\/59238-4\/DSC08921.jpg \/><\/a><br \/>\n^ Heute kein Erzzug, daf\u00fcr das hier<\/p>\n<p><a href='http:\/\/extra.inmontanis.info\/d\/59243-3\/DSC08923.jpg'><img src=http:\/\/extra.inmontanis.info\/d\/59242-4\/DSC08923.jpg \/><\/a><br \/>\n^ Tornetr\u00e4sk<\/p>\n<p><a href='http:\/\/extra.inmontanis.info\/d\/59247-3\/DSC08932.jpg'><img src=http:\/\/extra.inmontanis.info\/d\/59246-4\/DSC08932.jpg \/><\/a><br \/>\n^ perfekt pr\u00e4parierte Piste, \u00e4h, Stra\u00dfe :-)<\/p>\n<p><a href='http:\/\/extra.inmontanis.info\/d\/59251-3\/DSC08946.jpg'><img src=http:\/\/extra.inmontanis.info\/d\/59250-4\/DSC08946.jpg \/><\/a><br \/>\n^ Tornetr\u00e4sk<\/p>\n<p><a href='http:\/\/extra.inmontanis.info\/d\/59255-3\/DSC08947.jpg'><img src=http:\/\/extra.inmontanis.info\/d\/59254-4\/DSC08947.jpg \/><\/a><br \/>\n^ Schneeverwehungen, starker Wind, na hoffentlich haben die Lifte offen ..<\/p>\n<p><a href='http:\/\/ski.inmontanis.info\/d\/279567-3\/ge20200514-17i.jpg'><img src=http:\/\/ski.inmontanis.info\/d\/279566-4\/ge20200514-17i.jpg \/><\/a><br \/>\n^ GPS-Track, links unten KSSL, rechts DSB+3SB&#8230;<br \/>\nBlau: Meine Besuche im Mai 2017<br \/>\nGr\u00fcn: 14.5.2020<br \/>\nRot: 16.5.2020 (heutiger Tag)<br \/>\nGelb: 17.5.2020<\/p>\n<p><a href='http:\/\/ski.inmontanis.info\/d\/279631-2\/DSC08949.jpg'><img src=http:\/\/ski.inmontanis.info\/d\/279630-3\/DSC08949.jpg \/><\/a><br \/>\n^ DSB und deren H\u00e4nge<\/p>\n<p><a href='http:\/\/ski.inmontanis.info\/d\/279635-2\/DSC08953.jpg'><img src=http:\/\/ski.inmontanis.info\/d\/279634-3\/DSC08953.jpg \/><\/a><br \/>\n^ Spuren von Snowmobilisten<\/p>\n<p><a href='http:\/\/ski.inmontanis.info\/d\/279639-2\/DSC08959.jpg'><img src=http:\/\/ski.inmontanis.info\/d\/279638-3\/DSC08959.jpg \/><\/a><br \/>\n^ Vinkelliften<\/p>\n<p><a href='http:\/\/ski.inmontanis.info\/d\/279643-2\/DSC08962.jpg'><img src=http:\/\/ski.inmontanis.info\/d\/279642-3\/DSC08962.jpg \/><\/a><br \/>\n^ Solliften<\/p>\n<p><a href='http:\/\/ski.inmontanis.info\/d\/279647-2\/DSC08966.jpg'><img src=http:\/\/ski.inmontanis.info\/d\/279646-3\/DSC08966.jpg \/><\/a><br \/>\n^ Solliften<\/p>\n<p><a href='http:\/\/ski.inmontanis.info\/d\/279651-2\/DSC08967.jpg'><img src=http:\/\/ski.inmontanis.info\/d\/279650-3\/DSC08967.jpg \/><\/a><br \/>\n^ Linksblick vom Vinkelliften<\/p>\n<p><a href='http:\/\/ski.inmontanis.info\/d\/279655-2\/DSC08968.jpg'><img src=http:\/\/ski.inmontanis.info\/d\/279654-3\/DSC08968.jpg \/><\/a><br \/>\n^ Am Vinkelliften war heute die rechte Abfahrt 10 L\u00e4mmeln pr\u00e4pariert<\/p>\n<p><a href='http:\/\/ski.inmontanis.info\/d\/279659-2\/DSC08971.jpg'><img src=http:\/\/ski.inmontanis.info\/d\/279658-3\/DSC08971.jpg \/><\/a><br \/>\n^ Variante 29 Jokken links vom Vinkelliften<\/p>\n<p><a href='http:\/\/ski.inmontanis.info\/d\/279663-2\/DSC08973.jpg'><img src=http:\/\/ski.inmontanis.info\/d\/279662-3\/DSC08973.jpg \/><\/a><br \/>\n^ Vinkel- und Solliften<\/p>\n<p><a href='http:\/\/ski.inmontanis.info\/d\/279667-2\/DSC08976.jpg'><img src=http:\/\/ski.inmontanis.info\/d\/279666-3\/DSC08976.jpg \/><\/a><br \/>\n^ Offpistevariante 19 Sommarstigen, die Absperrung ist von 20 Uffes V\u00e4gg<\/p>\n<p><a href='http:\/\/ski.inmontanis.info\/d\/279671-2\/DSC08977.jpg'><img src=http:\/\/ski.inmontanis.info\/d\/279670-3\/DSC08977.jpg \/><\/a><br \/>\n^ 20 Uffes V\u00e4gg war heute gesperrt, dahinter richtung DSB Nr. 21 Branten war offen<\/p>\n<p><a href='http:\/\/ski.inmontanis.info\/d\/279675-2\/DSC08979.jpg'><img src=http:\/\/ski.inmontanis.info\/d\/279674-3\/DSC08979.jpg \/><\/a><br \/>\n^ Riksgr\u00e4nsen<\/p>\n<p><a href='http:\/\/ski.inmontanis.info\/d\/279679-2\/DSC08981.jpg'><img src=http:\/\/ski.inmontanis.info\/d\/279678-3\/DSC08981.jpg \/><\/a><br \/>\n^ DSB, um 14 Uhr war vom Neuschnee hier neben der Piste nichts mehr zu sehen :)<\/p>\n<p><a href='http:\/\/ski.inmontanis.info\/d\/279683-3\/DSC08983.jpg'><img src=http:\/\/ski.inmontanis.info\/d\/279682-4\/DSC08983.jpg \/><\/a><br \/>\n^ Was? 50 Jahre vor dem Stra\u00dfenbau, 1934, wurde hier in Riksgr\u00e4nsen die erste schwedische Skischule er\u00f6ffnet? Ausgerechnet hier am \u00e4u\u00dfersten Ende Schwedens?<\/p>\n<p><a href='http:\/\/ski.inmontanis.info\/d\/279687-3\/DSC08984.jpg'><img src=http:\/\/ski.inmontanis.info\/d\/279686-4\/DSC08984.jpg \/><\/a><br \/>\n^ Eingeschneit<\/p>\n<p><a href='http:\/\/ski.inmontanis.info\/d\/279691-3\/DSC08985.jpg'><img src=http:\/\/ski.inmontanis.info\/d\/279690-4\/DSC08985.jpg \/><\/a><br \/>\n^ Abfahrt 1 Skimastern an der DSB<\/p>\n<p><a href='http:\/\/ski.inmontanis.info\/d\/279695-3\/DSC08986.jpg'><img src=http:\/\/ski.inmontanis.info\/d\/279694-4\/DSC08986.jpg \/><\/a><br \/>\n^ DSB Talstation mit gr\u00f6\u00dferer Warteschlange weil 3SB nun zu<\/p>\n<p><a href='http:\/\/ski.inmontanis.info\/d\/279699-3\/DSC08991.jpg'><img src=http:\/\/ski.inmontanis.info\/d\/279698-4\/DSC08991.jpg \/><\/a><br \/>\n^ DSB-Auffahrt, teilweise musste man beim Queren auf Skiern aufpassen, weil die Sessel sehr tief waren<\/p>\n<p><a href='http:\/\/ski.inmontanis.info\/d\/279703-3\/DSC08994.jpg'><img src=http:\/\/ski.inmontanis.info\/d\/279702-4\/DSC08994.jpg \/><\/a><br \/>\n^ Die 3SB wurde sp\u00e4ter wegen Sturm eingestellt; Alternativ kommt man von der DSB schiebend auf diesem Weg zu den SL<\/p>\n<p><a href='http:\/\/ski.inmontanis.info\/d\/279707-2\/DSC08996.jpg'><img src=http:\/\/ski.inmontanis.info\/d\/279706-3\/DSC08996.jpg \/><\/a><br \/>\n^ KSSL Katterj\u00e5kksliften<\/p>\n<p><a href='http:\/\/ski.inmontanis.info\/d\/279711-2\/DSC08999.jpg'><img src=http:\/\/ski.inmontanis.info\/d\/279710-3\/DSC08999.jpg \/><\/a><br \/>\n^ Offpiste am KSSL Katterj\u00e5kksliften<\/p>\n<p><a href='http:\/\/ski.inmontanis.info\/d\/279715-3\/DSC09001.jpg'><img src=http:\/\/ski.inmontanis.info\/d\/279714-3\/DSC09001.jpg \/><\/a><br \/>\n^ Abfahrt zum Parkplatz<\/p>\n<p><a href='http:\/\/ski.inmontanis.info\/d\/279719-3\/DSC09002.jpg'><img src=http:\/\/ski.inmontanis.info\/d\/279718-3\/DSC09002.jpg \/><\/a><br \/>\n^ KSSL am Zug<\/p>\n<p>Auf dem Weg retour nach Kiruna machte ich zwei kurze Zwischenstopps in Bj\u00f6rkliden und Abisko:<\/p>\n<p><a href='http:\/\/extra.inmontanis.info\/d\/59259-3\/DSC09003.jpg'><img src=http:\/\/extra.inmontanis.info\/d\/59258-4\/DSC09003.jpg \/><\/a><br \/>\n^ Riksgr\u00e4nsen &#8211; Bj\u00f6rkliden<\/p>\n<p><a href='http:\/\/ski.inmontanis.info\/d\/279619-2\/DSC09008.jpg'><img src=http:\/\/ski.inmontanis.info\/d\/279618-3\/DSC09008.jpg \/><\/a><br \/>\n^ Skigebiet Bj\u00f6rkliden, ist bis Anfang Mai offen<\/p>\n<p><a href='http:\/\/ski.inmontanis.info\/d\/279623-3\/DSC09009.jpg'><img src=http:\/\/ski.inmontanis.info\/d\/279622-4\/DSC09009.jpg \/><\/a><br \/>\n^ kurzer Lift in Bj\u00f6rkliden<\/p>\n<p><a href='http:\/\/ski.inmontanis.info\/d\/279627-3\/DSC09010.jpg'><img src=http:\/\/ski.inmontanis.info\/d\/279626-4\/DSC09010.jpg \/><\/a><br \/>\n^ Mit den 3 SL hat man zwar lt. Pistenplan auch viel Pisten+Varianten, aber wenn sie etwas weiter weg st\u00fcnden, w\u00e4r das wohl interessanter..<\/p>\n<p><a href='http:\/\/ski.inmontanis.info\/d\/279595-2\/DSC09012.jpg'><img src=http:\/\/ski.inmontanis.info\/d\/279594-3\/DSC09012.jpg \/><\/a><br \/>\n^ Abisko \/ Nuolja<\/p>\n<p><a href='http:\/\/ski.inmontanis.info\/d\/279599-2\/DSC09013.jpg'><img src=http:\/\/ski.inmontanis.info\/d\/279598-3\/DSC09013.jpg \/><\/a><br \/>\n^ DSB Abisko \/ Nuolja<\/p>\n<p><a href='http:\/\/ski.inmontanis.info\/d\/279603-2\/DSC09014.jpg'><img src=http:\/\/ski.inmontanis.info\/d\/279602-3\/DSC09014.jpg \/><\/a><br \/>\n^ DSB Abisko \/ Nuolja (Br\u00e4ndle)<\/p>\n<p><a href='http:\/\/ski.inmontanis.info\/d\/279607-2\/DSC09015.jpg'><img src=http:\/\/ski.inmontanis.info\/d\/279606-3\/DSC09015.jpg \/><\/a><br \/>\n^ DSB Abisko \/ Nuolja mit sternf\u00f6rmiger Talstation<\/p>\n<p><a href='http:\/\/ski.inmontanis.info\/d\/279611-2\/DSC09018.jpg'><img src=http:\/\/ski.inmontanis.info\/d\/279610-3\/DSC09018.jpg \/><\/a><br \/>\n^ DSB Abisko \/ Nuolja<\/p>\n<p><a href='http:\/\/ski.inmontanis.info\/d\/279615-2\/DSC09019.jpg'><img src=http:\/\/ski.inmontanis.info\/d\/279614-3\/DSC09019.jpg \/><\/a><br \/>\n^ Preise und \u00d6ffnungszeiten<\/p>\n<p>Danach wollte ich in den kleinen Supermarkt in Abisko mit dem riesigen &#8220;L\u00f6sgodis&#8221;-Angebot, aber bl\u00f6derweise hat der Corona-bedingt momentan am WE nur von 10-16 Uhr offen, was aber nur mit kleinem Aushang vor dem Supermarkt kundgetan wurde, w\u00e4hrend die gro\u00dfen Werbeschilder von t\u00e4glicher \u00d6ffnung bis 21 Uhr oder so erz\u00e4hlten. Wie bescheuert ist das schon wieder? Ok, weil die Grenze nach Norwegen dicht ist, die \u00d6ffnungzeiten etwas einschr\u00e4nken ist ja OK, aber von 10-16h sind die Leute, die hier in der Gegend sind, ja wohl tendenziell eher auf ihren Snowmobilen oder auf Skiern unterwegs, also sollte doch 12-18h wesentlich sinnvoller sein?<\/p>\n<p><a href='http:\/\/extra.inmontanis.info\/d\/59263-3\/IMG_20200516_165220.jpg'><img src=http:\/\/extra.inmontanis.info\/d\/59262-4\/IMG_20200516_165220.jpg \/><\/a><br \/>\n^ Bescheuerte Corona-\u00d6ffnungszeiten am Supermarkt in Abisko. Wer hat denn am WE von 10-16h Zeit? <\/p>\n<p>Ich \u00e4rgerte mich, dass ich nicht am Donnerstag eingekauft hatte &#8211; ich stand sogar schon am Parkplatz, hielt es aber f\u00fcr sinnvoller, den Einkauf erst am Samstag oder Sonntag zu machen, um die Naschsachen etwas weniger lang im Auto zu haben. <em>Da ich leider auch die n\u00e4chsten Tage heimw\u00e4rts kein auch nur ann\u00e4hernd so gro\u00dfes L\u00f6sgodis-Gesch\u00e4ft mehr fand, kaufte ich am letzten Tag eben in einer Maxi-ICA noch etwas ein, wobei deren Sch\u00fcsseln kleiner sind als die hier in Abisko)<\/em><\/p>\n<p><a href='http:\/\/extra.inmontanis.info\/d\/59267-3\/DSC09023.jpg'><img src=http:\/\/extra.inmontanis.info\/d\/59266-4\/DSC09023.jpg \/><\/a><br \/>\n^ Riksgr\u00e4nsen &#8211; Kiruna, kurz mal Schneefall ..<\/p>\n<p><a href='http:\/\/extra.inmontanis.info\/d\/59271-3\/DSC09024.jpg'><img src=http:\/\/extra.inmontanis.info\/d\/59270-4\/DSC09024.jpg \/><\/a><br \/>\n^ .. 2 Minuten sp\u00e4ter wieder blauer Himmel<\/p>\n<p>In Kiruna war es f\u00fcr einen Besuch im Frasses schon zu sp\u00e4t, so nahm ich mir in einer Pizzeria eine 3erlei gemischte Pizza mit, ein Teil war ger\u00e4uchertes Rentier. Die Pizza kostete 99 SEK und der Krautsalat 15 SEK, in Summe ca. 11,- \u20ac, gegessen hab ich das sp\u00e4ter im Hotelzimmer und ein St\u00fcck der Pizza hob ich mir f\u00fcr morgen Mittag auf.<\/p>\n<p><a href='http:\/\/extra.inmontanis.info\/d\/59275-3\/DSC04171.jpg'><img src=http:\/\/extra.inmontanis.info\/d\/59274-4\/DSC04171.jpg \/><\/a><br \/>\n^ Dreierlei Fleischpizza, u.a. mit ger\u00e4uchertem Rentier. Dazu etwas viel Krautsalat, aber so konnte ich einen Teil der Pizza f\u00fcr morgen mitnehmen.<\/p>\n<p>Ob ich allerdings morgen nochmals Riksgr\u00e4nsen oder Kiruna und dann am Montag Riksgr\u00e4nsen fahren w\u00fcrde, wollte ich gem\u00e4\u00df Wettervorhersagen morgen fr\u00fch entscheiden&#8230;<\/p>\n<p>Zusammenschnitt Dashcamvideo von heute+morgen:<br \/>\n<object style=\"height: 500px; width: 900px\"><param name=\"movie\" value=\"http:\/\/www.youtube.com\/v\/Zvj_EZUP-6w\"><\/param><param name=\"wmode\" value=\"transparent\"><\/param><embed src=\"http:\/\/www.youtube.com\/v\/Zvj_EZUP-6w\" type=\"application\/x-shockwave-flash\" wmode=\"transparent\"  width=\"900\" height=\"480\"><\/embed><\/object><\/p>\n<p>(Fortsetzung folgt.)<\/p>\n","protected":false},"excerpt":{"rendered":"<p>Final Escape Sweden, 7.5.2020-23.5.2020 Tag 10: SA, 16.5.2020 &#8211; Riksgr\u00e4nsen (km 5.435, Diff. 274)<\/p>\n<p>Windm\u00e4\u00dfig w\u00e4re heute ja vielleicht ein Parkplatz an der DSB sinnvoller, also mal dort hingefahren, aber oberhalb der unteren Parkpl\u00e4tze sah ich beim Vorbeifahren sowas wie &#8220;ab hier nur noch f\u00fcr Hotelg\u00e4ste parken gestattet&#8221; w\u00e4re &#8211; also fuhr ich wieder zum <a href=\"http:\/\/blog.inmontanis.info\/?p=6186\">[&#8230;]<\/a><\/p>\n","protected":false},"author":1,"featured_media":0,"comment_status":"closed","ping_status":"closed","sticky":false,"template":"","format":"standard","meta":{"footnotes":""},"categories":[183,636,19,27],"tags":[55,38,48,45,47],"class_list":["post-6186","post","type-post","status-publish","format-standard","hentry","category-2020-05-schweden","category-riksgransen","category-schwedensweden","category-skifahren-winterskiing-winter","tag-3sb","tag-dsb","tag-kssl","tag-see","tag-sl","odd"],"_links":{"self":[{"href":"http:\/\/blog.inmontanis.info\/index.php?rest_route=\/wp\/v2\/posts\/6186","targetHints":{"allow":["GET"]}}],"collection":[{"href":"http:\/\/blog.inmontanis.info\/index.php?rest_route=\/wp\/v2\/posts"}],"about":[{"href":"http:\/\/blog.inmontanis.info\/index.php?rest_route=\/wp\/v2\/types\/post"}],"author":[{"embeddable":true,"href":"http:\/\/blog.inmontanis.info\/index.php?rest_route=\/wp\/v2\/users\/1"}],"replies":[{"embeddable":true,"href":"http:\/\/blog.inmontanis.info\/index.php?rest_route=%2Fwp%2Fv2%2Fcomments&post=6186"}],"version-history":[{"count":5,"href":"http:\/\/blog.inmontanis.info\/index.php?rest_route=\/wp\/v2\/posts\/6186\/revisions"}],"predecessor-version":[{"id":6191,"href":"http:\/\/blog.inmontanis.info\/index.php?rest_route=\/wp\/v2\/posts\/6186\/revisions\/6191"}],"wp:attachment":[{"href":"http:\/\/blog.inmontanis.info\/index.php?rest_route=%2Fwp%2Fv2%2Fmedia&parent=6186"}],"wp:term":[{"taxonomy":"category","embeddable":true,"href":"http:\/\/blog.inmontanis.info\/index.php?rest_route=%2Fwp%2Fv2%2Fcategories&post=6186"},{"taxonomy":"post_tag","embeddable":true,"href":"http:\/\/blog.inmontanis.info\/index.php?rest_route=%2Fwp%2Fv2%2Ftags&post=6186"}],"curies":[{"name":"wp","href":"https:\/\/api.w.org\/{rel}","templated":true}]}}