{"id":618,"date":"2008-10-12T23:59:13","date_gmt":"2008-10-12T21:59:13","guid":{"rendered":"http:\/\/blog.inmontanis.info\/?p=618"},"modified":"2023-08-06T20:04:56","modified_gmt":"2023-08-06T18:04:56","slug":"solden-gletscher-12-10-2008","status":"publish","type":"post","link":"http:\/\/blog.inmontanis.info\/?p=618","title":{"rendered":"S\u00f6lden Gletscher, 12.10.2008"},"content":{"rendered":"<p>Da ich das Wort &#8220;Opening&#8221; schon nicht mehr h\u00f6ren kann, gibt&#8217;s von mir heute einen Saisonabschluss:  Den Abschluss meiner Sommer- und Gletschersaison. Die n\u00e4chsten Wochenenden werden mir zu voll auf den Gletschern, und in 2-4 Wochen wird schon irgendein Winterskigebiet aufmachen &#8230;<!--more--><\/p>\n<p>Also ging&#8217;s eben heute nach S\u00f6lden. 34,- Euro Tirolerpreis sind grenzwertig, die 38,- Normalpreis h\u00e4tte ich nicht gezahlt. Die ersten Abfahrten fand ich eher nervig &#8211; der WC-Hang steil und hart, der Karleskogl-Hang schmal und voll und eisig, dann durch den Tunnel und dort ebenfalls recht harte Schneeverh\u00e4ltnisse&#8230;<\/p>\n<p>Dann kam aber der SL Panorama und der SL Seiterj\u00f6chl, und vor allem der letzte ging genial. Die Wartezeiten waren auch nur an der Tiefenbachbahn im Bereich von 1-2 Minuten beim ersten Mal, danach zum Gl\u00fcck keine mehr. Die Pisten wurden auch wieder etwas leerer (aber mehr brauch ich nicht!), und es gesellten sich noch ein paar weitere nette Abfahrten hinzu, so dass es doch noch ein recht geiler Tag wurde und am Ende auf meinem GPS 98km standen, was ich nun wirklich nicht erwartet h\u00e4tte.<\/p>\n<p>Da ich im Jahr 2005 und 2006 schon haufenweise Fotos von dem Gebiet in der Gallery hab, hab ich mich etwas zur\u00fcckgehalten, vor allem die Pano-Fotos sind ja jedes Jahr gleich, und mich eher auf aktuellen Zustand und GV versteift.<\/p>\n<p>GV in diesem Zusammenhang = Gletschervergleich und ich hab auch ein paar Vergleichsfotos von 2005\/2006 eingeschoben. Alle Bilder: Anklicken zum Vergr\u00f6\u00dfern.<\/p>\n<p><a href='http:\/\/ski.inmontanis.info\/d\/67222-1\/P1300704.JPG'><img src=http:\/\/ski.inmontanis.info\/d\/67223-3\/P1300704.JPG \/><\/a><br \/>\n^ Rettenbachjoch-Hang. Die Felsen, wo jetzt die Schneekanonen stehen, hat&#8217;s in den letzten 3 Jahren auch ordentlich rausgedr\u00fcckt&#8230;<\/p>\n<p>Hier der Vergleich vom 26.10.2005:<br \/>\n<a href='http:\/\/ski.inmontanis.info\/d\/6085-2\/10260017_G.jpg'><img src=http:\/\/ski.inmontanis.info\/d\/6087-2\/10260017_G.jpg \/><\/a><\/p>\n<p>Was sehen wir? Damals ging der Gletscher noch fast bis zur 8EUB &#8211; St\u00fctze, die Felsen, wo jetzt die Schneekanonen sind, sind noch gar nicht vorhanden und auch an der 4KSB-Trasse sah es damals noch recht anders aus&#8230;<\/p>\n<p><a href='http:\/\/ski.inmontanis.info\/d\/67226-1\/P1300713.JPG'><img src=http:\/\/ski.inmontanis.info\/d\/67227-3\/P1300713.JPG \/><\/a><br \/>\n^ Neues Logo. Schaut ja ganz nett aus, aber ich find&#8217;s etwas komisch, dass S\u00f6lden jetzt das am schlechtesten lesbare Element ist; der BBS-Schriftzug in diesem Fall erinnert eher an eine PB oder GUB .. irgendwie w\u00fcrde das besser zu einem Seilbahnhersteller passen ;-)<\/p>\n<p>(Und au\u00dferdem ist BBS die Abk\u00fcrzung von Bulletin Board System &#8211; na, wer kann sich noch an die DF\u00dc-Zeit der 80er und 90er erinnern? :-) )<\/p>\n<p><a href='http:\/\/ski.inmontanis.info\/d\/67230-1\/P1300714.JPG'><img src=http:\/\/ski.inmontanis.info\/d\/67231-3\/P1300714.JPG \/><\/a><br \/>\n^ Tiefenbachferner-Hang<\/p>\n<p><a href='http:\/\/ski.inmontanis.info\/d\/67234-1\/P1300715.JPG'><img src=http:\/\/ski.inmontanis.info\/d\/67235-3\/P1300715.JPG \/><\/a><br \/>\n^ Blick zur Abfahrt am SL Panorama<\/p>\n<p><a href='http:\/\/ski.inmontanis.info\/d\/67238-1\/P1300716.JPG'><img src=http:\/\/ski.inmontanis.info\/d\/67239-3\/P1300716.JPG \/><\/a><br \/>\n^ Oberer Hang an der Tiefenbach-8EUB, und bevor jemand fragt: Nein, der Himmel war nicht wirklich sooo dunkelbau<\/p>\n<p><a href='http:\/\/ski.inmontanis.info\/d\/67242-1\/P1300717.JPG'><img src=http:\/\/ski.inmontanis.info\/d\/67243-3\/P1300717.JPG \/><\/a><br \/>\n^ SL Panorama, mit M\u00fch und Not die Spur zusammengekratzt, mit ca. 32\u00b0 (ca. 65%) auch ordentlich steil hier.<\/p>\n<p><a href='http:\/\/ski.inmontanis.info\/d\/67246-1\/P1300718.JPG'><img src=http:\/\/ski.inmontanis.info\/d\/67247-3\/P1300718.JPG \/><\/a><br \/>\n^ SL Panorama, Talstation. Da habens wohl ein ordentliches Schneedepot gehabt&#8230;<\/p>\n<p><a href='http:\/\/ski.inmontanis.info\/d\/67250-1\/P1300719.JPG'><img src=http:\/\/ski.inmontanis.info\/d\/67251-3\/P1300719.JPG \/><\/a><br \/>\n^ SL Panorama, nette Spur oben &#8211; so um den Felsen rum &#8230;<\/p>\n<p><a href='http:\/\/ski.inmontanis.info\/d\/67254-1\/P1300722.JPG'><img src=http:\/\/ski.inmontanis.info\/d\/67255-3\/P1300722.JPG \/><\/a><br \/>\n^ Ahh, das ist der Teil der Abfahrt 36 an der 6KSB, die ge\u00f6ffnet ist&#8230;.<\/p>\n<p><a href='http:\/\/ski.inmontanis.info\/d\/67258-1\/P1300723.JPG'><img src=http:\/\/ski.inmontanis.info\/d\/67259-3\/P1300723.JPG \/><\/a><br \/>\n^ Tbf-Talbereich<\/p>\n<p><a href='http:\/\/ski.inmontanis.info\/d\/67262-1\/P1300725.JPG'><img src=http:\/\/ski.inmontanis.info\/d\/67263-3\/P1300725.JPG \/><\/a><br \/>\n^ .. der Rest der Abfahrt 36 war noch &#8230; sagen wir &#8230; etwas aper &#8230;<\/p>\n<p><a href='http:\/\/ski.inmontanis.info\/d\/67266-1\/P1300726.JPG'><img src=http:\/\/ski.inmontanis.info\/d\/67267-3\/P1300726.JPG \/><\/a><br \/>\n^ Ungewohnt f\u00fcr mich: Unter dem SL Seiterj\u00f6chl geht ja jetzt der neue Weg r\u00fcber&#8230;<\/p>\n<p><a href='http:\/\/ski.inmontanis.info\/d\/67270-1\/P1300733.JPG'><img src=http:\/\/ski.inmontanis.info\/d\/67271-3\/P1300733.JPG \/><\/a><br \/>\n^ SL Seiterj\u00f6chl. Hier waren die mit Abstand besten Schneeverh\u00e4ltnisse des heutigen Tages.<\/p>\n<p><a href='http:\/\/ski.inmontanis.info\/d\/67274-1\/P1300736.JPG'><img src=http:\/\/ski.inmontanis.info\/d\/67275-3\/P1300736.JPG \/><\/a><br \/>\n^ SL Karleskogl. Irgendwann wird der Lift im Pitztal landen ;-)<\/p>\n<p><a href='http:\/\/ski.inmontanis.info\/d\/67278-1\/P1300738.JPG'><img src=http:\/\/ski.inmontanis.info\/d\/67279-3\/P1300738.JPG \/><\/a><br \/>\n^ Schneedepot am Pitztalerj\u00f6chl-Parkplatz. In welche Stadt der heuer wohl verschickt wird?<\/p>\n<p><a href='http:\/\/ski.inmontanis.info\/d\/67282-1\/P1300739.JPG'><img src=http:\/\/ski.inmontanis.info\/d\/67283-3\/P1300739.JPG \/><\/a><br \/>\n^ Rettenbachjoch-Hang a.k.a. WC-Hang. Ging ganz gut zu fahren heut. Mittlerweile ja schwarz im Pistenplan eingezeichnet.<\/p>\n<p><a href='http:\/\/ski.inmontanis.info\/d\/67286-1\/P1300740.JPG'><img src=http:\/\/ski.inmontanis.info\/d\/67287-3\/P1300740.JPG \/><\/a><br \/>\n^ Neuer und alter Weg vom SL Seiterj\u00f6chl. Finde die Verlegung sehr positiv.<\/p>\n<p><a href='http:\/\/ski.inmontanis.info\/d\/67290-1\/P1300741.JPG'><img src=http:\/\/ski.inmontanis.info\/d\/67291-3\/P1300741.JPG \/><\/a><br \/>\n^ Talstation Rettenbachferner. Schneedepot sei dank&#8230;<\/p>\n<p><a href='http:\/\/ski.inmontanis.info\/d\/67294-1\/P1300742.JPG'><img src=http:\/\/ski.inmontanis.info\/d\/67295-3\/P1300742.JPG \/><\/a><br \/>\n^ Steilhang am Rettenbachferner, hier solls ja anscheinend heuer eine neue schwarze Abfahrt geben &#8211; einige Boarder haben   schon einige Spuren gemacht&#8230;<\/p>\n<p><a href='http:\/\/ski.inmontanis.info\/d\/67298-1\/P1300746.JPG'><img src=http:\/\/ski.inmontanis.info\/d\/67299-3\/P1300746.JPG \/><\/a><br \/>\n^ Vergleichsfoto Eisbruch Rettenbachjoch richtung Pitztal.<\/p>\n<p>11.11.2006:<br \/>\n<a href='http:\/\/ski.inmontanis.info\/d\/7325-2\/P1110716.jpg'><img src=http:\/\/ski.inmontanis.info\/d\/7327-2\/P1110716.jpg \/><\/a><br \/>\nZugegeben, nicht idente Position und auch kein sooo gro\u00dfer Unterschied..<\/p>\n<p><a href='http:\/\/ski.inmontanis.info\/d\/67302-1\/P1300754.JPG'><img src=http:\/\/ski.inmontanis.info\/d\/67303-3\/P1300754.JPG \/><\/a><br \/>\n^ Unterm SL Seiterj\u00f6chl<\/p>\n<p><a href='http:\/\/ski.inmontanis.info\/d\/67306-1\/P1300756.JPG'><img src=http:\/\/ski.inmontanis.info\/d\/67307-3\/P1300756.JPG \/><\/a><br \/>\n^ Abfahrt Schwarze Schneid &#8211; Seiterj\u00f6chl<\/p>\n<p><a href='http:\/\/ski.inmontanis.info\/d\/67310-1\/P1300758.JPG'><img src=http:\/\/ski.inmontanis.info\/d\/67311-3\/P1300758.JPG \/><\/a><br \/>\n^ SchwarzeSchneidBahn II<\/p>\n<p><a href='http:\/\/ski.inmontanis.info\/d\/67314-1\/P1300760.JPG'><img src=http:\/\/ski.inmontanis.info\/d\/67315-3\/P1300760.JPG \/><\/a><br \/>\n^ SchwarzeSchneidBahn II<\/p>\n<p><a href='http:\/\/ski.inmontanis.info\/d\/67318-1\/P1300761.JPG'><img src=http:\/\/ski.inmontanis.info\/d\/67319-3\/P1300761.JPG \/><\/a><br \/>\n^ SchwarzeSchneidBahn II<\/p>\n<p><a href='http:\/\/ski.inmontanis.info\/d\/67322-1\/P1300763.JPG'><img src=http:\/\/ski.inmontanis.info\/d\/67323-3\/P1300763.JPG \/><\/a><br \/>\n^ Rettenbachferner vom Parkplatz aus<\/p>\n<p>Und ein paar Fotos zum Pitztaler:<\/p>\n<p><a href='http:\/\/ski.inmontanis.info\/d\/67202-1\/P1300708.JPG'><img src=http:\/\/ski.inmontanis.info\/d\/67203-3\/P1300708.JPG \/><\/a><br \/>\n^ Pitztaler vom \u00d6tztaler aus<\/p>\n<p>26.10.2005:<br \/>\n<a href='http:\/\/ski.inmontanis.info\/d\/7986-2\/P1110563.jpg'><img src=http:\/\/ski.inmontanis.info\/d\/7988-2\/P1110563.jpg \/><\/a><br \/>\n(Doch ein ganz sch\u00f6n gewaltiger Unterschied, da am Felsriegel in der Mittelbergjoch-Abfahrt, oder?<\/p>\n<p><a href='http:\/\/ski.inmontanis.info\/d\/67214-1\/P1300749.JPG'><img src=http:\/\/ski.inmontanis.info\/d\/67215-3\/P1300749.JPG \/><\/a><br \/>\n^ Pitztaler vom \u00d6tztaler aus. Heftig, wie weit die Felsen an der ehemaligen direkten Mittelbergjoch-Abfahrt in den letzten 3 Jahren gewachsen sind<\/p>\n<p>11.11.2006:<br \/>\n<a href='http:\/\/ski.inmontanis.info\/d\/8034-2\/P1110722.jpg'><img src=http:\/\/ski.inmontanis.info\/d\/8036-2\/P1110722.jpg \/><\/a><\/p>\n<p><a href='http:\/\/ski.inmontanis.info\/d\/67206-1\/P1300710.JPG'><img src=http:\/\/ski.inmontanis.info\/d\/67207-3\/P1300710.JPG \/><\/a><br \/>\n^ Pitztaler vom \u00d6tztaler aus<\/p>\n<p><a href='http:\/\/ski.inmontanis.info\/d\/67210-1\/P1300712.JPG'><img src=http:\/\/ski.inmontanis.info\/d\/67211-3\/P1300712.JPG \/><\/a><br \/>\n^ Pitztaler vom \u00d6tztaler aus<\/p>\n<p><a href='http:\/\/ski.inmontanis.info\/d\/67218-1\/P1300750.JPG'><img src=http:\/\/ski.inmontanis.info\/d\/67219-3\/P1300750.JPG \/><\/a><br \/>\n^ Pitztaler vom \u00d6tztaler aus<\/p>\n","protected":false},"excerpt":{"rendered":"<p>Da ich das Wort &#8220;Opening&#8221; schon nicht mehr h\u00f6ren kann, gibt&#8217;s von mir heute einen Saisonabschluss: Den Abschluss meiner Sommer- und Gletschersaison. Die n\u00e4chsten Wochenenden werden mir zu voll auf den Gletschern, und in 2-4 Wochen wird schon irgendein Winterskigebiet aufmachen &#8230;<\/p>\n<p> <a href=\"http:\/\/blog.inmontanis.info\/?p=618\">[&#8230;]<\/a><\/p>\n","protected":false},"author":1,"featured_media":0,"comment_status":"open","ping_status":"closed","sticky":false,"template":"","format":"standard","meta":{"footnotes":""},"categories":[24,13,28,897],"tags":[49,56,53,47],"class_list":["post-618","post","type-post","status-publish","format-standard","hentry","category-tagestour","category-austria","category-skifahren-sommer","category-solden","tag-4sb","tag-6sb","tag-8eub","tag-sl","odd"],"_links":{"self":[{"href":"http:\/\/blog.inmontanis.info\/index.php?rest_route=\/wp\/v2\/posts\/618","targetHints":{"allow":["GET"]}}],"collection":[{"href":"http:\/\/blog.inmontanis.info\/index.php?rest_route=\/wp\/v2\/posts"}],"about":[{"href":"http:\/\/blog.inmontanis.info\/index.php?rest_route=\/wp\/v2\/types\/post"}],"author":[{"embeddable":true,"href":"http:\/\/blog.inmontanis.info\/index.php?rest_route=\/wp\/v2\/users\/1"}],"replies":[{"embeddable":true,"href":"http:\/\/blog.inmontanis.info\/index.php?rest_route=%2Fwp%2Fv2%2Fcomments&post=618"}],"version-history":[{"count":4,"href":"http:\/\/blog.inmontanis.info\/index.php?rest_route=\/wp\/v2\/posts\/618\/revisions"}],"predecessor-version":[{"id":622,"href":"http:\/\/blog.inmontanis.info\/index.php?rest_route=\/wp\/v2\/posts\/618\/revisions\/622"}],"wp:attachment":[{"href":"http:\/\/blog.inmontanis.info\/index.php?rest_route=%2Fwp%2Fv2%2Fmedia&parent=618"}],"wp:term":[{"taxonomy":"category","embeddable":true,"href":"http:\/\/blog.inmontanis.info\/index.php?rest_route=%2Fwp%2Fv2%2Fcategories&post=618"},{"taxonomy":"post_tag","embeddable":true,"href":"http:\/\/blog.inmontanis.info\/index.php?rest_route=%2Fwp%2Fv2%2Ftags&post=618"}],"curies":[{"name":"wp","href":"https:\/\/api.w.org\/{rel}","templated":true}]}}