{"id":6179,"date":"2020-05-15T07:07:43","date_gmt":"2020-05-15T05:07:43","guid":{"rendered":"http:\/\/blog.inmontanis.info\/?p=6179"},"modified":"2020-06-17T12:22:59","modified_gmt":"2020-06-17T10:22:59","slug":"freitag-15-5-2020","status":"publish","type":"post","link":"http:\/\/blog.inmontanis.info\/?p=6179","title":{"rendered":"Freitag, 15.5.2020"},"content":{"rendered":"<p><strong>Final Escape Sweden, 7.5.2020-23.5.2020<br \/>\nTag 9: FR, 15.5.2020 &#8211; Freitag<\/strong> (km 5.161, Diff. 743)<\/p>\n<p>Wetterm\u00e4\u00dfig h\u00e4tte ein Skitag in Riksgr\u00e4nsen nicht viel Sinn gemacht, also fuhr ich etwas die schwedisch-finnische Grenze ab, in der Hoffnung auf ein Gesch\u00e4ft, das ein paar finnische Sachen verkaufen w\u00fcrde &#8211; war aber nicht der Fall. Gab eh fast keine Gesch\u00e4fte, da ist die finnische Seite der Grenze viel besser zum Einkaufen geignet. Dort sind auch die Ortschaften gr\u00f6\u00dfer.<\/p>\n<p>Es gibt ja seit gestern Lockerungen beim Grenz\u00fcbertritt, aber einen triftigen Grund br\u00e4uchte man doch noch &#8211; und ob Einkaufen in meinem Fall einer gewesen w\u00e4re, blieb wohl fraglich, also probierte ich es nicht. Sollte die Grenze unbesetzt sein, k\u00f6nnte man irgendwo in Finnland in eine Polizeikontrolle geraten, was ggf. problematischer sein k\u00f6nnte.<\/p>\n<p>Die Fahrt war aber doch so lang und langweilig, dass ich keine Lust mehr hatte, den zus\u00e4tzlichen Umweg samt Skitour zum bzw. im Skigebiet Svanstein zu machen, so fuhr ich etwas direkter wieder zur\u00fcck nach Kiruna, wo ich mich dann noch entschied die Stra\u00dfe richtung Kebnekaise zu fahren, h\u00f6chster Berg in Schweden. Aber die Wolken- bzw. Nebeldecke hing wie bef\u00fcrchtet zu tief am Talende, so dass ich nicht viel vom Berg sah (wenn man den von hier aus \u00fcberhaupt sieht?!).<\/p>\n<p>Quasi den ganzen Tag \u00fcber waren auch die Stra\u00dfen sehr unruhig und schlecht, wie ich es normalerweise eher aus Norwegen kenne.<\/p>\n<p>Kurz: das Ganze war also ein ziemlich sinnloser Tag heute. Vielleicht w\u00e4re Abendskifahren in Kiruna sinnvoller gewesen.<\/p>\n<p>(Fotos anklicken zum Vergr\u00f6\u00dfern)<\/p>\n<p><a href='http:\/\/extra.inmontanis.info\/d\/58895-2\/scn2020h.jpg'><img src=http:\/\/extra.inmontanis.info\/d\/58894-3\/scn2020h.jpg \/><\/a><br \/>\n^  Gr\u00fcn in und um O herum: Fahrstrecke 15.5.2020 (743 km)<br \/>\nO: Kiruna<\/p>\n<p><a href='http:\/\/extra.inmontanis.info\/d\/59163-2\/DSC08860.jpg'><img src=http:\/\/extra.inmontanis.info\/d\/59162-3\/DSC08860.jpg \/><\/a><br \/>\n^ E45 \/ Vittangi \/ Torne \u00e4lv<\/p>\n<p><a href='http:\/\/extra.inmontanis.info\/d\/59167-2\/DSC08862.jpg'><img src=http:\/\/extra.inmontanis.info\/d\/59166-3\/DSC08862.jpg \/><\/a><br \/>\n^ E45 \/ Kuormakka<\/p>\n<p><a href='http:\/\/extra.inmontanis.info\/d\/59171-2\/DSC08868.jpg'><img src=http:\/\/extra.inmontanis.info\/d\/59170-3\/DSC08868.jpg \/><\/a><br \/>\n^ Naturstra\u00dfenvariante BD880<\/p>\n<p><a href='http:\/\/extra.inmontanis.info\/d\/59175-2\/DSC08869.jpg'><img src=http:\/\/extra.inmontanis.info\/d\/59174-3\/DSC08869.jpg \/><\/a><br \/>\n^ 403 \/ Pajala \/ Torne \u00e4lv<\/p>\n<p><a href='http:\/\/extra.inmontanis.info\/d\/59179-2\/DSC08871.jpg'><img src=http:\/\/extra.inmontanis.info\/d\/59178-3\/DSC08871.jpg \/><\/a><br \/>\n^ 403 \/ Pajala \/ Torne \u00e4lv<\/p>\n<p><a href='http:\/\/extra.inmontanis.info\/d\/59183-2\/DSC08883.jpg'><img src=http:\/\/extra.inmontanis.info\/d\/59182-3\/DSC08883.jpg \/><\/a><br \/>\n^ Kiruna-Nikkaluokta<\/p>\n<p><a href='http:\/\/extra.inmontanis.info\/d\/59187-2\/DSC08885.jpg'><img src=http:\/\/extra.inmontanis.info\/d\/59186-3\/DSC08885.jpg \/><\/a><br \/>\n^ Kiruna-Nikkaluokta<\/p>\n<p><a href='http:\/\/extra.inmontanis.info\/d\/59191-2\/DSC08888.jpg'><img src=http:\/\/extra.inmontanis.info\/d\/59190-3\/DSC08888.jpg \/><\/a><br \/>\n^ Nikkaluokta<\/p>\n<p><a href='http:\/\/extra.inmontanis.info\/d\/59195-2\/DSC08889.jpg'><img src=http:\/\/extra.inmontanis.info\/d\/59194-3\/DSC08889.jpg \/><\/a><br \/>\n^ Nikkaluokta<\/p>\n<p><a href='http:\/\/extra.inmontanis.info\/d\/59199-2\/DSC08891.jpg'><img src=http:\/\/extra.inmontanis.info\/d\/59198-3\/DSC08891.jpg \/><\/a><br \/>\n^ Nikkaluokta<\/p>\n<p><a href='http:\/\/extra.inmontanis.info\/d\/59203-2\/DSC08892.jpg'><img src=http:\/\/extra.inmontanis.info\/d\/59202-3\/DSC08892.jpg \/><\/a><br \/>\n^ Parkplatz und Information<\/p>\n<p><a href='http:\/\/extra.inmontanis.info\/d\/59207-2\/DSC08894.jpg'><img src=http:\/\/extra.inmontanis.info\/d\/59206-3\/DSC08894.jpg \/><\/a><br \/>\n^ .. es gibt hier Bootsfahrten ..<\/p>\n<p><a href='http:\/\/extra.inmontanis.info\/d\/59211-2\/DSC08895.jpg'><img src=http:\/\/extra.inmontanis.info\/d\/59210-3\/DSC08895.jpg \/><\/a><br \/>\n^ .. Heli-Transporte ..<\/p>\n<p><a href='http:\/\/extra.inmontanis.info\/d\/59215-2\/DSC08896.jpg'><img src=http:\/\/extra.inmontanis.info\/d\/59214-3\/DSC08896.jpg \/><\/a><br \/>\n^ .. und Heli-Rundfl\u00fcge<\/p>\n<p><a href='http:\/\/extra.inmontanis.info\/d\/59219-2\/DSC08898.jpg'><img src=http:\/\/extra.inmontanis.info\/d\/59218-3\/DSC08898.jpg \/><\/a><br \/>\n^ Infotafeln<\/p>\n<p><a href='http:\/\/extra.inmontanis.info\/d\/59223-2\/DSC08904.jpg'><img src=http:\/\/extra.inmontanis.info\/d\/59222-3\/DSC08904.jpg \/><\/a><br \/>\n^ Helikopterbasis<\/p>\n<p><a href='http:\/\/extra.inmontanis.info\/d\/59227-2\/DSC08909.jpg'><img src=http:\/\/extra.inmontanis.info\/d\/59226-3\/DSC08909.jpg \/><\/a><br \/>\n^ Die Gipfel blieben leider in der Wolken-\/Nebeldecke<\/p>\n<p><a href='http:\/\/extra.inmontanis.info\/d\/59231-2\/DSC08920.jpg'><img src=http:\/\/extra.inmontanis.info\/d\/59230-3\/DSC08920.jpg \/><\/a><\/p>\n<p>Der Frasses hat momentan wegen Covid nur verk\u00fcrzt offen hier in Kiruna, am WE noch k\u00fcrzer, so dass ich SA+SO leider auch nicht zum Frasses kommen werde &#8211; da h\u00e4tte ich vielleicht besser heute vor Kebnekaise nochmal einen Laxburger gegessen. So entschied ich mich f\u00fcr einen Double-BBQ-Burger von der Circle-K-Tankstelle. Mittlerweile haben ja auch die Tankstellen in Schweden nicht nur verschiedene Hotdogs, sondern manchmal auch Hamburger. Wenn auch beides in Norwegen noch einen Tick besser ist und es noch mehr Auswahl gibt. Zudem sind die Speck-K\u00e4se-W\u00fcrste in Schweden keine &#8220;Berner W\u00fcrstl&#8221; wie in Norwegen, sondern beides ist in die Wurst eingearbeitet und so der Speck nicht wirklich schmeckbar. Daf\u00fcr gibts hin und wieder Speckw\u00fcrstl, also quasi wie die Berner im Speckmantel, aber ohne K\u00e4se drin. War mir dann lieber. Irgendwo gabs auch mal ein Elchw\u00fcrstel, hab ich aber zu sp\u00e4t gesehen.<\/p>\n<p><a href='http:\/\/extra.inmontanis.info\/d\/59235-2\/IMG_20200515_200446.jpg'><img src=http:\/\/extra.inmontanis.info\/d\/59234-3\/IMG_20200515_200446.jpg \/><\/a><br \/>\n^ BBQ-Burger von der Circle-K-Tankstelle<\/p>\n<p>Da es morgen Vormittag noch nicht ganz so sonnig in Riksgr\u00e4nsen werden soll, \u00fcberlegte ich mir, doch erst um 8 Uhr zu fahren und dann das Fr\u00fchst\u00fcck vom Hotel hier mitzunehmen, ggf. ist auch fr\u00fcher schon M\u00fcsli &#038; Co dort.<\/p>\n<p>Die Wettervorhersagen bleiben aber gut f\u00fcr SA+SO und so buchte ich dieses g\u00fcnstige Zimmer hier gleich nochmal f\u00fcr 2 N\u00e4chte. Schlie\u00dflich komm ich am Sonntag Abend nach dem Skifahren auch nicht mehr so wirklich weit.<\/p>\n<p>Am n\u00e4chsten Morgen waren die Vorhersagen zwar nicht mehr so sonnig &#8211; eh klar, einmal wenn ich mal f\u00fcr 2 Tage plane. Was nun, lieber einen etwas g\u00fcnstigeren 2-Tages-Skipass online kaufen oder doch nur 1 Tag und ggf. f\u00fcr Sonntag nochmal extra? Vorsichtshalber eher letzteres, falls die n\u00e4chste Schlechtwetterfront am Sonntag fr\u00fcher kommt.<\/p>\n<p>Kurzer und eher uninteressanter Zusammenschnitt Dashcamvideo von heute:<br \/>\n<object style=\"height: 500px; width: 900px\"><param name=\"movie\" value=\"http:\/\/www.youtube.com\/v\/PtwXl-zhe88\"><\/param><param name=\"wmode\" value=\"transparent\"><\/param><embed src=\"http:\/\/www.youtube.com\/v\/PtwXl-zhe88\" type=\"application\/x-shockwave-flash\" wmode=\"transparent\"  width=\"900\" height=\"480\"><\/embed><\/object><\/p>\n<p>(Fortsetzung folgt.)<\/p>\n","protected":false},"excerpt":{"rendered":"<p>Final Escape Sweden, 7.5.2020-23.5.2020 Tag 9: FR, 15.5.2020 &#8211; Freitag (km 5.161, Diff. 743)<\/p>\n<p>Wetterm\u00e4\u00dfig h\u00e4tte ein Skitag in Riksgr\u00e4nsen nicht viel Sinn gemacht, also fuhr ich etwas die schwedisch-finnische Grenze ab, in der Hoffnung auf ein Gesch\u00e4ft, das ein paar finnische Sachen verkaufen w\u00fcrde &#8211; war aber nicht der Fall. Gab eh fast keine <a href=\"http:\/\/blog.inmontanis.info\/?p=6179\">[&#8230;]<\/a><\/p>\n","protected":false},"author":1,"featured_media":0,"comment_status":"closed","ping_status":"closed","sticky":false,"template":"","format":"standard","meta":{"footnotes":""},"categories":[183,19],"tags":[],"class_list":["post-6179","post","type-post","status-publish","format-standard","hentry","category-2020-05-schweden","category-schwedensweden","odd"],"_links":{"self":[{"href":"http:\/\/blog.inmontanis.info\/index.php?rest_route=\/wp\/v2\/posts\/6179","targetHints":{"allow":["GET"]}}],"collection":[{"href":"http:\/\/blog.inmontanis.info\/index.php?rest_route=\/wp\/v2\/posts"}],"about":[{"href":"http:\/\/blog.inmontanis.info\/index.php?rest_route=\/wp\/v2\/types\/post"}],"author":[{"embeddable":true,"href":"http:\/\/blog.inmontanis.info\/index.php?rest_route=\/wp\/v2\/users\/1"}],"replies":[{"embeddable":true,"href":"http:\/\/blog.inmontanis.info\/index.php?rest_route=%2Fwp%2Fv2%2Fcomments&post=6179"}],"version-history":[{"count":5,"href":"http:\/\/blog.inmontanis.info\/index.php?rest_route=\/wp\/v2\/posts\/6179\/revisions"}],"predecessor-version":[{"id":6185,"href":"http:\/\/blog.inmontanis.info\/index.php?rest_route=\/wp\/v2\/posts\/6179\/revisions\/6185"}],"wp:attachment":[{"href":"http:\/\/blog.inmontanis.info\/index.php?rest_route=%2Fwp%2Fv2%2Fmedia&parent=6179"}],"wp:term":[{"taxonomy":"category","embeddable":true,"href":"http:\/\/blog.inmontanis.info\/index.php?rest_route=%2Fwp%2Fv2%2Fcategories&post=6179"},{"taxonomy":"post_tag","embeddable":true,"href":"http:\/\/blog.inmontanis.info\/index.php?rest_route=%2Fwp%2Fv2%2Ftags&post=6179"}],"curies":[{"name":"wp","href":"https:\/\/api.w.org\/{rel}","templated":true}]}}