{"id":6173,"date":"2020-06-14T18:24:47","date_gmt":"2020-06-14T16:24:47","guid":{"rendered":"http:\/\/blog.inmontanis.info\/?p=6173"},"modified":"2023-07-01T20:57:36","modified_gmt":"2023-07-01T18:57:36","slug":"hintertuxer-gletscher-13-14-6-2020","status":"publish","type":"post","link":"http:\/\/blog.inmontanis.info\/?p=6173","title":{"rendered":"Hintertuxer Gletscher, 13.+14.6.2020"},"content":{"rendered":"<p><strong>Sa, 13.6.2020<\/strong><\/p>\n<p>Etwas sp\u00e4ter als sonst war ich erst um kurz vor 10 Uhr in der Tiefgarage und hatte vorsichtshalber die kurzen V\u00f6lkl Racecarver dabei, weil sie noch frisch vom Service vom Stubaier letzten Herbst waren (den Winter \u00fcber nicht gefahren) und ich eher Pappschnee erwartet hatte. Oben war es vormittags aber doch h\u00e4rter und toll sommerlich &#8211; hart mit etwas Firnsulzschicht dr\u00fcber und nicht hoch aufgefahren. Da h\u00e4tte ich mir die langen Carpani gew\u00fcnscht, aber als ich um 11 Uhr mal zum TFH fuhr, pappte es aber schon leicht, ab da gingen die kurzen sicherlich besser.<\/p>\n<p>Als ich danach zum Olperer-SL fuhr, war der Liftw\u00e4rter ausnahmsweise als B\u00fcgelgeber im Einsatz, worauf ich freundlich meinte, dass ich mir den B\u00fcgel ja auch selbst holen k\u00f6nnte &#8211; worauf er meinte, dass ich doch Stammg\u00e4st w\u00e4re :) Die n\u00e4chsten Fahrten ruhte er sich dann aber tats\u00e4chlich bei mir aus.<\/p>\n<p>Pisten waren mittlerweile schon etwas stockender am Olperer, ich blieb aber f\u00fcr ein paar Abfahrten. Sp\u00e4ter fragte ich ihn noch, was es f\u00fcr ein Problem am rechten Schlepper g\u00e4be, worauf er antwortete, dass das Seil ger\u00f6ntgt werden m\u00fcsse, was an allen Liften j\u00e4hrlich gemacht werden muss, um eventuelle Bruchstellen zu finden. Meine Bemerkung, dass ich mich nicht erinnern k\u00f6nnte, das schon mal erlebt zu haben, wurde so begr\u00fcndet, dass das normalerweise bei schlechtem Wetter gemacht werden w\u00fcrde &#8211; wenn ich nicht da sei :) Tja, schon etwas schlechtes Timing, das an diesem verl\u00e4ngerten WE zu machen &#8230; <\/p>\n<p>Daf\u00fcr waren beide GW-SL in Betrieb, was in den letzten Jahren im Sommer leider immer seltener n\u00f6tig ist. Der linke GW-SL wurde dann leider schon um 12 Uhr eingestellt, danach gab es am rechten SL immer mal wieder einige Wartezeiten, so dass ich nochmals Olperer r\u00fcber bin. Ab 13 Uhr  war die Sonne weg, der Schnee so gut wie \u00fcberall recht pappig, also fuhr ich um 13:20 mit dem GB2 wieder talw\u00e4rts. In Summe trotzdem ein toll-typischer Sommerskitag. W\u00fcrde es morgen nicht wieder schlechter werden, g\u00e4be es wohl in ca. 2 Tagen tollen Firn offpiste, auf der Fahrt zu meiner \u00fcblichen Pinkelstelle f\u00fchlte sich der Schnee n\u00e4mlich schon recht gut an.<\/p>\n<p><a href='http:\/\/ski.inmontanis.info\/d\/279571-2\/DSC00412.jpg'><img src=http:\/\/ski.inmontanis.info\/d\/279570-3\/DSC00412.jpg \/><\/a><br \/>\n^ Um 10:54 beide GW-SL in Betrieb, voll (ohne gr\u00f6\u00dfere Wartezeiten) und ein voller Trainingshang, so geht Sommerski!<\/p>\n<p><a href='http:\/\/ski.inmontanis.info\/d\/279575-2\/DSC00416.jpg'><img src=http:\/\/ski.inmontanis.info\/d\/279574-3\/DSC00416.jpg \/><\/a><br \/>\n^ Abfahrtsspur auf der oberen GB3-Trasse, Schnee sah bei seiner Abfahrt gut aus (kompakt+firnig). Der muss wohl \u00fcber den Gipfel gekommen sein, in der rechten Rinne scheint eine Abstiegsspur zu sein. Kann mich nicht erinnern, da im Sommerhalbjahr mal einen runterfahren gesehen zu haben.<\/p>\n<p><a href='http:\/\/ski.inmontanis.info\/d\/279579-2\/DSC00419.jpg'><img src=http:\/\/ski.inmontanis.info\/d\/279578-3\/DSC00419.jpg \/><\/a><br \/>\n^ Olperer um 11:30 ohne Wartezeiten, aber mit bremsenden Schnee. Auch am Gletscherbruch-Hang gab es viele Offpistespuren. Da bin ich auch noch nie gefahren, vermutlich weil sich das Gletscherbruchbild mit den breiten Spalten zu sehr in mein Hirn eingebrannt hat.<\/p>\n<p><a href='http:\/\/ski.inmontanis.info\/d\/279583-2\/DSC00421.jpg'><img src=http:\/\/ski.inmontanis.info\/d\/279582-3\/DSC00421.jpg \/><\/a><br \/>\n^ Olperer -> GW<\/p>\n<p><a href='http:\/\/ski.inmontanis.info\/d\/279587-2\/DSC00422.jpg'><img src=http:\/\/ski.inmontanis.info\/d\/279586-3\/DSC00422.jpg \/><\/a><br \/>\n^ Der Seillift lief ebenfalls, aber um 12:10 war die Piste schon etwas zu bremsend um da Schw\u00fcnge zu machen. Daher nur eine Fahrt gemacht.<\/p>\n<p><a href='http:\/\/ski.inmontanis.info\/d\/279591-2\/DSC00424.jpg'><img src=http:\/\/ski.inmontanis.info\/d\/279590-3\/DSC00424.jpg \/><\/a><br \/>\n^ Nochmals gingen 3, aber ohne Ski, auf die Gefrorene Wandspitze. Mit Skiern und dann r\u00fcckseitig ab h\u00e4tte ichs ja noch verstehen k\u00f6nnen, aber warum man jetzt bei dem Wolkenhimmel noch da rauf muss, war mir nicht klar &#8211; zudem schienen sie nicht angeseilt zu sein .. das zus\u00e4tzliche Risiko, hier t\u00f6dlich zu verungl\u00fccken, w\u00e4re mir den Aufstieg heute nicht wert.<\/p>\n<p><strong>So, 14.6.2020<\/strong><\/p>\n<p>Letztes WE schrieb ich:<\/p>\n<blockquote><p>Mittlerweile hat auch McD in \u00d6sterreich wieder alle Produkte im Angebot, aber leider hat man zumindest beim Fr\u00fchst\u00fcck einiges aus dem Programm genommen. Wenigstens blieben wohl die Pancakes und auch die Sirup-Sauce daf\u00fcr, was auf einem McMuffin Beef oder McToast auch nette Akzente bringt.<\/p><\/blockquote>\n<p>.. das wollte ich heute probieren, Pancakes mit Sirup und 2 Hamburger ohne Gurke\/Zwiebel\/Sauce, aber zumindest der McD im Zillertal hat keinen Sirup :( Ich nahm dann Nutella und kein Fleisch dazu, aber die Portion Nutella ist einerseits zu wenig f\u00fcr 2 Pancakes und andererseits geh\u00f6rt zu Pancakes einfach (Ahorn-) Sirup. Schade.<\/p>\n<p>Gegen 9:30 kam ich an der zu gestern wesentlich leereren Tiefgarage an, denn heute war Regen+Schnee gemeldet, vormittags allerdings nicht zu stark und eventuell in H\u00f6he der SL in Schneeform, weshalb ich es probieren wollte.<\/p>\n<p>Dass sich der Besuch heute gelohnt hatte, war bereits an der Sommerbergalm klar, denn statt GB1+GB2 waren zumindest zur aktuellen Uhrzeit 8EUB + 4EUB in Betrieb, meine erste Fahrt mit der 4EUB in dieser Hintertux-Saison, wo ich schon bef\u00fcrchtete, ich m\u00fcsse bis Herbst warten :) (Talw\u00e4rts nach Mittag fuhr aber leider doch wieder der GB2.)<\/p>\n<p>Am TFH nieselte es nur leicht, oben war der Eisregen\/Graupel\/Schneeregen mal mehr mal weniger stark. Der Schnee auf den Pisten war im oberen Stock vormittags generell recht nett zu fahren, runter zum TFH nicht schmierig genug, so blieb ich lieber oben im Nassen. Sicht war auch gar nicht so \u00fcbel, jedenfalls hatte ich in dieser Saison schon dichteren Nebel.<\/p>\n<p>Im Laufe des Vormittags erkannte mich noch &#8220;GIFWilli59&#8221; aus dem Alpinforum, so dass wir einige Zeit zusammmen fuhren<br \/>\nund ich somit etwas l\u00e4nger blieb als gedacht, bis 13h, obwohl meine Jeans im Unterhosenbereich vorne mittlerweile pitschnass war, die Sommerski\u00fcberhose hielt nicht dicht &#8211; aber auch unter der Jacke war&#8217;s an einigen Stellen nass.<\/p>\n<p>Einmal sah ich einen Skitourengeher an der linken Olpererabfahrt raufgehen &#8211; muss auch ungemein Spa\u00df machen, eine Skitour bei Schneeregen und Nebel in einem Skigebiet zu machen .. <\/p>\n<p>Leider wird f\u00fcr die n\u00e4chsten 9 Tage weiterhin Schnee+Regen gemeldet, so dass ich wohl auch n\u00e4chstes WE nicht die ZwiDeGo-Varianten fahren werde.<\/p>\n<p>(Wetterbedingt keine Fotos)<\/p>\n","protected":false},"excerpt":{"rendered":"<p>Sa, 13.6.2020<\/p>\n<p>Etwas sp\u00e4ter als sonst war ich erst um kurz vor 10 Uhr in der Tiefgarage und hatte vorsichtshalber die kurzen V\u00f6lkl Racecarver dabei, weil sie noch frisch vom Service vom Stubaier letzten Herbst waren (den Winter \u00fcber nicht gefahren) und ich eher Pappschnee erwartet hatte. Oben war es vormittags aber doch h\u00e4rter und <a href=\"http:\/\/blog.inmontanis.info\/?p=6173\">[&#8230;]<\/a><\/p>\n","protected":false},"author":1,"featured_media":0,"comment_status":"closed","ping_status":"closed","sticky":false,"template":"","format":"standard","meta":{"footnotes":""},"categories":[246,25,13,28],"tags":[47],"class_list":["post-6173","post","type-post","status-publish","format-standard","hentry","category-hintertux","category-noreport","category-austria","category-skifahren-sommer","tag-sl","odd"],"_links":{"self":[{"href":"http:\/\/blog.inmontanis.info\/index.php?rest_route=\/wp\/v2\/posts\/6173","targetHints":{"allow":["GET"]}}],"collection":[{"href":"http:\/\/blog.inmontanis.info\/index.php?rest_route=\/wp\/v2\/posts"}],"about":[{"href":"http:\/\/blog.inmontanis.info\/index.php?rest_route=\/wp\/v2\/types\/post"}],"author":[{"embeddable":true,"href":"http:\/\/blog.inmontanis.info\/index.php?rest_route=\/wp\/v2\/users\/1"}],"replies":[{"embeddable":true,"href":"http:\/\/blog.inmontanis.info\/index.php?rest_route=%2Fwp%2Fv2%2Fcomments&post=6173"}],"version-history":[{"count":4,"href":"http:\/\/blog.inmontanis.info\/index.php?rest_route=\/wp\/v2\/posts\/6173\/revisions"}],"predecessor-version":[{"id":6178,"href":"http:\/\/blog.inmontanis.info\/index.php?rest_route=\/wp\/v2\/posts\/6173\/revisions\/6178"}],"wp:attachment":[{"href":"http:\/\/blog.inmontanis.info\/index.php?rest_route=%2Fwp%2Fv2%2Fmedia&parent=6173"}],"wp:term":[{"taxonomy":"category","embeddable":true,"href":"http:\/\/blog.inmontanis.info\/index.php?rest_route=%2Fwp%2Fv2%2Fcategories&post=6173"},{"taxonomy":"post_tag","embeddable":true,"href":"http:\/\/blog.inmontanis.info\/index.php?rest_route=%2Fwp%2Fv2%2Ftags&post=6173"}],"curies":[{"name":"wp","href":"https:\/\/api.w.org\/{rel}","templated":true}]}}