{"id":6161,"date":"2020-06-06T18:27:03","date_gmt":"2020-06-06T16:27:03","guid":{"rendered":"http:\/\/blog.inmontanis.info\/?p=6161"},"modified":"2023-08-08T11:44:59","modified_gmt":"2023-08-08T09:44:59","slug":"hintertuxer-gletscher-6-6-2020","status":"publish","type":"post","link":"http:\/\/blog.inmontanis.info\/?p=6161","title":{"rendered":"Hintertuxer Gletscher, 6.6.2020"},"content":{"rendered":"<p><strong>Sa, 6.6.2020<\/strong><\/p>\n<p>Um 4:30 Uhr stand ich auf, weil ich heute eigentlich zum Kaunertaler wollte, nachdem dort (vom gestrigen Standpunkt) sonniger gemeldet wurde als am Hintertuxer und weil es dort das letzte WE ist und ich ja die neue Seilbahn noch nicht kenne. Schlussendlich schien es mir um 5 Uhr aber doch nicht mehr sooo sonnig zu werden, als dass ich dort hin fahren wollte, zumal es durch die jetzt offenen Grenzen eventuell so voll wie letztes WE werden w\u00fcrde, weil eben letztes WE und neben TSC und RegioCard auch die Allg\u00e4uer GletscherCard noch galt und auch besonders die beiden SL wegen Park und Renntraining voll sein k\u00f6nnten..<\/p>\n<p>.. also schrieb ich einen Berichtstag vom Schwedenurlaub fertig und fuhr nach 7 Uhr zum Hintertuxer, wo es wohl nur abseits des Sommerskigebiets sonnig werden w\u00fcrde, aber mit Saisonkarte ist das ja etwas egaler.<\/p>\n<p>Auf dem Weg hielt ich, wie h\u00e4ufig, am McDonalds am Eingang des Zillertals f\u00fcr einen McMuffin Bacon&#038;Egg. Mittlerweile hat auch McD in \u00d6sterreich wieder alle Produkte im Angebot, aber leider hat man zumindest beim Fr\u00fchst\u00fcck einiges aus dem Programm genommen: den dicken Fr\u00fchst\u00fccks-Burger, wie auch immer er hie\u00df, sowie das\/den\/die R\u00f6sti, wodurch man so ein McMuffin immer aufwerten konnte. Wenigstens blieben wohl die Pancakes und auch die Sirup-Sauce daf\u00fcr, was auf einem McMuffin Beef oder McToast auch nette Akzente bringt. Wobei genauer gesagt der McToast Bacon nur mit R\u00f6sti und Sirupsauce gut geschmeckt hat ;)<\/p>\n<p>Der Kaserer war morgens bei der Auffahrt recht sonnig, die GW verh\u00fcllt, also die nicht un\u00fcbliche Wetter-Zweiteiliung, die es leider letztes WE nicht gab, als am Kaserer noch offen war.<\/p>\n<p>Dass es vormittags an der GW weicher ist als am Olperer, ist auch sehr selten. Vielleicht weniger Wind und weniger n\u00e4chtliche Aufklarung? Oder mehr Schnee am Olperer? Jedenfalls waren die Pisten am O-SL eher winterlich und mit wei\u00dfem Neuschnee bedeckt, w\u00e4hrend am GW-Hang eine leichte nasse, sandige Firnschicht auf recht harter Unterlage war, was mir im Laufe des Tages nat\u00fcrlich mehr zugesagt hat.<\/p>\n<p>Generell wehte ein kalter, st\u00fcrmischer Wind und O-seitig sah man mehr von der Piste, ich fuhr aufgrund des kalten Winds und der Sicht ab und zu zum GB3 ab, aber ab 11h war es schon ziemlich zu vergessen, durch den Neuschnee tief aufgefahren. Sp\u00e4ter im flachen Mittelteil unter der DSB auch etwas pappig. Nach Mittag wurde die Sicht auch an der GW etwas besser, so dass ich (immerhin, aber auch nur) bis SL-Einstellung um 13:30 blieb.<\/p>\n<p><a href='http:\/\/ski.inmontanis.info\/d\/279251-2\/DSC00384.jpg'><img src=http:\/\/ski.inmontanis.info\/d\/279250-3\/DSC00384.jpg \/><\/a><br \/>\n^ Nich un\u00fcblich am Tuxer: Sonne an der Sommerbergalm, Wolken und somit &#8220;Nebelfahren&#8221; am Gipfel.<\/p>\n<p><a href='http:\/\/ski.inmontanis.info\/d\/279255-2\/DSC00387.jpg'><img src=http:\/\/ski.inmontanis.info\/d\/279254-3\/DSC00387.jpg \/><\/a><br \/>\n^ Depots am TFH<\/p>\n<p>Beim Versuch, einmal am Olperer-SL die Trasse zu queren, hatte ich einen kaum d\u00e4mlicher sein k\u00f6nnenden Bauchklatscher hingelegt, inkl. Skibrille unter Schnee. Aber immerhin diesmal keine Rippenprellung :) <\/p>\n<p><a href='http:\/\/ski.inmontanis.info\/d\/279259-2\/DSC00389.jpg'><img src=http:\/\/ski.inmontanis.info\/d\/279258-3\/DSC00389.jpg \/><\/a><br \/>\n^ Offpiste gab es nervigen Bruchharsch<\/p>\n<p><a href='http:\/\/ski.inmontanis.info\/d\/279263-2\/DSC00391.jpg'><img src=http:\/\/ski.inmontanis.info\/d\/279262-3\/DSC00391.jpg \/><\/a><br \/>\n^ Zufahrt zum GB3 wird wohl noch etliche Wochen halten<\/p>\n<p>\u00dcbrigens: Ob die DSB diesen Sommer in Betrieb genommen wird oder nicht, ist lt. Liftw\u00e4rter noch nicht fix entschieden, der Teil der Matten m\u00fcsste dann entsprechend entfernt werden. Aktuell ist aber eh noch Revision an der DSB.<\/p>\n<p>Da die Wettervorhersagen f\u00fcr den morgigen Sonntag Schneefall melden, werde ich aussetzen und hoffen, dass der Feiertag am Donnerstag etwas besser wird.<\/p>\n","protected":false},"excerpt":{"rendered":"<p>Sa, 6.6.2020<\/p>\n<p>Um 4:30 Uhr stand ich auf, weil ich heute eigentlich zum Kaunertaler wollte, nachdem dort (vom gestrigen Standpunkt) sonniger gemeldet wurde als am Hintertuxer und weil es dort das letzte WE ist und ich ja die neue Seilbahn noch nicht kenne. Schlussendlich schien es mir um 5 Uhr aber doch nicht mehr sooo <a href=\"http:\/\/blog.inmontanis.info\/?p=6161\">[&#8230;]<\/a><\/p>\n","protected":false},"author":1,"featured_media":0,"comment_status":"closed","ping_status":"closed","sticky":false,"template":"","format":"standard","meta":{"footnotes":""},"categories":[246,25,13,28],"tags":[],"class_list":["post-6161","post","type-post","status-publish","format-standard","hentry","category-hintertux","category-noreport","category-austria","category-skifahren-sommer","odd"],"_links":{"self":[{"href":"http:\/\/blog.inmontanis.info\/index.php?rest_route=\/wp\/v2\/posts\/6161","targetHints":{"allow":["GET"]}}],"collection":[{"href":"http:\/\/blog.inmontanis.info\/index.php?rest_route=\/wp\/v2\/posts"}],"about":[{"href":"http:\/\/blog.inmontanis.info\/index.php?rest_route=\/wp\/v2\/types\/post"}],"author":[{"embeddable":true,"href":"http:\/\/blog.inmontanis.info\/index.php?rest_route=\/wp\/v2\/users\/1"}],"replies":[{"embeddable":true,"href":"http:\/\/blog.inmontanis.info\/index.php?rest_route=%2Fwp%2Fv2%2Fcomments&post=6161"}],"version-history":[{"count":5,"href":"http:\/\/blog.inmontanis.info\/index.php?rest_route=\/wp\/v2\/posts\/6161\/revisions"}],"predecessor-version":[{"id":9331,"href":"http:\/\/blog.inmontanis.info\/index.php?rest_route=\/wp\/v2\/posts\/6161\/revisions\/9331"}],"wp:attachment":[{"href":"http:\/\/blog.inmontanis.info\/index.php?rest_route=%2Fwp%2Fv2%2Fmedia&parent=6161"}],"wp:term":[{"taxonomy":"category","embeddable":true,"href":"http:\/\/blog.inmontanis.info\/index.php?rest_route=%2Fwp%2Fv2%2Fcategories&post=6161"},{"taxonomy":"post_tag","embeddable":true,"href":"http:\/\/blog.inmontanis.info\/index.php?rest_route=%2Fwp%2Fv2%2Ftags&post=6161"}],"curies":[{"name":"wp","href":"https:\/\/api.w.org\/{rel}","templated":true}]}}