{"id":6150,"date":"2020-05-12T20:56:49","date_gmt":"2020-05-12T18:56:49","guid":{"rendered":"http:\/\/blog.inmontanis.info\/?p=6150"},"modified":"2023-08-05T12:49:43","modified_gmt":"2023-08-05T10:49:43","slug":"kanis-skitour-lulea12-5-2020","status":"publish","type":"post","link":"http:\/\/blog.inmontanis.info\/?p=6150","title":{"rendered":"Kanis (Skitour) &#038; Lule\u00e5,12.5.2020"},"content":{"rendered":"<p><strong>Final Escape Sweden, 7.5.2020-23.5.2020<br \/>\nTag 6: DI, 12.5.2020 &#8211; Kanis (Skitour) &#038; Lule\u00e5<\/strong> (km 3.738, Diff. 343)<\/p>\n<p>Da es wetterberichtsm\u00e4\u00dfig erst ab morgen sinnvoll sein w\u00fcrde, in Kiruna bzw. Riksgr\u00e4nsen zu sein, musste ich noch etwas Zeit tot schlagen. In der Gegend um Lule\u00e5 gab es einige g\u00fcnstigere Hotelzimmer um 50-70 \u20ac, daher wollte ich heute dort \u00fcbernachten.<\/p>\n<p>Auf dem Weg dorthin kam ich am Skigebiet Kanis bei \u00c4lvsbyn vorbei. Dort war ich mir nicht mehr so sicher, ob ich da heute raufgehen wollte &#8211; es schneite auf der Fahrt immer mal wieder kurz, richtung S\u00fcden sah das Wetter \u00e4hnlich aus, Sonne w\u00e4re wohl nicht zu erwarten. Andererseits sollte am Meer (z.B. am Skigebiet M\u00e5ttsundsbacken) das Wetter heute Nachmittag\/Abend auch nicht besser sein.<\/p>\n<p>Das Wetter hielt die kurze Zeit und die Abfahrt war firnig-sulzig und ging toll zu fahren, bei offenem Lift h\u00e4tt ich&#8217;s auch hier wieder die eine oder andere Stunde ausgehalten.<\/p>\n<p>(Fotos anklicken zum Vergr\u00f6\u00dfern)<\/p>\n<p><a href='http:\/\/extra.inmontanis.info\/d\/58895-2\/scn2020h.jpg'><img src=http:\/\/extra.inmontanis.info\/d\/58894-3\/scn2020h.jpg \/><\/a><br \/>\n^  Wei\u00df von I Arjeplog bis kurz nach K: Fahrstrecke 12.5.2020 (343 km)<br \/>\nJ: Kanis \/ \u00c4lvsbyn<br \/>\nK unten: M\u00e5ttsundsbacken<br \/>\nK oben: Ormberget \/ Lule\u00e5<\/p>\n<p><a href='http:\/\/ski.inmontanis.info\/d\/278843-2\/DSC08407.jpg'><img src=http:\/\/ski.inmontanis.info\/d\/278841-3\/DSC08407.jpg \/><\/a><br \/>\n^ Mittig\/Rechts ist der H\u00fcgel, auf dem sich das Skigebiet von \u00c4lvsbyn, Kanis befindet<\/p>\n<p><a href='http:\/\/ski.inmontanis.info\/d\/278847-2\/DSC08411.jpg'><img src=http:\/\/ski.inmontanis.info\/d\/278846-3\/DSC08411.jpg \/><\/a><br \/>\n^ Talstation der beiden SL, der Kurvenlift links geht bis zum Gipfel<\/p>\n<p><a href='http:\/\/ski.inmontanis.info\/d\/278851-2\/DSC08412.jpg'><img src=http:\/\/ski.inmontanis.info\/d\/278850-3\/DSC08412.jpg \/><\/a><br \/>\n^ Pistenplan<\/p>\n<p><a href='http:\/\/ski.inmontanis.info\/d\/278855-2\/DSC08413.jpg'><img src=http:\/\/ski.inmontanis.info\/d\/278854-3\/DSC08413.jpg \/><\/a><br \/>\n^ Talstation Kurven-SL<\/p>\n<p><a href='http:\/\/ski.inmontanis.info\/d\/278859-2\/DSC08415.jpg'><img src=http:\/\/ski.inmontanis.info\/d\/278858-3\/DSC08415.jpg \/><\/a><br \/>\n^ Der neuere Lift daneben ist von LST. Die Bayern haben in Skandinavien wohl mehr Lifte gebaut als in den Alpen.<\/p>\n<p><a href='http:\/\/ski.inmontanis.info\/d\/278863-2\/DSC08416.jpg'><img src=http:\/\/ski.inmontanis.info\/d\/278862-3\/DSC08416.jpg \/><\/a><br \/>\n^ Talstationen<\/p>\n<p><a href='http:\/\/ski.inmontanis.info\/d\/278867-2\/DSC08418.jpg'><img src=http:\/\/ski.inmontanis.info\/d\/278866-3\/DSC08418.jpg \/><\/a><br \/>\n^ Erste Kurve des Kurven-SL<\/p>\n<p><a href='http:\/\/ski.inmontanis.info\/d\/278871-2\/DSC08421.jpg'><img src=http:\/\/ski.inmontanis.info\/d\/278870-3\/DSC08421.jpg \/><\/a><br \/>\n^ Strecke Kurve 1 &#8211; 2<\/p>\n<p><a href='http:\/\/ski.inmontanis.info\/d\/278875-2\/DSC08423.jpg'><img src=http:\/\/ski.inmontanis.info\/d\/278874-3\/DSC08423.jpg \/><\/a><br \/>\n^ Erste Kurve des Kurven-SL<\/p>\n<p><a href='http:\/\/ski.inmontanis.info\/d\/278879-2\/DSC08424.jpg'><img src=http:\/\/ski.inmontanis.info\/d\/278878-3\/DSC08424.jpg \/><\/a><br \/>\n^ Zweite Kurve des Kurven-SL<\/p>\n<p><a href='http:\/\/ski.inmontanis.info\/d\/278883-2\/DSC08425.jpg'><img src=http:\/\/ski.inmontanis.info\/d\/278882-3\/DSC08425.jpg \/><\/a><br \/>\n^ Zweite Kurve des Kurven-SL<\/p>\n<p><a href='http:\/\/ski.inmontanis.info\/d\/278887-2\/DSC08426.jpg'><img src=http:\/\/ski.inmontanis.info\/d\/278886-3\/DSC08426.jpg \/><\/a><br \/>\n^ Linke Abfahrt im oberen Bereich, es gab auch relativ frische Abfahrtsspuren<\/p>\n<p><a href='http:\/\/ski.inmontanis.info\/d\/278891-2\/DSC08430.jpg'><img src=http:\/\/ski.inmontanis.info\/d\/278890-3\/DSC08430.jpg \/><\/a><br \/>\n^ Kurven-SL<\/p>\n<p><a href='http:\/\/ski.inmontanis.info\/d\/278895-2\/DSC08432.jpg'><img src=http:\/\/ski.inmontanis.info\/d\/278894-3\/DSC08432.jpg \/><\/a><br \/>\n^ Kurven-SL<\/p>\n<p><a href='http:\/\/ski.inmontanis.info\/d\/278899-2\/DSC08434.jpg'><img src=http:\/\/ski.inmontanis.info\/d\/278898-3\/DSC08434.jpg \/><\/a><br \/>\n^ Gipfelpano<\/p>\n<p><a href='http:\/\/ski.inmontanis.info\/d\/278903-2\/DSC08436.jpg'><img src=http:\/\/ski.inmontanis.info\/d\/278902-3\/DSC08436.jpg \/><\/a><br \/>\n^ Bergstation Kurven-SL<\/p>\n<p><a href='http:\/\/ski.inmontanis.info\/d\/278907-2\/DSC08437.jpg'><img src=http:\/\/ski.inmontanis.info\/d\/278906-3\/DSC08437.jpg \/><\/a><br \/>\n^ Bergstation Kurven-SL<\/p>\n<p><a href='http:\/\/ski.inmontanis.info\/d\/278911-2\/DSC08438.jpg'><img src=http:\/\/ski.inmontanis.info\/d\/278910-3\/DSC08438.jpg \/><\/a><br \/>\n^ Kurven-SL<\/p>\n<p><a href='http:\/\/ski.inmontanis.info\/d\/278915-2\/DSC08440.jpg'><img src=http:\/\/ski.inmontanis.info\/d\/278914-3\/DSC08440.jpg \/><\/a><br \/>\n^ Gipfelpano<\/p>\n<p><a href='http:\/\/ski.inmontanis.info\/d\/278919-2\/DSC08441.jpg'><img src=http:\/\/ski.inmontanis.info\/d\/278918-3\/DSC08441.jpg \/><\/a><br \/>\n^ Gipfelpano<\/p>\n<p><a href='http:\/\/ski.inmontanis.info\/d\/278923-2\/DSC08443.jpg'><img src=http:\/\/ski.inmontanis.info\/d\/278922-3\/DSC08443.jpg \/><\/a><br \/>\n^ Kurven-SL<\/p>\n<p><a href='http:\/\/ski.inmontanis.info\/d\/278927-2\/DSC08444.jpg'><img src=http:\/\/ski.inmontanis.info\/d\/278926-3\/DSC08444.jpg \/><\/a><br \/>\n^ Ausstieg \/ Abfahrt<\/p>\n<p><a href='http:\/\/ski.inmontanis.info\/d\/278931-2\/DSC08446.jpg'><img src=http:\/\/ski.inmontanis.info\/d\/278930-3\/DSC08446.jpg \/><\/a><br \/>\n^ Abfahrt<\/p>\n<p><a href='http:\/\/ski.inmontanis.info\/d\/278935-2\/DSC08447.jpg'><img src=http:\/\/ski.inmontanis.info\/d\/278934-3\/DSC08447.jpg \/><\/a><br \/>\n^ Die beiden Abfahrten im oberen Teil; rechts w\u00e4re ja eher mein Fall, hatte am Start aber nur kleine Schneefelder<\/p>\n<p><a href='http:\/\/ski.inmontanis.info\/d\/278939-2\/DSC08448.jpg'><img src=http:\/\/ski.inmontanis.info\/d\/278938-3\/DSC08448.jpg \/><\/a><br \/>\n^ Rechte Abfahrt<\/p>\n<p><a href='http:\/\/ski.inmontanis.info\/d\/278943-2\/DSC08450.jpg'><img src=http:\/\/ski.inmontanis.info\/d\/278942-3\/DSC08450.jpg \/><\/a><br \/>\n^ Mittlere Abfahrt<\/p>\n<p><a href='http:\/\/ski.inmontanis.info\/d\/278947-2\/DSC08452.jpg'><img src=http:\/\/ski.inmontanis.info\/d\/278946-3\/DSC08452.jpg \/><\/a><br \/>\n^ Abfahrten und Park<\/p>\n<p><a href='http:\/\/ski.inmontanis.info\/d\/278951-2\/DSC08456.jpg'><img src=http:\/\/ski.inmontanis.info\/d\/278950-3\/DSC08456.jpg \/><\/a><br \/>\n^ Mittlere Abfahrt<\/p>\n<p><a href='http:\/\/ski.inmontanis.info\/d\/278955-2\/DSC08457.jpg'><img src=http:\/\/ski.inmontanis.info\/d\/278954-3\/DSC08457.jpg \/><\/a><br \/>\n^ SL<\/p>\n<p><a href='http:\/\/ski.inmontanis.info\/d\/278959-2\/DSC08459.jpg'><img src=http:\/\/ski.inmontanis.info\/d\/278958-3\/DSC08459.jpg \/><\/a><br \/>\n^ Mittlere Abfahrt, sch\u00f6n firnig<\/p>\n<p><a href='http:\/\/ski.inmontanis.info\/d\/278963-2\/DSC08460.jpg'><img src=http:\/\/ski.inmontanis.info\/d\/278962-3\/DSC08460.jpg \/><\/a><br \/>\n^ Auch mal noch die linke Abfahrt im Bild<\/p>\n<p><a href='http:\/\/ski.inmontanis.info\/d\/278967-2\/ge20200512a.jpg'><img src=http:\/\/ski.inmontanis.info\/d\/278966-3\/ge20200512a.jpg \/><\/a><br \/>\n^ GPS-Track 12.5.2020<\/p>\n<p><a href='http:\/\/extra.inmontanis.info\/d\/58983-2\/DSC08464.jpg'><img src=http:\/\/extra.inmontanis.info\/d\/58982-3\/DSC08464.jpg \/><\/a><br \/>\n^ Versuch zum Meer zu fahren, aber Stra\u00dfen, die in Schweden zum Meer gehen, bedeuten nicht viel, denn meist stehen entweder H\u00e4user oder B\u00e4ume davor und man sieht nur selten das Meer.<\/p>\n<p><a href='http:\/\/ski.inmontanis.info\/d\/278833-2\/DSC08467.jpg'><img src=http:\/\/ski.inmontanis.info\/d\/278832-3\/DSC08467.jpg \/><\/a><br \/>\n^ M\u00e5ttsundsbacken, Zufahrt zum Parkplatz leider gesperrt und man darf nirgends parken<\/p>\n<p><a href='http:\/\/ski.inmontanis.info\/d\/278837-2\/DSC08468.jpg'><img src=http:\/\/ski.inmontanis.info\/d\/278836-3\/DSC08468.jpg \/><\/a><br \/>\n^ M\u00e5ttsundsbacken<\/p>\n<p><a href='http:\/\/extra.inmontanis.info\/d\/58987-2\/DSC08475.jpg'><img src=http:\/\/extra.inmontanis.info\/d\/58986-3\/DSC08475.jpg \/><\/a><br \/>\n^ Br\u00fccke \u00fcber den Lule\u00e4lv in Lule\u00e5<\/p>\n<p><a href='http:\/\/extra.inmontanis.info\/d\/58991-2\/DSC08476.jpg'><img src=http:\/\/extra.inmontanis.info\/d\/58990-3\/DSC08476.jpg \/><\/a><\/p>\n<p><a href='http:\/\/extra.inmontanis.info\/d\/58995-2\/DSC08477.jpg'><img src=http:\/\/extra.inmontanis.info\/d\/58994-3\/DSC08477.jpg \/><\/a><br \/>\n^ Lule\u00e5<\/p>\n<p><a href='http:\/\/extra.inmontanis.info\/d\/58999-2\/DSC08481.jpg'><img src=http:\/\/extra.inmontanis.info\/d\/58998-3\/DSC08481.jpg \/><\/a><br \/>\n^ Sch\u00f6n, endlich mal eine Stra\u00dfe, die ans Meer f\u00fchrt und wo die K\u00fcste nicht mit B\u00e4umen zugepflanzt ist<\/p>\n<p><a href='http:\/\/extra.inmontanis.info\/d\/59003-2\/DSC08482.jpg'><img src=http:\/\/extra.inmontanis.info\/d\/59002-3\/DSC08482.jpg \/><\/a><br \/>\n^ Meer<\/p>\n<p><a href='http:\/\/extra.inmontanis.info\/d\/59007-2\/DSC08483_001.jpg'><img src=http:\/\/extra.inmontanis.info\/d\/59006-3\/DSC08483_001.jpg \/><\/a><br \/>\n^ Blauer Himmel, blaues Meer, blaue Seen, blaues Auto. Und wieder einmal passt meine Beklebung: Mittags Skifahren, nachmittags am Meer.<\/p>\n<p><a href='http:\/\/extra.inmontanis.info\/d\/59011-2\/DSC08486.jpg'><img src=http:\/\/extra.inmontanis.info\/d\/59010-3\/DSC08486.jpg \/><\/a><br \/>\n^ Kleines Skigebie am Ormberget oberhalb Lule\u00e5<\/p>\n<p><a href='http:\/\/extra.inmontanis.info\/d\/59015-2\/DSC08489.jpg'><img src=http:\/\/extra.inmontanis.info\/d\/59014-3\/DSC08489.jpg \/><\/a><br \/>\n^ Bergstation SL<\/p>\n<p><a href='http:\/\/extra.inmontanis.info\/d\/59019-2\/DSC08490.jpg'><img src=http:\/\/extra.inmontanis.info\/d\/59018-3\/DSC08490.jpg \/><\/a><br \/>\n^ Von L\u00e4nge und Steilheit erinnert mich das eher an  Mattenskigebiete in UK<\/p>\n<p><a href='http:\/\/extra.inmontanis.info\/d\/59023-2\/DSC08492.jpg'><img src=http:\/\/extra.inmontanis.info\/d\/59022-3\/DSC08492.jpg \/><\/a><br \/>\n^ Das Pano ist eher begrenzt<\/p>\n<p><a href='http:\/\/extra.inmontanis.info\/d\/59027-2\/DSC08497.jpg'><img src=http:\/\/extra.inmontanis.info\/d\/59026-3\/DSC08497.jpg \/><\/a><br \/>\n^ Plan<\/p>\n<p><a href='http:\/\/extra.inmontanis.info\/d\/59031-2\/IMG_20200512_172222.jpg'><img src=http:\/\/extra.inmontanis.info\/d\/59030-3\/IMG_20200512_172222.jpg \/><\/a><br \/>\n^ Burger<\/p>\n<p>In Lule\u00e5 ging ich in einen gro\u00dfen Supermarkt und da meine billige Sonnenbrille heute fr\u00fch \u00fcberraschend entzwei war, wollte ich mir noch wo eine neue kaufen. Beim ICA (Maxi) h\u00e4tte die g\u00fcnstigste Rad\/Sportbrille 149,- SEK gekostet, also bin ich noch zum &#8220;Dollarstore&#8221;, wo ich dann eine sogar sch\u00f6nere um 30,- SEK fand. Diese sollte zwar nur 3 Tage sp\u00e4ter auch an einer Stelle brechen, was aber der Ben\u00fctzbarkeit keinen Abbruch tut.<\/p>\n<p>Das heutige Zimmer n\u00e4he Lule\u00e5 kostet nur 55,- \u20ac, was f\u00fcr schwedische Verh\u00e4ltnisse schon sehr g\u00fcnstig ist. Auf booking.com erkennt man es dem Namen nach nicht, auf der Karte und der Stra\u00dfe dann schon eher: Es ist Teil der Volkshochschule. Und entweder wurde hier ein altes Schulgeb\u00e4ude zu einem Hotel umgebaut, oder ein Internats-\/Studentenwohnheimtrakt oder ein Teil davon zu einem Hotel umgewandelt. Sehr ungewohnt und das Zimmer entsprechend schlicht, bei der momentanen Belegung aber sehr ruhig. <\/p>\n<p>Der Check-in erfolgte personallos mit Code an der Au\u00dfent\u00fcr und Code eines Hotelsafes, in dem sich der Schl\u00fcssel befand. <\/p>\n<p><a href='http:\/\/extra.inmontanis.info\/d\/59035-2\/DSC08498.jpg'><img src=http:\/\/extra.inmontanis.info\/d\/59034-3\/DSC08498.jpg \/><\/a><br \/>\n^ Hotel .. oder Gef\u00e4ngnis?<\/p>\n<p><a href='http:\/\/extra.inmontanis.info\/d\/59039-2\/DSC08499.jpg'><img src=http:\/\/extra.inmontanis.info\/d\/59038-3\/DSC08499.jpg \/><\/a><br \/>\n^ Hotelzimmer<\/p>\n<p><a href='http:\/\/extra.inmontanis.info\/d\/59043-2\/IMG_20200512_193240.jpg'><img src=http:\/\/extra.inmontanis.info\/d\/59042-3\/IMG_20200512_193240.jpg \/><\/a><br \/>\n^ Hotellift mit sehr ungew\u00f6hnlichem Taster<\/p>\n<p><a href='http:\/\/extra.inmontanis.info\/d\/59047-2\/IMG_20200512_193348.jpg'><img src=http:\/\/extra.inmontanis.info\/d\/59046-3\/IMG_20200512_193348.jpg \/><\/a><br \/>\n^ Auch im Inneren diese sehr ungew\u00f6hnlichen Kn\u00f6pfe bzw. Taster<\/p>\n<p><a href='http:\/\/extra.inmontanis.info\/d\/59051-2\/IMG_20200512_193403.jpg'><img src=http:\/\/extra.inmontanis.info\/d\/59050-3\/IMG_20200512_193403.jpg \/><\/a><br \/>\n^ Hotelpano, nicht vom Zimmer (da nur B\u00e4ume), aber vom Gang<\/p>\n<p>Wie schon im gestrigen Hotel ist auch hier das Fr\u00fchst\u00fcck werktags sehr fr\u00fch: 7:00-8.30, bestand covid-bedingt momentan aber aus vorgepackten T\u00fcten im K\u00fchlschrank. Schade, dass ich mir gestern fr\u00fch keine Marmeladenportion eingesteckt hab, h\u00e4tt ich gut brauchen k\u00f6nnen. Diesmal kein Joghurt und auch kein Ei, auch keine Gurken\/Paprika. Daf\u00fcr 2 Semmeln, aber eben etwas wenig Schinken+K\u00e4se. Plus 2x Butter und 2x Obst, was ich im K\u00fchlschrank lie\u00df.<\/p>\n<p>Zusammenschnitt Dashcamvideo von heute: (Haupts\u00e4chlich Lule\u00e5, da landschaftlich heut fast nur Wald)<br \/>\n<object style=\"height: 500px; width: 900px\"><param name=\"movie\" value=\"http:\/\/www.youtube.com\/v\/zaqp1z7eX04\"><\/param><param name=\"wmode\" value=\"transparent\"><\/param><embed src=\"http:\/\/www.youtube.com\/v\/zaqp1z7eX04\" type=\"application\/x-shockwave-flash\" wmode=\"transparent\"  width=\"900\" height=\"480\"><\/embed><\/object><\/p>\n<p>(Fortsetzung folgt, am n\u00e4chsten Tag mal wieder mit einem offenen Skigebiet.)<\/p>\n","protected":false},"excerpt":{"rendered":"<p>Final Escape Sweden, 7.5.2020-23.5.2020 Tag 6: DI, 12.5.2020 &#8211; Kanis (Skitour) &#038; Lule\u00e5 (km 3.738, Diff. 343)<\/p>\n<p>Da es wetterberichtsm\u00e4\u00dfig erst ab morgen sinnvoll sein w\u00fcrde, in Kiruna bzw. Riksgr\u00e4nsen zu sein, musste ich noch etwas Zeit tot schlagen. In der Gegend um Lule\u00e5 gab es einige g\u00fcnstigere Hotelzimmer um 50-70 \u20ac, daher wollte ich <a href=\"http:\/\/blog.inmontanis.info\/?p=6150\">[&#8230;]<\/a><\/p>\n","protected":false},"author":1,"featured_media":0,"comment_status":"closed","ping_status":"closed","sticky":false,"template":"","format":"standard","meta":{"footnotes":""},"categories":[183,658,19,29],"tags":[37,47],"class_list":["post-6150","post","type-post","status-publish","format-standard","hentry","category-2020-05-schweden","category-kanis","category-schwedensweden","category-skitourenwalk-ski","tag-meer","tag-sl","odd"],"_links":{"self":[{"href":"http:\/\/blog.inmontanis.info\/index.php?rest_route=\/wp\/v2\/posts\/6150","targetHints":{"allow":["GET"]}}],"collection":[{"href":"http:\/\/blog.inmontanis.info\/index.php?rest_route=\/wp\/v2\/posts"}],"about":[{"href":"http:\/\/blog.inmontanis.info\/index.php?rest_route=\/wp\/v2\/types\/post"}],"author":[{"embeddable":true,"href":"http:\/\/blog.inmontanis.info\/index.php?rest_route=\/wp\/v2\/users\/1"}],"replies":[{"embeddable":true,"href":"http:\/\/blog.inmontanis.info\/index.php?rest_route=%2Fwp%2Fv2%2Fcomments&post=6150"}],"version-history":[{"count":4,"href":"http:\/\/blog.inmontanis.info\/index.php?rest_route=\/wp\/v2\/posts\/6150\/revisions"}],"predecessor-version":[{"id":6154,"href":"http:\/\/blog.inmontanis.info\/index.php?rest_route=\/wp\/v2\/posts\/6150\/revisions\/6154"}],"wp:attachment":[{"href":"http:\/\/blog.inmontanis.info\/index.php?rest_route=%2Fwp%2Fv2%2Fmedia&parent=6150"}],"wp:term":[{"taxonomy":"category","embeddable":true,"href":"http:\/\/blog.inmontanis.info\/index.php?rest_route=%2Fwp%2Fv2%2Fcategories&post=6150"},{"taxonomy":"post_tag","embeddable":true,"href":"http:\/\/blog.inmontanis.info\/index.php?rest_route=%2Fwp%2Fv2%2Ftags&post=6150"}],"curies":[{"name":"wp","href":"https:\/\/api.w.org\/{rel}","templated":true}]}}