{"id":6145,"date":"2020-05-11T20:56:06","date_gmt":"2020-05-11T18:56:06","guid":{"rendered":"http:\/\/blog.inmontanis.info\/?p=6145"},"modified":"2023-08-05T13:32:57","modified_gmt":"2023-08-05T11:32:57","slug":"arvidsjaur-arjeplog-galtis-11-5-2020-abendskitour-in-lappland","status":"publish","type":"post","link":"http:\/\/blog.inmontanis.info\/?p=6145","title":{"rendered":"Arvidsjaur &#038; Arjeplog \/ Galtis, 11.5.2020 \/ Abendskitour in Lappland"},"content":{"rendered":"<p><strong>Final Escape Sweden, 7.5.2020-23.5.2020<br \/>\nTag 5: MO, 11.5.2020 &#8211; Linbana &#038; Galtis<\/strong> (km 3.395, Diff. 382)<br \/>\n<em>Aufgrund der vielen Fotos aufgeteilt in 2 Teile<\/em><br \/>\n<strong>Teil 2: Arvidsjaur &#038; Arjeplog \/ Galtis<\/strong><\/p>\n<p>Da die Temperaturen hier im Norden heute und die n\u00e4chsten Tage nachts unter 0\u00b0 bleiben, werd ich weiterhin ein (teures) Hotelzimmer buchen, welches heute in Arjeplog sein wird, so dass ich erst zum Hotel fahren kann und danach die Skitour machen werde.<\/p>\n<p>In Arvidsjaur ging ich zur Sibylla und a\u00df eine Portion K\u00f6ttbullar (&#8220;Sch\u00f6tb\u00f6lar&#8221;) plus danach Churros (&#8220;Tschuros&#8221;), ging noch in den ICA-Supermarkt und fuhr noch kurz zum Skigebiet Pr\u00e4stberget, das quasi direkt in Arvidsjaur liegt. Am 22.5.2017 hatte ich ja im zweiten Skigebiet von Arvidsjaur (Vittj\u00e5kk) eine Skitour gemacht &#8211; das schaut mir ja interessanter aus, scheint aber evtl. mittlerweile nicht mehr ge\u00f6ffnet zu sein.<\/p>\n<p>In Arjeplog am Hotel kam ich bereits kurz nach 16 Uhr an und es war noch nicht so sonnig wie erhofft. Der Check-in erfolgte mittels Briefumschlag im Briefkasten neben dem Eingang, zum Fr\u00fchst\u00fcck sollte man sich sein Lunchpaket dann in einem K\u00fchlschrank in einem Konferenzraum abholen.<\/p>\n<p>Leider war auch der gro\u00dfe See noch viel gefrorener als gedacht, so dass ich sp\u00e4ter beim Skifahren eher Wei\u00df als Blau am Boden sehen w\u00fcrde. Sonnenuntergang sollte um 22:08 Uhr sein, so konnte ich also noch etwas auf besseres Wetter warten, der Schnee k\u00f6nnte zwar schlechter, aber die Lichtstimmung abends netter sein, zudem soll es laut Wettervorhersage immer noch sonniger werden nach 18 Uhr. Bei klarem Himmel k\u00f6nnte es nachts auch Nordlichter geben, aber wie ich schon bef\u00fcrchtete, bleibt es hier nachts schon viel zu hell. <\/p>\n<p>Bei der Skitour war es dann weder sonderlich sonnig und auch sonst nicht besonders sch\u00f6n, es war ein starker kalter Wind, der Schnee war zumindest harschig hart, insofern dass es teilweise wohl gerade kein Bruchharsch war (das k\u00f6nnte untertags also vielleicht sogar problematischer gewesen sein).<\/p>\n<p>Die Fotos sind nat\u00fcrlich toll geworden, aber genie\u00dfen konnte ich das vor Ort \u00fcberhaupt nicht. Von der SL-Bergstation ging ich noch das St\u00fcck zum Gipfel rauf, wo ein Haus stand, vmtl. wegen irgendwelcher Antennen oder so, das hatte ich gar nicht fotografiert. Jedenfalls musste ich da genau gegen den Sturm gehen und hetzte ersch\u00f6pft so schnell es geht, damit ich im Windschatten der Wand die Felle runter tun und einpacken konnte.<\/p>\n<p>Trotzdem nahm ich mir vor, das Skigebiet auch mal im ge\u00f6ffneten Zustand besuchen zu wollen.<\/p>\n<p>(Fotos anklicken zum Vergr\u00f6\u00dfern)<\/p>\n<p><a href='http:\/\/extra.inmontanis.info\/d\/58895-2\/scn2020h.jpg'><img src=http:\/\/extra.inmontanis.info\/d\/58894-3\/scn2020h.jpg \/><\/a><br \/>\n^  Hellblau von Lycksele bis Arjeplog: Fahrstrecke 11.5.2020 (382 km)<br \/>\nF: Viterliden \/ Kristineberg (Teil 1)<br \/>\nG: Linbana (Teil 1)<br \/>\nH: Pr\u00e4stberget \/ Arvidsjaur (Teil 2)<br \/>\nI: Skitour Galtis \/ Arjeplog (Teil 2)<\/p>\n<p><a href='http:\/\/extra.inmontanis.info\/d\/58899-2\/DSC08285.jpg'><img src=http:\/\/extra.inmontanis.info\/d\/58898-3\/DSC08285.jpg \/><\/a><br \/>\n^ Naturstra\u00dfen sind oftmals Abk\u00fcrzungen und oftmals fast gleich schnell wie asphaltierte Stra\u00dfen fahrbar. Man kann sich aber nicht immer sicher sein, wann eine nebenrangige Stra\u00dfe in Schweden asphaltiert oder unasphaltiert ist, und bei den letzteren Naturstra\u00dfen wei\u00df man nie, ob sie im Winter \u00fcberhaupt offen sind und wenn ja, wie lang Schnee liegt. Hier hatte ich Gl\u00fcck.<\/p>\n<p><a href='http:\/\/extra.inmontanis.info\/d\/58903-2\/IMG_20200511_141336.jpg'><img src=http:\/\/extra.inmontanis.info\/d\/58902-3\/IMG_20200511_141336.jpg \/><\/a><br \/>\n^ K\u00f6ttbullar mit Sauce und Preiselbeeren. Nicht immer bekommt man in einer Sibylla die Sauce dazu, bei meinem n\u00e4chsten Besuch fehlte diese. Preiselbeeren sind aber immer dabei.<\/p>\n<p><a href='http:\/\/extra.inmontanis.info\/d\/58907-2\/IMG_20200511_142721.jpg'><img src=http:\/\/extra.inmontanis.info\/d\/58906-3\/IMG_20200511_142721.jpg \/><\/a><br \/>\n^ .. und als Nachspeise 2 Churros ;)<\/p>\n<p><a href='http:\/\/ski.inmontanis.info\/d\/278643-2\/DSC08287.jpg'><img src=http:\/\/ski.inmontanis.info\/d\/278642-3\/DSC08287.jpg \/><\/a><br \/>\n^ Skigebiet Pr\u00e4stberget in Arvidsjaur<\/p>\n<p><a href='http:\/\/ski.inmontanis.info\/d\/278647-2\/DSC08289.jpg'><img src=http:\/\/ski.inmontanis.info\/d\/278646-3\/DSC08289.jpg \/><\/a><br \/>\n^ Die rechte Abfahrt ist wohl stillgelegt.<\/p>\n<p><a href='http:\/\/ski.inmontanis.info\/d\/278651-2\/DSC08290.jpg'><img src=http:\/\/ski.inmontanis.info\/d\/278650-3\/DSC08290.jpg \/><\/a><br \/>\n^ Es wird noch einiges pr\u00e4pariert, zumindest die Langlaufloipe.<\/p>\n<p><a href='http:\/\/ski.inmontanis.info\/d\/278655-2\/DSC08291.jpg'><img src=http:\/\/ski.inmontanis.info\/d\/278654-3\/DSC08291.jpg \/><\/a><br \/>\n^ SL und Abfahrtshang mit Tourengeherspuren<\/p>\n<p><a href='http:\/\/extra.inmontanis.info\/d\/58911-2\/DSC08292.jpg'><img src=http:\/\/extra.inmontanis.info\/d\/58910-3\/DSC08292.jpg \/><\/a><br \/>\n^ 95 \/ Arvidsjaur-Arjeplog<\/p>\n<p><a href='http:\/\/extra.inmontanis.info\/d\/58915-2\/DSC08293.jpg'><img src=http:\/\/extra.inmontanis.info\/d\/58914-3\/DSC08293.jpg \/><\/a><br \/>\n^ 95 \/ Arvidsjaur-Arjeplog<\/p>\n<p><a href='http:\/\/extra.inmontanis.info\/d\/58919-2\/DSC08295.jpg'><img src=http:\/\/extra.inmontanis.info\/d\/58918-3\/DSC08295.jpg \/><\/a><br \/>\n^ Links, auf der anderen Seite der Stra\u00dfe, ist ein Hafen mit etlichen Booten &#8211; die werden dann wohl mit dieser Art Standseilbahn auf den gro\u00dfen See r\u00fcber gezogen, oder wof\u00fcr ist das sonst da?<\/p>\n<p><a href='http:\/\/extra.inmontanis.info\/d\/58923-2\/DSC08296.jpg'><img src=http:\/\/extra.inmontanis.info\/d\/58922-3\/DSC08296.jpg \/><\/a><br \/>\n^ Mein heutiges Hotel, in dem ich einige Zeit sp\u00e4ter auf der R\u00fcckfahrt nochmals n\u00e4chtigte, mit ca. 85,- \u20ac allerdings auf der teureren Seite in diesem Urlaub.<\/p>\n<p><a href='http:\/\/extra.inmontanis.info\/d\/58927-2\/DSC08297.jpg'><img src=http:\/\/extra.inmontanis.info\/d\/58926-3\/DSC08297.jpg \/><\/a><br \/>\n^ Hotelzimmer<\/p>\n<p><a href='http:\/\/extra.inmontanis.info\/d\/58931-2\/DSC08299.jpg'><img src=http:\/\/extra.inmontanis.info\/d\/58930-3\/DSC08299.jpg \/><\/a><br \/>\n^ Hotelzimmerpano \u00fcber den leider noch gefrorenen See zum Skigebiet Galtis, wo ich sp\u00e4ter noch eine Skitour machen m\u00f6chte.<\/p>\n<p><a href='http:\/\/extra.inmontanis.info\/d\/58935-2\/DSC08302.jpg'><img src=http:\/\/extra.inmontanis.info\/d\/58934-3\/DSC08302.jpg \/><\/a><br \/>\n^ Badezimmer, im Spiegel sieht man den F\u00f6hn, der sich hinter mir im Hauptzimmer befindet<\/p>\n<p>Ich schnappte mir noch kurz den Fr\u00fchst\u00fccksbeutel (es standen sehr viele im K\u00fchlschrank, obwohl nur ca. 3 Autos am Parkplatz waren, aber so hatte ich etwas Auswahl, denn die Joghurts waren verschieden). Ich gab den Inhalt in den Zimmerk\u00fchlschrank und sch\u00e4lte und a\u00df noch den Apfel, was ich vermutlich auch seit mehreren Jahrzehnten nicht mehr gemacht hatte.<\/p>\n<p>Zum Fr\u00fchst\u00fcck am n\u00e4chsten Morgen ist noch zu erw\u00e4hnen, dass man sich Tee mittels Wasserkocher machen oder Kaffee aus der Kanne nehmen konnte, zus\u00e4tzlich gab es im K\u00fchlschrank noch weitere eingewickelte Semmeln, sowie Marmeladenportionen, die, wie ich, aus Tirol kamen. Die schwedische Kaviarpaste aus der Tube war dann aber nicht mein Fall. Kn\u00e4ckebrot konnte man sich aus dem Metallbehalter nehmen. Sooo wirklich viel Unterschied zu einem Fr\u00fchst\u00fccksbuffet ist diese &#8220;Corona-Variante&#8221; mit den Fr\u00fchst\u00fcckst\u00fcten also auch nicht&#8230;<\/p>\n<p>Um 17:45 machte ich mich auf den Weg ins Skigebiet.<\/p>\n<p><a href='http:\/\/extra.inmontanis.info\/d\/58939-2\/DSC08304.jpg'><img src=http:\/\/extra.inmontanis.info\/d\/58938-3\/DSC08304.jpg \/><\/a><br \/>\n^ Ausgestopfte Tiere in der Lobby: Rentier und Luchs<\/p>\n<p><a href='http:\/\/extra.inmontanis.info\/d\/58943-2\/DSC08305.jpg'><img src=http:\/\/extra.inmontanis.info\/d\/58942-3\/DSC08305.jpg \/><\/a><br \/>\n^ .. und ein Elch ..<\/p>\n<p><a href='http:\/\/extra.inmontanis.info\/d\/58947-2\/DSC08306.jpg'><img src=http:\/\/extra.inmontanis.info\/d\/58946-3\/DSC08306.jpg \/><\/a><br \/>\n^ .. und ein B\u00e4r, also so einem m\u00f6cht ich ungern heut Abend auf meiner Skitour begegnen. Noch dazu, wo keiner wei\u00df, dass ich heut Abend auf diesen Berg gehen werde.<\/p>\n<p><a href='http:\/\/extra.inmontanis.info\/d\/58951-2\/IMG_20200511_180550.jpg'><img src=http:\/\/extra.inmontanis.info\/d\/58950-3\/IMG_20200511_180550.jpg \/><\/a><br \/>\n^ Lakritz-Eis in passender Eishockey-Puck-Form. War nicht ganz mein Fall, wie leider die meisten Lakritz-Eis-Sorten, die ich in den letzten Jahren probiert hatte.<\/p>\n<p><a href='http:\/\/extra.inmontanis.info\/d\/58955-2\/DSC08308.jpg'><img src=http:\/\/extra.inmontanis.info\/d\/58954-3\/DSC08308.jpg \/><\/a><br \/>\n^ Arjeplog-Galtis<\/p>\n<p><a href='http:\/\/extra.inmontanis.info\/d\/58959-2\/DSC08310.jpg'><img src=http:\/\/extra.inmontanis.info\/d\/58958-3\/DSC08310.jpg \/><\/a><br \/>\n^ Arjeplog-Galtis<\/p>\n<p><a href='http:\/\/ski.inmontanis.info\/d\/278661-2\/DSC08313.jpg'><img src=http:\/\/ski.inmontanis.info\/d\/278659-3\/DSC08313.jpg \/><\/a><br \/>\n^ Zufahrt zum Parkplatz des Skigebiets leider abgeriegelt, also musste ich hier stehen bleiben und schnallte die Ski vorerst auf den Rucksack<\/p>\n<p><a href='http:\/\/ski.inmontanis.info\/d\/278665-2\/DSC08314.jpg'><img src=http:\/\/ski.inmontanis.info\/d\/278664-3\/DSC08314.jpg \/><\/a><br \/>\n^ Talstation des Hauptlifts<\/p>\n<p><a href='http:\/\/ski.inmontanis.info\/d\/278669-2\/DSC08315.jpg'><img src=http:\/\/ski.inmontanis.info\/d\/278668-3\/DSC08315.jpg \/><\/a><br \/>\n^ Hauptabfahrt rechts des SL<\/p>\n<p><a href='http:\/\/ski.inmontanis.info\/d\/278673-2\/DSC08317.jpg'><img src=http:\/\/ski.inmontanis.info\/d\/278672-3\/DSC08317.jpg \/><\/a><br \/>\n^ Hauptlift, Talstation wie in Schweden h\u00e4ufig modernisiert, aber alte St\u00fctzen beibehalten, nett.<\/p>\n<p><a href='http:\/\/ski.inmontanis.info\/d\/278677-2\/DSC08320.jpg'><img src=http:\/\/ski.inmontanis.info\/d\/278676-3\/DSC08320.jpg \/><\/a><br \/>\n^ Links ist noch ein k\u00fcrzer Lift, der den oberen, windgef\u00e4hrdeteren, baumlosen Teil ausspart.<\/p>\n<p><a href='http:\/\/ski.inmontanis.info\/d\/278681-2\/DSC08321.jpg'><img src=http:\/\/ski.inmontanis.info\/d\/278680-3\/DSC08321.jpg \/><\/a><br \/>\n^ Pistenplan, SL links und mittig haben jeweils 2 Zwischenausstiege, der \u00dcbungslift rechts auch noch einen. Rechts fehlt eine Abfahrt &#8211; siehe GPS-Track<\/p>\n<p><a href='http:\/\/ski.inmontanis.info\/d\/278685-2\/DSC08322.jpg'><img src=http:\/\/ski.inmontanis.info\/d\/278684-3\/DSC08322.jpg \/><\/a><br \/>\n^ Skigebiets-Logo<\/p>\n<p><a href='http:\/\/ski.inmontanis.info\/d\/278689-2\/DSC08323.jpg'><img src=http:\/\/ski.inmontanis.info\/d\/278688-3\/DSC08323.jpg \/><\/a><br \/>\n^ Eigentlicher Parkplatz<\/p>\n<p><a href='http:\/\/ski.inmontanis.info\/d\/278693-2\/DSC08325.jpg'><img src=http:\/\/ski.inmontanis.info\/d\/278692-3\/DSC08325.jpg \/><\/a><br \/>\n^ Ich bin erst die breite Piste raufgegangen, musste aber an die sch\u00f6nen alten Portalst\u00fctzen denken und &#8220;musste&#8221; folglich zum SL r\u00fcberqueren<\/p>\n<p><a href='http:\/\/ski.inmontanis.info\/d\/278697-2\/DSC08326.jpg'><img src=http:\/\/ski.inmontanis.info\/d\/278696-3\/DSC08326.jpg \/><\/a><br \/>\n^ .. und es hat sich gelohnt: rote, verrostete Portalst\u00fctzen :)<\/p>\n<p><a href='http:\/\/ski.inmontanis.info\/d\/278701-2\/DSC08327.jpg'><img src=http:\/\/ski.inmontanis.info\/d\/278700-3\/DSC08327.jpg \/><\/a><br \/>\n^ .. mit dem Lift w\u00e4r ich lieber gefahren als raufzugehen ;)<\/p>\n<p><a href='http:\/\/ski.inmontanis.info\/d\/278705-2\/DSC08329.jpg'><img src=http:\/\/ski.inmontanis.info\/d\/278704-3\/DSC08329.jpg \/><\/a><br \/>\n^ St\u00fctze 6, vermutlich<\/p>\n<p><a href='http:\/\/ski.inmontanis.info\/d\/278709-2\/DSC08330.jpg'><img src=http:\/\/ski.inmontanis.info\/d\/278708-3\/DSC08330.jpg \/><\/a><br \/>\n^ Einer der Zwischenausstiege<\/p>\n<p><a href='http:\/\/ski.inmontanis.info\/d\/278713-2\/DSC08331.jpg'><img src=http:\/\/ski.inmontanis.info\/d\/278712-3\/DSC08331.jpg \/><\/a><br \/>\n^ Seitenpano vom SL aus<\/p>\n<p><a href='http:\/\/ski.inmontanis.info\/d\/278717-2\/DSC08332.jpg'><img src=http:\/\/ski.inmontanis.info\/d\/278716-3\/DSC08332.jpg \/><\/a><br \/>\n^ SL-Trasse<\/p>\n<p><a href='http:\/\/ski.inmontanis.info\/d\/278721-2\/DSC08333.jpg'><img src=http:\/\/ski.inmontanis.info\/d\/278720-3\/DSC08333.jpg \/><\/a><br \/>\n^ Talblick vom SL<\/p>\n<p><a href='http:\/\/ski.inmontanis.info\/d\/278725-2\/DSC08335.jpg'><img src=http:\/\/ski.inmontanis.info\/d\/278724-3\/DSC08335.jpg \/><\/a><br \/>\n^ Seitenpano vom SL aus<\/p>\n<p><a href='http:\/\/ski.inmontanis.info\/d\/278729-2\/DSC08338.jpg'><img src=http:\/\/ski.inmontanis.info\/d\/278728-3\/DSC08338.jpg \/><\/a><br \/>\n^ Linke Abfahrt schaut nett aus<\/p>\n<p><a href='http:\/\/ski.inmontanis.info\/d\/278733-2\/DSC08340.jpg'><img src=http:\/\/ski.inmontanis.info\/d\/278732-3\/DSC08340.jpg \/><\/a><br \/>\n^ Eigentlich bin ich ja ein Fan von blauen St\u00fctzen, aber so eine rote St\u00fctze passt hier und heut Abend farblich besser. Kurzb\u00fcgel aus Holz w\u00fcrden nat\u00fcrlich auch wesentlich besser aussehen als diese orangenen Plastikb\u00fcgel.<\/p>\n<p><a href='http:\/\/ski.inmontanis.info\/d\/278737-2\/DSC08341.jpg'><img src=http:\/\/ski.inmontanis.info\/d\/278736-3\/DSC08341.jpg \/><\/a><br \/>\n^ Ungew\u00f6hnliche SL-Bergstation<\/p>\n<p><a href='http:\/\/ski.inmontanis.info\/d\/278741-2\/DSC08342.jpg'><img src=http:\/\/ski.inmontanis.info\/d\/278740-3\/DSC08342.jpg \/><\/a><br \/>\n^ See-Pano<\/p>\n<p><a href='http:\/\/ski.inmontanis.info\/d\/278745-2\/DSC08344.jpg'><img src=http:\/\/ski.inmontanis.info\/d\/278744-3\/DSC08344.jpg \/><\/a><br \/>\n^ Weites Pano mit SL<\/p>\n<p><a href='http:\/\/ski.inmontanis.info\/d\/278749-2\/DSC08348.jpg'><img src=http:\/\/ski.inmontanis.info\/d\/278748-3\/DSC08348.jpg \/><\/a><br \/>\n^ Ein bisschen blaues Wasser sieht man mittig, aber die gro\u00dfen See-Fl\u00e4chen sind alle noch in Wei\u00df und mit Schnee bedeckt. (d.h. auch: wohl alle gro\u00dfen, wei\u00dfen Fl\u00e4chen im Tal sind Seen!)<\/p>\n<p><a href='http:\/\/ski.inmontanis.info\/d\/278753-2\/DSC08350.jpg'><img src=http:\/\/ski.inmontanis.info\/d\/278752-3\/DSC08350.jpg \/><\/a><br \/>\n^ See-Pano<\/p>\n<p><a href='http:\/\/ski.inmontanis.info\/d\/278757-2\/DSC08349.jpg'><img src=http:\/\/ski.inmontanis.info\/d\/278756-3\/DSC08349.jpg \/><\/a><br \/>\n^ See-Pano und Wolkenhimmel (19:57 Uhr)<\/p>\n<p><a href='http:\/\/ski.inmontanis.info\/d\/278761-2\/DSC08351.jpg'><img src=http:\/\/ski.inmontanis.info\/d\/278760-3\/DSC08351.jpg \/><\/a><br \/>\n^ Pano mit Mast<\/p>\n<p><a href='http:\/\/ski.inmontanis.info\/d\/278765-2\/DSC08358.jpg'><img src=http:\/\/ski.inmontanis.info\/d\/278764-3\/DSC08358.jpg \/><\/a><br \/>\n^ Talpano mit Skigebiet<\/p>\n<p><a href='http:\/\/ski.inmontanis.info\/d\/278769-2\/DSC08359.jpg'><img src=http:\/\/ski.inmontanis.info\/d\/278768-3\/DSC08359.jpg \/><\/a><\/p>\n<p><a href='http:\/\/ski.inmontanis.info\/d\/278773-2\/DSC08365.jpg'><img src=http:\/\/ski.inmontanis.info\/d\/278772-3\/DSC08365.jpg \/><\/a><br \/>\n^ Leider war ein eisiger Sturm hier oben<\/p>\n<p><a href='http:\/\/ski.inmontanis.info\/d\/278777-2\/DSC08366.jpg'><img src=http:\/\/ski.inmontanis.info\/d\/278776-3\/DSC08366.jpg \/><\/a><br \/>\n^ R\u00fcckseitenpano<\/p>\n<p><a href='http:\/\/ski.inmontanis.info\/d\/278781-2\/DSC08367.jpg'><img src=http:\/\/ski.inmontanis.info\/d\/278780-3\/DSC08367.jpg \/><\/a><br \/>\n^ R\u00fcckseitenpano<\/p>\n<p><a href='http:\/\/ski.inmontanis.info\/d\/278785-2\/DSC08368.jpg'><img src=http:\/\/ski.inmontanis.info\/d\/278784-3\/DSC08368.jpg \/><\/a><br \/>\n^ SL-Bergstation<\/p>\n<p><a href='http:\/\/ski.inmontanis.info\/d\/278789-2\/DSC08369.jpg'><img src=http:\/\/ski.inmontanis.info\/d\/278788-3\/DSC08369.jpg \/><\/a><br \/>\n^ SL-Bergstation. Zuf\u00e4lligerweise sollte ich einige Tage sp\u00e4ter nochmals so eine Bauart bei einer weiteren Skitour entdecken.<\/p>\n<p><a href='http:\/\/ski.inmontanis.info\/d\/278793-2\/DSC08370.jpg'><img src=http:\/\/ski.inmontanis.info\/d\/278792-3\/DSC08370.jpg \/><\/a><br \/>\n^ Schaut sch\u00f6n aus, war aber vor Ort nicht sch\u00f6n, dieser eisige Sturm<\/p>\n<p><a href='http:\/\/ski.inmontanis.info\/d\/278797-2\/DSC08371.jpg'><img src=http:\/\/ski.inmontanis.info\/d\/278796-3\/DSC08371.jpg \/><\/a><br \/>\n^ Au\u00dfenseitige Abfahrt, schaut schon nett aus das alles. In dem Skigbiet k\u00f6nnt ich es wohl die eine oder andere Stunde aushalten.<\/p>\n<p><a href='http:\/\/ski.inmontanis.info\/d\/278801-2\/DSC08372.jpg'><img src=http:\/\/ski.inmontanis.info\/d\/278800-3\/DSC08372.jpg \/><\/a><br \/>\n^ Blick zum SL und weitere Abfahrten<\/p>\n<p><a href='http:\/\/ski.inmontanis.info\/d\/278805-2\/DSC08378.jpg'><img src=http:\/\/ski.inmontanis.info\/d\/278804-3\/DSC08378.jpg \/><\/a><br \/>\n^ Im unteren Teil w\u00e4hlte ich statt der breiten Hauptabfahrt lieber was schm\u00e4leres ;)<\/p>\n<p><a href='http:\/\/ski.inmontanis.info\/d\/278809-2\/DSC08379.jpg'><img src=http:\/\/ski.inmontanis.info\/d\/278808-3\/DSC08379.jpg \/><\/a><br \/>\n^ \u00dcbungslift<\/p>\n<p><a href='http:\/\/ski.inmontanis.info\/d\/278813-2\/ge20200511a.jpg'><img src=http:\/\/ski.inmontanis.info\/d\/278812-3\/ge20200511a.jpg \/><\/a><br \/>\n^ GPS-Track Skitour 11.5.2020. Die schmale Piste links w\u00e4re vermutlich auch nach meinem Geschmack.<\/p>\n<p>Gegen 20:40 fuhr ich wieder ins Hotel.<\/p>\n<p><a href='http:\/\/extra.inmontanis.info\/d\/58963-2\/DSC08385.jpg'><img src=http:\/\/extra.inmontanis.info\/d\/58962-3\/DSC08385.jpg \/><\/a><br \/>\n^ Auf der R\u00fcckfahrt gab es dann einige Schnee- und schon leichte Eisfl\u00e4chen<\/p>\n<p><a href='http:\/\/extra.inmontanis.info\/d\/58967-2\/DSC08393.jpg'><img src=http:\/\/extra.inmontanis.info\/d\/58966-3\/DSC08393.jpg \/><\/a><br \/>\n^ Abendlicher Seeblick vom Hotelzimmer (21:43 Uhr)<\/p>\n<p><a href='http:\/\/extra.inmontanis.info\/d\/58971-2\/DSC08397.jpg'><img src=http:\/\/extra.inmontanis.info\/d\/58970-3\/DSC08397.jpg \/><\/a><br \/>\n^ Abendlicher Seeblick vom Hotelzimmer (22:00 Uhr)<\/p>\n<p><a href='http:\/\/extra.inmontanis.info\/d\/58975-2\/DSC08400_001.jpg'><img src=http:\/\/extra.inmontanis.info\/d\/58974-3\/DSC08400_001.jpg \/><\/a><br \/>\n^ N\u00e4chtlicher Seeblick vom Hotelzimmer (23:00 Uhr), rechts der Berg von meiner Skitour<\/p>\n<p><a href='http:\/\/extra.inmontanis.info\/d\/58979-2\/DSC08402.jpg'><img src=http:\/\/extra.inmontanis.info\/d\/58978-3\/DSC08402.jpg \/><\/a><br \/>\n^ N\u00e4chtlicher Seeblick vom Hotelzimmer (00:24 Uhr) &#8211; um die Jahreszeit sieht man hier schon keine Nordlichter mehr, viel zu hell.<\/p>\n<p>Zusammenschnitt Dashcamvideo von heute: (Linbana, Zufahrten Skigebiete Viterliden, Galtis, ..)<br \/>\n<object style=\"height: 500px; width: 900px\"><param name=\"movie\" value=\"http:\/\/www.youtube.com\/v\/1j6dE4ZO9wE\"><\/param><param name=\"wmode\" value=\"transparent\"><\/param><embed src=\"http:\/\/www.youtube.com\/v\/1j6dE4ZO9wE\" type=\"application\/x-shockwave-flash\" wmode=\"transparent\"  width=\"900\" height=\"480\"><\/embed><\/object><\/p>\n<p>(Fortsetzung folgt.)<\/p>\n","protected":false},"excerpt":{"rendered":"<p>Final Escape Sweden, 7.5.2020-23.5.2020 Tag 5: MO, 11.5.2020 &#8211; Linbana &#038; Galtis (km 3.395, Diff. 382) Aufgrund der vielen Fotos aufgeteilt in 2 Teile Teil 2: Arvidsjaur &#038; Arjeplog \/ Galtis<\/p>\n<p>Da die Temperaturen hier im Norden heute und die n\u00e4chsten Tage nachts unter 0\u00b0 bleiben, werd ich weiterhin ein (teures) Hotelzimmer buchen, welches heute <a href=\"http:\/\/blog.inmontanis.info\/?p=6145\">[&#8230;]<\/a><\/p>\n","protected":false},"author":1,"featured_media":0,"comment_status":"closed","ping_status":"closed","sticky":false,"template":"","format":"standard","meta":{"footnotes":""},"categories":[183,693,675,59,19,29],"tags":[65,45,47],"class_list":["post-6145","post","type-post","status-publish","format-standard","hentry","category-2020-05-schweden","category-arvidsjaur","category-galtis","category-nostalgie","category-schwedensweden","category-skitourenwalk-ski","tag-nachtski","tag-see","tag-sl","odd"],"_links":{"self":[{"href":"http:\/\/blog.inmontanis.info\/index.php?rest_route=\/wp\/v2\/posts\/6145","targetHints":{"allow":["GET"]}}],"collection":[{"href":"http:\/\/blog.inmontanis.info\/index.php?rest_route=\/wp\/v2\/posts"}],"about":[{"href":"http:\/\/blog.inmontanis.info\/index.php?rest_route=\/wp\/v2\/types\/post"}],"author":[{"embeddable":true,"href":"http:\/\/blog.inmontanis.info\/index.php?rest_route=\/wp\/v2\/users\/1"}],"replies":[{"embeddable":true,"href":"http:\/\/blog.inmontanis.info\/index.php?rest_route=%2Fwp%2Fv2%2Fcomments&post=6145"}],"version-history":[{"count":4,"href":"http:\/\/blog.inmontanis.info\/index.php?rest_route=\/wp\/v2\/posts\/6145\/revisions"}],"predecessor-version":[{"id":6149,"href":"http:\/\/blog.inmontanis.info\/index.php?rest_route=\/wp\/v2\/posts\/6145\/revisions\/6149"}],"wp:attachment":[{"href":"http:\/\/blog.inmontanis.info\/index.php?rest_route=%2Fwp%2Fv2%2Fmedia&parent=6145"}],"wp:term":[{"taxonomy":"category","embeddable":true,"href":"http:\/\/blog.inmontanis.info\/index.php?rest_route=%2Fwp%2Fv2%2Fcategories&post=6145"},{"taxonomy":"post_tag","embeddable":true,"href":"http:\/\/blog.inmontanis.info\/index.php?rest_route=%2Fwp%2Fv2%2Ftags&post=6145"}],"curies":[{"name":"wp","href":"https:\/\/api.w.org\/{rel}","templated":true}]}}