{"id":6141,"date":"2020-06-01T21:23:28","date_gmt":"2020-06-01T19:23:28","guid":{"rendered":"http:\/\/blog.inmontanis.info\/?p=6141"},"modified":"2023-07-01T20:57:42","modified_gmt":"2023-07-01T18:57:42","slug":"hintertuxer-gletscher-31-5-1-6-2020","status":"publish","type":"post","link":"http:\/\/blog.inmontanis.info\/?p=6141","title":{"rendered":"Hintertuxer Gletscher, 31.5.+1.6.2020"},"content":{"rendered":"<p><strong>So, 31.5.2020<\/strong><\/p>\n<p>Am Sonntag war es \u00e4hnlich neblig wie am Samstag, aber leerer und teilweise hatte es auch bessere Sicht. Im unber\u00fchrtem Neuschnee ging&#8217;s mit den Allmountains erwartungsgem\u00e4\u00df besser, aber ich hatte einen ziemlichen Muskelkater in den Oberschenkeln von gestern.<\/p>\n<p>Nachmittags, als nur noch GB3 in Betrieb war, bin ich noch etwas ZwiDeGo gefahren, ging ganz gut, allerdings ist der Einstieg heuer etwas unsch\u00f6ner, aber so blieb ich bis zum Schluss (14:50 meine letzte Bergfahrt, da GB3 &#8220;jetzt nach Corona&#8221; ausnahmsweise nur bis 15 Uhr f\u00e4hrt).<\/p>\n<p><a href='http:\/\/ski.inmontanis.info\/d\/278403-2\/DSC00216.jpg'><img src=http:\/\/ski.inmontanis.info\/d\/278402-3\/DSC00216.jpg \/><\/a><br \/>\n^ Das Mattenfeld kommt mir neu vor ..<\/p>\n<p><a href='http:\/\/ski.inmontanis.info\/d\/278407-2\/DSC00217_001.jpg'><img src=http:\/\/ski.inmontanis.info\/d\/278406-3\/DSC00217_001.jpg \/><\/a><br \/>\n^ Na, wo ist das?<br \/>\n&#8211;<br \/>\n&#8211;<br \/>\n&#8211;<br \/>\n(Aufl\u00f6sung: Beschneiung GW unterhalb der DSB)<\/p>\n<p><strong>Mo, 1.6.2020<\/strong> (Pfingstmontag)<\/p>\n<p>Um 9 Uhr angekommen, war es heute noch voller als vorgestern, der Standard-Parkplatz quasi schon komplett voll (!), das Parkhaus ebenso sehr gut belegt. Da m\u00f6cht ich nicht fr\u00fch morgens die Warteschlangen miterlebt haben. <\/p>\n<p>Die Bergfahrt der 8EUB konnte nach 9 Uhr noch einzeln belegt werden (mit etwas Abwarten), ab GB2 hie\u00df es dann Maskentragen bzw. Halstuch vor dem Mund statt Tin-Whistle im Mund :) Am GB3 gab&#8217;s entsprechend Wartezeiten, daher wie die letzten Tage nur 1x vormittags gefahren. Sogar beide Olperer-SL waren heute in Betrieb.<\/p>\n<p>Die Verl\u00e4ngerung der TSC (oder SCT) wird wohl gut angenommen, so voll wie es heute war. Wobei auch etliche ausl\u00e4ndische Sprachen zu h\u00f6ren waren, zwei Chinesen (oder so \u00e4hnlich), dazu slawische Sprachen und auch etliche Deutsche und auch welche aus ganz \u00d6sterreich. <\/p>\n<p>Der einige Tage alte Neuschne pappte heute aufgrund der durchgehenden Sonnenbestrahlung, aber eben diese machte den heutigen Tag zu einem 5-Sterne-Tag. Offpiste war&#8217;s ostseitig an der 6KSB weich und angenehm zu fahren (wobei es im Laufe des Tages unten etwas pappiger wurde), und so fuhr ich heute einiges, was ich bisher noch nie oder zumindest schon lang nicht mehr gefahren bin und hab etliche neue und alte Perspektiven (wieder) entdeckt.<\/p>\n<p>Zur Feier des Tages (letzter Betriebstag + Sonne + noch etliche Leute) fuhr auch die 6KSB bis ca. 15 Uhr, wobei ich gegen 14:30 das letzte Mal gefahren bin, da ich wenigstens 1x GB3 noch fahren wollte, denn da hab ich von gegen\u00fcber etwas gesehen, was mir gar nicht gefiel, wenn ich das richtig gesehen hab. (Die SL wurden ganz normal um 13:30 eingestellt.)<\/p>\n<p>(Fotos anklicken zum Vergr\u00f6\u00dfern, leider wieder viel zu viele geworden heute.)<\/p>\n<p><a href='http:\/\/ski.inmontanis.info\/d\/278411-2\/DSC00224.jpg'><img src=http:\/\/ski.inmontanis.info\/d\/278410-3\/DSC00224.jpg \/><\/a><br \/>\n^ Endlich ein sonniger Tag<\/p>\n<p><a href='http:\/\/ski.inmontanis.info\/d\/278415-2\/DSC00226.jpg'><img src=http:\/\/ski.inmontanis.info\/d\/278414-3\/DSC00226.jpg \/><\/a><br \/>\n^ TFH-Hang<\/p>\n<p><a href='http:\/\/ski.inmontanis.info\/d\/278419-2\/DSC00228.jpg'><img src=http:\/\/ski.inmontanis.info\/d\/278418-3\/DSC00228.jpg \/><\/a><br \/>\n^ Olperer von GW<\/p>\n<p><a href='http:\/\/ski.inmontanis.info\/d\/278423-2\/DSC00231_001.jpg'><img src=http:\/\/ski.inmontanis.info\/d\/278422-3\/DSC00231_001.jpg \/><\/a><br \/>\n^ Mattenfelder GW<\/p>\n<p><a href='http:\/\/ski.inmontanis.info\/d\/278427-2\/DSC00232.jpg'><img src=http:\/\/ski.inmontanis.info\/d\/278426-3\/DSC00232.jpg \/><\/a><br \/>\n^ Halfpipe gef\u00fcllt und vermattet<\/p>\n<p><a href='http:\/\/ski.inmontanis.info\/d\/278431-2\/DSC00235.jpg'><img src=http:\/\/ski.inmontanis.info\/d\/278430-3\/DSC00235.jpg \/><\/a><br \/>\n^ GW von Olperer<\/p>\n<p><a href='http:\/\/ski.inmontanis.info\/d\/278435-2\/DSC00237.jpg'><img src=http:\/\/ski.inmontanis.info\/d\/278434-3\/DSC00237.jpg \/><\/a><br \/>\n^ Auf der neuen Diagonal-Abfahrt zur 6KSB<\/p>\n<p><a href='http:\/\/ski.inmontanis.info\/d\/278439-2\/DSC00243_001.jpg'><img src=http:\/\/ski.inmontanis.info\/d\/278438-3\/DSC00243_001.jpg \/><\/a><br \/>\n^ Offpiste an der 6KSB<\/p>\n<p><a href='http:\/\/ski.inmontanis.info\/d\/278443-2\/DSC00245.jpg'><img src=http:\/\/ski.inmontanis.info\/d\/278442-3\/DSC00245.jpg \/><\/a><br \/>\n^ Bl\u00f6der Skiweg, aber ich fuhr eh links offpiste<\/p>\n<p><a href='http:\/\/ski.inmontanis.info\/d\/278447-2\/DSC00248_001.jpg'><img src=http:\/\/ski.inmontanis.info\/d\/278446-3\/DSC00248_001.jpg \/><\/a><br \/>\n^ Offpiste an der 6KSB<\/p>\n<p><a href='http:\/\/ski.inmontanis.info\/d\/278451-2\/DSC00250_001.jpg'><img src=http:\/\/ski.inmontanis.info\/d\/278450-3\/DSC00250_001.jpg \/><\/a><br \/>\n^ Offpiste an der 6KSB, gerade war ich direkt rechts vom Felsen, sp\u00e4ter fuhr ich links vom Felsen &#8211; im braunen Schnee gab&#8217;s Meeresrauschen-Firn ;)<\/p>\n<p><a href='http:\/\/ski.inmontanis.info\/d\/278455-2\/DSC00254_001.jpg'><img src=http:\/\/ski.inmontanis.info\/d\/278454-3\/DSC00254_001.jpg \/><\/a><br \/>\n^ 6KSB<\/p>\n<p><a href='http:\/\/ski.inmontanis.info\/d\/278459-2\/DSC00257_001.jpg'><img src=http:\/\/ski.inmontanis.info\/d\/278458-3\/DSC00257_001.jpg \/><\/a><br \/>\n^ Offpiste unter der 6KSB<\/p>\n<p><a href='http:\/\/ski.inmontanis.info\/d\/278463-2\/DSC00259.jpg'><img src=http:\/\/ski.inmontanis.info\/d\/278462-3\/DSC00259.jpg \/><\/a><br \/>\n^ 6KSB<\/p>\n<p><a href='http:\/\/ski.inmontanis.info\/d\/278467-2\/DSC00260.jpg'><img src=http:\/\/ski.inmontanis.info\/d\/278466-3\/DSC00260.jpg \/><\/a><br \/>\n^ Offpiste unter der 6KSB<\/p>\n<p><a href='http:\/\/ski.inmontanis.info\/d\/278471-2\/DSC00261_001.jpg'><img src=http:\/\/ski.inmontanis.info\/d\/278470-3\/DSC00261_001.jpg \/><\/a><br \/>\n^ Offpiste unter der 6KSB. Glaub, das St\u00fcck bin ich noch nie gefahren<\/p>\n<p><a href='http:\/\/ski.inmontanis.info\/d\/278475-2\/DSC00269_001.jpg'><img src=http:\/\/ski.inmontanis.info\/d\/278474-3\/DSC00269_001.jpg \/><\/a><br \/>\n^ Vor einigen Jahren war hier noch alles Gletscher, jetzt muss man sich seinen Weg durch die Felsen suchen. Eng, aber es ging.<\/p>\n<p><a href='http:\/\/ski.inmontanis.info\/d\/278479-2\/DSC00270.jpg'><img src=http:\/\/ski.inmontanis.info\/d\/278478-3\/DSC00270.jpg \/><\/a><br \/>\n^ Offpiste an der 6KSB, gerade die Rinne links der Mitte befahren, als n\u00e4chstes stand die Rinne rechts der Mitte auf dem Plan<\/p>\n<p><a href='http:\/\/ski.inmontanis.info\/d\/278483-2\/DSC00280_001.jpg'><img src=http:\/\/ski.inmontanis.info\/d\/278482-3\/DSC00280_001.jpg \/><\/a><br \/>\n^ Rechter SL Kaserer<\/p>\n<p><a href='http:\/\/ski.inmontanis.info\/d\/278487-2\/DSC00283.jpg'><img src=http:\/\/ski.inmontanis.info\/d\/278486-3\/DSC00283.jpg \/><\/a><br \/>\n^ Rechter SL Kaserer<\/p>\n<p><a href='http:\/\/ski.inmontanis.info\/d\/278491-2\/DSC00284_001.jpg'><img src=http:\/\/ski.inmontanis.info\/d\/278490-3\/DSC00284_001.jpg \/><\/a><br \/>\n^ Kaserer<\/p>\n<p><a href='http:\/\/ski.inmontanis.info\/d\/278495-2\/DSC00289_001.jpg'><img src=http:\/\/ski.inmontanis.info\/d\/278494-3\/DSC00289_001.jpg \/><\/a><br \/>\n^ Hier oben ists mittlerweile auch ganz sch\u00f6n felsig &#8230;<\/p>\n<p><a href='http:\/\/ski.inmontanis.info\/d\/278499-2\/DSC00291_001.jpg'><img src=http:\/\/ski.inmontanis.info\/d\/278498-3\/DSC00291_001.jpg \/><\/a><br \/>\n^ R\u00fcckseitenpano vom Kaserer<\/p>\n<p><a href='http:\/\/ski.inmontanis.info\/d\/278503-2\/DSC00295.jpg'><img src=http:\/\/ski.inmontanis.info\/d\/278502-3\/DSC00295.jpg \/><\/a><br \/>\n^ .. bin schon ewig nicht mehr hier oben am \u00dcbergang gewesen, wo man vom Kaserer auf die R\u00fcckseite schauen kann ..<\/p>\n<p><a href='http:\/\/ski.inmontanis.info\/d\/278511-2\/DSC00309.jpg'><img src=http:\/\/ski.inmontanis.info\/d\/278510-3\/DSC00309.jpg \/><\/a><br \/>\n^ R\u00fcckseitenpano vom Kaserer<\/p>\n<p><a href='http:\/\/ski.inmontanis.info\/d\/278507-2\/DSC00311_001.jpg'><img src=http:\/\/ski.inmontanis.info\/d\/278506-3\/DSC00311_001.jpg \/><\/a><br \/>\n^ R\u00fcckseitenpano vom Kaserer. Schade, dass das Skigebiet hier nie erweitert wurde, s\u00e4he nett aus. Und ein Zubringer vom Tal aus w\u00fcrde die Besucher aus Innsbruck und Italien wohl vervielfachen<\/p>\n<p><a href='http:\/\/ski.inmontanis.info\/d\/278515-2\/DSC00313_001.jpg'><img src=http:\/\/ski.inmontanis.info\/d\/278514-3\/DSC00313_001.jpg \/><\/a><br \/>\n^ R\u00fcckseitenpano vom Kaserer<\/p>\n<p><a href='http:\/\/ski.inmontanis.info\/d\/278519-2\/DSC00319.jpg'><img src=http:\/\/ski.inmontanis.info\/d\/278518-3\/DSC00319.jpg \/><\/a><br \/>\n^ Beide Kaserer-SL, 6KSB, 10EUB, DSB, GB3<\/p>\n<p><a href='http:\/\/ski.inmontanis.info\/d\/278523-2\/DSC00321.jpg'><img src=http:\/\/ski.inmontanis.info\/d\/278522-3\/DSC00321.jpg \/><\/a><br \/>\n^ Kaserer-Pano<\/p>\n<p><a href='http:\/\/ski.inmontanis.info\/d\/278527-2\/DSC00322.jpg'><img src=http:\/\/ski.inmontanis.info\/d\/278526-3\/DSC00322.jpg \/><\/a><br \/>\n^ Felsen rechts vom rechten SL Kaserer<\/p>\n<p><a href='http:\/\/ski.inmontanis.info\/d\/278531-2\/DSC00327.jpg'><img src=http:\/\/ski.inmontanis.info\/d\/278530-3\/DSC00327.jpg \/><\/a><br \/>\n^ Talstation 6KSB L\u00e4rmstange 2 und Bauarbeiten f\u00fcr die 1. Sektion<\/p>\n<p><a href='http:\/\/ski.inmontanis.info\/d\/278535-2\/DSC00328_001.jpg'><img src=http:\/\/ski.inmontanis.info\/d\/278534-3\/DSC00328_001.jpg \/><\/a><br \/>\n^ Linker SL Kaserer<\/p>\n<p><a href='http:\/\/ski.inmontanis.info\/d\/278539-2\/DSC00331_001.jpg'><img src=http:\/\/ski.inmontanis.info\/d\/278538-3\/DSC00331_001.jpg \/><\/a><br \/>\n^ Kaserer + 6KSB<\/p>\n<p><a href='http:\/\/ski.inmontanis.info\/d\/278543-2\/DSC00332.jpg'><img src=http:\/\/ski.inmontanis.info\/d\/278542-3\/DSC00332.jpg \/><\/a><br \/>\n^ Offpiste an der 6KSB. Die Felsen haben den Vorteil, dass man mehr Varianten hat<\/p>\n<p><a href='http:\/\/ski.inmontanis.info\/d\/278547-2\/DSC00334.jpg'><img src=http:\/\/ski.inmontanis.info\/d\/278546-3\/DSC00334.jpg \/><\/a><br \/>\n^ die steilen Offpisteh\u00e4nge an der 6KSB<\/p>\n<p><a href='http:\/\/ski.inmontanis.info\/d\/278551-2\/DSC00338.jpg'><img src=http:\/\/ski.inmontanis.info\/d\/278550-3\/DSC00338.jpg \/><\/a><br \/>\n^ Offpiste unter der 6KSB, nicht nur von mir heute befahren<\/p>\n<p><a href='http:\/\/ski.inmontanis.info\/d\/278555-2\/DSC00339.jpg'><img src=http:\/\/ski.inmontanis.info\/d\/278554-3\/DSC00339.jpg \/><\/a><br \/>\n^ Offpiste unter der 6KSB<\/p>\n<p><a href='http:\/\/ski.inmontanis.info\/d\/278559-2\/DSC00341.jpg'><img src=http:\/\/ski.inmontanis.info\/d\/278558-3\/DSC00341.jpg \/><\/a><br \/>\n^ Links die neue Diagonal-Abfahrt zur 6KSB, gefiel mir das WE sehr<\/p>\n<p><a href='http:\/\/ski.inmontanis.info\/d\/278563-2\/DSC00346.jpg'><img src=http:\/\/ski.inmontanis.info\/d\/278562-3\/DSC00346.jpg \/><\/a><br \/>\n^ Rechter SL Kaserer<\/p>\n<p><a href='http:\/\/ski.inmontanis.info\/d\/278567-2\/DSC00348.jpg'><img src=http:\/\/ski.inmontanis.info\/d\/278566-3\/DSC00348.jpg \/><\/a><br \/>\n^ Linker SL Kaserer. Unsch\u00f6n, wie sichtbar die Felsen im Juni sind.<\/p>\n<p><a href='http:\/\/ski.inmontanis.info\/d\/278571-2\/DSC00350.jpg'><img src=http:\/\/ski.inmontanis.info\/d\/278570-3\/DSC00350.jpg \/><\/a><br \/>\n^ \u00dcbergang Kaserer-Olperer<\/p>\n<p><a href='http:\/\/ski.inmontanis.info\/d\/278575-2\/DSC00352.jpg'><img src=http:\/\/ski.inmontanis.info\/d\/278574-3\/DSC00352.jpg \/><\/a><br \/>\n^ Was das wohl ist und warum das vermattet ist? Ist am rechten SL Kaserer<\/p>\n<p><a href='http:\/\/ski.inmontanis.info\/d\/278579-2\/DSC00356.jpg'><img src=http:\/\/ski.inmontanis.info\/d\/278578-3\/DSC00356.jpg \/><\/a><br \/>\n^ Ist unter diesen Schneehaufen die Felsinsel? Standen hier Schneefangz\u00e4une? Hat man hier Schnee verschoben?<\/p>\n<p><a href='http:\/\/ski.inmontanis.info\/d\/278583-2\/DSC00357.jpg'><img src=http:\/\/ski.inmontanis.info\/d\/278582-3\/DSC00357.jpg \/><\/a><br \/>\n^ Blick zum Mattendepot am SL Olperer<\/p>\n<p><a href='http:\/\/ski.inmontanis.info\/d\/278587-2\/DSC00360.jpg'><img src=http:\/\/ski.inmontanis.info\/d\/278586-3\/DSC00360.jpg \/><\/a><br \/>\n^ Meeresrauschen-Firn gab&#8217;s hier im Steilen. Daher 2x von der 6KSB m\u00fchsam r\u00fcbergeschoben<\/p>\n<p><a href='http:\/\/ski.inmontanis.info\/d\/278591-2\/DSC00362.jpg'><img src=http:\/\/ski.inmontanis.info\/d\/278590-3\/DSC00362.jpg \/><\/a><br \/>\n^ .. ist der Hang unterhalb des Kaserer-Olperer-\u00dcbergangs  (Oberer Kasererweg)<\/p>\n<p><a href='http:\/\/ski.inmontanis.info\/d\/278595-2\/DSC00366.jpg'><img src=http:\/\/ski.inmontanis.info\/d\/278594-3\/DSC00366.jpg \/><\/a><br \/>\n^ .. so steil, dass man sogar die Sonne mit ins Bild bekommt ;) Zisch, zisch, zisch macht der Firn<\/p>\n<p><a href='http:\/\/ski.inmontanis.info\/d\/278599-2\/DSC00368.jpg'><img src=http:\/\/ski.inmontanis.info\/d\/278598-3\/DSC00368.jpg \/><\/a><br \/>\n^ Von der 6KSB zum TFH. Seit der Neutrassierung vor einigen Jahren auch wesentlich interessanter, weil der Skiweg k\u00fcrzer ist.<\/p>\n<p><a href='http:\/\/ski.inmontanis.info\/d\/278603-2\/DSC00369.jpg'><img src=http:\/\/ski.inmontanis.info\/d\/278602-3\/DSC00369.jpg \/><\/a><br \/>\n^ Schneedepot am TFH<\/p>\n<p><a href='http:\/\/ski.inmontanis.info\/d\/278607-2\/DSC00370.jpg'><img src=http:\/\/ski.inmontanis.info\/d\/278606-3\/DSC00370.jpg \/><\/a><br \/>\n^ Im Tal rechts vom Bild sind jetzt um 14:50 etliche Skifahrer unterwegs. Die werden hoffentlich wissen, was sie tun. Wobei ich nicht wei\u00df, ob GB2+GB3 momentan auch fr\u00fcher schlie\u00dfen, aber der Fu\u00dfweg am Schneeende zur Mittelstation d\u00fcrfte strecken- und zeitm\u00e4\u00dfig nicht ohne sein.<\/p>\n<p><a href='http:\/\/ski.inmontanis.info\/d\/278611-2\/DSC00371.jpg'><img src=http:\/\/ski.inmontanis.info\/d\/278610-3\/DSC00371.jpg \/><\/a><br \/>\n^ DSB und Beschneiung<\/p>\n<p><a href='http:\/\/ski.inmontanis.info\/d\/278615-2\/DSC00372.jpg'><img src=http:\/\/ski.inmontanis.info\/d\/278614-3\/DSC00372.jpg \/><\/a><br \/>\n^ Beschneiung unter der DSB<\/p>\n<p><a href='http:\/\/ski.inmontanis.info\/d\/278619-2\/DSC00375.jpg'><img src=http:\/\/ski.inmontanis.info\/d\/278618-3\/DSC00375.jpg \/><\/a><br \/>\n^ SL GW und Olperer<\/p>\n<p><a href='http:\/\/ski.inmontanis.info\/d\/278623-2\/DSC00377.jpg'><img src=http:\/\/ski.inmontanis.info\/d\/278622-3\/DSC00377.jpg \/><\/a><br \/>\n^ Bauarbeiten an der Beschneiung<\/p>\n<p><a href='http:\/\/ski.inmontanis.info\/d\/278627-2\/DSC00378.jpg'><img src=http:\/\/ski.inmontanis.info\/d\/278626-3\/DSC00378.jpg \/><\/a><br \/>\n^ Etwas unsch\u00f6n die obere Zufahrt zu den ZwiDeGo-Varianten<\/p>\n<p><a href='http:\/\/ski.inmontanis.info\/d\/278631-2\/DSC00379.jpg'><img src=http:\/\/ski.inmontanis.info\/d\/278630-3\/DSC00379.jpg \/><\/a><br \/>\n^ .. man hat den Schneeh\u00fcgel an den DSB-Gletscherst\u00fctzen mal wieder verbreitert<\/p>\n<p>Ja, warum ich zum Schluss nicht ZwiDeGo gefahren bin, weil ich mich vergewissern wollte, das ich das von gegen\u00fcber aus richtig gesehen und gedeutet hab:<\/p>\n<p><a href='http:\/\/ski.inmontanis.info\/d\/278635-2\/DSC00380.jpg'><img src=http:\/\/ski.inmontanis.info\/d\/278634-3\/DSC00380.jpg \/><\/a><br \/>\n^ Weniger sch\u00f6n: Die Zufahrt zur DSB ist komplett vermattet. Ob das hei\u00dft, dass die den Sommer \u00fcber geschlossen bleibt? :-(<br \/>\nWobei mir ein Betrieb der 10EUB ja wichtiger w\u00e4re: erstens weniger Fu\u00dfweg morgens, zweitens eine gut durchl\u00fcftete Gondel allein.<\/p>\n<p><a href='http:\/\/ski.inmontanis.info\/d\/278639-2\/ge20200530-0601b.jpg'><img src=http:\/\/ski.inmontanis.info\/d\/278638-3\/ge20200530-0601b.jpg \/><\/a><br \/>\n^ GPS-Track 30.5.-1.6.2020 (Magenta -> Gr\u00fcn -> Blau)<br \/>\nDer Fokus lag, wie nicht anders zu erwarten, auf der Kasererseite, weil eben nur dieses WE offen. Und den Rest kann ich die n\u00e4chsten Wochen und Monate noch fahren.<\/p>\n<p>(Fortsetzung folgt.)<\/p>\n","protected":false},"excerpt":{"rendered":"<p>So, 31.5.2020<\/p>\n<p>Am Sonntag war es \u00e4hnlich neblig wie am Samstag, aber leerer und teilweise hatte es auch bessere Sicht. Im unber\u00fchrtem Neuschnee ging&#8217;s mit den Allmountains erwartungsgem\u00e4\u00df besser, aber ich hatte einen ziemlichen Muskelkater in den Oberschenkeln von gestern.<\/p>\n<p>Nachmittags, als nur noch GB3 in Betrieb war, bin ich noch etwas ZwiDeGo gefahren, ging <a href=\"http:\/\/blog.inmontanis.info\/?p=6141\">[&#8230;]<\/a><\/p>\n","protected":false},"author":1,"featured_media":0,"comment_status":"closed","ping_status":"closed","sticky":false,"template":"","format":"standard","meta":{"footnotes":""},"categories":[246,25,13,28],"tags":[56,38,78,47],"class_list":["post-6141","post","type-post","status-publish","format-standard","hentry","category-hintertux","category-noreport","category-austria","category-skifahren-sommer","tag-6sb","tag-dsb","tag-restschnee","tag-sl","odd"],"_links":{"self":[{"href":"http:\/\/blog.inmontanis.info\/index.php?rest_route=\/wp\/v2\/posts\/6141","targetHints":{"allow":["GET"]}}],"collection":[{"href":"http:\/\/blog.inmontanis.info\/index.php?rest_route=\/wp\/v2\/posts"}],"about":[{"href":"http:\/\/blog.inmontanis.info\/index.php?rest_route=\/wp\/v2\/types\/post"}],"author":[{"embeddable":true,"href":"http:\/\/blog.inmontanis.info\/index.php?rest_route=\/wp\/v2\/users\/1"}],"replies":[{"embeddable":true,"href":"http:\/\/blog.inmontanis.info\/index.php?rest_route=%2Fwp%2Fv2%2Fcomments&post=6141"}],"version-history":[{"count":3,"href":"http:\/\/blog.inmontanis.info\/index.php?rest_route=\/wp\/v2\/posts\/6141\/revisions"}],"predecessor-version":[{"id":6144,"href":"http:\/\/blog.inmontanis.info\/index.php?rest_route=\/wp\/v2\/posts\/6141\/revisions\/6144"}],"wp:attachment":[{"href":"http:\/\/blog.inmontanis.info\/index.php?rest_route=%2Fwp%2Fv2%2Fmedia&parent=6141"}],"wp:term":[{"taxonomy":"category","embeddable":true,"href":"http:\/\/blog.inmontanis.info\/index.php?rest_route=%2Fwp%2Fv2%2Fcategories&post=6141"},{"taxonomy":"post_tag","embeddable":true,"href":"http:\/\/blog.inmontanis.info\/index.php?rest_route=%2Fwp%2Fv2%2Ftags&post=6141"}],"curies":[{"name":"wp","href":"https:\/\/api.w.org\/{rel}","templated":true}]}}