{"id":6138,"date":"2020-05-11T12:58:48","date_gmt":"2020-05-11T10:58:48","guid":{"rendered":"http:\/\/blog.inmontanis.info\/?p=6138"},"modified":"2023-08-05T16:05:25","modified_gmt":"2023-08-05T14:05:25","slug":"viterliden-linbana-11-5-2020","status":"publish","type":"post","link":"http:\/\/blog.inmontanis.info\/?p=6138","title":{"rendered":"Viterliden &#038; Linbana, 11.5.2020"},"content":{"rendered":"<p><strong>Final Escape Sweden, 7.5.2020-23.5.2020<br \/>\nTag 5: MO, 11.5.2020 &#8211; Linbana &#038; Galtis<\/strong> (km 3.395, Diff. 382)<br \/>\n<em>Aufgrund der vielen Fotos aufgeteilt in 2 Teile<\/em><br \/>\n<strong>Teil 1: Viterliden &#038; Linbana<\/strong><\/p>\n<p>Heute h\u00e4tte ich mal wieder die Linbana-Reste besuchen und ein oder zwei H\u00fcgel in der Gegend mit Skiern erklimmen wollen. Morgen wollte ich dann das Skigebiet Galtis mit einer Skitour besuchen. Aber die Wettervorhersagen meinten, heute Nachmittag+Abend in Galtis sonnig, morgen nicht mehr. Also wollte ich heut Nachmittag dort ankommen. <\/p>\n<p>Im Bereich der Linbana lag \u00fcberall noch mehr Schnee als erwartet, so dass etliche Zufahrten noch verschneit und selbst Fu\u00dfwege schwierig gewesen w\u00e4ren, so besuchte ich schlussendlich doch nur die beiden Stationen, die zuletzt in Betrieb waren und fuhr auch nicht mehr bis zur Endstation Boliden weiter. <\/p>\n<p>In Kristineberg, dem anderen Ende, sah ich statt \u00dcberreste von der Materialseilbahn aber ein Schild zu einem Skilift, den ich nat\u00fcrlich folgen musste&#8230;<\/p>\n<p>(Fotos anklicken zum Vergr\u00f6\u00dfern)<\/p>\n<p><a href='http:\/\/extra.inmontanis.info\/d\/58895-2\/scn2020h.jpg'><img src=http:\/\/extra.inmontanis.info\/d\/58894-3\/scn2020h.jpg \/><\/a><br \/>\n^  Hellblau von Lycksele bis Arjeplog: Fahrstrecke 11.5.2020 (382 km)<br \/>\nF: Viterliden \/ Kristineberg (Teil 1)<br \/>\nG: Linbana (Teil 1)<br \/>\nH: Pr\u00e4stberget \/ Arvidsjaur (Teil 2)<br \/>\nI: Skitour Galtis \/ Arjeplog (Teil 2)<\/p>\n<p><a href='http:\/\/extra.inmontanis.info\/d\/58891-2\/DSC08155.jpg'><img src=http:\/\/extra.inmontanis.info\/d\/58890-3\/DSC08155.jpg \/><\/a><br \/>\n^ 363 \/ Vindel\u00e4lven. Warum sind die Fl\u00fcsse und Seen in Skandinavien nur immer so sch\u00f6n tiefblau?<\/p>\n<p><a href='http:\/\/ski.inmontanis.info\/d\/278103-2\/DSC08157.jpg'><img src=http:\/\/ski.inmontanis.info\/d\/278101-3\/DSC08157.jpg \/><\/a><br \/>\n^ Auffahrt ins Skigebiet Viterliden in Kristineberg<\/p>\n<p><a href='http:\/\/ski.inmontanis.info\/d\/278107-2\/DSC08158.jpg'><img src=http:\/\/ski.inmontanis.info\/d\/278106-3\/DSC08158.jpg \/><\/a><br \/>\n^ Evtl. stand da mal ein \u00dcbungslift?<\/p>\n<p><a href='http:\/\/ski.inmontanis.info\/d\/278111-2\/DSC08161.jpg'><img src=http:\/\/ski.inmontanis.info\/d\/278110-3\/DSC08161.jpg \/><\/a><br \/>\n^ Viterliden<\/p>\n<p><a href='http:\/\/ski.inmontanis.info\/d\/278115-2\/DSC08162.jpg'><img src=http:\/\/ski.inmontanis.info\/d\/278114-3\/DSC08162.jpg \/><\/a><br \/>\n^ Rustikal wird damit wohl die Piste pr\u00e4pariert<\/p>\n<p><a href='http:\/\/ski.inmontanis.info\/d\/278119-2\/DSC08163.jpg'><img src=http:\/\/ski.inmontanis.info\/d\/278118-3\/DSC08163.jpg \/><\/a><br \/>\n^ Der Parkplatz befindet sich am Gipfel, der SL auf der anderen Seite<\/p>\n<p><a href='http:\/\/ski.inmontanis.info\/d\/278123-2\/DSC08164.jpg'><img src=http:\/\/ski.inmontanis.info\/d\/278122-3\/DSC08164.jpg \/><\/a><br \/>\n^ Interessantes altes Teil. Bedeutet die Rolle links, dass die gesamte Bergstation nicht fix verschraubt ist, sondern dadurch abgespannt wird?<\/p>\n<p><a href='http:\/\/ski.inmontanis.info\/d\/278127-2\/DSC08165.jpg'><img src=http:\/\/ski.inmontanis.info\/d\/278126-3\/DSC08165.jpg \/><\/a><br \/>\n^ Scheinen noch gummilose Seilrollen zu sein, das gibt ein sch\u00f6nes Gerassel, erinnert mich an den alten SL, den ich letztes Jahr in Schweden fahren durfte ;)<\/p>\n<p><a href='http:\/\/ski.inmontanis.info\/d\/278131-2\/DSC08167.jpg'><img src=http:\/\/ski.inmontanis.info\/d\/278130-3\/DSC08167.jpg \/><\/a><br \/>\n^ St\u00fctze, leider sank man zu stark im Schnee ein, so dass ich nicht weiter vor konnte<\/p>\n<p><a href='http:\/\/ski.inmontanis.info\/d\/278135-2\/DSC08168.jpg'><img src=http:\/\/ski.inmontanis.info\/d\/278134-3\/DSC08168.jpg \/><\/a><br \/>\n^ Abfahrtshang, lt. Sat-Bild gibts links und rechts noch eine Umfahrung<\/p>\n<p><a href='http:\/\/ski.inmontanis.info\/d\/278139-2\/DSC08169.jpg'><img src=http:\/\/ski.inmontanis.info\/d\/278138-3\/DSC08169.jpg \/><\/a><br \/>\n^ Die untersten St\u00fctzen scheinen leichter gebaut zu sein?!<\/p>\n<p><a href='http:\/\/ski.inmontanis.info\/d\/278143-2\/DSC08170.jpg'><img src=http:\/\/ski.inmontanis.info\/d\/278142-3\/DSC08170.jpg \/><\/a><br \/>\n^ Bergstation, so schr\u00e4g wie die steht scheint das mit der Abspannung wohl tats\u00e4chlich so zu sein..<\/p>\n<p><a href='http:\/\/ski.inmontanis.info\/d\/278147-2\/DSC08172.jpg'><img src=http:\/\/ski.inmontanis.info\/d\/278146-3\/DSC08172.jpg \/><\/a><br \/>\n^ Gipfel<\/p>\n<p><a href='http:\/\/ski.inmontanis.info\/d\/278151-2\/DSC08173.jpg'><img src=http:\/\/ski.inmontanis.info\/d\/278150-3\/DSC08173.jpg \/><\/a><br \/>\n^ Leider sank man im Schnee zu tief ein und ich hatte nur die Winterstiefel an<\/p>\n<p>Keine Ahnung ob der Lift noch in Betrieb ist, gefunden hab ich im WWW mal nichts dergleichen. Mit den Tourenski den Hang abzufahren und wieder aufzusteigen hatte ich aber auch keine Lust, einerseits weil ich eh in Arjeplog\/Galtis sp\u00e4ter noch eine Skitour machen wollte, andererseits weil ich ungern erst das Vergn\u00fcgen der Abfahrt und danach den Schwei\u00df des Aufstiegs haben m\u00f6chte.<\/p>\n<p>Die Linbana hatte ich ja im Sommer 2006, w\u00e4hrend meiner ersten Skandinavienreise, besucht und konnte damals auch mit ihr fahren. Sie war damals nur im Sommer und t\u00e4glich nur f\u00fcr eine Fahrt ge\u00f6ffnet, wobei man an beiden Stationen einsteigen konnte, retour gings dann mit dem Bus. In den letzten Jahren war sie meines Wissens aus irgendwelchen Gr\u00fcnden (vermutlich kein Geld f\u00fcr irgendwelche Instandhaltungsarbeiten) gar nicht mehr in Betrieb.<\/p>\n<p><a href='http:\/\/ski.inmontanis.info\/d\/278155-2\/DSC08176.jpg'><img src=http:\/\/ski.inmontanis.info\/d\/278154-3\/DSC08176.jpg \/><\/a><\/p>\n<p><a href='http:\/\/ski.inmontanis.info\/d\/278159-2\/DSC08177.jpg'><img src=http:\/\/ski.inmontanis.info\/d\/278158-3\/DSC08177.jpg \/><\/a><\/p>\n<p><a href='http:\/\/ski.inmontanis.info\/d\/278163-2\/DSC08179.jpg'><img src=http:\/\/ski.inmontanis.info\/d\/278162-3\/DSC08179.jpg \/><\/a><\/p>\n<p><a href='http:\/\/ski.inmontanis.info\/d\/278167-2\/DSC08180.jpg'><img src=http:\/\/ski.inmontanis.info\/d\/278166-3\/DSC08180.jpg \/><\/a><\/p>\n<p><a href='http:\/\/ski.inmontanis.info\/d\/278171-2\/DSC08182.jpg'><img src=http:\/\/ski.inmontanis.info\/d\/278170-3\/DSC08182.jpg \/><\/a><\/p>\n<p><a href='http:\/\/ski.inmontanis.info\/d\/278175-2\/DSC08184.jpg'><img src=http:\/\/ski.inmontanis.info\/d\/278174-3\/DSC08184.jpg \/><\/a><\/p>\n<p><a href='http:\/\/ski.inmontanis.info\/d\/278179-2\/DSC08187.jpg'><img src=http:\/\/ski.inmontanis.info\/d\/278178-3\/DSC08187.jpg \/><\/a><\/p>\n<p><a href='http:\/\/ski.inmontanis.info\/d\/278183-2\/DSC08192.jpg'><img src=http:\/\/ski.inmontanis.info\/d\/278182-3\/DSC08192.jpg \/><\/a><\/p>\n<p><a href='http:\/\/ski.inmontanis.info\/d\/278187-2\/DSC08193.jpg'><img src=http:\/\/ski.inmontanis.info\/d\/278186-3\/DSC08193.jpg \/><\/a><\/p>\n<p><a href='http:\/\/ski.inmontanis.info\/d\/278191-2\/DSC08194.jpg'><img src=http:\/\/ski.inmontanis.info\/d\/278190-3\/DSC08194.jpg \/><\/a><\/p>\n<p><a href='http:\/\/ski.inmontanis.info\/d\/278195-2\/DSC08196.jpg'><img src=http:\/\/ski.inmontanis.info\/d\/278194-3\/DSC08196.jpg \/><\/a><\/p>\n<p><a href='http:\/\/ski.inmontanis.info\/d\/278199-2\/DSC08197.jpg'><img src=http:\/\/ski.inmontanis.info\/d\/278198-3\/DSC08197.jpg \/><\/a><br \/>\n^ Station Menstr\u00e4sk<\/p>\n<p><a href='http:\/\/ski.inmontanis.info\/d\/278203-2\/DSC08198.jpg'><img src=http:\/\/ski.inmontanis.info\/d\/278202-3\/DSC08198.jpg \/><\/a><\/p>\n<p><a href='http:\/\/ski.inmontanis.info\/d\/278207-2\/DSC08199.jpg'><img src=http:\/\/ski.inmontanis.info\/d\/278206-3\/DSC08199.jpg \/><\/a><\/p>\n<p><a href='http:\/\/ski.inmontanis.info\/d\/278211-2\/DSC08201.jpg'><img src=http:\/\/ski.inmontanis.info\/d\/278210-3\/DSC08201.jpg \/><\/a><br \/>\n^ Station Menstr\u00e4sk, die Endstation der f\u00fcr Personen ge\u00f6ffnete Teil der Linbana<\/p>\n<p><a href='http:\/\/ski.inmontanis.info\/d\/278215-2\/DSC08202.jpg'><img src=http:\/\/ski.inmontanis.info\/d\/278214-3\/DSC08202.jpg \/><\/a><\/p>\n<p><a href='http:\/\/ski.inmontanis.info\/d\/278219-2\/DSC08203.jpg'><img src=http:\/\/ski.inmontanis.info\/d\/278218-3\/DSC08203.jpg \/><\/a><\/p>\n<p><a href='http:\/\/ski.inmontanis.info\/d\/278223-2\/DSC08204.jpg'><img src=http:\/\/ski.inmontanis.info\/d\/278222-3\/DSC08204.jpg \/><\/a><\/p>\n<p><a href='http:\/\/ski.inmontanis.info\/d\/278227-2\/DSC08206.jpg'><img src=http:\/\/ski.inmontanis.info\/d\/278226-3\/DSC08206.jpg \/><\/a><\/p>\n<p><a href='http:\/\/ski.inmontanis.info\/d\/278231-2\/DSC08207.jpg'><img src=http:\/\/ski.inmontanis.info\/d\/278230-3\/DSC08207.jpg \/><\/a><\/p>\n<p><a href='http:\/\/ski.inmontanis.info\/d\/278235-2\/DSC08208.jpg'><img src=http:\/\/ski.inmontanis.info\/d\/278234-3\/DSC08208.jpg \/><\/a><\/p>\n<p><a href='http:\/\/ski.inmontanis.info\/d\/278239-2\/DSC08209.jpg'><img src=http:\/\/ski.inmontanis.info\/d\/278238-3\/DSC08209.jpg \/><\/a><br \/>\n^ Gleich hinter der Station ist der See<\/p>\n<p><a href='http:\/\/ski.inmontanis.info\/d\/278243-2\/DSC08212.jpg'><img src=http:\/\/ski.inmontanis.info\/d\/278242-3\/DSC08212.jpg \/><\/a><\/p>\n<p><a href='http:\/\/ski.inmontanis.info\/d\/278247-2\/DSC08214.jpg'><img src=http:\/\/ski.inmontanis.info\/d\/278246-3\/DSC08214.jpg \/><\/a><\/p>\n<p><a href='http:\/\/ski.inmontanis.info\/d\/278251-2\/DSC08215.jpg'><img src=http:\/\/ski.inmontanis.info\/d\/278250-3\/DSC08215.jpg \/><\/a><\/p>\n<p><a href='http:\/\/ski.inmontanis.info\/d\/278255-2\/DSC08217.jpg'><img src=http:\/\/ski.inmontanis.info\/d\/278254-3\/DSC08217.jpg \/><\/a><\/p>\n<p><a href='http:\/\/ski.inmontanis.info\/d\/278259-2\/DSC08220.jpg'><img src=http:\/\/ski.inmontanis.info\/d\/278258-3\/DSC08220.jpg \/><\/a><\/p>\n<p><a href='http:\/\/ski.inmontanis.info\/d\/278263-2\/DSC08223.jpg'><img src=http:\/\/ski.inmontanis.info\/d\/278262-3\/DSC08223.jpg \/><\/a><\/p>\n<p><a href='http:\/\/ski.inmontanis.info\/d\/278267-2\/DSC08224.jpg'><img src=http:\/\/ski.inmontanis.info\/d\/278266-3\/DSC08224.jpg \/><\/a><\/p>\n<p><a href='http:\/\/ski.inmontanis.info\/d\/278271-2\/DSC08225.jpg'><img src=http:\/\/ski.inmontanis.info\/d\/278270-3\/DSC08225.jpg \/><\/a><\/p>\n<p><a href='http:\/\/ski.inmontanis.info\/d\/278275-2\/DSC08227.jpg'><img src=http:\/\/ski.inmontanis.info\/d\/278274-3\/DSC08227.jpg \/><\/a><br \/>\n^ Station \u00d6rtr\u00e4sk bzw. Bjurfors<\/p>\n<p><a href='http:\/\/ski.inmontanis.info\/d\/278279-2\/DSC08228.jpg'><img src=http:\/\/ski.inmontanis.info\/d\/278278-3\/DSC08228.jpg \/><\/a><\/p>\n<p><a href='http:\/\/ski.inmontanis.info\/d\/278283-2\/DSC08229.jpg'><img src=http:\/\/ski.inmontanis.info\/d\/278282-3\/DSC08229.jpg \/><\/a><\/p>\n<p><a href='http:\/\/ski.inmontanis.info\/d\/278287-2\/DSC08231.jpg'><img src=http:\/\/ski.inmontanis.info\/d\/278286-3\/DSC08231.jpg \/><\/a><\/p>\n<p><a href='http:\/\/ski.inmontanis.info\/d\/278291-2\/DSC08232.jpg'><img src=http:\/\/ski.inmontanis.info\/d\/278290-3\/DSC08232.jpg \/><\/a><\/p>\n<p><a href='http:\/\/ski.inmontanis.info\/d\/278295-2\/DSC08233.jpg'><img src=http:\/\/ski.inmontanis.info\/d\/278294-3\/DSC08233.jpg \/><\/a><br \/>\n^ Infotafel, die Materialseilbahn wurde 1942-43 gebaut und war 96 km lang (!) und bis 1987 in Betrieb, ab 1989 konnte man eine Sektion mit 13km L\u00e4nge mit Personenkabinen befahren<\/p>\n<p><a href='http:\/\/ski.inmontanis.info\/d\/278299-2\/DSC08235.jpg'><img src=http:\/\/ski.inmontanis.info\/d\/278298-3\/DSC08235.jpg \/><\/a><\/p>\n<p><a href='http:\/\/ski.inmontanis.info\/d\/278303-2\/DSC08236.jpg'><img src=http:\/\/ski.inmontanis.info\/d\/278302-3\/DSC08236.jpg \/><\/a><\/p>\n<p><a href='http:\/\/ski.inmontanis.info\/d\/278307-2\/DSC08239.jpg'><img src=http:\/\/ski.inmontanis.info\/d\/278306-3\/DSC08239.jpg \/><\/a><\/p>\n<p><a href='http:\/\/ski.inmontanis.info\/d\/278311-2\/DSC08240.jpg'><img src=http:\/\/ski.inmontanis.info\/d\/278310-3\/DSC08240.jpg \/><\/a><\/p>\n<p><a href='http:\/\/ski.inmontanis.info\/d\/278315-2\/DSC08242.jpg'><img src=http:\/\/ski.inmontanis.info\/d\/278314-3\/DSC08242.jpg \/><\/a><\/p>\n<p><a href='http:\/\/ski.inmontanis.info\/d\/278319-2\/DSC08243.jpg'><img src=http:\/\/ski.inmontanis.info\/d\/278318-3\/DSC08243.jpg \/><\/a><\/p>\n<p><a href='http:\/\/ski.inmontanis.info\/d\/278323-2\/DSC08247.jpg'><img src=http:\/\/ski.inmontanis.info\/d\/278322-3\/DSC08247.jpg \/><\/a><\/p>\n<p><a href='http:\/\/ski.inmontanis.info\/d\/278327-2\/DSC08248.jpg'><img src=http:\/\/ski.inmontanis.info\/d\/278326-3\/DSC08248.jpg \/><\/a><\/p>\n<p><a href='http:\/\/ski.inmontanis.info\/d\/278331-2\/DSC08249.jpg'><img src=http:\/\/ski.inmontanis.info\/d\/278330-3\/DSC08249.jpg \/><\/a><\/p>\n<p><a href='http:\/\/ski.inmontanis.info\/d\/278335-2\/DSC08250.jpg'><img src=http:\/\/ski.inmontanis.info\/d\/278334-3\/DSC08250.jpg \/><\/a><\/p>\n<p><a href='http:\/\/ski.inmontanis.info\/d\/278339-2\/DSC08252.jpg'><img src=http:\/\/ski.inmontanis.info\/d\/278338-3\/DSC08252.jpg \/><\/a><\/p>\n<p><a href='http:\/\/ski.inmontanis.info\/d\/278343-2\/DSC08255.jpg'><img src=http:\/\/ski.inmontanis.info\/d\/278342-3\/DSC08255.jpg \/><\/a><\/p>\n<p><a href='http:\/\/ski.inmontanis.info\/d\/278347-2\/DSC08256.jpg'><img src=http:\/\/ski.inmontanis.info\/d\/278346-3\/DSC08256.jpg \/><\/a><\/p>\n<p><a href='http:\/\/ski.inmontanis.info\/d\/278351-2\/DSC08257.jpg'><img src=http:\/\/ski.inmontanis.info\/d\/278350-3\/DSC08257.jpg \/><\/a><br \/>\n^ Wild West ;)<\/p>\n<p><a href='http:\/\/ski.inmontanis.info\/d\/278355-2\/DSC08259.jpg'><img src=http:\/\/ski.inmontanis.info\/d\/278354-3\/DSC08259.jpg \/><\/a><\/p>\n<p><a href='http:\/\/ski.inmontanis.info\/d\/278359-2\/DSC08262.jpg'><img src=http:\/\/ski.inmontanis.info\/d\/278358-3\/DSC08262.jpg \/><\/a><\/p>\n<p><a href='http:\/\/ski.inmontanis.info\/d\/278363-2\/DSC08264.jpg'><img src=http:\/\/ski.inmontanis.info\/d\/278362-3\/DSC08264.jpg \/><\/a><\/p>\n<p><a href='http:\/\/ski.inmontanis.info\/d\/278367-2\/DSC08267.jpg'><img src=http:\/\/ski.inmontanis.info\/d\/278366-3\/DSC08267.jpg \/><\/a><\/p>\n<p><a href='http:\/\/ski.inmontanis.info\/d\/278371-2\/DSC08269.jpg'><img src=http:\/\/ski.inmontanis.info\/d\/278370-3\/DSC08269.jpg \/><\/a><\/p>\n<p><a href='http:\/\/ski.inmontanis.info\/d\/278375-2\/DSC08272.jpg'><img src=http:\/\/ski.inmontanis.info\/d\/278374-3\/DSC08272.jpg \/><\/a><\/p>\n<p><a href='http:\/\/ski.inmontanis.info\/d\/278379-2\/DSC08274.jpg'><img src=http:\/\/ski.inmontanis.info\/d\/278378-3\/DSC08274.jpg \/><\/a><\/p>\n<p><a href='http:\/\/ski.inmontanis.info\/d\/278383-2\/DSC08275.jpg'><img src=http:\/\/ski.inmontanis.info\/d\/278382-3\/DSC08275.jpg \/><\/a><\/p>\n<p><a href='http:\/\/ski.inmontanis.info\/d\/278387-2\/DSC08277.jpg'><img src=http:\/\/ski.inmontanis.info\/d\/278386-3\/DSC08277.jpg \/><\/a><\/p>\n<p><a href='http:\/\/ski.inmontanis.info\/d\/278391-2\/DSC08279.jpg'><img src=http:\/\/ski.inmontanis.info\/d\/278390-3\/DSC08279.jpg \/><\/a><\/p>\n<p><a href='http:\/\/ski.inmontanis.info\/d\/278395-2\/DSC08281.jpg'><img src=http:\/\/ski.inmontanis.info\/d\/278394-3\/DSC08281.jpg \/><\/a><br \/>\n^ Von hier gehts nach Menstr\u00e4sk<\/p>\n<p><a href='http:\/\/ski.inmontanis.info\/d\/278399-2\/DSC08282.jpg'><img src=http:\/\/ski.inmontanis.info\/d\/278398-3\/DSC08282.jpg \/><\/a><\/p>\n<p>Erg\u00e4nzend noch ein paar Bilder von 2006:<\/p>\n<p><img src=http:\/\/ski.inmontanis.info\/d\/2399-2\/P1090251.jpg \/><br \/>\n95.880m L\u00e4nge<br \/>\n515 St\u00fctzen<br \/>\n25 (Spann-) Stationen<br \/>\n(Sektion IV ist die zur Personenbef\u00f6rderung umgebaute)<\/p>\n<p><img src=http:\/\/ski.inmontanis.info\/d\/2582-2\/P1090385.jpg \/><\/p>\n<p><img src=http:\/\/ski.inmontanis.info\/d\/2657-2\/P1090441.jpg \/><\/p>\n<p>(Fortsetzung des 11.5.2020 folgt.)<\/p>\n","protected":false},"excerpt":{"rendered":"<p>Final Escape Sweden, 7.5.2020-23.5.2020 Tag 5: MO, 11.5.2020 &#8211; Linbana &#038; Galtis (km 3.395, Diff. 382) Aufgrund der vielen Fotos aufgeteilt in 2 Teile Teil 1: Viterliden &#038; Linbana<\/p>\n<p>Heute h\u00e4tte ich mal wieder die Linbana-Reste besuchen und ein oder zwei H\u00fcgel in der Gegend mit Skiern erklimmen wollen. Morgen wollte ich dann das Skigebiet <a href=\"http:\/\/blog.inmontanis.info\/?p=6138\">[&#8230;]<\/a><\/p>\n","protected":false},"author":1,"featured_media":0,"comment_status":"closed","ping_status":"closed","sticky":false,"template":"","format":"standard","meta":{"footnotes":""},"categories":[183,780,59,19,32],"tags":[60,50,45,47],"class_list":["post-6138","post","type-post","status-publish","format-standard","hentry","category-2020-05-schweden","category-kristineberg","category-nostalgie","category-schwedensweden","category-lostplaces","tag-4zub","tag-bergbau","tag-see","tag-sl","odd"],"_links":{"self":[{"href":"http:\/\/blog.inmontanis.info\/index.php?rest_route=\/wp\/v2\/posts\/6138","targetHints":{"allow":["GET"]}}],"collection":[{"href":"http:\/\/blog.inmontanis.info\/index.php?rest_route=\/wp\/v2\/posts"}],"about":[{"href":"http:\/\/blog.inmontanis.info\/index.php?rest_route=\/wp\/v2\/types\/post"}],"author":[{"embeddable":true,"href":"http:\/\/blog.inmontanis.info\/index.php?rest_route=\/wp\/v2\/users\/1"}],"replies":[{"embeddable":true,"href":"http:\/\/blog.inmontanis.info\/index.php?rest_route=%2Fwp%2Fv2%2Fcomments&post=6138"}],"version-history":[{"count":3,"href":"http:\/\/blog.inmontanis.info\/index.php?rest_route=\/wp\/v2\/posts\/6138\/revisions"}],"predecessor-version":[{"id":9170,"href":"http:\/\/blog.inmontanis.info\/index.php?rest_route=\/wp\/v2\/posts\/6138\/revisions\/9170"}],"wp:attachment":[{"href":"http:\/\/blog.inmontanis.info\/index.php?rest_route=%2Fwp%2Fv2%2Fmedia&parent=6138"}],"wp:term":[{"taxonomy":"category","embeddable":true,"href":"http:\/\/blog.inmontanis.info\/index.php?rest_route=%2Fwp%2Fv2%2Fcategories&post=6138"},{"taxonomy":"post_tag","embeddable":true,"href":"http:\/\/blog.inmontanis.info\/index.php?rest_route=%2Fwp%2Fv2%2Ftags&post=6138"}],"curies":[{"name":"wp","href":"https:\/\/api.w.org\/{rel}","templated":true}]}}