{"id":6134,"date":"2020-05-30T17:28:50","date_gmt":"2020-05-30T15:28:50","guid":{"rendered":"http:\/\/blog.inmontanis.info\/?p=6134"},"modified":"2023-07-01T20:57:41","modified_gmt":"2023-07-01T18:57:41","slug":"hintertuxer-gletscher-30-5-2020","status":"publish","type":"post","link":"http:\/\/blog.inmontanis.info\/?p=6134","title":{"rendered":"Hintertuxer Gletscher, 30.5.2020"},"content":{"rendered":"<p><strong>Sa, 30.5.2020<\/strong><\/p>\n<p>Mit etwas (coronavirusma\u00dfnahmenbedingter) Versp\u00e4tung begann heute meine Sommersaison am Hintertuxer &#8211; zudem etwas teurer, weil ich mich f\u00fcr die ca. 70% teurere lange Sommersaisonkarte, die bis 4.12. statt 30.9. g\u00fcltig ist, entschied. Hoffentlich wirds heuer im Herbst nicht noch voller wie sonst, weil alle die fehlenden Osterferien nachholen wollen&#8230;<\/p>\n<p>Um 9 Uhr kam ich am Parkplatz an, der relativ leer war, aber das Parkhaus daf\u00fcr so voll wie nie zu dieser Jahreszeit. Musste sogar nochmals raus- und wieder reinfahren, daf\u00fcr stand ich dann gleich hinter der Einfahrt und direkt am Aufgang. Kennzeichen? Meist \u00d6sterreicher, aber auch etliche Deutsche und einige wenige Schweizer. Zumindest die Deutschen k\u00f6nnten hier auch arbeiten, aber nachmittags sah ich noch mehr deutsche Kennzeichen und auch Camper. Scheinen wohl doch einige \u00fcber die Grenze gekommen zu sein.<\/p>\n<p>Wartezeiten gab&#8217;s um 9 Uhr keine, die anderen hatten es alle wesentlich eiliger als ich und ich bekam eine 8er Gondel allein. Musste allerdings die 2. nehmen, weil die erste mit Zigarettenrauch verseucht war. Aktuell ist offiziell ja Maskenpflicht in den Stationen und Gondeln. Da merkt man dann gar nicht, ob eine Gondel nach Rauch stinkt. Innen, als ich mein Halstuch runterschob, weil keiner da war, merkte ich es und ging wieder raus. Das hat komischerweise oftmals das Ergebnis, dass der Liftler an der Bergstation die Gondel begutachtet..<\/p>\n<p>Da ich ja gern in Gondeln trinke und esse und vorallem bei jeder Liftfahrt schneuzen muss, bin ich kein Freund des Maskentragens. Leider ist aktuell oben 10EUB+DSB nicht offen, sondern nur GB3, wo man eher selten eine Kabine alleine erwischt, aber getreu dem Motto, wenn die anderen keine Maske aufziehen, kann ich mein Halstuch auch runterschieben. Ansonsten hab ich brav beim Betreten der Liftstationen das Halstuch \u00fcber die Nase gezogen, man m\u00f6chte die teure Saisonkarte ja nicht schon am ersten Tag gesperrt bekommen. <\/p>\n<p>Au\u00dfer der ersten GB3-Fahrt, wo die Insassen schnell \u00fcbereins kamen, dass Masken nicht n\u00f6tig w\u00e4ren (die meisten anderen hatten auch in den Stationen nix dr\u00fcber), konnte ich sp\u00e4ter aber immer eine Kabine f\u00fcr mich nehmen, wobei ich erst nach Schlie\u00dfung der anderen Lifte wieder den GB3 fuhr, denn wie \u00fcblich zu dieser Jahreszeit fuhr ich fast nur im Kasererbereich, also die L\u00e4rmstange-6KSB, weil die ja nur dieses WE offen sein wird, wobei die momentan nur eine 3KSB ist. Daf\u00fcr keine Maskenpflicht beim Einstieg.<\/p>\n<p>Onpiste war&#8217;s mir heute die meiste Zeit etwas zu hart, erst ab Mittag weichte es stellenweise gut genug auf, dass es mir mehr Spa\u00df machte, offpiste w\u00e4re es zumeist recht gut gegangen, allerdings hatte ich mich heute f\u00fcr Pisten- denn Allmountainski entschieden. Das werd ich morgen anders machen. Der sandbraune Schnee unterm Neuschee war teilweise auch etwas eisig, aber jedenfalls \u00fcberall sehr kompakt tragend, wodurch man also wohl schon relativ gefahrlos und auch angenehm offpiste fahren kann, sofern es nicht nochmals gr\u00f6ber schneit.<\/p>\n<p>Nach Einstellung der SL und 6KSB fuhr ich noch 3x den GB3, wobei es oben sehr dichten Nebel hatte, aber schneem\u00e4\u00dfig war&#8217;s hier und da recht nett. Pappig im Sinne von bremsend war&#8217;s tats\u00e4chlich nirgends und au\u00dfer linksrum von der 6KSB musste man nirgends schieben.<\/p>\n<p>(Trotzdem war jeder liftunterst\u00fctzte Skitag meiner Schwedenreise Mitte Mai sch\u00f6ner, vom Wetter wie vom Schnee.)<\/p>\n<p>Fotos gibt&#8217;s aufgrund des vielen Nebel heute nur wenige &#8211; und die n\u00e4chsten erst bei besserem Wetter ;)<\/p>\n<p><a href='http:\/\/ski.inmontanis.info\/d\/278041-2\/DSC00161.jpg'><img src=http:\/\/ski.inmontanis.info\/d\/278040-3\/DSC00161.jpg \/><\/a><br \/>\n^ Blick vom Tal zum Kasererbereich<\/p>\n<p><a href='http:\/\/ski.inmontanis.info\/d\/278045-2\/DSC00166.jpg'><img src=http:\/\/ski.inmontanis.info\/d\/278044-3\/DSC00166.jpg \/><\/a><br \/>\n^ Warten mit Abstand &#8211; aber viel Platz hats da nicht<\/p>\n<p><a href='http:\/\/ski.inmontanis.info\/d\/278049-2\/DSC00167.jpg'><img src=http:\/\/ski.inmontanis.info\/d\/278048-3\/DSC00167.jpg \/><\/a><br \/>\n^ \u00dcblicher Blick von der ersten Sektion hinauf<\/p>\n<p><a href='http:\/\/ski.inmontanis.info\/d\/278057-2\/DSC00172.jpg'><img src=http:\/\/ski.inmontanis.info\/d\/278056-3\/DSC00172.jpg \/><\/a><br \/>\n^ ZwiDeGo wurde auch befahren<\/p>\n<p><a href='http:\/\/ski.inmontanis.info\/d\/278053-2\/DSC00173.jpg'><img src=http:\/\/ski.inmontanis.info\/d\/278052-3\/DSC00173.jpg \/><\/a><br \/>\n^ GB3<\/p>\n<p><a href='http:\/\/ski.inmontanis.info\/d\/278061-2\/DSC00174.jpg'><img src=http:\/\/ski.inmontanis.info\/d\/278060-3\/DSC00174.jpg \/><\/a><br \/>\n^ An der GB3-Bergstation fehlt der Kinderbereich<\/p>\n<p><a href='http:\/\/ski.inmontanis.info\/d\/278065-2\/DSC00176.jpg'><img src=http:\/\/ski.inmontanis.info\/d\/278064-3\/DSC00176.jpg \/><\/a><br \/>\n^ Schlegeis-3SB<\/p>\n<p><a href='http:\/\/ski.inmontanis.info\/d\/278069-2\/DSC00178.jpg'><img src=http:\/\/ski.inmontanis.info\/d\/278068-3\/DSC00178.jpg \/><\/a><br \/>\n^ 6KSB momentan als 3KSB<\/p>\n<p><a href='http:\/\/ski.inmontanis.info\/d\/278073-2\/DSC00179.jpg'><img src=http:\/\/ski.inmontanis.info\/d\/278072-3\/DSC00179.jpg \/><\/a><br \/>\n^ Am Kaserer war nur eine Abfahrt offen, der Rest war offpiste, was auch nicht so \u00fcbel ist.<\/p>\n<p><a href='http:\/\/ski.inmontanis.info\/d\/278077-2\/DSC00180.jpg'><img src=http:\/\/ski.inmontanis.info\/d\/278076-3\/DSC00180.jpg \/><\/a><br \/>\n^ Offpiste am Kaserer<\/p>\n<p><a href='http:\/\/ski.inmontanis.info\/d\/278081-2\/DSC00184.jpg'><img src=http:\/\/ski.inmontanis.info\/d\/278080-3\/DSC00184.jpg \/><\/a><br \/>\n^ SL Olperer und gut zu sehen der sandbraune Schnee unter dem Neuschnee<\/p>\n<p><a href='http:\/\/ski.inmontanis.info\/d\/278085-2\/DSC00190_001.jpg'><img src=http:\/\/ski.inmontanis.info\/d\/278084-3\/DSC00190_001.jpg \/><\/a><br \/>\n^ Blick vom GB2 zu L\u00e4rmstange und Bauseilbahn<\/p>\n<p><a href='http:\/\/ski.inmontanis.info\/d\/278089-2\/DSC00200.jpg'><img src=http:\/\/ski.inmontanis.info\/d\/278088-3\/DSC00200.jpg \/><\/a><br \/>\n^ Der Schnee an den Mittelstationsabfahrten ging mir nicht weit genug hinunter als das ich das die n\u00e4chsten Tage probieren m\u00f6chte.<\/p>\n<p><a href='http:\/\/ski.inmontanis.info\/d\/278093-2\/DSC00202.jpg'><img src=http:\/\/ski.inmontanis.info\/d\/278092-3\/DSC00202.jpg \/><\/a><br \/>\n^ Talstationen, Parkpl\u00e4tze und Bauarbeiten f\u00fcrs neue Parkhaus<\/p>\n<p><a href='http:\/\/ski.inmontanis.info\/d\/278097-2\/DSC00205.jpg'><img src=http:\/\/ski.inmontanis.info\/d\/278096-3\/DSC00205.jpg \/><\/a><br \/>\n^ .. so weit weg, so schade..<\/p>\n<p>(Fortsetzung folgt.)<\/p>\n","protected":false},"excerpt":{"rendered":"<p>Sa, 30.5.2020<\/p>\n<p>Mit etwas (coronavirusma\u00dfnahmenbedingter) Versp\u00e4tung begann heute meine Sommersaison am Hintertuxer &#8211; zudem etwas teurer, weil ich mich f\u00fcr die ca. 70% teurere lange Sommersaisonkarte, die bis 4.12. statt 30.9. g\u00fcltig ist, entschied. Hoffentlich wirds heuer im Herbst nicht noch voller wie sonst, weil alle die fehlenden Osterferien nachholen wollen&#8230;<\/p>\n<p>Um 9 Uhr kam <a href=\"http:\/\/blog.inmontanis.info\/?p=6134\">[&#8230;]<\/a><\/p>\n","protected":false},"author":1,"featured_media":0,"comment_status":"closed","ping_status":"closed","sticky":false,"template":"","format":"standard","meta":{"footnotes":""},"categories":[246,25,13,28],"tags":[],"class_list":["post-6134","post","type-post","status-publish","format-standard","hentry","category-hintertux","category-noreport","category-austria","category-skifahren-sommer","odd"],"_links":{"self":[{"href":"http:\/\/blog.inmontanis.info\/index.php?rest_route=\/wp\/v2\/posts\/6134","targetHints":{"allow":["GET"]}}],"collection":[{"href":"http:\/\/blog.inmontanis.info\/index.php?rest_route=\/wp\/v2\/posts"}],"about":[{"href":"http:\/\/blog.inmontanis.info\/index.php?rest_route=\/wp\/v2\/types\/post"}],"author":[{"embeddable":true,"href":"http:\/\/blog.inmontanis.info\/index.php?rest_route=\/wp\/v2\/users\/1"}],"replies":[{"embeddable":true,"href":"http:\/\/blog.inmontanis.info\/index.php?rest_route=%2Fwp%2Fv2%2Fcomments&post=6134"}],"version-history":[{"count":3,"href":"http:\/\/blog.inmontanis.info\/index.php?rest_route=\/wp\/v2\/posts\/6134\/revisions"}],"predecessor-version":[{"id":6137,"href":"http:\/\/blog.inmontanis.info\/index.php?rest_route=\/wp\/v2\/posts\/6134\/revisions\/6137"}],"wp:attachment":[{"href":"http:\/\/blog.inmontanis.info\/index.php?rest_route=%2Fwp%2Fv2%2Fmedia&parent=6134"}],"wp:term":[{"taxonomy":"category","embeddable":true,"href":"http:\/\/blog.inmontanis.info\/index.php?rest_route=%2Fwp%2Fv2%2Fcategories&post=6134"},{"taxonomy":"post_tag","embeddable":true,"href":"http:\/\/blog.inmontanis.info\/index.php?rest_route=%2Fwp%2Fv2%2Ftags&post=6134"}],"curies":[{"name":"wp","href":"https:\/\/api.w.org\/{rel}","templated":true}]}}