{"id":6122,"date":"2020-05-09T22:50:38","date_gmt":"2020-05-09T20:50:38","guid":{"rendered":"http:\/\/blog.inmontanis.info\/?p=6122"},"modified":"2023-08-05T12:45:10","modified_gmt":"2023-08-05T10:45:10","slug":"klimpfjall-sundsvall-9-5-2020","status":"publish","type":"post","link":"http:\/\/blog.inmontanis.info\/?p=6122","title":{"rendered":"Klimpfj\u00e4ll (&#038; Sundsvall), 9.5.2020"},"content":{"rendered":"<p><strong>Final Escape Sweden, 7.5.2020-23.5.2020<br \/>\nTag 3: SA, 9.5.2020 &#8211; Klimpfj\u00e4ll (&#038; Sundsvall)<\/strong> (km 2.652, Diff. 589)<\/p>\n<p>Um 3:45 klingelten meine Wecker und um 4 Uhr war ich unten am Meer, um ein paar Fotos vom Sonnenaufang zu machen. Danach ging es richtung Winter, die n\u00e4chsten Tage werden immer wieder um und unter 0\u00b0 gemeldet, auch immer wieder etwas Schneefall, da bin ich ja mal gespannt, ob das mit meinen Sommerr\u00e4dern klappt. Somit werd ich die n\u00e4chsten Tage allerdings auch in Hotels \u00fcbernachten.<\/p>\n<p>Das Skigebiet Klimpfj\u00e4ll hat momentan wochenends noch ge\u00f6ffnet, weil noch sooo viel Schnee liegt und eine Renngruppe regelm\u00e4\u00dfig bucht. Die Daten an sich sind ja recht unspektakul\u00e4r, von den 2 Hauptliften hat ggf. nur noch der lange offen &#8211; und der macht auf 1100m auch nur 200hm. Kittelfj\u00e4ll, das ebenfalls hier in der Gegend w\u00e4re und mir letztes Jahr so toll gefiel, w\u00e4re mir wohl lieber gewesen, hat aber leider, wie die meisten Skigebiete in Schweden, Coronavirus-bedingt bereits Anfang April geschlossen.<\/p>\n<p>Pistenplan:<br \/>\n<a href='https:\/\/www.klimpfjallskicenter.se\/wp-content\/uploads\/2018\/01\/Pistkarta-1-1030x659.jpg'>https:\/\/www.klimpfjallskicenter.se\/wp-content\/uploads\/2018\/01\/Pistkarta-1-1030&#215;659.jpg<\/a><\/p>\n<p>Die Tagskarte kostet 365,- SEK (ca 35,- \u20ac) und ist aus harter Plastikfolie. Es gibt weder Leser noch Liftler am Lift, der das \u00fcberpr\u00fcfen w\u00fcrde &#8211; vmtl. ist der Liftler auch gleichzeitig der Verk\u00e4ufer bzw. heute die Verk\u00e4uferin.<\/p>\n<p>Der Status vom k\u00fcrzeren, steileren 2. Lift &#8220;Sydliften&#8221; war leider unklar, im Facebook-post hie\u00df es, der Norrlift w\u00e4re von 10-16 Uhr offen, der Sydlift vom Skiclub gemietet, Pisten waren auch nicht pr\u00e4pariert, unten war morgens ein Rennkurs gesteckt, also traute ich mich nicht fahren. Um 14:30 sah ich mir das nochmals an, der SL fuhr immer noch, der Rennkurs war weg, Spuren von oben hinunter sah man quasi keine. Ich erinnerte mich, dass ich ja jetzt Tourenski an hatte und holte mir f\u00fcr den Fall der F\u00e4lle die Felle vom Fahrzeug und stopfte sie mir in den Rucksack .. und probierte es. Gesehen hab ich keinen Liftler, gefahren bin ich trotzdem ein paar mal mit dem Lift, stellenweise war es nett firnig.<\/p>\n<p>Hauptbet\u00e4tigungsfeld blieb aber der Norrlift mit seinen unz\u00e4hligen Waldvarianten, einer der besten Waldskitage ever, vergleichbar mit dem legend\u00e4ren Waldskitag in Campo Stella mit Trincerone vor einigen Jahren.<\/p>\n<p>(Fotos anklicken zum Vergr\u00f6\u00dfern)<\/p>\n<p><a href='http:\/\/extra.inmontanis.info\/d\/58667-2\/scn2020c.jpg'><img src=http:\/\/extra.inmontanis.info\/d\/58666-3\/scn2020c.jpg \/><\/a><br \/>\n^ Gelb von C \u00fcber E nach D und zur\u00fcck zu E: Fahrstrecke 9.5.2020 (589 km)<br \/>\nC: Sundsvall<br \/>\nD: Klimpfj\u00e4ll<br \/>\nE: Vilhelmina<\/p>\n<p><a href='http:\/\/extra.inmontanis.info\/d\/58719-3\/DSC07789.jpg'><img src=http:\/\/extra.inmontanis.info\/d\/58718-4\/DSC07789.jpg \/><\/a><br \/>\n^ Morgend\u00e4mmerung nahe Sundsvall (4:00 Uhr)<\/p>\n<p><a href='http:\/\/extra.inmontanis.info\/d\/58723-2\/DSC07790.jpg'><img src=http:\/\/extra.inmontanis.info\/d\/58722-3\/DSC07790.jpg \/><\/a><br \/>\n^ Morgend\u00e4mmerung nahe Sundsvall (4:00) ..  ach mist, da wird die Sonne doch schon zu weit n\u00f6rdlich  an den Inseln und nicht \u00fcber dem Meer aufgehen.<\/p>\n<p><a href='http:\/\/extra.inmontanis.info\/d\/58727-2\/DSC07796.jpg'><img src=http:\/\/extra.inmontanis.info\/d\/58726-3\/DSC07796.jpg \/><\/a><br \/>\n^ Sonnenaufgang nahe Sundsvall (4:10)<\/p>\n<p><a href='http:\/\/extra.inmontanis.info\/d\/58731-2\/DSC07808.jpg'><img src=http:\/\/extra.inmontanis.info\/d\/58730-3\/DSC07808.jpg \/><\/a><br \/>\n^ Sonnenaufgang nahe Sundsvall (4:13)<\/p>\n<p><a href='http:\/\/extra.inmontanis.info\/d\/58735-2\/DSC07835.jpg'><img src=http:\/\/extra.inmontanis.info\/d\/58734-3\/DSC07835.jpg \/><\/a><br \/>\n^ Sonnenaufgang nahe Sundsvall (4:18) &#8211; mit Glitterfilter .. kaum draufgeschraubt, bekam ich das Zeug nicht mehr runter..<\/p>\n<p><a href='http:\/\/extra.inmontanis.info\/d\/58739-2\/DSC07841.jpg'><img src=http:\/\/extra.inmontanis.info\/d\/58738-3\/DSC07841.jpg \/><\/a><br \/>\n^ Auf der anderen Seite ging gerade der Mond unter.<\/p>\n<p><a href='http:\/\/ski.inmontanis.info\/d\/277909-3\/DSC07844.jpg'><img src=http:\/\/ski.inmontanis.info\/d\/277908-4\/DSC07844.jpg \/><\/a><br \/>\n^ Nolbybacken. W\u00e4r sicher auch nett gewesen, den Sonnenaufgang da oben zu erleben.<\/p>\n<p><a href='http:\/\/extra.inmontanis.info\/d\/58743-2\/DSC07847.jpg'><img src=http:\/\/extra.inmontanis.info\/d\/58742-3\/DSC07847.jpg \/><\/a><br \/>\n^ Bei Svartvik \/ kurz vor Sundsvall<\/p>\n<p><a href='http:\/\/extra.inmontanis.info\/d\/58747-2\/DSC07849.jpg'><img src=http:\/\/extra.inmontanis.info\/d\/58746-3\/DSC07849.jpg \/><\/a><br \/>\n^ E4 Sundvallsbron<\/p>\n<p><a href='http:\/\/extra.inmontanis.info\/d\/58751-2\/DSC07853.jpg'><img src=http:\/\/extra.inmontanis.info\/d\/58750-3\/DSC07853.jpg \/><\/a><br \/>\n^ evtl. kleines Skigebiet oberhalb von Sundsvall<\/p>\n<p><a href='http:\/\/extra.inmontanis.info\/d\/58755-2\/DSC07856.jpg'><img src=http:\/\/extra.inmontanis.info\/d\/58754-3\/DSC07856.jpg \/><\/a><br \/>\n^ E4 \/ bei Sundsbruk (5:00 Uhr)<\/p>\n<p><a href='http:\/\/extra.inmontanis.info\/d\/58759-2\/DSC07860.jpg'><img src=http:\/\/extra.inmontanis.info\/d\/58758-3\/DSC07860.jpg \/><\/a><br \/>\n^ Skigebiet Hallstaberget bei Sollefte\u00e5<\/p>\n<p><a href='http:\/\/extra.inmontanis.info\/d\/58763-2\/DSC07863.jpg'><img src=http:\/\/extra.inmontanis.info\/d\/58762-3\/DSC07863.jpg \/><\/a><br \/>\n^ 90 \/ Junsele \/ \u00c5ngerman\u00e4lven<\/p>\n<p><a href='http:\/\/extra.inmontanis.info\/d\/58767-2\/DSC07867.jpg'><img src=http:\/\/extra.inmontanis.info\/d\/58766-3\/DSC07867.jpg \/><\/a><br \/>\n^ 90 \/ Gulsele \/ \u00c5ngerman\u00e4lven<\/p>\n<p><a href='http:\/\/extra.inmontanis.info\/d\/58771-3\/DSC07872.jpg'><img src=http:\/\/extra.inmontanis.info\/d\/58770-4\/DSC07872.jpg \/><\/a><br \/>\n^ 90 \/ \u00c5ngerman\u00e4lven \/ H\u00e4llbymagasinet<\/p>\n<p><a href='http:\/\/extra.inmontanis.info\/d\/58775-3\/DSC07874_001.jpg'><img src=http:\/\/extra.inmontanis.info\/d\/58774-4\/DSC07874_001.jpg \/><\/a><br \/>\n^ 90 \/ \u00c5ngerman\u00e4lven \/ H\u00e4llbymagasinet<\/p>\n<p><a href='http:\/\/extra.inmontanis.info\/d\/58779-3\/DSC07877.jpg'><img src=http:\/\/extra.inmontanis.info\/d\/58778-4\/DSC07877.jpg \/><\/a><br \/>\n^ Ren(n)tiere<\/p>\n<p><a href='http:\/\/extra.inmontanis.info\/d\/58783-3\/DSC07880.jpg'><img src=http:\/\/extra.inmontanis.info\/d\/58782-4\/DSC07880.jpg \/><\/a><br \/>\n^ 90 \/ \u00c5ngerman\u00e4lven<\/p>\n<p><a href='http:\/\/extra.inmontanis.info\/d\/58787-3\/DSC07890.jpg'><img src=http:\/\/extra.inmontanis.info\/d\/58786-4\/DSC07890.jpg \/><\/a><br \/>\n^ Stalon-Saxn\u00e4s<\/p>\n<p><a href='http:\/\/extra.inmontanis.info\/d\/58791-3\/DSC07893.jpg'><img src=http:\/\/extra.inmontanis.info\/d\/58790-4\/DSC07893.jpg \/><\/a><br \/>\n^ Saxn\u00e4s<\/p>\n<p><a href='http:\/\/extra.inmontanis.info\/d\/58795-3\/DSC07900.jpg'><img src=http:\/\/extra.inmontanis.info\/d\/58794-4\/DSC07900.jpg \/><\/a><br \/>\n^ Saxn\u00e4s-Klimpfj\u00e4ll \/ Kultsj\u00f6n<\/p>\n<p><a href='http:\/\/ski.inmontanis.info\/d\/277713-2\/DSC07907.jpg'><img src=http:\/\/ski.inmontanis.info\/d\/277711-3\/DSC07907.jpg \/><\/a><br \/>\n^ Skigebiet Klimpfj\u00e4ll, Sydliften<\/p>\n<p><a href='http:\/\/ski.inmontanis.info\/d\/277717-2\/DSC07908.jpg'><img src=http:\/\/ski.inmontanis.info\/d\/277716-3\/DSC07908.jpg \/><\/a><br \/>\n^ Zufahrt ins Skigebiet (siehe auch Dashcam)<\/p>\n<p><a href='http:\/\/ski.inmontanis.info\/d\/277721-2\/DSC07910.jpg'><img src=http:\/\/ski.inmontanis.info\/d\/277720-3\/DSC07910.jpg \/><\/a><br \/>\n^ Parkplatz und SL-Talstation<\/p>\n<p><a href='http:\/\/ski.inmontanis.info\/d\/277725-2\/DSC07911.jpg'><img src=http:\/\/ski.inmontanis.info\/d\/277724-3\/DSC07911.jpg \/><\/a><\/p>\n<p><a href='http:\/\/ski.inmontanis.info\/d\/277729-2\/DSC07912.jpg'><img src=http:\/\/ski.inmontanis.info\/d\/277728-3\/DSC07912.jpg \/><\/a><br \/>\n^ Mittagessen, war lecker.<\/p>\n<p><a href='http:\/\/ski.inmontanis.info\/d\/277733-2\/DSC07913.jpg'><img src=http:\/\/ski.inmontanis.info\/d\/277732-3\/DSC07913.jpg \/><\/a><br \/>\n^ .. ob ich schon jemals 2500 km fahren musste, um einen offenen Skilift zu erreichen?<\/p>\n<p><a href='http:\/\/ski.inmontanis.info\/d\/277737-2\/DSC07918.jpg'><img src=http:\/\/ski.inmontanis.info\/d\/277736-3\/DSC07918.jpg \/><\/a><br \/>\n^ Blick nach links w\u00e4hrend der SL-Auffahrt<\/p>\n<p><a href='http:\/\/ski.inmontanis.info\/d\/277741-2\/DSC07924.jpg'><img src=http:\/\/ski.inmontanis.info\/d\/277740-3\/DSC07924.jpg \/><\/a><br \/>\n^ Norrliften, oberer Teil<\/p>\n<p><a href='http:\/\/ski.inmontanis.info\/d\/277745-2\/DSC07931.jpg'><img src=http:\/\/ski.inmontanis.info\/d\/277744-3\/DSC07931.jpg \/><\/a><br \/>\n^ Abfahrt 13 Stihke, schaut ja schon mal lecker aus<\/p>\n<p><a href='http:\/\/ski.inmontanis.info\/d\/277749-2\/DSC07932.jpg'><img src=http:\/\/ski.inmontanis.info\/d\/277748-3\/DSC07932.jpg \/><\/a><br \/>\n^ Abfahrt 13 Stihke<\/p>\n<p><a href='http:\/\/ski.inmontanis.info\/d\/277753-2\/DSC07939.jpg'><img src=http:\/\/ski.inmontanis.info\/d\/277752-3\/DSC07939.jpg \/><\/a><br \/>\n^ Bergstation Norrliften<\/p>\n<p><a href='http:\/\/ski.inmontanis.info\/d\/277757-2\/DSC07945.jpg'><img src=http:\/\/ski.inmontanis.info\/d\/277756-3\/DSC07945.jpg \/><\/a><br \/>\n^ Vermutlich Abfahrt 9. Da neben dem Rennclub kaum private unterwegs waren, konnte ich meine Spuren meist alleine ziehen.<\/p>\n<p><a href='http:\/\/ski.inmontanis.info\/d\/277761-2\/DSC07948.jpg'><img src=http:\/\/ski.inmontanis.info\/d\/277760-3\/DSC07948.jpg \/><\/a><br \/>\n^ Pano K2-H\u00fctte<\/p>\n<p><a href='http:\/\/ski.inmontanis.info\/d\/277765-2\/DSC07950.jpg'><img src=http:\/\/ski.inmontanis.info\/d\/277764-3\/DSC07950.jpg \/><\/a><br \/>\n^ Abfahrt 7 zur K2-H\u00fctte<\/p>\n<p><a href='http:\/\/ski.inmontanis.info\/d\/277769-2\/DSC07951.jpg'><img src=http:\/\/ski.inmontanis.info\/d\/277768-3\/DSC07951.jpg \/><\/a><br \/>\n^ Bergstation Sydliften<\/p>\n<p><a href='http:\/\/ski.inmontanis.info\/d\/277773-2\/DSC07953.jpg'><img src=http:\/\/ski.inmontanis.info\/d\/277772-3\/DSC07953.jpg \/><\/a><br \/>\n^ Abfahrt 7-8-9<\/p>\n<p><a href='http:\/\/ski.inmontanis.info\/d\/277777-2\/DSC07959.jpg'><img src=http:\/\/ski.inmontanis.info\/d\/277776-3\/DSC07959.jpg \/><\/a><br \/>\n^ Da haben sie sich M\u00fche gemacht zu pr\u00e4parieren &#8211; aber mir gef\u00e4llts nebendran besser ;)<\/p>\n<p><a href='http:\/\/ski.inmontanis.info\/d\/277781-2\/DSC07963.jpg'><img src=http:\/\/ski.inmontanis.info\/d\/277780-3\/DSC07963.jpg \/><\/a><br \/>\n^ Talstation Norrliften<\/p>\n<p><a href='http:\/\/ski.inmontanis.info\/d\/277785-2\/DSC07966.jpg'><img src=http:\/\/ski.inmontanis.info\/d\/277784-3\/DSC07966.jpg \/><\/a><br \/>\n^ Abfahrtsstart wenn man nach rechts aussteigt (Au\u00dfenrumabfahrt 19 geradeaus)<\/p>\n<p><a href='http:\/\/ski.inmontanis.info\/d\/277789-2\/DSC07964.jpg'><img src=http:\/\/ski.inmontanis.info\/d\/277788-3\/DSC07964.jpg \/><\/a><br \/>\n^ Abfahrtsstart wenn man nach rechts aussteigt (14+15)<\/p>\n<p><a href='http:\/\/ski.inmontanis.info\/d\/277793-2\/DSC07969.jpg'><img src=http:\/\/ski.inmontanis.info\/d\/277792-3\/DSC07969.jpg \/><\/a><br \/>\n^ Rechte Au\u00dfenrumabfahrt 19 Dorronsv\u00e4ngen<\/p>\n<p><a href='http:\/\/ski.inmontanis.info\/d\/277797-2\/DSC07971.jpg'><img src=http:\/\/ski.inmontanis.info\/d\/277796-3\/DSC07971.jpg \/><\/a><br \/>\n^ Rechte Au\u00dfenrumabfahrt 19 Dorronsv\u00e4ngen, toll zu fahren<\/p>\n<p><a href='http:\/\/ski.inmontanis.info\/d\/277801-2\/DSC07973.jpg'><img src=http:\/\/ski.inmontanis.info\/d\/277800-3\/DSC07973.jpg \/><\/a><br \/>\n^ Norrliften (unterer Teil)<\/p>\n<p><a href='http:\/\/ski.inmontanis.info\/d\/277805-2\/DSC07976.jpg'><img src=http:\/\/ski.inmontanis.info\/d\/277804-3\/DSC07976.jpg \/><\/a><br \/>\n^ R\u00fcckseitenpano<\/p>\n<p><a href='http:\/\/ski.inmontanis.info\/d\/277809-2\/DSC07977.jpg'><img src=http:\/\/ski.inmontanis.info\/d\/277808-3\/DSC07977.jpg \/><\/a><br \/>\n^ Windr\u00e4der und SL-Bergstation<\/p>\n<p><a href='http:\/\/ski.inmontanis.info\/d\/277813-2\/DSC07978.jpg'><img src=http:\/\/ski.inmontanis.info\/d\/277812-3\/DSC07978.jpg \/><\/a><br \/>\n^ Kurzer Aufstieg und R\u00fcckblick zum SL<\/p>\n<p><a href='http:\/\/ski.inmontanis.info\/d\/277817-2\/DSC07981.jpg'><img src=http:\/\/ski.inmontanis.info\/d\/277816-3\/DSC07981.jpg \/><\/a><br \/>\n^ Spuren unterm Windrad<\/p>\n<p><a href='http:\/\/ski.inmontanis.info\/d\/277821-2\/DSC07983.jpg'><img src=http:\/\/ski.inmontanis.info\/d\/277820-3\/DSC07983.jpg \/><\/a><br \/>\n^ Im luftigen Birkenwald es sich vortrefflich fahren l\u00e4sst!<\/p>\n<p><a href='http:\/\/ski.inmontanis.info\/d\/277825-2\/DSC07987.jpg'><img src=http:\/\/ski.inmontanis.info\/d\/277824-3\/DSC07987.jpg \/><\/a><br \/>\n^ Abfahrt 20 Kronlina<\/p>\n<p><a href='http:\/\/ski.inmontanis.info\/d\/277829-2\/DSC07988.jpg'><img src=http:\/\/ski.inmontanis.info\/d\/277828-3\/DSC07988.jpg \/><\/a><br \/>\n^ Abfahrt 20 Kronlina<\/p>\n<p><a href='http:\/\/ski.inmontanis.info\/d\/277833-2\/DSC07996.jpg'><img src=http:\/\/ski.inmontanis.info\/d\/277832-3\/DSC07996.jpg \/><\/a><br \/>\n^ Abfahrt 14+15<\/p>\n<p><a href='http:\/\/ski.inmontanis.info\/d\/277837-2\/DSC07997.jpg'><img src=http:\/\/ski.inmontanis.info\/d\/277836-3\/DSC07997.jpg \/><\/a><br \/>\n^ Halfpipe und links der nicht in Betrieb befindliche Stangenschlepper<\/p>\n<p><a href='http:\/\/ski.inmontanis.info\/d\/277841-2\/DSC07999.jpg'><img src=http:\/\/ski.inmontanis.info\/d\/277840-3\/DSC07999.jpg \/><\/a><br \/>\n^ Stellenweise wars im Wald etwas br\u00fcchig, am Samstag eher rechts, am Sonntag eher links vom Norrlift<\/p>\n<p><a href='http:\/\/ski.inmontanis.info\/d\/277845-2\/DSC08001.jpg'><img src=http:\/\/ski.inmontanis.info\/d\/277844-3\/DSC08001.jpg \/><\/a><br \/>\n^ Sind diese &#8216;Haare&#8217; normal bei diesen B\u00e4umen?<\/p>\n<p><a href='http:\/\/ski.inmontanis.info\/d\/277849-2\/DSC08002.jpg'><img src=http:\/\/ski.inmontanis.info\/d\/277848-3\/DSC08002.jpg \/><\/a><br \/>\n^ Im Wald, unendliche M\u00f6glichkeiten<\/p>\n<p><a href='http:\/\/ski.inmontanis.info\/d\/277853-2\/DSC08005.jpg'><img src=http:\/\/ski.inmontanis.info\/d\/277852-3\/DSC08005.jpg \/><\/a><br \/>\n^ Bergstation Norrliften<\/p>\n<p><a href='http:\/\/ski.inmontanis.info\/d\/277857-2\/DSC08004.jpg'><img src=http:\/\/ski.inmontanis.info\/d\/277856-3\/DSC08004.jpg \/><\/a><br \/>\n^ Abfahrtsstart und Seepano<\/p>\n<p><a href='http:\/\/ski.inmontanis.info\/d\/277861-2\/DSC08006.jpg'><img src=http:\/\/ski.inmontanis.info\/d\/277860-3\/DSC08006.jpg \/><\/a><br \/>\n^ Parkpl\u00e4tze<\/p>\n<p><a href='http:\/\/ski.inmontanis.info\/d\/277865-2\/DSC08007.jpg'><img src=http:\/\/ski.inmontanis.info\/d\/277864-3\/DSC08007.jpg \/><\/a><br \/>\n^ Talstation Norrliften<\/p>\n<p><a href='http:\/\/ski.inmontanis.info\/d\/277869-2\/DSC08009.jpg'><img src=http:\/\/ski.inmontanis.info\/d\/277868-3\/DSC08009.jpg \/><\/a><br \/>\n^ Unterer Teil Abfahrten 12+13, Norrliften, Abfahrt 14<\/p>\n<p><a href='http:\/\/ski.inmontanis.info\/d\/277873-2\/DSC08012.jpg'><img src=http:\/\/ski.inmontanis.info\/d\/277872-3\/DSC08012.jpg \/><\/a><br \/>\n^ K2-H\u00fctte<\/p>\n<p><a href='http:\/\/ski.inmontanis.info\/d\/277877-2\/DSC08013.jpg'><img src=http:\/\/ski.inmontanis.info\/d\/277876-3\/DSC08013.jpg \/><\/a><br \/>\n^ Gipfelstern statt Gipfelkreuz neben der K2-H\u00fctte<\/p>\n<p><a href='http:\/\/ski.inmontanis.info\/d\/277881-2\/DSC08014.jpg'><img src=http:\/\/ski.inmontanis.info\/d\/277880-3\/DSC08014.jpg \/><\/a><br \/>\n^ Pano von der K2-H\u00fctte runter zum Sydlift und See<\/p>\n<p><a href='http:\/\/ski.inmontanis.info\/d\/277885-3\/DSC08015.jpg'><img src=http:\/\/ski.inmontanis.info\/d\/277884-4\/DSC08015.jpg \/><\/a><br \/>\n^ Abfahrt 5 F\u00e5rstigen (Sydlift)<\/p>\n<p><a href='http:\/\/ski.inmontanis.info\/d\/277889-3\/DSC08017.jpg'><img src=http:\/\/ski.inmontanis.info\/d\/277888-4\/DSC08017.jpg \/><\/a><br \/>\n^ Sydliften<\/p>\n<p><a href='http:\/\/ski.inmontanis.info\/d\/277893-3\/DSC08018.jpg'><img src=http:\/\/ski.inmontanis.info\/d\/277892-4\/DSC08018.jpg \/><\/a><br \/>\n^ Talstation Sydliften<\/p>\n<p><a href='http:\/\/ski.inmontanis.info\/d\/277897-3\/DSC08020.jpg'><img src=http:\/\/ski.inmontanis.info\/d\/277896-4\/DSC08020.jpg \/><\/a><br \/>\n^ Route 2 Puckeln (am Sydlift)<\/p>\n<p><a href='http:\/\/ski.inmontanis.info\/d\/277901-3\/DSC08023.jpg'><img src=http:\/\/ski.inmontanis.info\/d\/277900-4\/DSC08023.jpg \/><\/a><br \/>\n^ Sydliften<\/p>\n<p><a href='http:\/\/ski.inmontanis.info\/d\/277905-3\/ge202005klimpf2.jpg'><img src=http:\/\/ski.inmontanis.info\/d\/277904-4\/ge202005klimpf2.jpg \/><\/a><br \/>\n^ GPS-Track<br \/>\nGelb: 9.5.2020<br \/>\nBlau+Magenta: zuk\u00fcnftige Besuche<\/p>\n<p>Fazit: Genial war&#8217;s, k\u00f6nnte mir keinen Lift mit 1100m und 200hm vorstellen, der abwechslungsreicher sein k\u00f6nnte, selbst l\u00e4ngere sind oft langweiliger. Allerdings war zumindest der Nordlift sehr langsam unterwegs. S\u00fcdlift fuhr etwas schneller. Aber so tolle Laubwaldabfahrten im Mai, das ist schon sehr selten. <\/p>\n<p>Nach dem Skifahren bin ich die \u00fcber 130km oder so nach Vilhelmina wieder rausgefahren und hab dort \u00fcbernacht, morgen wollte ich ja evtl. Blasj\u00f6n fahren, aber schlussendlich war die Kommunikation per EMail doch komplizierter und anscheinend hatte man keine 8 Personen zusammenbekommen, so dass der Lift nicht fuhr. Allerdings meinte sie, ich k\u00f6nne trotzdem jederzeit kommen, keine Ahnug wie das gemeint w\u00e4re. Aber so toll wie es heute in Klimpfj\u00e4ll war, hab ich auch kein Problem, dort morgen nochmal hinzufahren &#8211; auch wenn sonntags derzeit nur noch bis 14 statt 16 Uhr (wie am heutigen Samstag) offen ist.<\/p>\n<p>Die Restaurantpreise im Hotel waren recht g\u00fcnstig mit ca. 10-12 \u20ac pro Gericht, gegessen hab ich irgendwas sich nach Wild-Eintopf anh\u00f6rendes; schmeckte dann recht lecker mit Preiselbeeren und Stampfkartoffel.<\/p>\n<p>Das Zimmer kostete ca. 78,- \u20ac, Fr\u00fchst\u00fccksbuffet gibts aufgrund der Corona-Situation momentan keines, stattdessen ein Lunchpaket, das man abends bekam, aber es gibt ja einen K\u00fchlschrank im Zimmer, der sogar mal recht ruhig ist, sowie einen Wasserkocher f\u00fcr Tee oder Kaffee.<\/p>\n<p><a href='http:\/\/extra.inmontanis.info\/d\/58799-3\/DSC08025.jpg'><img src=http:\/\/extra.inmontanis.info\/d\/58798-4\/DSC08025.jpg \/><\/a><br \/>\n^ Hotelzimmer in Vilhelmina<\/p>\n<p><a href='http:\/\/extra.inmontanis.info\/d\/58803-3\/DSC08027.jpg'><img src=http:\/\/extra.inmontanis.info\/d\/58802-4\/DSC08027.jpg \/><\/a><br \/>\n^ Hotelzimmer<\/p>\n<p>Dass das Badezimmer ohne Strom und ohne F\u00f6hn war, sollte sich die n\u00e4chsten Tage wiederholen, meist liegt oder h\u00e4ngt aber ein F\u00f6hn au\u00dfen, auch Duschtassen waren die n\u00e4chsten Tage seeehr selten. <\/p>\n<p><a href='http:\/\/extra.inmontanis.info\/d\/58807-3\/DSC08026.jpg'><img src=http:\/\/extra.inmontanis.info\/d\/58806-4\/DSC08026.jpg \/><\/a><br \/>\n^ Hotelzimmerpano Vilhelmina (Volgsj\u00f6n), wenig sp\u00e4ter fing es zu schneien an.<\/p>\n<p>Gute Nachrichten gibt&#8217;s vom kleinen Skigebiet in Kiruna auf deren Facebookseite: &#8220;Hey, hey. Unfortunately, we have so much snow left in the hill that we can drive at least another week. So we are open Tom* May 17th. We will keep you updated if it is possible to continue after that.&#8221; (* bis und mit)<\/p>\n<p>Super, dann hab ich ja neben Klimpfj\u00e4ll und Riksgr\u00e4nsen noch ein drittes offenen Skigebiet auf meiner Reise, die t\u00e4glichen \u00d6ffnungszeiten sind abends unter der Woche und tags\u00fcber am Wochenende.<\/p>\n<p>Zusammenschnitt Dashcamvideo von heute:<br \/>\n<object style=\"height: 500px; width: 900px\"><param name=\"movie\" value=\"http:\/\/www.youtube.com\/v\/ViMlblwuIUQ\"><\/param><param name=\"wmode\" value=\"transparent\"><\/param><embed src=\"http:\/\/www.youtube.com\/v\/ViMlblwuIUQ\" type=\"application\/x-shockwave-flash\" wmode=\"transparent\"  width=\"900\" height=\"480\"><\/embed><\/object><\/p>\n<p>(Fortsetzung folgt.)<\/p>\n","protected":false},"excerpt":{"rendered":"<p>Final Escape Sweden, 7.5.2020-23.5.2020 Tag 3: SA, 9.5.2020 &#8211; Klimpfj\u00e4ll (&#038; Sundsvall) (km 2.652, Diff. 589)<\/p>\n<p>Um 3:45 klingelten meine Wecker und um 4 Uhr war ich unten am Meer, um ein paar Fotos vom Sonnenaufang zu machen. Danach ging es richtung Winter, die n\u00e4chsten Tage werden immer wieder um und unter 0\u00b0 gemeldet, auch <a href=\"http:\/\/blog.inmontanis.info\/?p=6122\">[&#8230;]<\/a><\/p>\n","protected":false},"author":1,"featured_media":0,"comment_status":"closed","ping_status":"closed","sticky":false,"template":"","format":"standard","meta":{"footnotes":""},"categories":[183,653,19,27],"tags":[37,45,47],"class_list":["post-6122","post","type-post","status-publish","format-standard","hentry","category-2020-05-schweden","category-klimpfjall","category-schwedensweden","category-skifahren-winterskiing-winter","tag-meer","tag-see","tag-sl","odd"],"_links":{"self":[{"href":"http:\/\/blog.inmontanis.info\/index.php?rest_route=\/wp\/v2\/posts\/6122","targetHints":{"allow":["GET"]}}],"collection":[{"href":"http:\/\/blog.inmontanis.info\/index.php?rest_route=\/wp\/v2\/posts"}],"about":[{"href":"http:\/\/blog.inmontanis.info\/index.php?rest_route=\/wp\/v2\/types\/post"}],"author":[{"embeddable":true,"href":"http:\/\/blog.inmontanis.info\/index.php?rest_route=\/wp\/v2\/users\/1"}],"replies":[{"embeddable":true,"href":"http:\/\/blog.inmontanis.info\/index.php?rest_route=%2Fwp%2Fv2%2Fcomments&post=6122"}],"version-history":[{"count":7,"href":"http:\/\/blog.inmontanis.info\/index.php?rest_route=\/wp\/v2\/posts\/6122\/revisions"}],"predecessor-version":[{"id":6129,"href":"http:\/\/blog.inmontanis.info\/index.php?rest_route=\/wp\/v2\/posts\/6122\/revisions\/6129"}],"wp:attachment":[{"href":"http:\/\/blog.inmontanis.info\/index.php?rest_route=%2Fwp%2Fv2%2Fmedia&parent=6122"}],"wp:term":[{"taxonomy":"category","embeddable":true,"href":"http:\/\/blog.inmontanis.info\/index.php?rest_route=%2Fwp%2Fv2%2Fcategories&post=6122"},{"taxonomy":"post_tag","embeddable":true,"href":"http:\/\/blog.inmontanis.info\/index.php?rest_route=%2Fwp%2Fv2%2Ftags&post=6122"}],"curies":[{"name":"wp","href":"https:\/\/api.w.org\/{rel}","templated":true}]}}