{"id":6119,"date":"2020-05-08T21:54:43","date_gmt":"2020-05-08T19:54:43","guid":{"rendered":"http:\/\/blog.inmontanis.info\/?p=6119"},"modified":"2023-08-05T13:09:13","modified_gmt":"2023-08-05T11:09:13","slug":"gesundaberget-8-5-2020","status":"publish","type":"post","link":"http:\/\/blog.inmontanis.info\/?p=6119","title":{"rendered":"Gesundaberget, 8.5.2020"},"content":{"rendered":"<p><strong>Final Escape Sweden, 7.5.2020-23.5.2020<br \/>\nTag 2: FR, 8.5.2020 &#8211; Skitour Gesundaberget<\/strong> (km 2.063, Diff. 782)<\/p>\n<p>Am zweiten Tag hatte ich etwas Zeit f\u00fcr eine Skitour und ich versuchte mein Gl\u00fcck in Gesundaberget, wo tats\u00e4chlich auch noch Schnee lag. Die Webcam funktionierte n\u00e4mlich die letzten Tage nicht und so konnte ich mich nicht davon \u00fcberzeugen, ob hier noch Schnee w\u00e4re, aber ein Skigebiet ein St\u00fcck weiter n\u00f6rdlich hatte noch genug. Zwei andere in der Umgebung des Sees schienen mir vor Ort dagegen recht frei zu sein, insofern die richtige Webcam angeschaut &#8230;<\/p>\n<p>(Fotos anklicken zum Vergr\u00f6\u00dfern)<\/p>\n<p><a href='http:\/\/extra.inmontanis.info\/d\/58667-2\/scn2020c.jpg'><img src=http:\/\/extra.inmontanis.info\/d\/58666-3\/scn2020c.jpg \/><\/a><br \/>\n^ Magenta: Fahrstrecke 8.5.2020<br \/>\nA: J\u00e4rabacken (bei J\u00f6nk\u00f6ping)<br \/>\nB: Gesundaberget (bei Mora)<br \/>\nC: Nolbybacken (bei Sundsvall)<\/p>\n<p><a href='http:\/\/extra.inmontanis.info\/d\/58671-2\/DSC07666.jpg'><img src=http:\/\/extra.inmontanis.info\/d\/58670-3\/DSC07666.jpg \/><\/a><br \/>\n^ \u00dcbernachtet hab ich am Skigebiet J\u00e4rabacken bei J\u00f6nk\u00f6ping<\/p>\n<p><a href='http:\/\/extra.inmontanis.info\/d\/58675-2\/DSC07667.jpg'><img src=http:\/\/extra.inmontanis.info\/d\/58674-3\/DSC07667.jpg \/><\/a><br \/>\n^ J\u00f6nk\u00f6ping<\/p>\n<p><a href='http:\/\/extra.inmontanis.info\/d\/58679-2\/DSC07677.jpg'><img src=http:\/\/extra.inmontanis.info\/d\/58678-3\/DSC07677.jpg \/><\/a><br \/>\n^ Skigebiet Ombergsliden<\/p>\n<p><a href='http:\/\/extra.inmontanis.info\/d\/58683-2\/DSC07678.jpg'><img src=http:\/\/extra.inmontanis.info\/d\/58682-3\/DSC07678.jpg \/><\/a><br \/>\n^ Hochgezogene Br\u00fccke in Motala ..<\/p>\n<p><a href='http:\/\/extra.inmontanis.info\/d\/58687-2\/DSC07682.jpg'><img src=http:\/\/extra.inmontanis.info\/d\/58686-3\/DSC07682.jpg \/><\/a><br \/>\n^ .. die Eisenbahnbr\u00fccke nebendran wird stattdessen gedreht<\/p>\n<p><a href='http:\/\/extra.inmontanis.info\/d\/58691-2\/DSC07693.jpg'><img src=http:\/\/extra.inmontanis.info\/d\/58690-3\/DSC07693.jpg \/><\/a><br \/>\n^ E45 \/ vor Mora<\/p>\n<p><a href='http:\/\/ski.inmontanis.info\/d\/277583-2\/DSC07696.jpg'><img src=http:\/\/ski.inmontanis.info\/d\/277582-3\/DSC07696.jpg \/><\/a><br \/>\n^ Gesundaberget &#8211; Gl\u00fcck gehabt, da liegt noch genug Schnee f\u00fcr eine Skitour<\/p>\n<p><a href='http:\/\/ski.inmontanis.info\/d\/277587-2\/DSC07698.jpg'><img src=http:\/\/ski.inmontanis.info\/d\/277586-3\/DSC07698.jpg \/><\/a><br \/>\n^ Unklar war ich mir, ob ich die Ski anschnallen soll oder am Rucksack montieren und raufgehen einfacher w\u00e4re, aber da die Felle vom Sportgesch\u00e4ft bereits aufgeklebt waren, ging ich gleich von unten los.<\/p>\n<p><a href='http:\/\/ski.inmontanis.info\/d\/277591-2\/DSC07699.jpg'><img src=http:\/\/ski.inmontanis.info\/d\/277590-3\/DSC07699.jpg \/><\/a><br \/>\n^ Graffer-DSB; da wurde auch was gearbeitet und Bedienstete fuhren zur Bergstation rauf.<\/p>\n<p><a href='http:\/\/ski.inmontanis.info\/d\/277595-2\/DSC07701.jpg'><img src=http:\/\/ski.inmontanis.info\/d\/277594-3\/DSC07701.jpg \/><\/a><br \/>\n^ Der Vorteil der neuen Tourenbindung auf meinen Nostalschi: Es sind nun wieder mehr Fotos sichtbar ;)<\/p>\n<p><a href='http:\/\/ski.inmontanis.info\/d\/277599-2\/DSC07702.jpg'><img src=http:\/\/ski.inmontanis.info\/d\/277598-3\/DSC07702.jpg \/><\/a><br \/>\n^ Graffer-DSB<\/p>\n<p><a href='http:\/\/ski.inmontanis.info\/d\/277603-2\/DSC07705.jpg'><img src=http:\/\/ski.inmontanis.info\/d\/277602-3\/DSC07705.jpg \/><\/a><br \/>\n^ rauf geht&#8217;s<\/p>\n<p><a href='http:\/\/ski.inmontanis.info\/d\/277607-2\/DSC07708.jpg'><img src=http:\/\/ski.inmontanis.info\/d\/277606-3\/DSC07708.jpg \/><\/a><br \/>\n^ Graffer-DSB<\/p>\n<p><a href='http:\/\/ski.inmontanis.info\/d\/277611-2\/DSC07709.jpg'><img src=http:\/\/ski.inmontanis.info\/d\/277610-3\/DSC07709.jpg \/><\/a><br \/>\n^ .. hier gings tats\u00e4chlich ohne Abschnallen auf schmalen Schneeresten durch<\/p>\n<p><a href='http:\/\/ski.inmontanis.info\/d\/277615-2\/DSC07710.jpg'><img src=http:\/\/ski.inmontanis.info\/d\/277614-3\/DSC07710.jpg \/><\/a><br \/>\n^ Schade, dass man nicht r\u00fcckw\u00e4rts raufgehen kann ;)<\/p>\n<p><a href='http:\/\/ski.inmontanis.info\/d\/277619-2\/DSC07713.jpg'><img src=http:\/\/ski.inmontanis.info\/d\/277618-3\/DSC07713.jpg \/><\/a><br \/>\n^ Hier musste ich dann doch auch bergauf abschnallen &#8211; Ski am Rucksack und die n\u00e4chste Steilstufe auch zu Fu\u00df weiter.<\/p>\n<p><a href='http:\/\/ski.inmontanis.info\/d\/277623-2\/DSC07715.jpg'><img src=http:\/\/ski.inmontanis.info\/d\/277622-3\/DSC07715.jpg \/><\/a><br \/>\n^ Wald gibts in Skandinavien ohne Ende<\/p>\n<p><a href='http:\/\/ski.inmontanis.info\/d\/277627-2\/DSC07716.jpg'><img src=http:\/\/ski.inmontanis.info\/d\/277626-3\/DSC07716.jpg \/><\/a><br \/>\n^ Danach wieder angeschnallt und es ging durchgehend weiter hinauf<\/p>\n<p><a href='http:\/\/ski.inmontanis.info\/d\/277631-2\/DSC07720.jpg'><img src=http:\/\/ski.inmontanis.info\/d\/277630-3\/DSC07720.jpg \/><\/a><br \/>\n^ .. bis kurz unterhalb des Restaurants, aber das reichte ja auch panoramam\u00e4\u00dfig<\/p>\n<p><a href='http:\/\/ski.inmontanis.info\/d\/277635-2\/DSC07725.jpg'><img src=http:\/\/ski.inmontanis.info\/d\/277634-3\/DSC07725.jpg \/><\/a><br \/>\n^ Weiter hinauf zur DSB-Bergstation schien mir nicht mehr sinnvoll zu sein, zumal da gearbeitet wurde und ich ja schon mal im Sommer mit der DSB fahren konnte.<\/p>\n<p><a href='http:\/\/ski.inmontanis.info\/d\/277639-2\/DSC07731.jpg'><img src=http:\/\/ski.inmontanis.info\/d\/277638-3\/DSC07731.jpg \/><\/a><br \/>\n^ Malerisches Panorama<\/p>\n<p><a href='http:\/\/ski.inmontanis.info\/d\/277643-2\/DSC04155.jpg'><img src=http:\/\/ski.inmontanis.info\/d\/277642-3\/DSC04155.jpg \/><\/a><br \/>\n^ See-Wald-Pano in IR (Blaufilter)<\/p>\n<p><a href='http:\/\/ski.inmontanis.info\/d\/277647-2\/DSC04167.jpg'><img src=http:\/\/ski.inmontanis.info\/d\/277646-3\/DSC04167.jpg \/><\/a><br \/>\n^ See-Wald-Pano in Falschfarb-IR (Orangefilter, kanalvertauscht, etwas farbverschoben)<\/p>\n<p><a href='http:\/\/ski.inmontanis.info\/d\/277651-2\/DSC07726.jpg'><img src=http:\/\/ski.inmontanis.info\/d\/277650-3\/DSC07726.jpg \/><\/a><br \/>\n^ See-Pano<\/p>\n<p><a href='http:\/\/ski.inmontanis.info\/d\/277655-2\/DSC04158.jpg'><img src=http:\/\/ski.inmontanis.info\/d\/277654-3\/DSC04158.jpg \/><\/a><br \/>\n^ See-Pano (IR)<\/p>\n<p><a href='http:\/\/ski.inmontanis.info\/d\/277659-2\/DSC07737.jpg'><img src=http:\/\/ski.inmontanis.info\/d\/277658-3\/DSC07737.jpg \/><\/a><br \/>\n^ Genau und nur deshalb brauch ich Tourenski: wenig Aufstieg + viel Panorama + mehr Spa\u00df runterw\u00e4rts anstatt zu Fu\u00df gehen  zu m\u00fcssen.<\/p>\n<p><a href='http:\/\/ski.inmontanis.info\/d\/277663-2\/DSC07741.jpg'><img src=http:\/\/ski.inmontanis.info\/d\/277662-3\/DSC07741.jpg \/><\/a><br \/>\n^ Der Schnee war sehr hart und unruhig, aber egal<\/p>\n<p><a href='http:\/\/ski.inmontanis.info\/d\/277667-2\/DSC07747.jpg'><img src=http:\/\/ski.inmontanis.info\/d\/277666-3\/DSC07747.jpg \/><\/a><br \/>\n^ Graffer-DSB<\/p>\n<p><a href='http:\/\/ski.inmontanis.info\/d\/277671-2\/DSC07750.jpg'><img src=http:\/\/ski.inmontanis.info\/d\/277670-3\/DSC07750.jpg \/><\/a><br \/>\n^ Auch unten wars nicht viel weicher, so kompakt wird der vermutliche Kunstschnee also noch einige Zeit \u00fcberleben.<\/p>\n<p><a href='http:\/\/ski.inmontanis.info\/d\/277675-2\/DSC07753.jpg'><img src=http:\/\/ski.inmontanis.info\/d\/277674-3\/DSC07753.jpg \/><\/a><br \/>\n^ Talstation; w\u00e4hrend meiner Tour sind auch Wanderer rauf- und wieder runtergegangen (also, sie kamen nach mir und fuhren vor mir wieder weg)<\/p>\n<p><a href='http:\/\/ski.inmontanis.info\/d\/277679-2\/ge20200508b.jpg'><img src=http:\/\/ski.inmontanis.info\/d\/277678-3\/ge20200508b.jpg \/><\/a><br \/>\n^ GPS-Track 8.5.2020<\/p>\n<p>Da ich ja am Samstag im Skigebiet Klimpfj\u00e4ll Ski fahren wollte, wollte ich auf dem Weg dorthin \u00fcbernachten, zum Schlafen im Auto war&#8217;s mir etwas zu kalt (-1 bis -4\u00b0), die Hotels auf dem Weg um die 70\/90\/70 Euro, wobei das teuerste wohl irgendwie das praktischste gewesen w\u00e4re. Ich checkte noch die Wettervorhersagen am Meer, knapp \u00fcber 0\u00b0, 5,5 Stunden Fahrt nach Klimpfj\u00e4ll und Sonnenaufgang um 4:10 Uhr, das passt doch gut zusammen? Also entschied ich mich nochmals f\u00fcr eine Nacht in meinem Autobett und fuhr wieder zum Meer.<\/p>\n<p><a href='http:\/\/extra.inmontanis.info\/d\/58695-2\/DSC07755.jpg'><img src=http:\/\/extra.inmontanis.info\/d\/58694-3\/DSC07755.jpg \/><\/a><br \/>\n^ Der Radfahrer &#8216;klebte&#8217; ohne Abstand hinter dem LKW &#8211; wie bescheuert ist das denn?<\/p>\n<p><a href='http:\/\/extra.inmontanis.info\/d\/58699-2\/DSC07756.jpg'><img src=http:\/\/extra.inmontanis.info\/d\/58698-3\/DSC07756.jpg \/><\/a><br \/>\n^ 296 \/ Oresj\u00f6n<\/p>\n<p><a href='http:\/\/extra.inmontanis.info\/d\/58703-2\/DSC07761.jpg'><img src=http:\/\/extra.inmontanis.info\/d\/58702-3\/DSC07761.jpg \/><\/a><br \/>\n^ E4<\/p>\n<p><a href='http:\/\/extra.inmontanis.info\/d\/58707-2\/DSC07764.jpg'><img src=http:\/\/extra.inmontanis.info\/d\/58706-3\/DSC07764.jpg \/><\/a><br \/>\n^ Einen Regenbogen gab es heute auch noch<\/p>\n<p><a href='http:\/\/ski.inmontanis.info\/d\/277683-2\/DSC07765.jpg'><img src=http:\/\/ski.inmontanis.info\/d\/277682-3\/DSC07765.jpg \/><\/a><br \/>\n^ Auf dem Berg da vorne befindet sich das Skigebiet Nolbybacken, paar km s\u00fcdlich von Sundsvall<\/p>\n<p><a href='http:\/\/ski.inmontanis.info\/d\/277687-2\/DSC07766.jpg'><img src=http:\/\/ski.inmontanis.info\/d\/277686-3\/DSC07766.jpg \/><\/a><br \/>\n^ Parken musste man aber etwas davor<\/p>\n<p><a href='http:\/\/ski.inmontanis.info\/d\/277691-2\/DSC07767.jpg'><img src=http:\/\/ski.inmontanis.info\/d\/277690-3\/DSC07767.jpg \/><\/a><br \/>\n^ Rechter SL<\/p>\n<p><a href='http:\/\/ski.inmontanis.info\/d\/277695-2\/DSC07770.jpg'><img src=http:\/\/ski.inmontanis.info\/d\/277694-3\/DSC07770.jpg \/><\/a><br \/>\n^ Haupt-SL. Ich h\u00e4tte nicht gedacht, dass auf ca. 30 m.\u00fc.d.M. noch so viel Schnee liegt, sonst h\u00e4tt ich hier meine heutige Skitour gemacht &#8211; von oben sollte man wohl gutes Meerpano haben.<\/p>\n<p><a href='http:\/\/ski.inmontanis.info\/d\/277699-2\/DSC07773.jpg'><img src=http:\/\/ski.inmontanis.info\/d\/277698-3\/DSC07773.jpg \/><\/a><br \/>\n^ Quasi hinter dem H\u00fcgel ist das Meer. Aber der Sonnenaufgang ist mir morgen zu fr\u00fch (4:10 Uhr), als dass ich eine Skitour vor dem Sonnenaufgang machen h\u00e4tte wollen. <\/p>\n<p>Dass ich am 11.9.2013 zur Bergstation des SL gelaufen bin, daran konnte ich mich nicht mehr erinnern&#8230; :<br \/>\n<img src=http:\/\/ski.inmontanis.info\/d\/169001-3\/DSC09125.jpg \/><br \/>\n^ 11.9.2013, Meerpano von der Bergstation.<\/p>\n<p><a href='http:\/\/ski.inmontanis.info\/d\/277703-2\/DSC07775.jpg'><img src=http:\/\/ski.inmontanis.info\/d\/277702-3\/DSC07775.jpg \/><\/a><br \/>\n^ Am Parkplatz \u00fcbernachten schied aus, war mir etwas zu nah an der Eisenbahn, falls da nachts Z\u00fcge fahren sollten.<\/p>\n<p><a href='http:\/\/extra.inmontanis.info\/d\/58711-2\/DSC07778.jpg'><img src=http:\/\/extra.inmontanis.info\/d\/58710-3\/DSC07778.jpg \/><\/a><br \/>\n^ .. stattdessen bin ich noch ans Meer gefahren  (Bergafj\u00e4rden, 21 Uhr). Mangels sinnvoller Parkm\u00f6glichkeit am Meer gings nochmals retour und auf einen anderen Abzweig.<\/p>\n<p><a href='http:\/\/ski.inmontanis.info\/d\/277707-2\/DSC07786.jpg'><img src=http:\/\/ski.inmontanis.info\/d\/277706-3\/DSC07786.jpg \/><\/a><br \/>\n^ Nolbybacken. W\u00e4r schon noch gut Schnee da oben gewesen.<\/p>\n<p><a href='http:\/\/extra.inmontanis.info\/d\/58715-2\/DSC07787.jpg'><img src=http:\/\/extra.inmontanis.info\/d\/58714-3\/DSC07787.jpg \/><\/a><br \/>\n^ Meerpano bei Junisk\u00e4r (21:30 Uhr). Leider ziemlich alles verbaut, aber es gab doch noch einen Parkplatz zum \u00dcbernachten und einen Weg runter zum Meer, wo ich morgen fr\u00fch den Sonnenaufang fotografieren wollte.<\/p>\n<p>Zusammenschnitt Dashcamvideo von gestern+heute:<br \/>\n<object style=\"height: 500px; width: 900px\"><param name=\"movie\" value=\"http:\/\/www.youtube.com\/v\/wYfTzgtfr40\"><\/param><param name=\"wmode\" value=\"transparent\"><\/param><embed src=\"http:\/\/www.youtube.com\/v\/wYfTzgtfr40\" type=\"application\/x-shockwave-flash\" wmode=\"transparent\"  width=\"900\" height=\"480\"><\/embed><\/object><\/p>\n<p>(Fortsetzung folgt.)<\/p>\n","protected":false},"excerpt":{"rendered":"<p>Final Escape Sweden, 7.5.2020-23.5.2020 Tag 2: FR, 8.5.2020 &#8211; Skitour Gesundaberget (km 2.063, Diff. 782)<\/p>\n<p>Am zweiten Tag hatte ich etwas Zeit f\u00fcr eine Skitour und ich versuchte mein Gl\u00fcck in Gesundaberget, wo tats\u00e4chlich auch noch Schnee lag. Die Webcam funktionierte n\u00e4mlich die letzten Tage nicht und so konnte ich mich nicht davon \u00fcberzeugen, ob <a href=\"http:\/\/blog.inmontanis.info\/?p=6119\">[&#8230;]<\/a><\/p>\n","protected":false},"author":1,"featured_media":0,"comment_status":"closed","ping_status":"closed","sticky":false,"template":"","format":"standard","meta":{"footnotes":""},"categories":[183,674,641,19,29],"tags":[38,91,90,37,78,45,47],"class_list":["post-6119","post","type-post","status-publish","format-standard","hentry","category-2020-05-schweden","category-gesundaberget","category-nolbybacken","category-schwedensweden","category-skitourenwalk-ski","tag-dsb","tag-graffer","tag-infrarot","tag-meer","tag-restschnee","tag-see","tag-sl","odd"],"_links":{"self":[{"href":"http:\/\/blog.inmontanis.info\/index.php?rest_route=\/wp\/v2\/posts\/6119","targetHints":{"allow":["GET"]}}],"collection":[{"href":"http:\/\/blog.inmontanis.info\/index.php?rest_route=\/wp\/v2\/posts"}],"about":[{"href":"http:\/\/blog.inmontanis.info\/index.php?rest_route=\/wp\/v2\/types\/post"}],"author":[{"embeddable":true,"href":"http:\/\/blog.inmontanis.info\/index.php?rest_route=\/wp\/v2\/users\/1"}],"replies":[{"embeddable":true,"href":"http:\/\/blog.inmontanis.info\/index.php?rest_route=%2Fwp%2Fv2%2Fcomments&post=6119"}],"version-history":[{"count":2,"href":"http:\/\/blog.inmontanis.info\/index.php?rest_route=\/wp\/v2\/posts\/6119\/revisions"}],"predecessor-version":[{"id":6121,"href":"http:\/\/blog.inmontanis.info\/index.php?rest_route=\/wp\/v2\/posts\/6119\/revisions\/6121"}],"wp:attachment":[{"href":"http:\/\/blog.inmontanis.info\/index.php?rest_route=%2Fwp%2Fv2%2Fmedia&parent=6119"}],"wp:term":[{"taxonomy":"category","embeddable":true,"href":"http:\/\/blog.inmontanis.info\/index.php?rest_route=%2Fwp%2Fv2%2Fcategories&post=6119"},{"taxonomy":"post_tag","embeddable":true,"href":"http:\/\/blog.inmontanis.info\/index.php?rest_route=%2Fwp%2Fv2%2Ftags&post=6119"}],"curies":[{"name":"wp","href":"https:\/\/api.w.org\/{rel}","templated":true}]}}