{"id":6112,"date":"2020-05-07T21:28:25","date_gmt":"2020-05-07T19:28:25","guid":{"rendered":"http:\/\/blog.inmontanis.info\/?p=6112"},"modified":"2020-05-26T21:52:22","modified_gmt":"2020-05-26T19:52:22","slug":"osterreich-schweden-7-5-2020","status":"publish","type":"post","link":"http:\/\/blog.inmontanis.info\/?p=6112","title":{"rendered":"\u00d6sterreich-Schweden, 7.5.2020"},"content":{"rendered":"<p><strong>Final Escape Sweden, 7.5.2020-23.5.2020<br \/>\nTag 1: DO, 7.5.2020 &#8211; F\u00e4hre Rostock-Trelleborg<\/strong> (km 1.281, Diff. 1.281)<\/p>\n<p>Nach dem niederschmetternden Ersten-Mai-Wochenende checkte ich nochmals die Lage in Schweden ab. Einreise in Deutschland sollte aufgrund meines deutschen Ausweises nach wie vor problemlos sein, in Schweden gibts auch weiterhin keine Einreisebeschr\u00e4nkungen f\u00fcr EU-B\u00fcrger und retour w\u00fcrde man ja sowieso immer kommen. Leider gibt es seit 4.5. noch ein ge\u00f6ffnetes Skigebiet weniger, denn Bj\u00f6rkliden hat &#8211; wie \u00fcblich &#8211; nur bis zum ersten Mai-WE (plusminus) offen. Die meisten Skigebiete haben in Schweden ja Anfang April corona-bedingt geschlossen, nur wenige entschlossen sich, offen zu bleiben. Fix w\u00e4re momentan nur Riksgr\u00e4nsen bis 24.5. <\/p>\n<p>Am Montag fragte ich nochmals im Gesch\u00e4ft nach, ob ich Urlaub bekommen k\u00f6nnte, was mir dank meines Chefs genehmigt wurde. Reisezeitraum war mir noch nicht ganz klar. Sp\u00e4ter im Mai und die Feiertage mitnehmen? Oder doch jetzt gleich, weil Ende Mai evtl. am Hintertuxer wieder Betrieb sein w\u00fcrde und ich ja ggf. 14 Tage in Quarant\u00e4ne muss. Sp\u00e4ter k\u00f6nnte auch bedeuten, dass ein Besuch von Norwegen und\/oder Finnland m\u00f6glich sein k\u00f6nnte, falls die Mitte Mai ihre Grenzen lockern sollten.<\/p>\n<p>Auf der Suche nach weiteren ge\u00f6ffneten Skigebieten au\u00dfer Riksgr\u00e4nsen wurde ich zum Gl\u00fcck aber doch noch f\u00fcndig: Klimpfj\u00e4ll will auch n\u00e4chstes WE wieder \u00f6ffnen und auch das kleine Skigebiet in Kiruna meldet weiterhin Betrieb bei genug Schnee. In Bl\u00e5sj\u00f6n soll der Lift ab 8 Personen in Betrieb gehen, um umgerechnet ca. 80 \u20ac pro Tag. So meldete ich mein Interesse an und bat um R\u00fcckmeldung 1-2 Tage vorher, wenn es genug Anmeldungen geben sollte. Um am Wochenende in Klimpfj\u00e4ll und evtl. Bl\u00e5sj\u00f6n fahren zu k\u00f6nnen, entschied ich mich also, bereits am Donnerstag aufzubrechen. Somit ging wieder einmal alles sehr spontan und kurzfristig los.<\/p>\n<p>Eine andere Idee ist mir durch die vorherigen Wochenenden mit den (Einrad-)Skitouren gekommen, n\u00e4mlich dass ich meine alten Tourenski aufgrund der Pistenperformance zwar schon immer bescheuert fand. Aber in Skandinavien war das im Mai 2017 durchaus ganz nett, hin und wieder ca. 200 hm aufzusteigen und dann ein tolles Pano zu haben. Mit Bett im Auto (das musste ich die Tage auch erst wieder auf Sommerbetrieb umbauen) kann ich im Ignis aber nur 1 Paar Ski mitnehmen &#8211; maximal noch die Racecarver dazu mit abmontierter Bindung. Beide Ski fand ich f\u00fcr die Offpisteh\u00e4nge in Riksgr\u00e4nsen aber ungeeignet.<\/p>\n<p>Zus\u00e4tzlich fiel mir auf, dass meine &#8220;Nostalschi&#8221;, also die Carpani mit den selbst designten Nostalgie-Foto-Layout wohl bald am Ende sein werden. Was l\u00e4ge also n\u00e4her, diese in Tourenski umzuwandeln und fortan nur noch selten zu verwenden? Ich checkte die Sportgesch\u00e4fte in Innsbruck und fragte bei einem nach, ob das kurzfristig m\u00f6glich sei, worauf ich als Antwort bekam, dass ich doch einfach mal vorbeikommen sollte. Am Dienstag (5.5.) nach der Arbeit fuhr ich vorbei und er hatte zum Gl\u00fcck eine alte Bindung, die f\u00fcr normale Skischuhe geeignet war und auch von der L\u00e4nge her passte (das war knapp, weil meine Strolz-Skischuhe ja sehr kurz sind) und die ich dann g\u00fcnstig bekam. Das Umarbeiten der alten Felle h\u00e4tte sich kostenm\u00e4\u00dfig nicht gelohnt, so dass ich neue Felle nahm.<\/p>\n<p>Am Mittwoch 6.5. fuhr ich nach der Arbeit (etwas fr\u00fcher gegangen) nochmals vorbei und holte die Ski ab, die L\u00f6cher der Schrauben von der alten Bindung hatten exakt f\u00fcr die neue Bindung gepasst, wurde mir gesagt und so hatte ich meine &#8220;Nostalschi&#8221; um g\u00fcnstige 150,- \u20ac in Tourenski verwandelt. Dass die Farbe der Bindung besser zu Skischuhen und Ski passt und ich durch die Tourenbindung nun mehr von den alten Fotos sehen kann, ist ebenfalls positiv.<\/p>\n<p>Weniger positiv und ein bisschen besorgniserregend war, dass ich Mitte April die R\u00e4der hab umstecken lassen und somit bereits die Sommerr\u00e4der drauf hatte &#8211; da ich damals nicht mehr mit einem Schwedenurlaub im Mai gerechnet hatte. Da zudem f\u00fcr Riksgr\u00e4nsen fast t\u00e4glich Schneefall und auch weiter s\u00fcdlich Temperaturen unter 0\u00b0 gemeldet wurden &#8230; lie\u00df ich vorsichtshalber auch die Ketten noch im Auto. <em>Schlussendlich brauchte ich die Ketten nicht, es ging alles gut, aber die meisten im Norden Schwedens fuhren auch Mitte Mai noch mit Spikereifen &#8211; da kam ich mir mit meinen Sommerreifen ja wie ein Holl\u00e4nder in den Alpen vor :) <\/em><\/p>\n<p>Um 18:30 Uhr war ich endlich mit dem Packen fertig und ich \u00fcberlegte, ob ich nun losfahren sollte oder nicht. Um die Uhrzeit k\u00f6nnte es an der Grenze ja noch l\u00e4nger dauern. Und ich m\u00fcsste dann irgendwo in Deutschland \u00fcbernachten, was man aufgrund der Corona-Lage vermutlich besser an einem lauten Autobahnparkplatz, denn in einem ruhigen Wohn\/Industrieviertel machen sollte&#8230; also versuchte ich doch, etwas zu schlafen und erst um Mitternacht zu fahren. Die letzten beiden N\u00e4chte waren ja auch etwas verk\u00fcrzt.<\/p>\n<p>Ging aber leider doch nicht, bzw. etwas nach 20 Uhr schlief ich ein, aber mein K\u00f6rper verarschte mich und ich tr\u00e4umte um 22:15, es w\u00e4re 0:15 und der Wecker w\u00fcrde klingeln, d.h. ich h\u00f6rte im Traum tats\u00e4chlich das Klingeln des Weckers. Bescheuert! Danch konnte ich wieder nicht mehr einschlafen und ich stand um 23.30 auf, sammelte noch ein paar Sachen zusammen und fuhr um 0 Uhr am Donnerstag 7.5. los. Daher gibt&#8217;s diesmal keinen Berichts-&#8220;Tag 0,5&#8221;, sondern der erste Tag der Reise fing ausnahmsweise mal um 0 Uhr an ;)<\/p>\n<p>Ich fuhr zur Abwechslung mal \u00fcber die Inntalautobahn, an der Grenze zu Deutschland wurde nur mein Ziel abgefragt (&#8220;Schweden??!&#8221;), danach ging der Polizist (\u00fcbrigens alle recht freundlich und munter, trotz 1 Uhr nachts!) einige Zeit mit meinem Pass weg; evtl. wurde ich wo im System erfasst, evtl. musste er auch kurz nachfragen, was er mit mir machen soll. Danach gab er mir den Pass und w\u00fcnschte mir eine gute Fahrt. Yess! Also kein Hinweis zwecks Quarant\u00e4ne, kein Nachfragen, ob ich \u00fcber D\u00e4nemark oder mit einer F\u00e4hre fahren wollte, kein Sehenwollen einer F\u00e4hrbuchung.<\/p>\n<p>Gegen 4 Uhr machte ich eine Pause, stellte mir den Wecker in 45 Minuten, konnte aber auch nicht einschlafen. In Mecklenburg-Vorpommern dann das Schild neben der Autobahn, dass touristische Reisen &#8220;im Land&#8221; verboten w\u00e4ren &#8211; aber ich bin ja auf Durchreise, das ist erlaubt. Die Polizei auf der Autobahn war von meinem Nummernschild unbeeindruckt und holte mich nicht raus.<\/p>\n<p>Um 9:30 machte ich nochmal eine Pause, war etwas ruhiger hier, aber Einschlafen\/Nickerchen ging wieder nicht. Hab mich aber auch beides Mal nicht ins Bett gelegt f\u00fcr die kurze Zeit, h\u00e4tte vermutlich besser geklappt.<\/p>\n<p>Bl\u00f6derweise war ich in einem Baustellenbereich mit der Bedienung des Navi abgelenkt und hab nicht gecheckt, dass von 80 auf 60 km\/h reduziert war und gerade da muss dann mal ein Blitzer sein, weil man sich sonst ja laufend dran h\u00e4lt. Bin GPS-exakte 80 km\/h gefahren und zudem wurden wohl am 28.4. in Deutschland die Preise von 30,- auf 60,- \u20ac verdoppelt. Naja, verglichen mit IT noch g\u00fcnstig. Warten wir ab, wann die Zahlungsaufforderung kommt. <\/p>\n<p>Da die Fahrt ohne Stau verlief und obwohl ich eher gem\u00fctliche 110-120 km\/h fuhr, war ich bereits um 11.30 Uhr am Hafen, also viel zu fr\u00fch. Abfahrt 13:45 und last-check-in 30 Minuten davor. Gebucht hab ich diesmal die tt-line, 2017 war ich mit dieser F\u00e4hre ja gar nicht zufrieden, aber im WWW hatte die TT-Line die besseren Infos zwecks Corona. Diesmal das Men\u00fc mit dazu um knapp \u00fcber 14 \u20ac (&#8220;3 G\u00e4nge + 2 Softdrinks&#8221;) und das 20 \u20ac teurere Flexiticket (inkl. Softdrink) genommen, zwecks kostenloser Umbuchung, weil ich mir ja nicht 100%-ig sicher war, durchzukommen. Kostete in Summe dann 93,02 \u20ac.<\/p>\n<p>Am F\u00e4hrterminal fragte ich noch, ob das gebuchte &#8220;Sailors Men\u00fc&#8221; mittags oder abends w\u00e4re, meinte die Bedienstete, sie wisse es nicht, denke aber, beides sei m\u00f6glich. Hm. Wenn abends, w\u00e4r ich noch zur Tankstelle gefahren und h\u00e4tte mir was gekauft. An Board dann: mittags nur 1 Gang (kostet dann Normalpreis auch nur 12 \u20ac) &#8211; also hungerte ich halt bis abends und holte mir das eine gratis Coke (leider in der Dose) an der Rezeption. Bar\/Snacks gabs nicht, maximal Naschsachen oder ein Eis im Shop.<\/p>\n<p>H\u00e4tte ja schon lieber mittags am Schiff und abends in Schweden gegessen. Immerhin hatte ich heut fr\u00fch ein langes Chicken-Baguette an der Tankstelle mitgenommen und verspeist. Der Shop macht aber erst um 14:30 auf und um 16 Uhr wieder zu, danach bekommt man also gar nichts mehr zum Essen oder trinken, denn das Restaurant macht abends lt. Aushang erst wieder um 17:30 auf (\u00f6ffnete dann aber etwas sp\u00e4ter). Daher .. r\u00fcckw\u00e4rts lieber die Stena nehmen, da gibts vielleicht auch wieder ein leckeres Garnelenpolarbr\u00f6dsandwich.<\/p>\n<p>Das Abendessen verlief dann so ab: SB-Bereich mit Abstandsmarkierungen am Boden, erster Gang wohl Salat (ggf. mit Brot) &#8211; nicht vom Buffet, sondern vorkonfektioniert, zweiter Gang stand zur Auswahl Backfisch oder Schweinsbraten (mit Nachfrage &#8220;wieviel St\u00fcck&#8221;, ich nahm von beidem eines), als Beilage Pommes, Bratkartoffel (leider etwas scharf) und\/oder Gem\u00fcse. Dazu Plastikbesteck (!?) und die beiden Softdrinks waren wohl eher S\u00e4fte. Ein Dessert, also der verprochene 3. Gang, der auch am Eingang\/T\u00fcrstopper erw\u00e4hnt ist, sah ich nicht, weder im SB-Bereich noch bei irgendwem auf dem Tablett. Naja, satt bin ich geworden und der Fisch war eigentlich ganz gut. Dass sich jemand an meinen Tisch setzen musste, passte mir allerdings weniger. War ja noch einiges frei und einer gro\u00dfer Teil abgesperrt.<\/p>\n<p>Ankunft fast 30 Minuten fr\u00fcher als geplant, die Durchfahrt durch den Zoll oder die Polizei verlief auch problemlos, auch wenn die Frau einen etwas unzufriedenen Unterton hatte, als sie mich gefragt hatte, ob ich zum Urlauben hier sei und ich fr\u00f6hlich bejahte. Hinzu das einem die letzten Wochen von Politik und Medien eingetrichterte Mantra &#8220;bleib daheim, fahr nicht in Urlaub&#8221;, wodurch sich der Anfang der Reise schon etwas eigenartig und falsch angef\u00fchlt hat. Allerdings hat man in Schweden nirgends mehr was gesp\u00fcrt, dass man nicht willkommen sei, und so legte sich das die n\u00e4chsten Tage wieder.<\/p>\n<p>Abstandsmarkierungen am Boden und Plexiglasscheiben vor den Kassen waren auch in den n\u00e4chsten Tagen \u00fcblich (wenn auch nicht ganz \u00fcberall), Personen mit Maske sah ich nur eine einzige am ersten oder zweiten Tag, danach nicht mehr.<\/p>\n<p>\u00dcbernachtet hab ich standesgem\u00e4\u00df in J\u00f6nk\u00f6ping am Parkplatz eines Skigebiets. <\/p>\n<p>(Fotos anklicken zum Vergr\u00f6\u00dfern)<\/p>\n<p><a href='http:\/\/extra.inmontanis.info\/d\/58587-3\/scn2020a.jpg'><img src=http:\/\/extra.inmontanis.info\/d\/58586-4\/scn2020a.jpg \/><\/a><br \/>\n^ Rot von Innsbruck bis A: Fahrstrecke 7.5.2020, 1.281km (ohne F\u00e4hre)<br \/>\nA: J\u00f6nk\u00f6ping (&#8220;J\u00f6nsch\u00f6ping&#8221;)<\/p>\n<p><a href='http:\/\/extra.inmontanis.info\/d\/58599-2\/DSC07564.jpg'><img src=http:\/\/extra.inmontanis.info\/d\/58598-3\/DSC07564.jpg \/><\/a><br \/>\n^ Morgend\u00e4mmerung<\/p>\n<p><a href='http:\/\/extra.inmontanis.info\/d\/58603-2\/DSC07570.jpg'><img src=http:\/\/extra.inmontanis.info\/d\/58602-3\/DSC07570.jpg \/><\/a><br \/>\n^ Morgend\u00e4mmerung (5:15 Uhr)<\/p>\n<p><a href='http:\/\/extra.inmontanis.info\/d\/58607-2\/DSC07584.jpg'><img src=http:\/\/extra.inmontanis.info\/d\/58606-3\/DSC07584.jpg \/><\/a><br \/>\n^ Rostock Hafen<\/p>\n<p><a href='http:\/\/extra.inmontanis.info\/d\/58611-2\/DSC07593.jpg'><img src=http:\/\/extra.inmontanis.info\/d\/58610-3\/DSC07593.jpg \/><\/a><br \/>\n^ Rostock Hafen, sehr leer und ruhig aktuell<\/p>\n<p><a href='http:\/\/extra.inmontanis.info\/d\/58615-2\/DSC07601.jpg'><img src=http:\/\/extra.inmontanis.info\/d\/58614-3\/DSC07601.jpg \/><\/a><br \/>\n^ .. aber hier wird gebaut<\/p>\n<p><a href='http:\/\/extra.inmontanis.info\/d\/58619-2\/DSC07623.jpg'><img src=http:\/\/extra.inmontanis.info\/d\/58618-3\/DSC07623.jpg \/><\/a><br \/>\n^ Selten, dass mehr als 3 Personen auf dem Sonnendeck waren<\/p>\n<p><a href='http:\/\/extra.inmontanis.info\/d\/58623-2\/DSC07624.jpg'><img src=http:\/\/extra.inmontanis.info\/d\/58622-3\/DSC07624.jpg \/><\/a><br \/>\n^ Die F\u00e4hre ist ganz sch\u00f6n hoch<\/p>\n<p><a href='http:\/\/extra.inmontanis.info\/d\/58627-2\/DSC07626.jpg'><img src=http:\/\/extra.inmontanis.info\/d\/58626-3\/DSC07626.jpg \/><\/a><br \/>\n^ R\u00fcckblick Rostock<\/p>\n<p><a href='http:\/\/extra.inmontanis.info\/d\/58631-2\/IMG_20200507_144237.jpg'><img src=http:\/\/extra.inmontanis.info\/d\/58630-3\/IMG_20200507_144237.jpg \/><\/a><br \/>\n^ Keine Ahnung, aber gut m\u00f6glich, dass ich dieses Himbeer-Eis zuletzt vor \u00fcber 30 Jahren gegessen hab ;)<\/p>\n<p><a href='http:\/\/extra.inmontanis.info\/d\/58635-2\/DSC07632.jpg'><img src=http:\/\/extra.inmontanis.info\/d\/58634-3\/DSC07632.jpg \/><\/a><br \/>\n^ Die F\u00e4hre wurde letztens verl\u00e4ngert, in dem man sie auseinanderschnitt und dann was erg\u00e4nzte. Sachen gibts..<\/p>\n<p><a href='http:\/\/extra.inmontanis.info\/d\/58639-2\/DSC07583.jpg'><img src=http:\/\/extra.inmontanis.info\/d\/58638-3\/DSC07583.jpg \/><\/a><br \/>\n^ Sch\u00f6n eingerichtet ..<\/p>\n<p><a href='http:\/\/extra.inmontanis.info\/d\/58643-2\/DSC07587.jpg'><img src=http:\/\/extra.inmontanis.info\/d\/58642-3\/DSC07587.jpg \/><\/a><br \/>\n^ .. ist sie ja schon. <\/p>\n<p><a href='http:\/\/extra.inmontanis.info\/d\/58415-3\/DSC07622.jpg'><img src=http:\/\/extra.inmontanis.info\/d\/58413-4\/DSC07622.jpg \/><\/a><br \/>\n^ tt-line Rostock-Trelleborg<\/p>\n<p><a href='http:\/\/extra.inmontanis.info\/d\/58647-2\/DSC07637.jpg'><img src=http:\/\/extra.inmontanis.info\/d\/58646-3\/DSC07637.jpg \/><\/a><br \/>\n^ Komischer Wolkenhimmel<\/p>\n<p><a href='http:\/\/extra.inmontanis.info\/d\/58651-2\/DSC07645.jpg'><img src=http:\/\/extra.inmontanis.info\/d\/58650-3\/DSC07645.jpg \/><\/a><\/p>\n<p><a href='http:\/\/extra.inmontanis.info\/d\/58655-2\/DSC07655.jpg'><img src=http:\/\/extra.inmontanis.info\/d\/58654-3\/DSC07655.jpg \/><\/a><\/p>\n<p><a href='http:\/\/extra.inmontanis.info\/d\/58659-2\/IMG_20200507_174545.jpg'><img src=http:\/\/extra.inmontanis.info\/d\/58658-3\/IMG_20200507_174545.jpg \/><\/a><br \/>\n^ Abendessen auf der F\u00e4hre, siehe Beschreibung oben.<\/p>\n<p><a href='http:\/\/extra.inmontanis.info\/d\/58663-2\/DSC07662.jpg'><img src=http:\/\/extra.inmontanis.info\/d\/58662-3\/DSC07662.jpg \/><\/a><br \/>\n^ Ankunft in Trelleborg<\/p>\n<p>(Fortsetzung folgt.)<\/p>\n","protected":false},"excerpt":{"rendered":"<p>Final Escape Sweden, 7.5.2020-23.5.2020 Tag 1: DO, 7.5.2020 &#8211; F\u00e4hre Rostock-Trelleborg (km 1.281, Diff. 1.281)<\/p>\n<p>Nach dem niederschmetternden Ersten-Mai-Wochenende checkte ich nochmals die Lage in Schweden ab. Einreise in Deutschland sollte aufgrund meines deutschen Ausweises nach wie vor problemlos sein, in Schweden gibts auch weiterhin keine Einreisebeschr\u00e4nkungen f\u00fcr EU-B\u00fcrger und retour w\u00fcrde man ja sowieso <a href=\"http:\/\/blog.inmontanis.info\/?p=6112\">[&#8230;]<\/a><\/p>\n","protected":false},"author":1,"featured_media":0,"comment_status":"closed","ping_status":"closed","sticky":false,"template":"","format":"standard","meta":{"footnotes":""},"categories":[183,19],"tags":[37],"class_list":["post-6112","post","type-post","status-publish","format-standard","hentry","category-2020-05-schweden","category-schwedensweden","tag-meer","odd"],"_links":{"self":[{"href":"http:\/\/blog.inmontanis.info\/index.php?rest_route=\/wp\/v2\/posts\/6112","targetHints":{"allow":["GET"]}}],"collection":[{"href":"http:\/\/blog.inmontanis.info\/index.php?rest_route=\/wp\/v2\/posts"}],"about":[{"href":"http:\/\/blog.inmontanis.info\/index.php?rest_route=\/wp\/v2\/types\/post"}],"author":[{"embeddable":true,"href":"http:\/\/blog.inmontanis.info\/index.php?rest_route=\/wp\/v2\/users\/1"}],"replies":[{"embeddable":true,"href":"http:\/\/blog.inmontanis.info\/index.php?rest_route=%2Fwp%2Fv2%2Fcomments&post=6112"}],"version-history":[{"count":6,"href":"http:\/\/blog.inmontanis.info\/index.php?rest_route=\/wp\/v2\/posts\/6112\/revisions"}],"predecessor-version":[{"id":6118,"href":"http:\/\/blog.inmontanis.info\/index.php?rest_route=\/wp\/v2\/posts\/6112\/revisions\/6118"}],"wp:attachment":[{"href":"http:\/\/blog.inmontanis.info\/index.php?rest_route=%2Fwp%2Fv2%2Fmedia&parent=6112"}],"wp:term":[{"taxonomy":"category","embeddable":true,"href":"http:\/\/blog.inmontanis.info\/index.php?rest_route=%2Fwp%2Fv2%2Fcategories&post=6112"},{"taxonomy":"post_tag","embeddable":true,"href":"http:\/\/blog.inmontanis.info\/index.php?rest_route=%2Fwp%2Fv2%2Ftags&post=6112"}],"curies":[{"name":"wp","href":"https:\/\/api.w.org\/{rel}","templated":true}]}}