{"id":6105,"date":"2020-05-03T15:16:58","date_gmt":"2020-05-03T13:16:58","guid":{"rendered":"http:\/\/blog.inmontanis.info\/?p=6105"},"modified":"2023-08-06T21:30:08","modified_gmt":"2023-08-06T19:30:08","slug":"hochfugenkuhtai-1-3-5-2020","status":"publish","type":"post","link":"http:\/\/blog.inmontanis.info\/?p=6105","title":{"rendered":"Hochf\u00fcgen+K\u00fchtai, 1.-3.5.2020"},"content":{"rendered":"<p><strong>Fr, 1.5.2020<\/strong><\/p>\n<p>Ganz toll. Da f\u00e4llt der 1.5.-Feiertag heuer auf einen Freitag und man h\u00e4tte ein verl\u00e4ngertes WE und wegen den Coronavirus-Ma\u00dfnahmen darf man nirgends hinfahren bzw. sind nirgends Skigebiete offen. Warum muss der Feiertag ausgerechnet heuer auf einen Freitag fallen?!<\/p>\n<p>Ok, man k\u00f6nnte evtl. mit dem Auto innerhalb \u00d6sterreichs rumkurven und vielleicht auch im Auto n\u00e4chtigen, aber das Wetter ist ja genauso beschissen. Neuschnee auf den Bergen, der sicherlich zu Papp f\u00fchrt, sowie etwaige ger\u00e4umte Stra\u00dfen f\u00fcr mein Einrad unpassierbar macht und noch dazu soll es jeden Tag schneien.<\/p>\n<p>Bei stabilerem Wetter w\u00e4re ich wohl f\u00fcr 2 Tage rumgefahren, am Nassfeld waren Stra\u00dfen ger\u00e4umt und genug Restschnee bis zu den Parkpl\u00e4tzen, das h\u00e4tte recht gut ausgesehen, aber eben nicht bei den Wettervorhersagen.<\/p>\n<p>So wartete ich am Freitag bis Nachmittag, etwas auf Wetterbesserung, etwas auf weniger Schnee auf dem Weg und fuhr nochmals nach Hochf\u00fcgen. Auf dem Weg dorthin begegneten mir Fahrzeuge mit Kennzeichen aus Deutschland, Polen und von Hochf\u00fcgen runterfahrend aus Schweden (wie kommt man denn auf die Idee!?), am Sonntag sah ich \u00fcbrigens ein italienisches Kennzeichen &#8211; wie kam der denn aus Italien raus?<\/p>\n<p>Jedenfalls war der Weg doch nicht bis EUB-Bergstation schneefrei und ich musste eine andere Abfahrt als gewollt nehmen und die war dann wie erwartet nass, schwer, pappig und nicht lohnenswert. Geregnet hats dann auch noch.<\/p>\n<p><a href='http:\/\/ski.inmontanis.info\/d\/277523-2\/IMG_20200501_144148.jpg'><img src=http:\/\/ski.inmontanis.info\/d\/277522-3\/IMG_20200501_144148.jpg \/><\/a><\/p>\n<p><a href='http:\/\/ski.inmontanis.info\/d\/277527-2\/IMG_20200501_144333.jpg'><img src=http:\/\/ski.inmontanis.info\/d\/277526-3\/IMG_20200501_144333.jpg \/><\/a><br \/>\n^ Die schwarze Abfahrt bin ich letztes WE gefahren<\/p>\n<p><a href='http:\/\/ski.inmontanis.info\/d\/277531-2\/IMG_20200501_151018.jpg'><img src=http:\/\/ski.inmontanis.info\/d\/277530-3\/IMG_20200501_151018.jpg \/><\/a><\/p>\n<p><a href='http:\/\/ski.inmontanis.info\/d\/277535-2\/IMG_20200501_162434.jpg'><img src=http:\/\/ski.inmontanis.info\/d\/277534-3\/IMG_20200501_162434.jpg \/><\/a><br \/>\n^ Leider war der Neuschnee weiter oben noch nicht von der Stra\u00dfe abgetaut und hier war somit notgedrungen Schluss f\u00fcr mich<\/p>\n<p><a href='http:\/\/ski.inmontanis.info\/d\/277539-2\/IMG_20200501_164713.jpg'><img src=http:\/\/ski.inmontanis.info\/d\/277538-3\/IMG_20200501_164713.jpg \/><\/a><br \/>\n^ Der Neuschnee war sehr nass und pappig<\/p>\n<p><a href='http:\/\/ski.inmontanis.info\/d\/277543-2\/IMG_20200501_165516.jpg'><img src=http:\/\/ski.inmontanis.info\/d\/277542-3\/IMG_20200501_165516.jpg \/><\/a><br \/>\n^ Weiter unten war&#8217;s dann angenehmer zu fahren<\/p>\n<p><a href='http:\/\/ski.inmontanis.info\/d\/277547-2\/IMG_20200501_170048.jpg'><img src=http:\/\/ski.inmontanis.info\/d\/277546-3\/IMG_20200501_170048.jpg \/><\/a><br \/>\n^ .. h\u00e4tt ich auch gleich blo\u00df 2x die Abfahrt raufgehen k\u00f6nnen..<\/p>\n<p><a href='http:\/\/ski.inmontanis.info\/d\/277551-2\/IMG_20200501_170045.jpg'><img src=http:\/\/ski.inmontanis.info\/d\/277550-3\/IMG_20200501_170045.jpg \/><\/a><br \/>\n^ Wobei man etwas Fu\u00dfweg runter zum Auto hat.<\/p>\n<p><a href='http:\/\/ski.inmontanis.info\/d\/277555-2\/ge20200501a.jpg'><img src=http:\/\/ski.inmontanis.info\/d\/277554-3\/ge20200501a.jpg \/><\/a><br \/>\n^ GPS-Track 25.4.2020 in T\u00fcrkis und 1.5.2020 in Gelb<\/p>\n<p><strong>Sa, 2.5.2020<\/strong><\/p>\n<p>Am Samtag verzichtete ich auf das Skifahren und besuchte stattdessen meine Mutter, da das jetzt wieder erlaubt war.<\/p>\n<p><strong>So, 3.5.2020<\/strong><\/p>\n<p>Mangels Alternativen fuhr ich mit dem Auto ins K\u00fchtai rauf, es gab erneut Schnee, war allerdings etwas k\u00e4lter, so dass es vielleicht weniger pappig gewesen w\u00e4re. Allerdings war sehr viel los und 3-4 Snowborder fuhren laufend mit ihrem Kleinbus die Stra\u00dfe zum Cafe rauf (und einer mit dem Auto wieder runter), was mich allerdings beim Rauffahren mit dem Einrad behindert h\u00e4tte (ich h\u00e4tte sie behindert und sie h\u00e4tten mich mit dem Stra\u00dfendreck beschmutzt), so dass ich keine gro\u00dfe Lust hatte. \u00dcberhaupt die kurze Abfahrt und das Umziehen und so weiter, das ist doch alles bescheuert. Alternativ richtung Dreiseenbahn mit den Tourenski rauf? Ach, mich kotzt das alles an. <\/p>\n<p><a href='http:\/\/ski.inmontanis.info\/d\/277559-2\/DSC07554.jpg'><img src=http:\/\/ski.inmontanis.info\/d\/277558-3\/DSC07554.jpg \/><\/a><br \/>\n^ Auffahrt ins K\u00fchtai<\/p>\n<p><a href='http:\/\/ski.inmontanis.info\/d\/277563-2\/DSC07556.jpg'><img src=http:\/\/ski.inmontanis.info\/d\/277562-3\/DSC07556.jpg \/><\/a><\/p>\n<p><a href='http:\/\/ski.inmontanis.info\/d\/277567-2\/DSC07557.jpg'><img src=http:\/\/ski.inmontanis.info\/d\/277566-3\/DSC07557.jpg \/><\/a><br \/>\n^ Sauber gespurt<\/p>\n<p><a href='http:\/\/ski.inmontanis.info\/d\/277571-2\/DSC07558.jpg'><img src=http:\/\/ski.inmontanis.info\/d\/277570-3\/DSC07558.jpg \/><\/a><\/p>\n<p><a href='http:\/\/ski.inmontanis.info\/d\/277575-2\/DSC07559.jpg'><img src=http:\/\/ski.inmontanis.info\/d\/277574-3\/DSC07559.jpg \/><\/a><\/p>\n<p><a href='http:\/\/ski.inmontanis.info\/d\/277579-2\/DSC07561.jpg'><img src=http:\/\/ski.inmontanis.info\/d\/277578-3\/DSC07561.jpg \/><\/a><\/p>\n<p>Zudem wurden mit 1.5. nun die weiteren Corona-Ma\u00dfnahmen von der \u00f6sterreichischen Regierung ver\u00f6ffentlicht, demnach die Skigebiete in \u00d6sterreich nun doch nicht Anfang Mai (Sportpl\u00e4tze im Freien und so) und auch nicht Mitte Mai (Tourismus und so) wieder aufsperren d\u00fcrfen, sondern wohl fr\u00fchestens Ende Mai, wenn \u00fcberhaupt, denn diese Lockerungen wurden noch nicht fixiert und w\u00fcrden nur gemacht werden, wenn die zwischenzeitlichen Lockerungen nicht wieder zu einem starken Anstieg der Infizierten f\u00fchren. Das halt ich nicht aus. Entweder ich fahr mit dem Auto nach Schweden oder gegen die n\u00e4chste Wand.<\/p>\n<p>Somit nahm ich mir vor, am Montag nochmals um Urlaub zu bitten, der mir zu Ostern ja verwehrt wurde. Aber die Zeichen stehen ja jetzt anders, \u00fcberall werden die Ma\u00dfnahmen gelockert und auch in Schweden wird jetzt wohl nichts mehr versch\u00e4rft werden. Auch wenn ich meinem Arbeitgeber nicht damit gedroht hatte, stand f\u00fcr mich fest, dass ich auf jeden Fall fahren w\u00fcrde, ggf. eine K\u00fcndigung riskierend. Aber das war zum Gl\u00fcck nicht n\u00f6tig und ich erhielt das OK.<\/p>\n","protected":false},"excerpt":{"rendered":"<p>Fr, 1.5.2020<\/p>\n<p>Ganz toll. Da f\u00e4llt der 1.5.-Feiertag heuer auf einen Freitag und man h\u00e4tte ein verl\u00e4ngertes WE und wegen den Coronavirus-Ma\u00dfnahmen darf man nirgends hinfahren bzw. sind nirgends Skigebiete offen. Warum muss der Feiertag ausgerechnet heuer auf einen Freitag fallen?!<\/p>\n<p>Ok, man k\u00f6nnte evtl. mit dem Auto innerhalb \u00d6sterreichs rumkurven und vielleicht auch im <a href=\"http:\/\/blog.inmontanis.info\/?p=6105\">[&#8230;]<\/a><\/p>\n","protected":false},"author":1,"featured_media":0,"comment_status":"closed","ping_status":"closed","sticky":false,"template":"","format":"standard","meta":{"footnotes":""},"categories":[907,903,25,13,29],"tags":[78],"class_list":["post-6105","post","type-post","status-publish","format-standard","hentry","category-kaltenbach-hochfugen","category-kuhtai","category-noreport","category-austria","category-skitourenwalk-ski","tag-restschnee","odd"],"_links":{"self":[{"href":"http:\/\/blog.inmontanis.info\/index.php?rest_route=\/wp\/v2\/posts\/6105","targetHints":{"allow":["GET"]}}],"collection":[{"href":"http:\/\/blog.inmontanis.info\/index.php?rest_route=\/wp\/v2\/posts"}],"about":[{"href":"http:\/\/blog.inmontanis.info\/index.php?rest_route=\/wp\/v2\/types\/post"}],"author":[{"embeddable":true,"href":"http:\/\/blog.inmontanis.info\/index.php?rest_route=\/wp\/v2\/users\/1"}],"replies":[{"embeddable":true,"href":"http:\/\/blog.inmontanis.info\/index.php?rest_route=%2Fwp%2Fv2%2Fcomments&post=6105"}],"version-history":[{"count":4,"href":"http:\/\/blog.inmontanis.info\/index.php?rest_route=\/wp\/v2\/posts\/6105\/revisions"}],"predecessor-version":[{"id":6109,"href":"http:\/\/blog.inmontanis.info\/index.php?rest_route=\/wp\/v2\/posts\/6105\/revisions\/6109"}],"wp:attachment":[{"href":"http:\/\/blog.inmontanis.info\/index.php?rest_route=%2Fwp%2Fv2%2Fmedia&parent=6105"}],"wp:term":[{"taxonomy":"category","embeddable":true,"href":"http:\/\/blog.inmontanis.info\/index.php?rest_route=%2Fwp%2Fv2%2Fcategories&post=6105"},{"taxonomy":"post_tag","embeddable":true,"href":"http:\/\/blog.inmontanis.info\/index.php?rest_route=%2Fwp%2Fv2%2Ftags&post=6105"}],"curies":[{"name":"wp","href":"https:\/\/api.w.org\/{rel}","templated":true}]}}