{"id":6095,"date":"2020-05-07T12:00:47","date_gmt":"2020-05-07T10:00:47","guid":{"rendered":"http:\/\/blog.inmontanis.info\/?p=6095"},"modified":"2020-05-24T17:56:58","modified_gmt":"2020-05-24T15:56:58","slug":"final-escape-sweden-7-5-2020-5-2020-intro-best-of","status":"publish","type":"post","link":"http:\/\/blog.inmontanis.info\/?p=6095","title":{"rendered":"Final Escape Sweden, 7.5.2020-23.5.2020  (Intro &#038; Best-Of)"},"content":{"rendered":"<p>Die Einreise von \u00d6sterreich nach Deutschland dauerte zwar etwas (auch wenn um 1 Uhr fr\u00fch nichts los war), entweder wurde mein Pass in ein Verzeichnis eingetragen oder der Polizist musste sich erst informieren, aber deutscher Ausweis + &#8220;Schweden&#8221; auf die Frage nach dem Wohin reichte aus &#8211; ohne weitere Routenvariante nennen oder F\u00e4hrbuchungen zeigen zu m\u00fcssen. Die Grenze in Schweden ist f\u00fcr EU-B\u00fcrger ja nach wie vor offen, auch hier gab es keine Probleme, auch wenn die Frau Polizistin oder Z\u00f6llnerin jetzt nicht so begeistert schien, als ich ihre Frage &#8220;Urlaub?&#8221; mit &#8220;Ja&#8221; beantwortete.<\/p>\n<p>Ok, es f\u00fchlt sich momentan etwas komisch und vielleicht auch etwas falsch an, in diesen Zeiten zu Urlauben .. <\/p>\n<p>.. aber andererseits, wenn das Virus so easy beim Einkaufen oder auf \u00f6ffentlichen Toiletten \u00fcbertragen werden w\u00fcrde, m\u00fcsste es eh schon l\u00e4ngst jeder haben.<\/p>\n<p>Plexiglasscheiben beim Kassierer in Tankstellen oder Superm\u00e4rkten sind auch in Schweden \u00fcblich. Abstandsmarkierungen dort ebenso. Desinfektionsmittelspender sind schon seltener, aber durchaus hier und da vorhanden. Eine einzige Person hab ich beim Besuch von 3 Superm\u00e4rkten und etlichen Tankstellen bisher mit Maske gesehen, auf der F\u00e4hre gabs eine oder zwei. Meine Maskenpremiere (allerdings in Form meines Sommerski-Kopftuchs als Dreieckstuch) war auf der Fahrt durch Deutschland an einer Tankstelle.<\/p>\n<p>Aktuell schneits hier in Vilhelmina, daher heute das erste Hotelzimmer. Und ich hab schon die Sommerr\u00e4der drauf, das kann ja heiter werden. Heiter sollte es aber zumindest auch morgen wieder werden. Und steile Stra\u00dfen sind ja recht selten in Schweden. Gl\u00e4tte k\u00f6nnte schon eher ein Problem werden. <\/p>\n<p>Generell hat&#8217;s in den meisten Teilen Skandinaviens jetzt im Mai noch mehr Schnee als letztes Jahr zu Ostern. Vermutlich ist der ganze Schnee, der in Deutschland diesen Winter gefehlt hat, in Skandinavien geblieben.<\/p>\n<p>Ein paar erste Fotos der ersten Tage:<\/p>\n<p><a href='http:\/\/extra.inmontanis.info\/d\/58415-2\/DSC07622.jpg'><img src=http:\/\/extra.inmontanis.info\/d\/58413-3\/DSC07622.jpg \/><\/a><br \/>\n^ F\u00e4hre Rostock-Trelleborg<\/p>\n<p><a href='http:\/\/extra.inmontanis.info\/d\/58419-2\/DSC07737.jpg'><img src=http:\/\/extra.inmontanis.info\/d\/58418-3\/DSC07737.jpg \/><\/a><br \/>\n^ Kurze Restschnee-Skitour des Panoramas wegen (Gesundaberget)<\/p>\n<p><a href='http:\/\/extra.inmontanis.info\/d\/58423-2\/DSC04167.jpg'><img src=http:\/\/extra.inmontanis.info\/d\/58422-3\/DSC04167.jpg \/><\/a><br \/>\n^ Mal wieder ein Falschfarb-Infrarot-Bild, von ebendort, weil es sich anbot<\/p>\n<p><a href='http:\/\/extra.inmontanis.info\/d\/58427-2\/DSC07803.jpg'><img src=http:\/\/extra.inmontanis.info\/d\/58426-3\/DSC07803.jpg \/><\/a><br \/>\n^ Sonnenaufgang um 4:10 Uhr n\u00e4he Sundsvall<\/p>\n<p><a href='http:\/\/extra.inmontanis.info\/d\/58431-2\/DSC07874.jpg'><img src=http:\/\/extra.inmontanis.info\/d\/58430-3\/DSC07874.jpg \/><\/a><br \/>\n^ Wenig weiter n\u00f6rdlich sind Fl\u00fcsse und Seen fast allesamt noch komplett zugefroren<\/p>\n<p><a href='http:\/\/extra.inmontanis.info\/d\/58435-2\/DSC07913.jpg'><img src=http:\/\/extra.inmontanis.info\/d\/58434-3\/DSC07913.jpg \/><\/a><br \/>\n^ Nach 2580km ..<\/p>\n<p><a href='http:\/\/extra.inmontanis.info\/d\/58439-2\/DSC07964.jpg'><img src=http:\/\/extra.inmontanis.info\/d\/58438-3\/DSC07964.jpg \/><\/a><br \/>\n^ .. endlich mal wieder Liftfahren (nach 2 Monaten) (Klimpfj\u00e4ll) &#8211; hier ist noch komplett Winter. Und trotz Wochenende und fast keine ge\u00f6ffneten Skigebiete mehr, war es heute am Samstag sehr leer.<\/p>\n<p><a href='http:\/\/extra.inmontanis.info\/d\/58443-2\/DSC07981.jpg'><img src=http:\/\/extra.inmontanis.info\/d\/58442-3\/DSC07981.jpg \/><\/a><br \/>\n^ Sch\u00f6ne leichte Varianten ..<\/p>\n<p><a href='http:\/\/extra.inmontanis.info\/d\/58447-2\/DSC08002.jpg'><img src=http:\/\/extra.inmontanis.info\/d\/58446-3\/DSC08002.jpg \/><\/a><br \/>\n^ .. und nettes Tree-Skiing, wenn auch in dem Bereich etwas br\u00fcchiger Schnee war.<\/p>\n<p><strong>Update 10.5., nochmals Klimpfj\u00e4ll:<\/strong><\/p>\n<p><a href='http:\/\/extra.inmontanis.info\/d\/58451-2\/DSC08048.jpg'><img src=http:\/\/extra.inmontanis.info\/d\/58450-3\/DSC08048.jpg \/><\/a><br \/>\n^ Um 11 Uhr sind  noch kaum welche zur Bergstation gefahren (der Skiclub b\u00fcgelt fr\u00fcher ab)<\/p>\n<p><a href='http:\/\/extra.inmontanis.info\/d\/58455-2\/DSC08089.jpg'><img src=http:\/\/extra.inmontanis.info\/d\/58454-3\/DSC08089.jpg \/><\/a><br \/>\n^ Dank des Neuschnees gingen die Waldvarianten heut noch besser :)<br \/>\nGlaub das war heut der beste Waldskitag seit dem legend\u00e4ren Tag mit Trinc in Campo Stella!<\/p>\n<p><a href='http:\/\/extra.inmontanis.info\/d\/58459-2\/DSC08123.jpg'><img src=http:\/\/extra.inmontanis.info\/d\/58458-3\/DSC08123.jpg \/><\/a><br \/>\n^ Trappstegsforsen<\/p>\n<p><strong>Update 14.5.<\/strong><\/p>\n<p>Ein paar ausgew\u00e4hlte Fotos der letzten Tage:<\/p>\n<p><a href='http:\/\/extra.inmontanis.info\/d\/58463-2\/DSC08210.jpg'><img src=http:\/\/extra.inmontanis.info\/d\/58462-3\/DSC08210.jpg \/><\/a><br \/>\n^ Linbana, leider ja nicht nur im Winterschlaf<\/p>\n<p><a href='http:\/\/extra.inmontanis.info\/d\/58467-2\/DSC08344.jpg'><img src=http:\/\/extra.inmontanis.info\/d\/58466-3\/DSC08344.jpg \/><\/a><br \/>\n^ St\u00fcrmisch-kalte Abendskitour (20 Uhr) im Skigebiet Galtis gegen\u00fcber Arjeplog<\/p>\n<p><a href='http:\/\/extra.inmontanis.info\/d\/58471-2\/DSC08400.jpg'><img src=http:\/\/extra.inmontanis.info\/d\/58470-3\/DSC08400.jpg \/><\/a><br \/>\n^ Hotelzimmerpano in Arjeplog gegen\u00fcber Skigebiet Galtis (23 Uhr)<\/p>\n<p><a href='http:\/\/extra.inmontanis.info\/d\/58475-2\/DSC08483.jpg'><img src=http:\/\/extra.inmontanis.info\/d\/58474-3\/DSC08483.jpg \/><\/a><br \/>\n^ Fotostopp am Meer (n\u00e4he Lule\u00e5)<\/p>\n<p><a href='http:\/\/extra.inmontanis.info\/d\/58479-2\/DSC08534.jpg'><img src=http:\/\/extra.inmontanis.info\/d\/58478-3\/DSC08534.jpg \/><\/a><br \/>\n^ Fluss\/See mit Schwan<\/p>\n<p><a href='http:\/\/extra.inmontanis.info\/d\/58483-2\/DSC08674.jpg'><img src=http:\/\/extra.inmontanis.info\/d\/58482-3\/DSC08674.jpg \/><\/a><br \/>\n^ Abendskifahren in Kiruna (18:45 Uhr), war ganz sch\u00f6n was los.<\/p>\n<p><a href='http:\/\/extra.inmontanis.info\/d\/58487-2\/DSC08656.jpg'><img src=http:\/\/extra.inmontanis.info\/d\/58486-3\/DSC08656.jpg \/><\/a><br \/>\n^ Blick vom Skih\u00fcgel in Kiruna zum (angeblich) gr\u00f6\u00dften Eisenerzbergwerk der Welt<\/p>\n<p><a href='http:\/\/extra.inmontanis.info\/d\/58491-2\/DSC08739.jpg'><img src=http:\/\/extra.inmontanis.info\/d\/58490-3\/DSC08739.jpg \/><\/a><br \/>\n^ Skifahren in Riksgr\u00e4nsen, um 10 Uhr war&#8217;s noch leer<\/p>\n<p><a href='http:\/\/extra.inmontanis.info\/d\/58495-2\/DSC08751.jpg'><img src=http:\/\/extra.inmontanis.info\/d\/58494-3\/DSC08751.jpg \/><\/a><br \/>\n^ Vinkellift und Panorama im Skigebiet Riksgr\u00e4nsen<\/p>\n<p><a href='http:\/\/extra.inmontanis.info\/d\/58499-2\/DSC08774.jpg'><img src=http:\/\/extra.inmontanis.info\/d\/58498-3\/DSC08774.jpg \/><\/a><br \/>\n^ Offpiste in Riksgr\u00e4nsen<\/p>\n<p><a href='http:\/\/extra.inmontanis.info\/d\/58503-2\/DSC08836.jpg'><img src=http:\/\/extra.inmontanis.info\/d\/58502-3\/DSC08836.jpg \/><\/a><br \/>\n^ Offpiste in Riksgr\u00e4nsen (die H\u00e4lfte der Abfahrten im Pistenplan sind als Offpiste gekennzeichnet)<\/p>\n<p><a href='http:\/\/extra.inmontanis.info\/d\/58507-2\/DSC08847.jpg'><img src=http:\/\/extra.inmontanis.info\/d\/58506-3\/DSC08847.jpg \/><\/a><br \/>\n^ Der obere KSSL ist leider wg. eines Problems an der Bergstation au\u00dfer Betrieb, aber dadurch erkennt man sch\u00f6n die Schneemassen<\/p>\n<p>Lt. Schneebericht liegen in Riksgr\u00e4nsen noch \u00fcber 5m Schnee &#8211; damit sollte das Midsommer-Skifahren Mitte Juni wohl gesichert sein..<\/p>\n<p>\u00dcbrigens, in Kiruna gab&#8217;s heute Morgen im Hotel ein Fr\u00fchst\u00fccksbuffet &#8211; nachdem es die letzten Tage &#8220;aufgrund Covid&#8221; nur abgepackte T\u00fcten o.\u00e4. gab.<\/p>\n<p>&#8212;<\/p>\n<p><strong>Update 18.5.<\/strong><\/p>\n<p><a href='http:\/\/extra.inmontanis.info\/d\/58511-2\/DSC09051.jpg'><img src=http:\/\/extra.inmontanis.info\/d\/58510-3\/DSC09051.jpg \/><\/a><br \/>\n^ Tornetr\u00e4sk (auf dem Weg von Kiruna nach Riksgr\u00e4nsen)<\/p>\n<p><a href='http:\/\/extra.inmontanis.info\/d\/58515-2\/DSC09053.jpg'><img src=http:\/\/extra.inmontanis.info\/d\/58514-3\/DSC09053.jpg \/><\/a><br \/>\n^ Es vergeht kein Tag, wo man nicht mehrmals an Rentieren vorbeikommt<\/p>\n<p><a href='http:\/\/extra.inmontanis.info\/d\/58519-2\/DSC09077.jpg'><img src=http:\/\/extra.inmontanis.info\/d\/58518-3\/DSC09077.jpg \/><\/a><br \/>\n^ Mein letzter Skitag in Riksgr\u00e4nsen, wohl der beste der drei<\/p>\n<p><a href='http:\/\/extra.inmontanis.info\/d\/58523-2\/DSC09109.jpg'><img src=http:\/\/extra.inmontanis.info\/d\/58522-3\/DSC09109.jpg \/><\/a><br \/>\n^ Offpiste in Riksgr\u00e4nsen<\/p>\n<p><a href='http:\/\/extra.inmontanis.info\/d\/58527-2\/DSC09111.jpg'><img src=http:\/\/extra.inmontanis.info\/d\/58526-3\/DSC09111.jpg \/><\/a><br \/>\n^ Offpiste in Riksgr\u00e4nsen (offizielle Route, ge\u00f6ffnet)<\/p>\n<p><a href='http:\/\/extra.inmontanis.info\/d\/58531-2\/DSC09177.jpg'><img src=http:\/\/extra.inmontanis.info\/d\/58530-3\/DSC09177.jpg \/><\/a><br \/>\n^ Schwerstes Erdbeben in Schweden seit 12 Jahren &#8211; da wo der gro\u00dfe rote Punkt ist, war ich zu der Zeit (Kiruna) und wurde nachts mehrmals unsanft geweckt<\/p>\n<p><a href='http:\/\/extra.inmontanis.info\/d\/58535-2\/DSC09281.jpg'><img src=http:\/\/extra.inmontanis.info\/d\/58534-3\/DSC09281.jpg \/><\/a><br \/>\n^ Skitour G\u00e4llivare\/Dundret<\/p>\n<p><a href='http:\/\/extra.inmontanis.info\/d\/58539-2\/DSC09322.jpg'><img src=http:\/\/extra.inmontanis.info\/d\/58538-3\/DSC09322.jpg \/><\/a><br \/>\n^ Skitour G\u00e4llivare\/Dundret, stillgelegtes Teilskigebiet<\/p>\n<p><a href='http:\/\/extra.inmontanis.info\/d\/58543-2\/DSC09378.jpg'><img src=http:\/\/extra.inmontanis.info\/d\/58542-3\/DSC09378.jpg \/><\/a><br \/>\n^ Porjus Stausee<\/p>\n<p>&#8212;<\/p>\n<p><strong>Update 24.5.<\/strong><\/p>\n<p><a href='http:\/\/extra.inmontanis.info\/d\/58547-2\/DSC09613.jpg'><img src=http:\/\/extra.inmontanis.info\/d\/58546-3\/DSC09613.jpg \/><\/a><br \/>\n^ Auf dem Weg ins Skigebiet Klimpfj\u00e4ll<\/p>\n<p><a href='http:\/\/extra.inmontanis.info\/d\/58551-2\/DSC09714.jpg'><img src=http:\/\/extra.inmontanis.info\/d\/58550-3\/DSC09714.jpg \/><\/a><br \/>\n^ Diese Abfahrt bin ich ca. alle 2 Stunden gefahren &#8211; 4x insgesamt und niemand sonst ;)<\/p>\n<p><a href='http:\/\/extra.inmontanis.info\/d\/58555-2\/DSC09724.jpg'><img src=http:\/\/extra.inmontanis.info\/d\/58554-3\/DSC09724.jpg \/><\/a><br \/>\n^ An diesem Tag war ich eher k\u00fcnstlerisch unterwegs ;)<\/p>\n<p><a href='http:\/\/extra.inmontanis.info\/d\/58559-2\/DSC09770.jpg'><img src=http:\/\/extra.inmontanis.info\/d\/58558-3\/DSC09770.jpg \/><\/a><br \/>\n^ Vildmarksv\u00e4gen zwischen Klimpfj\u00e4ll und Blasj\u00f6n hat leider immer bis 6.6. Wintersperre<\/p>\n<p><a href='http:\/\/extra.inmontanis.info\/d\/58563-2\/DSC09787.jpg'><img src=http:\/\/extra.inmontanis.info\/d\/58562-3\/DSC09787.jpg \/><\/a><br \/>\n^ Bei Str\u00f6msund<\/p>\n<p><a href='http:\/\/extra.inmontanis.info\/d\/58567-2\/DSC09810.jpg'><img src=http:\/\/extra.inmontanis.info\/d\/58566-3\/DSC09810.jpg \/><\/a><br \/>\n^ Spiegelsee<\/p>\n<p><a href='http:\/\/extra.inmontanis.info\/d\/58571-2\/DSC09834.jpg'><img src=http:\/\/extra.inmontanis.info\/d\/58570-3\/DSC09834.jpg \/><\/a><br \/>\n^ Ein paar unasphaltierte Naturstra\u00dfen bin ich nat\u00fcrlich auch wieder gefahren<\/p>\n<p><a href='http:\/\/extra.inmontanis.info\/d\/58575-2\/DSC09853.jpg'><img src=http:\/\/extra.inmontanis.info\/d\/58574-3\/DSC09853.jpg \/><\/a><br \/>\n^ Leider wurde der Lift oben in Blasj\u00f6n f\u00fcr uns 3 Skifahrer heute Nachmittag nicht in Betrieb genommen (und mit der Renngruppe vormittags durften wir nicht mitfahren), aber eine Bergfahrt mit oder am Snowscooter kostet unter 5 \u20ac &#8211; von hier oben sogar nur die H\u00e4lfte<\/p>\n<p><a href='http:\/\/extra.inmontanis.info\/d\/58579-2\/DSC09925.jpg'><img src=http:\/\/extra.inmontanis.info\/d\/58578-3\/DSC09925.jpg \/><\/a><br \/>\n^ Rechts des KSSL meine letzte Abfahrt des Urlaubs (und die 4. im oberen Bereich an diesem Nachmittag)<\/p>\n<p>Die R\u00fcckfahrt am 23.5. gestaltete sich problemlos, an der Einreise zu Deutschland wurde mein Pass mit dem Handy fotografiert und ich wurde abgefragt, woher (&#8220;Schweden, 2 Wochen Urlaub und Skifahren&#8221;) und wohin. Die Grenzer in \u00d6sterreich wollten lediglich wissen, wohin ich fahre (&#8220;heim&#8221;), Hinweise auf die doch eigentlich noch vorgeschriebene Quarant\u00e4ne gab es seitens des Grenzers nicht.<\/p>\n<p>Die am Anfang der Reise gesehene eine Person in Schweden mit Maske blieb \u00fcbrigens die einzige &#8211; umso eigenartiger war das wieder auf der F\u00e4hre bei Ankunft in Deutschland, als pl\u00f6tzlich mehrere mit Maske unterwegs waren ..<\/p>\n<p><a href='http:\/\/extra.inmontanis.info\/d\/58583-2\/DSC00157.jpg'><img src=http:\/\/extra.inmontanis.info\/d\/58582-3\/DSC00157.jpg \/><\/a><br \/>\n^ Eink\u00e4ufe; rechts 5 gek\u00fchlte Fertiggerichte (Rentiergeschnetzeltes, K\u00f6ttbular, Lachsburger und ein Pie oder Quiche)<\/p>\n<p><a href='http:\/\/extra.inmontanis.info\/d\/58587-2\/scn2020a.jpg'><img src=http:\/\/extra.inmontanis.info\/d\/58586-3\/scn2020a.jpg \/><\/a><br \/>\n^ Route und POI Schwedenurlaub 2020 (17 Tage, ca. 9.570 km)<\/p>\n<p><a href='http:\/\/extra.inmontanis.info\/d\/58591-2\/scn2020g.jpg'><img src=http:\/\/extra.inmontanis.info\/d\/58590-3\/scn2020g.jpg \/><\/a><br \/>\n^ Meine heurigen gro\u00dfen Winterreisen im Vergleich (Februar Griechenland, Mai Schweden)<\/p>\n<p><a href='http:\/\/extra.inmontanis.info\/d\/58595-2\/scn2006-2020.jpg'><img src=http:\/\/extra.inmontanis.info\/d\/58594-3\/scn2006-2020.jpg \/><\/a><br \/>\n^ .. und die heurige 2020 Tour (Rosa) im Vergleich zu meinen bisherigen Skandinavienreisen seit 2006. Egtl. h\u00e4tte ich die Tour ja zu Ostern machen wollen &#8211; mal mit mehr Schwerpunkt auf Finnland und Russland.<\/p>\n<p>Fazit: Genial war&#8217;s. Wenn auch ohne Norwegen, ohne Finnland, ohne Russland und nur 3 (4) ge\u00f6ffnete Skigebiete, aber das Wetter war mit etwas &#8220;jonglieren&#8221; sonnig bis halbwegs brauchbar und dank des vielen Schnees und k\u00fchlen Fr\u00fchlings war es gr\u00f6\u00dftenteils winterlicher als letztes Jahr zu Ostern und die 12 Skitage waren bis auf eine Skitour an einem Abend auch sehr toll. <\/p>\n<p>(Fortsetzung und Detailberichte folgen.)<\/p>\n","protected":false},"excerpt":{"rendered":"<p>Die Einreise von \u00d6sterreich nach Deutschland dauerte zwar etwas (auch wenn um 1 Uhr fr\u00fch nichts los war), entweder wurde mein Pass in ein Verzeichnis eingetragen oder der Polizist musste sich erst informieren, aber deutscher Ausweis + &#8220;Schweden&#8221; auf die Frage nach dem Wohin reichte aus &#8211; ohne weitere Routenvariante nennen oder F\u00e4hrbuchungen zeigen zu <a href=\"http:\/\/blog.inmontanis.info\/?p=6095\">[&#8230;]<\/a><\/p>\n","protected":false},"author":1,"featured_media":0,"comment_status":"closed","ping_status":"closed","sticky":false,"template":"","format":"standard","meta":{"footnotes":""},"categories":[183,19],"tags":[],"class_list":["post-6095","post","type-post","status-publish","format-standard","hentry","category-2020-05-schweden","category-schwedensweden","odd"],"_links":{"self":[{"href":"http:\/\/blog.inmontanis.info\/index.php?rest_route=\/wp\/v2\/posts\/6095","targetHints":{"allow":["GET"]}}],"collection":[{"href":"http:\/\/blog.inmontanis.info\/index.php?rest_route=\/wp\/v2\/posts"}],"about":[{"href":"http:\/\/blog.inmontanis.info\/index.php?rest_route=\/wp\/v2\/types\/post"}],"author":[{"embeddable":true,"href":"http:\/\/blog.inmontanis.info\/index.php?rest_route=\/wp\/v2\/users\/1"}],"replies":[{"embeddable":true,"href":"http:\/\/blog.inmontanis.info\/index.php?rest_route=%2Fwp%2Fv2%2Fcomments&post=6095"}],"version-history":[{"count":11,"href":"http:\/\/blog.inmontanis.info\/index.php?rest_route=\/wp\/v2\/posts\/6095\/revisions"}],"predecessor-version":[{"id":6111,"href":"http:\/\/blog.inmontanis.info\/index.php?rest_route=\/wp\/v2\/posts\/6095\/revisions\/6111"}],"wp:attachment":[{"href":"http:\/\/blog.inmontanis.info\/index.php?rest_route=%2Fwp%2Fv2%2Fmedia&parent=6095"}],"wp:term":[{"taxonomy":"category","embeddable":true,"href":"http:\/\/blog.inmontanis.info\/index.php?rest_route=%2Fwp%2Fv2%2Fcategories&post=6095"},{"taxonomy":"post_tag","embeddable":true,"href":"http:\/\/blog.inmontanis.info\/index.php?rest_route=%2Fwp%2Fv2%2Ftags&post=6095"}],"curies":[{"name":"wp","href":"https:\/\/api.w.org\/{rel}","templated":true}]}}