{"id":6092,"date":"2020-04-26T14:58:20","date_gmt":"2020-04-26T12:58:20","guid":{"rendered":"http:\/\/blog.inmontanis.info\/?p=6092"},"modified":"2023-08-06T21:46:13","modified_gmt":"2023-08-06T19:46:13","slug":"kuhtai-lizum-26-4-2020","status":"publish","type":"post","link":"http:\/\/blog.inmontanis.info\/?p=6092","title":{"rendered":"K\u00fchtai + Lizum, 26.4.2020"},"content":{"rendered":"<p><strong>So, 26.4.2020<\/strong><\/p>\n<p>Durch das Ende der Quarant\u00e4ne in S\u00f6lden, Paznauntal und St. Anton g\u00e4be es auch in Tirol evtl. wieder mehr M\u00f6glichkeiten? Also fuhr ich erst mal ins Paznauntal. Die Talabfahrten in Ischgl hatten auch schon einige gr\u00fcne Stellen und selbst in Galt\u00fcr sah es nicht mehr gut aus, zudem ich nicht erkennen konnte, ob es einen ger\u00e4umten Weg geben w\u00fcrde und wie weit man da rauf k\u00e4me. Also wieder umgekehrt.<\/p>\n<p><a href='http:\/\/ski.inmontanis.info\/d\/277383-2\/DSC07488.jpg'><img src=http:\/\/ski.inmontanis.info\/d\/277382-3\/DSC07488.jpg \/><\/a><br \/>\n^ Abfahrten nach Galt\u00fcr aperer als erwartet<\/p>\n<p>\u00dcber den Pillersattel gefahren, auch am Hochzeiger war keine Chance.<\/p>\n<p><a href='http:\/\/ski.inmontanis.info\/d\/277387-2\/DSC07497.jpg'><img src=http:\/\/ski.inmontanis.info\/d\/277386-3\/DSC07497.jpg \/><\/a><br \/>\n^ Am Hochzeiger geht bis ins Tal gar nichts mehr<\/p>\n<p>Weiter ins \u00d6tztal, die Talabfahrten nach S\u00f6lden waren webcamm\u00e4\u00dfig zu erkennen sinnlos, die Talabfahrt von Hochgurgl h\u00e4tte was sein k\u00f6nnen, ist mit ca. 300hm aber auch eher kurz. Schlussendlich schien es mir auch eher fraglich zu sein.<\/p>\n<p><a href='http:\/\/ski.inmontanis.info\/d\/277391-2\/DSC07502.jpg'><img src=http:\/\/ski.inmontanis.info\/d\/277390-3\/DSC07502.jpg \/><\/a><br \/>\n^ Hochgurgl-Talabfahrt auch nicht mehr wirklich lohnenswert<\/p>\n<p>Also dann halt doch K\u00fchtai. Da gibts eine ger\u00e4umte Stra\u00dfe und genug Schnee. Nur halt dazu eine kurze Abfahrt und nur ca. 160hm. Ich hatte beide Einr\u00e4der dabei und nahm erst mal das kleine, die geteerte Stra\u00dfe kann ich hier nat\u00fcrlich komplett rauffahren ohne zu Fu\u00df zu gehen. 72% war die Batterie noch oben, aber ich nahm bei der 2. Runde lieber das gr\u00f6\u00dfere Rad. Das Bergauffahren ist auch anstrengender als man denkt, die Waden neigen zum Verkrampfen.<\/p>\n<p>Nervig ist halt dass man bei jeder Abfahrt die Skischuhe an\/ausziehen muss und die Abfahrt ein nur sehr kurzes Vergn\u00fcgen ist. Auch wenn der Schnee halbwegs gut war (allerdings etwas weicher als gestern), wirklich Spa\u00df macht das alles nicht. Nach der 2. Fahrt fing es zum Schneeregnen an und ich h\u00f6rte wieder auf. Da ist ein St\u00fcndlein Mattenskipiste in UK befriedigender, auch bei weniger H\u00f6henmeter.<\/p>\n<p><a href='http:\/\/ski.inmontanis.info\/d\/277395-2\/DSC07503.jpg'><img src=http:\/\/ski.inmontanis.info\/d\/277394-3\/DSC07503.jpg \/><\/a><br \/>\n^ Im K\u00fchtai liegt nat\u00fcrlich noch etwas mehr Schnee, ist ja auch h\u00f6her.<\/p>\n<p><a href='http:\/\/ski.inmontanis.info\/d\/277399-2\/DSC07506.jpg'><img src=http:\/\/ski.inmontanis.info\/d\/277398-3\/DSC07506.jpg \/><\/a><br \/>\n^ Snowboarder bzw. Funparknutzer sind es ja eh gewohnt, zu Fu\u00df raufzugehen &#8211; f\u00fcr die ist so eine Skigebietsschlie\u00dfung leichter zu ertragen<\/p>\n<p><a href='http:\/\/ski.inmontanis.info\/d\/277403-2\/DSC07507.jpg'><img src=http:\/\/ski.inmontanis.info\/d\/277402-3\/DSC07507.jpg \/><\/a><br \/>\n^ <\/p>\n<p><a href='http:\/\/ski.inmontanis.info\/d\/277407-2\/IMG_20200426_133901.jpg'><img src=http:\/\/ski.inmontanis.info\/d\/277406-3\/IMG_20200426_133901.jpg \/><\/a><br \/>\n^ <\/p>\n<p><a href='http:\/\/ski.inmontanis.info\/d\/277411-2\/IMG_20200426_134314.jpg'><img src=http:\/\/ski.inmontanis.info\/d\/277410-3\/IMG_20200426_134314.jpg \/><\/a><br \/>\n^ <\/p>\n<p><a href='http:\/\/ski.inmontanis.info\/d\/277415-2\/IMG_20200426_134456.jpg'><img src=http:\/\/ski.inmontanis.info\/d\/277414-3\/IMG_20200426_134456.jpg \/><\/a><br \/>\n^ <\/p>\n<p><a href='http:\/\/ski.inmontanis.info\/d\/277419-2\/IMG_20200426_135858.jpg'><img src=http:\/\/ski.inmontanis.info\/d\/277418-3\/IMG_20200426_135858.jpg \/><\/a><br \/>\n^ <\/p>\n<p><a href='http:\/\/ski.inmontanis.info\/d\/277423-2\/IMG_20200426_140812.jpg'><img src=http:\/\/ski.inmontanis.info\/d\/277422-3\/IMG_20200426_140812.jpg \/><\/a><br \/>\n^ <\/p>\n<p><a href='http:\/\/ski.inmontanis.info\/d\/277427-2\/IMG_20200426_140958.jpg'><img src=http:\/\/ski.inmontanis.info\/d\/277426-3\/IMG_20200426_140958.jpg \/><\/a><br \/>\n^ <\/p>\n<p><a href='http:\/\/ski.inmontanis.info\/d\/277431-2\/IMG_20200426_142240.jpg'><img src=http:\/\/ski.inmontanis.info\/d\/277430-3\/IMG_20200426_142240.jpg \/><\/a><br \/>\n^ <\/p>\n<p><a href='http:\/\/ski.inmontanis.info\/d\/277435-2\/IMG_20200426_142311.jpg'><img src=http:\/\/ski.inmontanis.info\/d\/277434-3\/IMG_20200426_142311.jpg \/><\/a><br \/>\n^ <\/p>\n<p><a href='http:\/\/ski.inmontanis.info\/d\/277439-2\/DSC07508.jpg'><img src=http:\/\/ski.inmontanis.info\/d\/277438-3\/DSC07508.jpg \/><\/a><br \/>\n^ <\/p>\n<p><a href='http:\/\/ski.inmontanis.info\/d\/277443-2\/DSC07509.jpg'><img src=http:\/\/ski.inmontanis.info\/d\/277442-3\/DSC07509.jpg \/><\/a><br \/>\n^ <\/p>\n<p><a href='http:\/\/ski.inmontanis.info\/d\/277447-2\/ge20200426b.jpg'><img src=http:\/\/ski.inmontanis.info\/d\/277446-3\/ge20200426b.jpg \/><\/a><br \/>\n^ GPS-Track 26.4.2020<\/p>\n<p>Danach fuhr ich noch nach Praxmar und in die Axamer Lizum.<\/p>\n<p><a href='http:\/\/ski.inmontanis.info\/d\/277451-2\/DSC07511.jpg'><img src=http:\/\/ski.inmontanis.info\/d\/277450-3\/DSC07511.jpg \/><\/a><br \/>\n^ Praxmar<\/p>\n<p><a href='http:\/\/ski.inmontanis.info\/d\/277455-2\/DSC07512.jpg'><img src=http:\/\/ski.inmontanis.info\/d\/277454-3\/DSC07512.jpg \/><\/a><br \/>\n^ Praxmar, mittlerweile komplett LSAP. Der linke Lift ist ja schon l\u00e4nger zu, aber der k\u00fcrzere lief ja glaub ich danach noch? Leider nie geschafft. Als die Lifte noch liefen und glaub sogar mal in einem meiner Saisonkarten enthalten war, hatte ich noch keine Lust auf solche kleine Gebiete mit ausschlie\u00dflich SL (Zeit vor dem Alpinforum). Ich bel\u00e4chelte einen \u00e4lteren Mitarbeiter (starker Raucher und kurz nach der Pensionierung gestorben) von uns, der fast ausschlie\u00dflich nach Praxmar fuhr, weil es hier so angenehm leer war. Irgendwann hatte ich dann Lust auf solche Skigebiete und der lange Lift in Praxmar war geschlossen. Auf den k\u00fcrzeren hatte ich dann auch keine Lust mehr.<\/p>\n<p><a href='http:\/\/ski.inmontanis.info\/d\/277459-2\/DSC07516.jpg'><img src=http:\/\/ski.inmontanis.info\/d\/277458-3\/DSC07516.jpg \/><\/a><br \/>\n^ Kindheits\/Jugenderinnerung an den j\u00e4hrlichen Weihnachtsurlaub<\/p>\n<p><a href='http:\/\/ski.inmontanis.info\/d\/277463-2\/DSC07517.jpg'><img src=http:\/\/ski.inmontanis.info\/d\/277462-3\/DSC07517.jpg \/><\/a><br \/>\n^ Den SL in Grinzens konnte ich damals schon nur selten fahren<\/p>\n<p><a href='http:\/\/ski.inmontanis.info\/d\/277467-2\/DSC07518.jpg'><img src=http:\/\/ski.inmontanis.info\/d\/277466-3\/DSC07518.jpg \/><\/a><br \/>\n^ An den Skischullift in Axams hab ich eher negative Erinnerungen<\/p>\n<p><a href='http:\/\/ski.inmontanis.info\/d\/277471-2\/DSC07523.jpg'><img src=http:\/\/ski.inmontanis.info\/d\/277470-3\/DSC07523.jpg \/><\/a><br \/>\n^ Axamer Lizum<\/p>\n<p><a href='http:\/\/ski.inmontanis.info\/d\/277475-2\/DSC07524.jpg'><img src=http:\/\/ski.inmontanis.info\/d\/277474-3\/DSC07524.jpg \/><\/a><br \/>\n^ <\/p>\n<p><a href='http:\/\/ski.inmontanis.info\/d\/277479-3\/DSC07526.jpg'><img src=http:\/\/ski.inmontanis.info\/d\/277478-3\/DSC07526.jpg \/><\/a><br \/>\n^ Unterer Parkplatz<\/p>\n<p><a href='http:\/\/ski.inmontanis.info\/d\/277483-3\/DSC07527.jpg'><img src=http:\/\/ski.inmontanis.info\/d\/277482-3\/DSC07527.jpg \/><\/a><br \/>\n^ Hauptparkplatz<\/p>\n<p><a href='http:\/\/ski.inmontanis.info\/d\/277487-2\/DSC07532.jpg'><img src=http:\/\/ski.inmontanis.info\/d\/277486-3\/DSC07532.jpg \/><\/a><br \/>\n^ <\/p>\n<p><a href='http:\/\/ski.inmontanis.info\/d\/277491-3\/DSC07533.jpg'><img src=http:\/\/ski.inmontanis.info\/d\/277490-3\/DSC07533.jpg \/><\/a><br \/>\n^ <\/p>\n<p><a href='http:\/\/ski.inmontanis.info\/d\/277495-2\/DSC07539.jpg'><img src=http:\/\/ski.inmontanis.info\/d\/277494-3\/DSC07539.jpg \/><\/a><br \/>\n^ <\/p>\n<p><a href='http:\/\/ski.inmontanis.info\/d\/277499-2\/DSC07540.jpg'><img src=http:\/\/ski.inmontanis.info\/d\/277498-3\/DSC07540.jpg \/><\/a><br \/>\n^ <\/p>\n<p><a href='http:\/\/ski.inmontanis.info\/d\/277503-2\/DSC07542.jpg'><img src=http:\/\/ski.inmontanis.info\/d\/277502-3\/DSC07542.jpg \/><\/a><br \/>\n^ \u00dcbungslifte, jetzt nur noch einer an dem Hang<\/p>\n<p><a href='http:\/\/ski.inmontanis.info\/d\/277507-2\/DSC07543.jpg'><img src=http:\/\/ski.inmontanis.info\/d\/277506-3\/DSC07543.jpg \/><\/a><br \/>\n^ <\/p>\n<p><a href='http:\/\/ski.inmontanis.info\/d\/277511-2\/DSC07544.jpg'><img src=http:\/\/ski.inmontanis.info\/d\/277510-3\/DSC07544.jpg \/><\/a><br \/>\n^ <\/p>\n<p><a href='http:\/\/ski.inmontanis.info\/d\/277515-2\/DSC07547.jpg'><img src=http:\/\/ski.inmontanis.info\/d\/277514-3\/DSC07547.jpg \/><\/a><br \/>\n^ .. stattdessen erschlie\u00dft nun der 2. \u00dcbungslift &#8211; mit neuen St\u00fctzen &#8211; einen noch flacheren Hang. Tut das Not? Wie konnten wir fr\u00fcher nur Skifahren lernen mit all den steilen Schleppern und ohne F\u00f6rderbandzauberteppiche?!<\/p>\n<p><a href='http:\/\/ski.inmontanis.info\/d\/277519-2\/DSC07549.jpg'><img src=http:\/\/ski.inmontanis.info\/d\/277518-3\/DSC07549.jpg \/><\/a><\/p>\n<p>(Ende)<\/p>\n","protected":false},"excerpt":{"rendered":"<p>So, 26.4.2020<\/p>\n<p>Durch das Ende der Quarant\u00e4ne in S\u00f6lden, Paznauntal und St. Anton g\u00e4be es auch in Tirol evtl. wieder mehr M\u00f6glichkeiten? Also fuhr ich erst mal ins Paznauntal. Die Talabfahrten in Ischgl hatten auch schon einige gr\u00fcne Stellen und selbst in Galt\u00fcr sah es nicht mehr gut aus, zudem ich nicht erkennen konnte, ob <a href=\"http:\/\/blog.inmontanis.info\/?p=6092\">[&#8230;]<\/a><\/p>\n","protected":false},"author":1,"featured_media":0,"comment_status":"closed","ping_status":"closed","sticky":false,"template":"","format":"standard","meta":{"footnotes":""},"categories":[909,903,25,13,29],"tags":[],"class_list":["post-6092","post","type-post","status-publish","format-standard","hentry","category-axamer-lizum","category-kuhtai","category-noreport","category-austria","category-skitourenwalk-ski","odd"],"_links":{"self":[{"href":"http:\/\/blog.inmontanis.info\/index.php?rest_route=\/wp\/v2\/posts\/6092","targetHints":{"allow":["GET"]}}],"collection":[{"href":"http:\/\/blog.inmontanis.info\/index.php?rest_route=\/wp\/v2\/posts"}],"about":[{"href":"http:\/\/blog.inmontanis.info\/index.php?rest_route=\/wp\/v2\/types\/post"}],"author":[{"embeddable":true,"href":"http:\/\/blog.inmontanis.info\/index.php?rest_route=\/wp\/v2\/users\/1"}],"replies":[{"embeddable":true,"href":"http:\/\/blog.inmontanis.info\/index.php?rest_route=%2Fwp%2Fv2%2Fcomments&post=6092"}],"version-history":[{"count":3,"href":"http:\/\/blog.inmontanis.info\/index.php?rest_route=\/wp\/v2\/posts\/6092\/revisions"}],"predecessor-version":[{"id":9313,"href":"http:\/\/blog.inmontanis.info\/index.php?rest_route=\/wp\/v2\/posts\/6092\/revisions\/9313"}],"wp:attachment":[{"href":"http:\/\/blog.inmontanis.info\/index.php?rest_route=%2Fwp%2Fv2%2Fmedia&parent=6092"}],"wp:term":[{"taxonomy":"category","embeddable":true,"href":"http:\/\/blog.inmontanis.info\/index.php?rest_route=%2Fwp%2Fv2%2Fcategories&post=6092"},{"taxonomy":"post_tag","embeddable":true,"href":"http:\/\/blog.inmontanis.info\/index.php?rest_route=%2Fwp%2Fv2%2Ftags&post=6092"}],"curies":[{"name":"wp","href":"https:\/\/api.w.org\/{rel}","templated":true}]}}