{"id":6078,"date":"2020-03-08T20:45:15","date_gmt":"2020-03-08T19:45:15","guid":{"rendered":"http:\/\/blog.inmontanis.info\/?p=6078"},"modified":"2023-08-01T21:52:29","modified_gmt":"2023-08-01T19:52:29","slug":"pejo-8-3-2020-weltuntergang","status":"publish","type":"post","link":"http:\/\/blog.inmontanis.info\/?p=6078","title":{"rendered":"Pejo, 8.3.2020 \/ Weltuntergang"},"content":{"rendered":"<p><em>Das war er also. Der Tag, der in die Geschichte eingehen wird. Der Tag, nach dem nichts mehr so sein wird, wie es einst war. Der Tag, als es anfing, dass sich die Welt zu drehen aufh\u00f6rt.<br \/>\n<\/em><\/p>\n<p><strong>So, 8.3.2020<\/strong><\/p>\n<p>Durch den Neuschnee hoffte ich, dass endlich die beiden mir wichtigen DSB Scanap\u00e0 und Vareno  am Passo Presolana bzw. Monte Pora in Betrieb gehen w\u00fcrden, die lt. Website anscheinend den ganzen Winter bisher geschlossen waren, daher war ich heuer mit der Saisonkarte auch noch nicht dort. Auf Homepage und Facebook war am Freitag allerdings nichts davon zu lesen. Beim Vorbeifahren zur Pizzeria gestern Abend sah es auch nicht so aus, als w\u00e4r die Scanapa-DSB offen..<\/p>\n<p>F\u00fcr heute gab es somit mehrere Skigebietsziele:<br \/>\n1. Passo Presolana. Wenn DSB Scanap\u00e0 offfen, dann mind. einen halben Tag, wenn nicht, dann nur 1-2 Stunden<br \/>\n2. Monte Pora. Falls DSB Vareno offen hat, dann halber Tag, ansonsten vmtl. gar nicht, weil mir die Wartezeiten an den anderen Liften (2x4SB, 1x Dopepl-SL, 1x DSB) zu viel sein wird<br \/>\n3. Wenn 1+2 nicht einen halben Tag, dann w\u00fcrd ich in Schilpario vorbeischauen wollen, ob der SL l\u00e4uft<br \/>\n4. Colere w\u00e4re wegen der Talabfahrt auch eine Option<br \/>\n5. Ansonsten Borno<\/p>\n<p>Sollten beide DSB zu bleiben, selbst jetzt wo Schnee ist, w\u00e4re Pora-Presolana die gr\u00f6\u00dfte Ent\u00e4uschung des Winters, denn gerade die beiden hatten mir bisher sehr gut gefallen. Sollten die auch in Zukunft nicht mehr in Betrieb gehen, werd ich diese beiden Skigebiete wohl nicht mehr besuchen, zumindest nicht, so lang es noch andere gibt, die mir hier in der Gegend besser gefallen.<\/p>\n<p>Weniger sch\u00f6ne Nachrichten auch hinsichtlich diesem Coronavirus-Schei\u00df, heute fr\u00fch im Internet las ich, dass nun die komplette Lombardei bis 3.4. unter Quarant\u00e4ne sein soll und auch Skigebiete bis dahin nicht mehr \u00f6ffnen d\u00fcrfen. Da bin ich ja mal gespannt, ob das schon ab heute gilt und ich a) noch skifahren kann und b) heute Nachmittag noch ausreisen darf.<\/p>\n<p>Nachdem ich geduscht hatte und noch ein bisschen was im Netz gelesen hatte, entschied ich mich, doch z\u00fcgiger das Hotel und die Lombardei zu verlassen, um 7:45 fuhr ich ohne Fr\u00fchst\u00fcck ab. Ich bekam netterweise ein Croissant und einen Saft mit. Wo k\u00f6nnte man am ehesten noch aus der Lombardei raus? Die Bilder von den abgesperrten Gemeinden oder St\u00e4dten der letzten Wochen waren ja hart. \u00dcber die Schweiz? Vielleicht haben die die Grenzen schon geschlossen. Eine der kleineren Stra\u00dfen nehmen? M\u00f6glich. F\u00fcr den Tonale waren bereits Stra\u00dfensperren angek\u00fcndigt. Vielleicht lass ich mein Auto am Pass auf der lombardischen Seite stehen und fahr mit den Skiern r\u00fcber und lass mich da ggf. abholen?<\/p>\n<p>Um 9:30 war ich am Tonale, die Polizei stand neben der Stra\u00dfe und lie\u00df noch alle raus. Die Lifte auf lombardischer Seite waren geschlossen, was unerwartet doch ein Gro\u00dfteil der Lifte ist, nur ca. 4 Anlagen sind auf trentiner Boden und waren heute ge\u00f6ffnet. Ich hab drauf verzichtet, diese mit meiner Saisonkarte zu fahren, wer wei\u00df, ob denen im Laufe des Tages nicht einf\u00e4llt, den Tonale auch noch zum Sperrgebiet zu erkl\u00e4ren und ich sitz dann doch fest! <\/p>\n<p>Was bedeutet das nun f\u00fcr die n\u00e4chsten WE? Tja. Um meinen Osterurlaub nicht zus\u00e4tzlich zu gef\u00e4hrden, sollte ich wohl besser auch kein WE mehr in S\u00fcdtirol oder im Trentino verbringen, denn auch das kann jederzeit und somit auch von SA auf SO unter Quarant\u00e4ne gesteckt werden.  So ein Schei\u00df. Damit ist sogar fraglich, ob ich meine Saisonkarte noch reinfahr, wenn mir jetzt 4 Wochenenden fehlen. Danach w\u00e4re ja sowieso Skandinavien und Karelien (Russland) geplant, hoffentlich klappt das dann wenigstens. Ansonsten sollten ja ab 4.4. auch die Lifte in der Lombardei wieder \u00f6ffnen..<\/p>\n<p>Alternative Ziele f\u00fcr heute? Naja, Pejo wollt ich mir die &#8220;neue&#8221; PB ja irgendwann mal anschauen. Die haben mittlerweile ein kostenpflichtiges Parkhaus, das 3,- \u20ac kostet. Da ich dringend aufs Klo musste, ging ich die 2 Stockwerke im Parkhaus hoch (Aufzug gibts wohl keinen) und zur Kasse r\u00fcber und kaufte mir die Tageskarte um 38,- \u20ac. Toiletten? Gibt&#8217;s keine -> dr\u00fcben an der Bar. Also dorthin und noch ein kaltes Panino gekauft und mitgenommen. Dann wieder ins Parkhaus die 2 Stockwerke runter und Skischuhe angezogen. <\/p>\n<p>In den f\u00fcr heute eigentlich geplanten Sessel-Skigebieten in der Lombardei h\u00e4tte ich garantiert weniger M\u00f6glichkeiten gehabt, mich anzustecken, als hier mit 6EUB und PB und wesentlich mehr los. So ein Schwachsinn!! Die 6EUB ist momentan f\u00fcr 4 Personen, das Funifor f\u00fcr 50 Personen beschr\u00e4nkt und die Funifor-Kabine wurde im Laufe des Tages auch mindestens einmal desinfiziert.<\/p>\n<p>Nat\u00fcrlich wollte ich auch die schwarze Talabfahrt fahren, nochmals werde ich dieses fangzaunmodellierte Skigebiet wohl nicht besuchen. Frage war nur, wann ist die Zeit gut? Hatte ja keine Lust auf Bruchharsch. Zu sp\u00e4t k\u00f6nnt&#8217;s aber oben im Wald auch wieder anfrieren.. Bin sie kurz nach Mittag gefahren, evtl. doch noch zu fr\u00fch. Diese Schwarze w\u00e4re an sich ne sehr coole Abfahrt, machte heute aber wenig Spa\u00df, da einfach zu wenig Schnee. Unten mehrfache Stra\u00dfenquerungen und schlimmeres. Ausziehen musste ich die Ski aber nirgends :)<\/p>\n<p>Die Salsiccia-Semmel vom Au\u00dfenimbiss neben der 6EUB-Bergstation schmeckte dann leider nicht sehr nach Salsiccia, daf\u00fcr gab es BBQ-Sauce.<\/p>\n<p>(Fotos anklicken zum Vergr\u00f6\u00dfern)<\/p>\n<p><a href='http:\/\/ski.inmontanis.info\/d\/276627-2\/DSC06934.jpg'><img src=http:\/\/ski.inmontanis.info\/d\/276626-3\/DSC06934.jpg \/><\/a><br \/>\n^ Zweigeteilter Betrieb am Tonale: In der Lombardei stehen alle Lifte still, im Trentino darf gefahren werden.<\/p>\n<p><a href='http:\/\/ski.inmontanis.info\/d\/276631-2\/DSC06936.jpg'><img src=http:\/\/ski.inmontanis.info\/d\/276630-3\/DSC06936.jpg \/><\/a><br \/>\n^ Die 6EUB darf momentan nur mit 4 Personen bef\u00fcllt werden (Anti-Corona-Ma\u00dfnahme)<\/p>\n<p><a href='http:\/\/ski.inmontanis.info\/d\/276635-3\/DSC06937.jpg'><img src=http:\/\/ski.inmontanis.info\/d\/276634-3\/DSC06937.jpg \/><\/a><br \/>\n^ Schade, dass es die linken beiden Lifte nicht mehr gibt<\/p>\n<p><a href='http:\/\/ski.inmontanis.info\/d\/276639-3\/DSC06941.jpg'><img src=http:\/\/ski.inmontanis.info\/d\/276638-3\/DSC06941.jpg \/><\/a><br \/>\n^ Pistenplan<\/p>\n<p><a href='http:\/\/ski.inmontanis.info\/d\/276643-2\/DSC06939.jpg'><img src=http:\/\/ski.inmontanis.info\/d\/276642-3\/DSC06939.jpg \/><\/a><br \/>\n^ Sektion 2: Talstation Funifor Pejo 3000<\/p>\n<p><a href='http:\/\/ski.inmontanis.info\/d\/276647-2\/DSC06943.jpg'><img src=http:\/\/ski.inmontanis.info\/d\/276646-3\/DSC06943.jpg \/><\/a><br \/>\n^ Funifor Pejo 3000<\/p>\n<p><a href='http:\/\/ski.inmontanis.info\/d\/276651-2\/DSC06945.jpg'><img src=http:\/\/ski.inmontanis.info\/d\/276650-3\/DSC06945.jpg \/><\/a><br \/>\n^ Funifor Pejo 3000<\/p>\n<p><a href='http:\/\/ski.inmontanis.info\/d\/276655-2\/DSC06946.jpg'><img src=http:\/\/ski.inmontanis.info\/d\/276654-3\/DSC06946.jpg \/><\/a><br \/>\n^ Funifor Pejo 3000<\/p>\n<p><a href='http:\/\/ski.inmontanis.info\/d\/276659-2\/DSC06952.jpg'><img src=http:\/\/ski.inmontanis.info\/d\/276658-3\/DSC06952.jpg \/><\/a><br \/>\n^ Pano Bergstation Funifor Pejo 3000<\/p>\n<p><a href='http:\/\/ski.inmontanis.info\/d\/276663-2\/DSC06953.jpg'><img src=http:\/\/ski.inmontanis.info\/d\/276662-3\/DSC06953.jpg \/><\/a><br \/>\n^ Pano Bergstation Funifor Pejo 3000<\/p>\n<p><a href='http:\/\/ski.inmontanis.info\/d\/276667-2\/DSC06954.jpg'><img src=http:\/\/ski.inmontanis.info\/d\/276666-3\/DSC06954.jpg \/><\/a><br \/>\n^ Pano Bergstation Funifor Pejo 3000<\/p>\n<p><a href='http:\/\/ski.inmontanis.info\/d\/276671-2\/DSC06958.jpg'><img src=http:\/\/ski.inmontanis.info\/d\/276670-3\/DSC06958.jpg \/><\/a><br \/>\n^ Bergstation Funifor Pejo 3000<\/p>\n<p><a href='http:\/\/ski.inmontanis.info\/d\/276675-2\/DSC06959.jpg'><img src=http:\/\/ski.inmontanis.info\/d\/276674-3\/DSC06959.jpg \/><\/a><br \/>\n^ Abfahrt Val della Mite<\/p>\n<p><a href='http:\/\/ski.inmontanis.info\/d\/276679-2\/DSC06960.jpg'><img src=http:\/\/ski.inmontanis.info\/d\/276678-3\/DSC06960.jpg \/><\/a><br \/>\n^ Abfahrt Val della Mite<\/p>\n<p><a href='http:\/\/ski.inmontanis.info\/d\/276683-2\/DSC06961.jpg'><img src=http:\/\/ski.inmontanis.info\/d\/276682-3\/DSC06961.jpg \/><\/a><br \/>\n^ Abfahrt Val della Mite<\/p>\n<p><a href='http:\/\/ski.inmontanis.info\/d\/276687-2\/DSC06962.jpg'><img src=http:\/\/ski.inmontanis.info\/d\/276686-3\/DSC06962.jpg \/><\/a><br \/>\n^ Blick r\u00fcber zur ehemaligen DSB-Talstation, die ins Val della Mite f\u00fchrte<\/p>\n<p><a href='http:\/\/ski.inmontanis.info\/d\/276691-2\/DSC06963.jpg'><img src=http:\/\/ski.inmontanis.info\/d\/276690-3\/DSC06963.jpg \/><\/a><br \/>\n^ Abfahrt 13<\/p>\n<p><a href='http:\/\/ski.inmontanis.info\/d\/276695-2\/DSC06964.jpg'><img src=http:\/\/ski.inmontanis.info\/d\/276694-3\/DSC06964.jpg \/><\/a><br \/>\n^ Abfahrt 13<\/p>\n<p><a href='http:\/\/ski.inmontanis.info\/d\/276699-2\/DSC06966.jpg'><img src=http:\/\/ski.inmontanis.info\/d\/276698-3\/DSC06966.jpg \/><\/a><br \/>\n^ Die rote Talabfahrt ist ziemlich langweilig<\/p>\n<p><a href='http:\/\/ski.inmontanis.info\/d\/276703-2\/DSC06969.jpg'><img src=http:\/\/ski.inmontanis.info\/d\/276702-3\/DSC06969.jpg \/><\/a><br \/>\n^ Talabfahrt und DSB<\/p>\n<p><a href='http:\/\/ski.inmontanis.info\/d\/276707-2\/DSC06970.jpg'><img src=http:\/\/ski.inmontanis.info\/d\/276706-3\/DSC06970.jpg \/><\/a><br \/>\n^ Die DSB erschlie\u00dft f\u00fcr Anf\u00e4nger den untersten Teil der Talabfahrt &#8211; langweilig, aber weils eine Graffer-DSB ist, fahr ich sie halt..<\/p>\n<p><a href='http:\/\/ski.inmontanis.info\/d\/276711-2\/DSC06971.jpg'><img src=http:\/\/ski.inmontanis.info\/d\/276710-3\/DSC06971.jpg \/><\/a><br \/>\n^ DSB<\/p>\n<p><a href='http:\/\/ski.inmontanis.info\/d\/276715-2\/DSC06972.jpg'><img src=http:\/\/ski.inmontanis.info\/d\/276714-3\/DSC06972.jpg \/><\/a><br \/>\n^ DSB<\/p>\n<p><a href='http:\/\/ski.inmontanis.info\/d\/276719-2\/DSC06977.jpg'><img src=http:\/\/ski.inmontanis.info\/d\/276718-3\/DSC06977.jpg \/><\/a><br \/>\n^ DSB<\/p>\n<p><a href='http:\/\/ski.inmontanis.info\/d\/276723-2\/DSC06978.jpg'><img src=http:\/\/ski.inmontanis.info\/d\/276722-3\/DSC06978.jpg \/><\/a><br \/>\n^ Schwachsinnige Netze am Ende der Talabfahrt. Hab die Ski abgeschnallt und nach den Netzen wieder angeschnallt; bei den n\u00e4chsten Abfahrten hab ich sie einfach angelassen. Ich will schlie\u00dflich bis zum Ende des Schnees fahren, nicht schon so weit oben die Skier ausziehen m\u00fcssen!! Manchmal kann man sich echt nur wundern, was den Skigbietsbetreibern alles ins Hirn geschissen wird. Sorry f\u00fcr diese deutlichen Worte, aber diese &#8220;Einz\u00e4uneritis&#8221; \u00fcberall ist einfach nur nervig.<\/p>\n<p><a href='http:\/\/ski.inmontanis.info\/d\/276727-2\/DSC06980.jpg'><img src=http:\/\/ski.inmontanis.info\/d\/276726-3\/DSC06980.jpg \/><\/a><br \/>\n^ Vorne die kurze Graffer-3SB, dahinter die 4SB, die den ESL auf etwas anderer Trasse ersetzte<\/p>\n<p><a href='http:\/\/ski.inmontanis.info\/d\/276731-2\/DSC06981.jpg'><img src=http:\/\/ski.inmontanis.info\/d\/276730-3\/DSC06981.jpg \/><\/a><br \/>\n^ F\u00fcr diese ehemalige Abfahrt war mir der Schnee heut leider nicht gut genug. Offizielle Abfahrt rechts rum = vollmodelliert und verfangz\u00e4unt. An der Saroden-4SB probierte ich es hier und da etwas abseits, aber es war doch eher bruchharschig. Wie ja auch gestern in Lizzola am Nicht-Nordhang.<\/p>\n<p><a href='http:\/\/ski.inmontanis.info\/d\/276735-2\/DSC06982.jpg'><img src=http:\/\/ski.inmontanis.info\/d\/276734-3\/DSC06982.jpg \/><\/a><br \/>\n^ 4SB Doss dei Cembri<\/p>\n<p><a href='http:\/\/ski.inmontanis.info\/d\/276739-2\/DSC06985.jpg'><img src=http:\/\/ski.inmontanis.info\/d\/276738-3\/DSC06985.jpg \/><\/a><br \/>\n^ An der 4SB Saroden gabs bis nach Mittag ein Rennen, damit eine der beiden Abfahrten gesperrt<\/p>\n<p><a href='http:\/\/ski.inmontanis.info\/d\/276743-2\/DSC06986.jpg'><img src=http:\/\/ski.inmontanis.info\/d\/276742-3\/DSC06986.jpg \/><\/a><br \/>\n^ 4SB Saroden<\/p>\n<p><a href='http:\/\/ski.inmontanis.info\/d\/276747-2\/DSC06987.jpg'><img src=http:\/\/ski.inmontanis.info\/d\/276746-3\/DSC06987.jpg \/><\/a><br \/>\n^ 4SB Saroden<\/p>\n<p><a href='http:\/\/ski.inmontanis.info\/d\/276751-2\/DSC06988.jpg'><img src=http:\/\/ski.inmontanis.info\/d\/276750-3\/DSC06988.jpg \/><\/a><br \/>\n^ Verbindung von der 4SB Saroden und Abfahrt von 4SB Cembri retour. Ich kieg schon wieder das Fangzaunkotzen.<\/p>\n<p><a href='http:\/\/ski.inmontanis.info\/d\/276755-2\/DSC06991.jpg'><img src=http:\/\/ski.inmontanis.info\/d\/276754-3\/DSC06991.jpg \/><\/a><br \/>\n^ Schwarze Freeride-Talabfahrt 3 Delle Gole<\/p>\n<p><a href='http:\/\/ski.inmontanis.info\/d\/276759-2\/DSC06993.jpg'><img src=http:\/\/ski.inmontanis.info\/d\/276758-3\/DSC06993.jpg \/><\/a><br \/>\n^ .. die w\u00e4re per se um einiges netter als die modellierte rote Abfahrt. Aber halt S\u00fcdhang und selten Schnee.<\/p>\n<p><a href='http:\/\/ski.inmontanis.info\/d\/276763-2\/DSC06995.jpg'><img src=http:\/\/ski.inmontanis.info\/d\/276762-3\/DSC06995.jpg \/><\/a><br \/>\n^ Zum Gl\u00fcck gab es nur wenig Steine<\/p>\n<p><a href='http:\/\/ski.inmontanis.info\/d\/276767-2\/DSC06997.jpg'><img src=http:\/\/ski.inmontanis.info\/d\/276766-3\/DSC06997.jpg \/><\/a><br \/>\n^ Wenn auch der Schnee nicht immer so einfach zu fahren war, evtl. doch noch zu fr\u00fch dran gewesen<\/p>\n<p><a href='http:\/\/ski.inmontanis.info\/d\/276771-2\/DSC06998.jpg'><img src=http:\/\/ski.inmontanis.info\/d\/276770-3\/DSC06998.jpg \/><\/a><br \/>\n^ <\/p>\n<p><a href='http:\/\/ski.inmontanis.info\/d\/276775-2\/DSC07002.jpg'><img src=http:\/\/ski.inmontanis.info\/d\/276774-3\/DSC07002.jpg \/><\/a><br \/>\n^ <\/p>\n<p><a href='http:\/\/ski.inmontanis.info\/d\/276779-2\/DSC07004.jpg'><img src=http:\/\/ski.inmontanis.info\/d\/276778-3\/DSC07004.jpg \/><\/a><br \/>\n^ <\/p>\n<p><a href='http:\/\/ski.inmontanis.info\/d\/276783-2\/DSC07005.jpg'><img src=http:\/\/ski.inmontanis.info\/d\/276782-3\/DSC07005.jpg \/><\/a><br \/>\n^ <\/p>\n<p><a href='http:\/\/ski.inmontanis.info\/d\/276787-2\/DSC07006.jpg'><img src=http:\/\/ski.inmontanis.info\/d\/276786-3\/DSC07006.jpg \/><\/a><br \/>\n^ In dem Bereich sollte man vorsichtig sein ..<\/p>\n<p><a href='http:\/\/ski.inmontanis.info\/d\/276791-2\/DSC07008.jpg'><img src=http:\/\/ski.inmontanis.info\/d\/276790-3\/DSC07008.jpg \/><\/a><br \/>\n^ .. denn da sind pl\u00f6tzlich Treppenstufen!<\/p>\n<p><a href='http:\/\/ski.inmontanis.info\/d\/276795-2\/DSC07009.jpg'><img src=http:\/\/ski.inmontanis.info\/d\/276794-3\/DSC07009.jpg \/><\/a><br \/>\n^ .. weil da jetzt ein Fu\u00dfballplatz ist.<\/p>\n<p><a href='http:\/\/ski.inmontanis.info\/d\/276799-2\/DSC07012.jpg'><img src=http:\/\/ski.inmontanis.info\/d\/276798-3\/DSC07012.jpg \/><\/a><br \/>\n^ .. danach schaut es wieder eher nach Talabfahrt aus.<\/p>\n<p><a href='http:\/\/ski.inmontanis.info\/d\/276803-2\/DSC07013.jpg'><img src=http:\/\/ski.inmontanis.info\/d\/276802-3\/DSC07013.jpg \/><\/a><br \/>\n^ Und jezt r\u00fcberqueren zur 6EUB<\/p>\n<p><a href='http:\/\/ski.inmontanis.info\/d\/276807-2\/DSC07014.jpg'><img src=http:\/\/ski.inmontanis.info\/d\/276806-3\/DSC07014.jpg \/><\/a><br \/>\n^ Hier lagen doch ein paar Steine<\/p>\n<p><a href='http:\/\/ski.inmontanis.info\/d\/276811-2\/DSC07015.jpg'><img src=http:\/\/ski.inmontanis.info\/d\/276810-3\/DSC07015.jpg \/><\/a><br \/>\n^ Der Rest ging wieder steinfreier \u00fcber Wiesen<\/p>\n<p><a href='http:\/\/ski.inmontanis.info\/d\/276815-2\/DSC07016.jpg'><img src=http:\/\/ski.inmontanis.info\/d\/276814-3\/DSC07016.jpg \/><\/a><br \/>\n^ <\/p>\n<p><a href='http:\/\/ski.inmontanis.info\/d\/276819-2\/DSC07017.jpg'><img src=http:\/\/ski.inmontanis.info\/d\/276818-3\/DSC07017.jpg \/><\/a><br \/>\n^ .. und man kommt zur 6EUB-Talstation ohne diese schwachsinnige Netzabsperrung zu durchqueren.<\/p>\n<p><a href='http:\/\/ski.inmontanis.info\/d\/276823-2\/DSC07019.jpg'><img src=http:\/\/ski.inmontanis.info\/d\/276822-3\/DSC07019.jpg \/><\/a><br \/>\n^ Funifor Pejo 3000<\/p>\n<p><a href='http:\/\/ski.inmontanis.info\/d\/276827-2\/DSC07021.jpg'><img src=http:\/\/ski.inmontanis.info\/d\/276826-3\/DSC07021.jpg \/><\/a><br \/>\n^ Abfahrt 13, auch modelliert. Sch\u00f6ner w\u00e4re gewesen: Abfahrt links in die Senke runter und ein Lift retour.<\/p>\n<p><a href='http:\/\/ski.inmontanis.info\/d\/276831-2\/DSC07023.jpg'><img src=http:\/\/ski.inmontanis.info\/d\/276830-3\/DSC07023.jpg \/><\/a><br \/>\n^ Funifor Pejo 3000<\/p>\n<p><a href='http:\/\/ski.inmontanis.info\/d\/276835-2\/DSC07025.jpg'><img src=http:\/\/ski.inmontanis.info\/d\/276834-3\/DSC07025.jpg \/><\/a><br \/>\n^ Funifor Pejo 3000<\/p>\n<p><a href='http:\/\/ski.inmontanis.info\/d\/276839-2\/DSC07027.jpg'><img src=http:\/\/ski.inmontanis.info\/d\/276838-3\/DSC07027.jpg \/><\/a><br \/>\n^ Funifor Pejo 3000<\/p>\n<p><a href='http:\/\/ski.inmontanis.info\/d\/276843-2\/DSC07028.jpg'><img src=http:\/\/ski.inmontanis.info\/d\/276842-3\/DSC07028.jpg \/><\/a><br \/>\n^ Funifor Pejo 3000<\/p>\n<p><a href='http:\/\/ski.inmontanis.info\/d\/276847-2\/DSC07029.jpg'><img src=http:\/\/ski.inmontanis.info\/d\/276846-3\/DSC07029.jpg \/><\/a><br \/>\n^ Bergstation Funifor Pejo 3000<\/p>\n<p><a href='http:\/\/ski.inmontanis.info\/d\/276851-2\/DSC07030.jpg'><img src=http:\/\/ski.inmontanis.info\/d\/276850-3\/DSC07030.jpg \/><\/a><br \/>\n^ Immerhin gibts in den H\u00fctten jetzt keine Plastikbecher und Plastiktassen mehr. Aber auf bzw. neben den Pisten steht leider noch viel zu viel Plastik rum :(<\/p>\n<p><a href='http:\/\/ski.inmontanis.info\/d\/276855-2\/DSC07033.jpg'><img src=http:\/\/ski.inmontanis.info\/d\/276854-3\/DSC07033.jpg \/><\/a><br \/>\n^ Bergstation Funifor Pejo 3000<\/p>\n<p><a href='http:\/\/ski.inmontanis.info\/d\/276859-2\/DSC07035.jpg'><img src=http:\/\/ski.inmontanis.info\/d\/276858-3\/DSC07035.jpg \/><\/a><br \/>\n^ Gipfelpano und Bergstation. Auf der R\u00fcckseite von den Gipfel l\u00e4ge ein sch\u00f6ner Sommerskigeeigneter Gletscher, der leider nicht erschlossen wurde<\/p>\n<p><a href='http:\/\/ski.inmontanis.info\/d\/276863-2\/DSC07036.jpg'><img src=http:\/\/ski.inmontanis.info\/d\/276862-3\/DSC07036.jpg \/><\/a><br \/>\n^ Talblick<\/p>\n<p><a href='http:\/\/ski.inmontanis.info\/d\/276867-2\/DSC07037.jpg'><img src=http:\/\/ski.inmontanis.info\/d\/276866-3\/DSC07037.jpg \/><\/a><br \/>\n^ Val della Mite<\/p>\n<p><a href='http:\/\/ski.inmontanis.info\/d\/276871-2\/DSC07039.jpg'><img src=http:\/\/ski.inmontanis.info\/d\/276870-3\/DSC07039.jpg \/><\/a><br \/>\n^ Unglaublich, dass der Kran hier immer noch steht seit .. 15 Jahren oder so ?<\/p>\n<p><a href='http:\/\/ski.inmontanis.info\/d\/276875-2\/DSC07040.jpg'><img src=http:\/\/ski.inmontanis.info\/d\/276874-3\/DSC07040.jpg \/><\/a><br \/>\n^ Val della Mite, die DSB ging einst in diese Richtung hinauf.<\/p>\n<p><a href='http:\/\/ski.inmontanis.info\/d\/276879-2\/DSC07041.jpg'><img src=http:\/\/ski.inmontanis.info\/d\/276878-3\/DSC07041.jpg \/><\/a><br \/>\n^ Ex-DSB-Talstation links, rechts die 4SB Doss dei Cembri<\/p>\n<p><a href='http:\/\/ski.inmontanis.info\/d\/276883-2\/DSC07042.jpg'><img src=http:\/\/ski.inmontanis.info\/d\/276882-3\/DSC07042.jpg \/><\/a><br \/>\n^ 4SB Saroden<\/p>\n<p><a href='http:\/\/ski.inmontanis.info\/d\/276887-2\/DSC07043.jpg'><img src=http:\/\/ski.inmontanis.info\/d\/276886-3\/DSC07043.jpg \/><\/a><br \/>\n^ Val della Mite von der Bergstation 4SB Saroden aus<\/p>\n<p><a href='http:\/\/ski.inmontanis.info\/d\/276891-2\/DSC07045.jpg'><img src=http:\/\/ski.inmontanis.info\/d\/276890-3\/DSC07045.jpg \/><\/a><br \/>\n^ Val della Mite von der Bergstation 4SB Saroden aus, links die ehemalige DSB-Talstation. An deren Bergstation waren wohl 1-2 weitere DSB projektiert<\/p>\n<p><a href='http:\/\/ski.inmontanis.info\/d\/276895-2\/DSC07046.jpg'><img src=http:\/\/ski.inmontanis.info\/d\/276894-3\/DSC07046.jpg \/><\/a><br \/>\n^ 4SB Doss dei Cembri<\/p>\n<p><a href='http:\/\/ski.inmontanis.info\/d\/276899-2\/DSC07047.jpg'><img src=http:\/\/ski.inmontanis.info\/d\/276898-3\/DSC07047.jpg \/><\/a><br \/>\n^ Abfahrt 4SB Saroden, das Rennen ist weg, die teils vereiste Piste bleibt.<\/p>\n<p><a href='http:\/\/ski.inmontanis.info\/d\/276903-2\/DSC07048.jpg'><img src=http:\/\/ski.inmontanis.info\/d\/276902-3\/DSC07048.jpg \/><\/a><br \/>\n^ Abfahrt 4SB Saroden, unglaublich, aber das Mittelst\u00fcck hat noch ein paar Mulden und nicht \u00fcberall Z\u00e4une.<\/p>\n<p><a href='http:\/\/ski.inmontanis.info\/d\/276907-2\/DSC07050.jpg'><img src=http:\/\/ski.inmontanis.info\/d\/276906-3\/DSC07050.jpg \/><\/a><br \/>\n^ Abfahrt 4SB Saroden<\/p>\n<p><a href='http:\/\/ski.inmontanis.info\/d\/276911-2\/DSC07052.jpg'><img src=http:\/\/ski.inmontanis.info\/d\/276910-3\/DSC07052.jpg \/><\/a><br \/>\n^ Val della Mite, offpiste leider der Schnee heute zu vergessen<\/p>\n<p><a href='http:\/\/ski.inmontanis.info\/d\/276915-2\/DSC07053.jpg'><img src=http:\/\/ski.inmontanis.info\/d\/276914-3\/DSC07053.jpg \/><\/a><br \/>\n^ Val della Mite<\/p>\n<p><a href='http:\/\/ski.inmontanis.info\/d\/276919-2\/DSC07054.jpg'><img src=http:\/\/ski.inmontanis.info\/d\/276918-3\/DSC07054.jpg \/><\/a><br \/>\n^ 6EUB und Restaurant<\/p>\n<p><a href='http:\/\/ski.inmontanis.info\/d\/276923-2\/DSC07055.jpg'><img src=http:\/\/ski.inmontanis.info\/d\/276922-3\/DSC07055.jpg \/><\/a><br \/>\n^ Funifor Pejo 3000<\/p>\n<p><a href='http:\/\/ski.inmontanis.info\/d\/276927-2\/DSC07056.jpg'><img src=http:\/\/ski.inmontanis.info\/d\/276926-3\/DSC07056.jpg \/><\/a><br \/>\n^ Verbindungsweg 14 von der 4SB Doss dei Cembri zur Abfahrt 13<\/p>\n<p><a href='http:\/\/ski.inmontanis.info\/d\/276931-2\/DSC07059.jpg'><img src=http:\/\/ski.inmontanis.info\/d\/276930-3\/DSC07059.jpg \/><\/a><br \/>\n^ Verbindungsweg 14 von der 4SB Doss dei Cembri zur Abfahrt 13; geht leider nur mit viel Schieben. K\u00f6nnte man aber evtl. links abk\u00fcrzen<\/p>\n<p><a href='http:\/\/ski.inmontanis.info\/d\/276935-2\/DSC07062.jpg'><img src=http:\/\/ski.inmontanis.info\/d\/276934-3\/DSC07062.jpg \/><\/a><br \/>\n^ Ex-SL neben der Graffer-DSB im Tal. Rechts anscheinend ein gratis Parkplatz? Allerdings muss man ja den Skipass abgeben wg. Pfand an der EUB ..<\/p>\n<p><a href='http:\/\/ski.inmontanis.info\/d\/276939-2\/DSC07063.jpg'><img src=http:\/\/ski.inmontanis.info\/d\/276938-3\/DSC07063.jpg \/><\/a><br \/>\n^ Kostenpflichtiges Parkhaus<\/p>\n<p><a href='http:\/\/ski.inmontanis.info\/d\/276943-2\/ge20200308b.jpg'><img src=http:\/\/ski.inmontanis.info\/d\/276942-3\/ge20200308b.jpg \/><\/a><br \/>\n^ GPS-Track 8.3.2020 in Gelb, vorheriger Besuch mit ESL 2007<\/p>\n<p>Hier noch einige Fotos vom 4.3.2007:<\/p>\n<p><img src=http:\/\/ski.inmontanis.info\/d\/30976-2\/P1150359.jpg \/><\/p>\n<p><img src=http:\/\/ski.inmontanis.info\/d\/30880-2\/P1150246.jpg \/><\/p>\n<p><img src=http:\/\/ski.inmontanis.info\/d\/30886-2\/P1150254.jpg \/><\/p>\n<p><img src=http:\/\/ski.inmontanis.info\/d\/30913-2\/P1150275.jpg \/><br \/>\n^ SL Saroden<\/p>\n<p><img src=http:\/\/ski.inmontanis.info\/d\/30922-2\/P1150298.jpg \/><\/p>\n<p><img src=http:\/\/ski.inmontanis.info\/d\/30931-2\/P1150309.jpg \/><\/p>\n<p><img src=http:\/\/ski.inmontanis.info\/d\/30946-2\/P1150335.jpg \/><\/p>\n<p><img src=http:\/\/ski.inmontanis.info\/d\/30949-2\/P1150334.jpg \/><\/p>\n<p>.. vielleicht erinnert sich der eine oder andere daran, eines der Fotos von diesem Tag klebt seit einigen Jahren an meiner T\u00fcr zur K\u00fcche. Nicht weil ich gerade diesen Graffer-ESL so viel besser wie die anderen fand, sondern weil ich leider vom ESL am Gardasee keine so perfekten St\u00fctzenfotos hatte ..<\/p>\n<p><a href='http:\/\/extra.inmontanis.info\/d\/20985-3\/DSC00182_001.jpg'><img src=http:\/\/extra.inmontanis.info\/d\/20984-4\/DSC00182_001.jpg \/><\/a><\/p>\n<p><a href='http:\/\/extra.inmontanis.info\/d\/37416-3\/DSC08679.jpg'><img src=http:\/\/extra.inmontanis.info\/d\/37415-4\/DSC08679.jpg \/><\/a><\/p>\n<p>&#8212;<\/p>\n<p>Nachdem ich gestern fr\u00fch die Autobahn bis Auer gefahren bin (Maut 7,90) und dann \u00fcber Mezzolombardo ins Val di Sole und aufgrund dieser Lombardeisperrung und weil ich ja sowieso Zeit hatte, gings heute mal \u00fcber den Gampenpass richtung Meran, zur Mebo und ab Bozen wieder mautfrei zum Brenner. Verglichen mit dem Pass zum Ultental oder dem Mendelpass ist der Gampenpass am angenehmsten zu fahren.<\/p>\n<p><a href='http:\/\/extra.inmontanis.info\/d\/58373-2\/DSC07073.jpg'><img src=http:\/\/extra.inmontanis.info\/d\/58372-3\/DSC07073.jpg \/><\/a><br \/>\n^ Retour gings \u00fcber den Gampenpass, die mir heuer noch fehlende 4. M\u00f6glichkeit vom Val di Sole richtung Brenner<\/p>\n<p><a href='http:\/\/extra.inmontanis.info\/d\/58377-2\/DSC07076.jpg'><img src=http:\/\/extra.inmontanis.info\/d\/58376-3\/DSC07076.jpg \/><\/a><br \/>\n^ Gampenpass<\/p>\n<p><a href='http:\/\/extra.inmontanis.info\/d\/58381-2\/DSC07079.jpg'><img src=http:\/\/extra.inmontanis.info\/d\/58380-3\/DSC07079.jpg \/><\/a><br \/>\n^ Nordseitig vom Gampenpass hat man ein sch\u00f6nes Pano<\/p>\n<p><a href='http:\/\/extra.inmontanis.info\/d\/58385-2\/DSC07084.jpg'><img src=http:\/\/extra.inmontanis.info\/d\/58384-3\/DSC07084.jpg \/><\/a><br \/>\n^ Etwas alternativ ins Tal gefahren \u00fcber Prissian \/ Fahlburg<\/p>\n<p><a href='http:\/\/extra.inmontanis.info\/d\/58389-2\/DSC07085.jpg'><img src=http:\/\/extra.inmontanis.info\/d\/58388-3\/DSC07085.jpg \/><\/a><br \/>\n^ Prissian<\/p>\n<p>&#8212;<\/p>\n<p><em>Soweit der Bericht vom 8.3.2020. In den folgenden Tagen \u00fcberschlugen sich die Meldungen, immer mehr L\u00e4nder und Staaten schlossen ihre Skigebiete, auch das eine oder andere &#8220;wir bleiben offen&#8221; wurde manchmal in 1-2 Tagen wieder umgedreht.<\/p>\n<p>In \u00d6sterreich h\u00e4tte man das folgende WE noch skifahren k\u00f6nnen, aber dazu kam es f\u00fcr mich leider nicht: Aufgrund von Fieber in der Nacht von Donnerstag auf Freitag und aufgrund meines Lombardei-WE konnte und musste ich mich wegen dieses Virus testen lassen. Daher am Freitag gleich fr\u00fch als einer der ersten in diesen Drive-In-Test in Innsbruck gefahren, nachdem ich 50 Minuten in der Hotline-Warteschleife war und die Best\u00e4tigung erhielt, dass ich mich testen k\u00f6nnte. Dort wurde ich nach dem Abstrich zur Heimquarant\u00e4ne verdonnert, bis das Testergebnis vorl\u00e4ge. Damit durfte ich also am WE 14\/15.3. nicht mehr skifahren, das ja dann leider das letzte WE war, wo die Skigebiete noch offen waren.<\/p>\n<p>Am 16.3. rief ich um 14:15 erneut die Hotline an: &#8220;Bleiben Sie telefonisch erreichbar. Wenn sich niemand meldet, sind sie negativ&#8221; &#8211; ja sch\u00f6n, aber was hei\u00dft das f\u00fcr meine Heimquarant\u00e4ne?<\/p>\n<p>Am 18.3. war die Hotline so \u00fcberlastet, dass ich gar nicht durchkam.<\/p>\n<p>Am 19.3. wurde ich von der Hotline ans Stadtmagistrat Innsbruck verwiesen, die wiederum gaben mir dann eine andere Telefonnummer, die mir best\u00e4tigten, dass ich negativ sei und die Heimquarant\u00e4ne aufgehoben w\u00e4re.<\/p>\n<p>Na toll. Dann h\u00e4tt ich ja am 14\/15.3. auch skifahren k\u00f6nnen :(<\/p>\n<p>Am 20.3. wurden die Sache noch einmal versch\u00e4rft, die Tiroler Landesregierung stellte jede Gemeinde unter Quarant\u00e4ne, so dass man seine Wohngemeinde nicht mehr verlassen d\u00fcrfte. Als ich das am Vorabend h\u00f6rte, hatte ich aber kaum genug Zeit, um alle Sachen zu packen und nach Schweden durchzubrennen, wo nach wie vor Skigebiete offen haben sollen.<\/p>\n<p>In den n\u00e4chsten Wochen kam ich also nicht aus Tirol raus, Ma\u00dfnahmen wurden weltweit versch\u00e4rft, das Leben eingesperrt, die immer schneller drehende Welt angehalten. In vielen L\u00e4ndern musste man bei Ein- oder R\u00fcckreise nun 14 Tage in Quarant\u00e4ne gehen, was Reisen dann recht witzlos macht. Skifahren und Reisen, meine einzigen zwei Lebensgrundlagen (immerhin 2 mehr als viele andere?), sind ab sofort und auf unbestimmte Zeit nicht mehr m\u00f6glich. Da kann der Rest der Welt auch gleich mit untergehen. Jetzt w\u00e4re der perfekte Zeitpunkt, dass USA, China, Iran, &#8230; sich endlich mal ihre Atombomben um die Ohren schlagen. Ist jetzt auch schon egal.<\/p>\n<p>Das Leben wird erstmals \u00fcber die Wirtschaft gestellt, koste es was es wolle. Faszinierend, wieviel Geld auf einmal die ganzen Staatsregierungen aus den \u00c4rmeln sch\u00fctteln, wo man sonst doch immer h\u00f6rte, dass man kein Geld habe? Hoffentlich gehen die Leute bald auf die Barrikaden. F\u00fcr diese ganzen Aktionen bzw. Restriktionen ist die Sterberate von diesem Virus m.E. viel zu gering. Vorallem muss man nun davon ausgehen, dass das die n\u00e4chsten Jahre immer wieder passieren wird, dass Skigebiete wochen- und monatelang wegen eines nicht sehr t\u00f6dlichen Virus gesperrt werden. <\/p>\n<p>Am 7.4. wurde die Tirol-Quarant\u00e4ne wieder aufgehoben, in Schweden sind nach wie vor Skigebiete offen, eine Einreise nach Deutschland ist mir durch meinen deutschen Pass m\u00f6glich, eine R\u00fcckreise nach \u00d6sterreich aufgrund des Hauptwohnsitzes ebenso. Leider wollten mir meine Vorgesetzten keinen Urlaub geben, vielleicht wegen der 2-w\u00f6chigen Heimquarant\u00e4ne danach? In den n\u00e4chsten Wochen bleiben mir also nur Skitouren. Aber immerhin das wieder.<\/p>\n<p>Mit Stand 25.4., als ich diesen Bericht fertig schrieb, haben zwischenzeitlich in Tschechien und Norwegen wieder Skigebiete aufgesperrt, die Grenzen dort hin aber f\u00fcr unsereins quasi nicht passierbar oder maximal mit Quarant\u00e4ne. In Schweden sind nur noch wenige Skigebiete ge\u00f6ffnet, die meisten haben sich wohl dem Druck zum Schlie\u00dfen gebeugt. Generell sind in AT jetzt einige Lockerungen im Gange, wodurch die Skigebiete eventuell ab 1. oder 15.5. wieder \u00f6ffnen k\u00f6nnten, aber genaues wurde noch nicht mitgeteilt. F\u00fcr internationale Reisen schaut&#8217;s nach wie vor d\u00fcster aus, wobei die Schwedenvariante f\u00fcr mich immer noch m\u00f6glich w\u00e4re, wenn auch immer weniger lohnenswert.<\/p>\n<p>Die Skigebiete in der Lombardei haben am 4.4. nicht wieder er\u00f6ffnet. Nach wie vor ist ganz Italien dicht. Meine Lombardei-Saisonkarte, die noch bis 3.5. liefe, wurde damit um 2 Monate verk\u00fcrzt. Eingefahren werd ich die teure Karte damit wohl nicht haben. Mehr als das nervt, dass die letzten Wochen so sonnig waren und man sicher tollen Firnschnee gehabt h\u00e4tte. Endlich mal ein Jahr ohne nervigen pappigen Fr\u00fchjahrsneuschnee. F\u00fcr jemand, dem ein firniges Fr\u00fchjahr die liebste Skijahreszeit ist, ein herber Verlust.<\/p>\n<p>Was mir dadurch in der Lombardei-Saisonkarte gefehlt hat:<br \/>\n&#8211; Skigebiete, die vmtl. wegen Schneemangels heuer vielleicht eh nicht offen waren: Selvino, Schilpario, Graffer<br \/>\n&#8211; Skigebiete, die ich gar nicht besuchte, weil ich auf die \u00d6ffnung der mir wichtigen DSB wartete: Monte Pora + Passo Presolana<br \/>\n&#8211; Skigebiete, die ich eh nicht besuchen wollte: Valpalot<br \/>\n&#8211; Skigebiete, die ich im Fr\u00fchjahr unbedingt nochmals besuchen wollte: Maniva, Borno, Montecampione, Foppolo, Adamello (wenigstens bin ich einmal die neue EUB am Presena gefahren), Aprica!!! (da war ich ja nur einmal ganz kurz, auch ein klassisches Fr\u00fchjahrsskigebiet f\u00fcr mich)<br \/>\n&#8211; Skigebiete, die ich im Fr\u00fchjahr evtl. nochmals besuchen wollte: Livigno, Santa Caterina Valfurva, Valgerola<\/p>\n<p>Eine Skisaison, die noch mit Stand 7.3. (oder eigentlich sogar noch 8.3.) die beste aller Zeiten h\u00e4tte werden k\u00f6nnen, schickt sich nun an, die schlechteste aller Zeiten zu werden, sofern nicht wenigstens noch die Sommersaison halbwegs geregelt \u00fcber die B\u00fchne geht. Und falls die Alpen-Skigebiete im Sommer nicht \u00f6ffnen d\u00fcrfen, dann im Herbst und Winter schon gleich gar nicht, weil da ja viel mehr los ist. <\/p>\n<p>:-(<br \/>\n<\/em><\/p>\n","protected":false},"excerpt":{"rendered":"<p>Das war er also. Der Tag, der in die Geschichte eingehen wird. Der Tag, nach dem nichts mehr so sein wird, wie es einst war. Der Tag, als es anfing, dass sich die Welt zu drehen aufh\u00f6rt. <\/p>\n<p>So, 8.3.2020<\/p>\n<p>Durch den Neuschnee hoffte ich, dass endlich die beiden mir wichtigen DSB Scanap\u00e0 und Vareno <a href=\"http:\/\/blog.inmontanis.info\/?p=6078\">[&#8230;]<\/a><\/p>\n","protected":false},"author":1,"featured_media":0,"comment_status":"closed","ping_status":"closed","sticky":false,"template":"","format":"standard","meta":{"footnotes":""},"categories":[15,435,27,81],"tags":[49,39,35,91,52,78],"class_list":["post-6078","post","type-post","status-publish","format-standard","hentry","category-italienitaly","category-pejo","category-skifahren-winterskiing-winter","category-kurztrips","tag-4sb","tag-6eub","tag-esl","tag-graffer","tag-pb","tag-restschnee","odd"],"_links":{"self":[{"href":"http:\/\/blog.inmontanis.info\/index.php?rest_route=\/wp\/v2\/posts\/6078","targetHints":{"allow":["GET"]}}],"collection":[{"href":"http:\/\/blog.inmontanis.info\/index.php?rest_route=\/wp\/v2\/posts"}],"about":[{"href":"http:\/\/blog.inmontanis.info\/index.php?rest_route=\/wp\/v2\/types\/post"}],"author":[{"embeddable":true,"href":"http:\/\/blog.inmontanis.info\/index.php?rest_route=\/wp\/v2\/users\/1"}],"replies":[{"embeddable":true,"href":"http:\/\/blog.inmontanis.info\/index.php?rest_route=%2Fwp%2Fv2%2Fcomments&post=6078"}],"version-history":[{"count":7,"href":"http:\/\/blog.inmontanis.info\/index.php?rest_route=\/wp\/v2\/posts\/6078\/revisions"}],"predecessor-version":[{"id":6085,"href":"http:\/\/blog.inmontanis.info\/index.php?rest_route=\/wp\/v2\/posts\/6078\/revisions\/6085"}],"wp:attachment":[{"href":"http:\/\/blog.inmontanis.info\/index.php?rest_route=%2Fwp%2Fv2%2Fmedia&parent=6078"}],"wp:term":[{"taxonomy":"category","embeddable":true,"href":"http:\/\/blog.inmontanis.info\/index.php?rest_route=%2Fwp%2Fv2%2Fcategories&post=6078"},{"taxonomy":"post_tag","embeddable":true,"href":"http:\/\/blog.inmontanis.info\/index.php?rest_route=%2Fwp%2Fv2%2Ftags&post=6078"}],"curies":[{"name":"wp","href":"https:\/\/api.w.org\/{rel}","templated":true}]}}