{"id":6072,"date":"2020-04-13T20:16:54","date_gmt":"2020-04-13T18:16:54","guid":{"rendered":"http:\/\/blog.inmontanis.info\/?p=6072"},"modified":"2023-08-06T10:36:46","modified_gmt":"2023-08-06T08:36:46","slug":"gurken-mit-rum-11-4-13-4-2020","status":"publish","type":"post","link":"http:\/\/blog.inmontanis.info\/?p=6072","title":{"rendered":"Gurken mit Rum, 11.4.-13.4.2020"},"content":{"rendered":"<p><strong>Sa, 11.4.2020 &#8211; Hochh\u00e4derich &#038; Berwang<\/strong><\/p>\n<p>Nachdem die Tiroler Gemeinde-Quarant\u00e4ne aufgehoben ist und man dieses Wochenende wieder Skitouren gehen darf (auch wenn man quasi t\u00e4glich von der Tiroler Landesregierung dazu ermahnt wird, es nicht zu tun), musste ich das nat\u00fcrlich ausn\u00fctzen. Auch wenn ich Skitouren gehen so gar nicht mag. Viel zu anstrengend, nach 200-400 hm bin ich fertig.  Mein gr\u00f6\u00dftes Problem an Skitouren ist aber, dass der Abfahrtsspa\u00df mit diesen K2 Shuksan inexistent ist, die hatten gef\u00fchlt noch nie eine Kante. Tiefschnee geht damit, aber auf Pisten zu vergessen. Da ist Mattenski in Midlothian (mit Racecarvern) zig Mal besser.  Vielleicht sollte ich die Tourenbindung auf andere Ski montieren; allerdings passen dann auch die Felle nicht mehr, weil zu kurz..<\/p>\n<p>Am Samstag ging es, einem Tipp im Alpinforum folgend, nach Vorarlberg zum Hochh\u00e4derich. Geschlossene Schneedecke ab Parkplatz und nur 250-300 hm bis zur Bergstation, dazu Flachland- und Bodenseepano. H\u00f6rt sich gut an.<\/p>\n<p>Leider ist der Parkplatz geb\u00fchrenpflichtig und ich hatte nur wenig Geld dabei, einen 5er und einen 20er. Da wollte ich also z\u00fcgig schauen, dass ich nicht \u00fcber 5,- \u20ac komm, bevor der Automat nicht genug Wechselgeld hat.<\/p>\n<p>Die ersten Meter gehen ja ganz gut und man wundert sich, wie weit man schon gekommen ist &#8211; schaut zur\u00fcck, naja .. schaut auf&#8217;s GPS, 58hm, doch erst&#8230;<\/p>\n<p>Leider war die Fernsicht eher gering, der Bodensee war nur schlecht zu sehen. Die ca. 260 hm zur SL-Bergstation gingen noch, aber viel l\u00e4nger h\u00e4tt ich wohl nicht mehr durchgehalten. Die Abfahrt mit diesen Skiern wie erwartet wenig spa\u00dfig.<\/p>\n<p>Parken war dann mit 2,80 noch etwas g\u00fcnstiger als angegeben. Allerdings musste ich den verkr\u00fcppelten 5-\u20ac-Schein mehr als 10x reinstecken, bis er endlich akzeptiert wurde.<\/p>\n<p>(Fotos anklicken zum Vergr\u00f6\u00dfern)<\/p>\n<p><a href='http:\/\/extra.inmontanis.info\/d\/58341-2\/DSC07111.jpg'><img src=http:\/\/extra.inmontanis.info\/d\/58340-3\/DSC07111.jpg \/><\/a><br \/>\n^ Die kleinen Autobahnparkpl\u00e4tze sind momentan wohl gesperrt<\/p>\n<p><a href='http:\/\/ski.inmontanis.info\/d\/275975-2\/DSC07117.jpg'><img src=http:\/\/ski.inmontanis.info\/d\/275974-3\/DSC07117.jpg \/><\/a><br \/>\n^ Abfahrt Bichlbach recht aper<\/p>\n<p><a href='http:\/\/extra.inmontanis.info\/d\/58345-2\/DSC07123.jpg'><img src=http:\/\/extra.inmontanis.info\/d\/58344-3\/DSC07123.jpg \/><\/a><br \/>\n^ Fahrt durchs Lechtal; Elbigenalp<\/p>\n<p><a href='http:\/\/ski.inmontanis.info\/d\/275919-2\/DSC07129.jpg'><img src=http:\/\/ski.inmontanis.info\/d\/275918-3\/DSC07129.jpg \/><\/a><br \/>\n^ Warth<\/p>\n<p><a href='http:\/\/ski.inmontanis.info\/d\/275923-2\/DSC07132.jpg'><img src=http:\/\/ski.inmontanis.info\/d\/275922-3\/DSC07132.jpg \/><\/a><br \/>\n^ J\u00e4geralp<\/p>\n<p><a href='http:\/\/ski.inmontanis.info\/d\/275927-2\/DSC07134.jpg'><img src=http:\/\/ski.inmontanis.info\/d\/275926-3\/DSC07134.jpg \/><\/a><br \/>\n^ J\u00e4geralp<\/p>\n<p><a href='http:\/\/ski.inmontanis.info\/d\/275931-2\/DSC07135.jpg'><img src=http:\/\/ski.inmontanis.info\/d\/275930-3\/DSC07135.jpg \/><\/a><br \/>\n^ J\u00e4geralp<\/p>\n<p><a href='http:\/\/ski.inmontanis.info\/d\/275935-2\/DSC07139.jpg'><img src=http:\/\/ski.inmontanis.info\/d\/275934-3\/DSC07139.jpg \/><\/a><br \/>\n^ Warth-Schr\u00f6cken<\/p>\n<p><a href='http:\/\/ski.inmontanis.info\/d\/275939-2\/DSC07141.jpg'><img src=http:\/\/ski.inmontanis.info\/d\/275938-3\/DSC07141.jpg \/><\/a><br \/>\n^ Hier liegt zwar auch sehr viel Schnee, aber ..<\/p>\n<p><a href='http:\/\/ski.inmontanis.info\/d\/275943-2\/DSC07142.jpg'><img src=http:\/\/ski.inmontanis.info\/d\/275942-3\/DSC07142.jpg \/><\/a><br \/>\n^ .. s\u00e4mtliche Parkpl\u00e4tze sind abgesperrt<\/p>\n<p><a href='http:\/\/ski.inmontanis.info\/d\/275947-2\/DSC07143.jpg'><img src=http:\/\/ski.inmontanis.info\/d\/275946-3\/DSC07143.jpg \/><\/a><br \/>\n^ .. auch die Parkpl\u00e4tze direkt an der Stra\u00dfe<\/p>\n<p><a href='http:\/\/ski.inmontanis.info\/d\/275951-2\/DSC07145.jpg'><img src=http:\/\/ski.inmontanis.info\/d\/275950-3\/DSC07145.jpg \/><\/a><br \/>\n^ Schr\u00f6cken<\/p>\n<p><a href='http:\/\/ski.inmontanis.info\/d\/275791-2\/DSC07147.jpg'><img src=http:\/\/ski.inmontanis.info\/d\/275789-3\/DSC07147.jpg \/><\/a><br \/>\n^ Auffahrt ins Skigebiet Hochh\u00e4derich<\/p>\n<p><a href='http:\/\/ski.inmontanis.info\/d\/275795-2\/DSC07151.jpg'><img src=http:\/\/ski.inmontanis.info\/d\/275794-3\/DSC07151.jpg \/><\/a><br \/>\n^ Die Parkpl\u00e4tze sind geb\u00fchrenpflichtig<\/p>\n<p><a href='http:\/\/ski.inmontanis.info\/d\/275799-2\/DSC07153.jpg'><img src=http:\/\/ski.inmontanis.info\/d\/275798-3\/DSC07153.jpg \/><\/a><br \/>\n^ Es gibt noch mehr Abstufungen &#8211; oder die Preise waren heute g\u00fcnstiger. Zahlen nur mit M\u00fcnzen und 5\/10\/20er Scheinen, keine Karten.<\/p>\n<p><a href='http:\/\/ski.inmontanis.info\/d\/275803-2\/DSC07155.jpg'><img src=http:\/\/ski.inmontanis.info\/d\/275802-3\/DSC07155.jpg \/><\/a><br \/>\n^ Linker Doppel-SL<\/p>\n<p><a href='http:\/\/ski.inmontanis.info\/d\/275807-2\/DSC07158.jpg'><img src=http:\/\/ski.inmontanis.info\/d\/275806-3\/DSC07158.jpg \/><\/a><br \/>\n^ <\/p>\n<p><a href='http:\/\/ski.inmontanis.info\/d\/275811-2\/DSC07159.jpg'><img src=http:\/\/ski.inmontanis.info\/d\/275810-3\/DSC07159.jpg \/><\/a><br \/>\n^ <\/p>\n<p><a href='http:\/\/ski.inmontanis.info\/d\/275815-2\/DSC07162.jpg'><img src=http:\/\/ski.inmontanis.info\/d\/275814-3\/DSC07162.jpg \/><\/a><br \/>\n^ <\/p>\n<p><a href='http:\/\/ski.inmontanis.info\/d\/275819-2\/DSC07163.jpg'><img src=http:\/\/ski.inmontanis.info\/d\/275818-3\/DSC07163.jpg \/><\/a><br \/>\n^ <\/p>\n<p><a href='http:\/\/ski.inmontanis.info\/d\/275823-2\/DSC07166.jpg'><img src=http:\/\/ski.inmontanis.info\/d\/275822-3\/DSC07166.jpg \/><\/a><br \/>\n^ Je weiter rauf, desto weniger Schnee, auf dem Weg nach rechts lag aber noch etwas mehr.<\/p>\n<p><a href='http:\/\/ski.inmontanis.info\/d\/275827-2\/DSC04126.jpg'><img src=http:\/\/ski.inmontanis.info\/d\/275826-3\/DSC04126.jpg \/><\/a><br \/>\n^ IR-Pano ins Flachland<\/p>\n<p><a href='http:\/\/ski.inmontanis.info\/d\/275831-2\/DSC04130.jpg'><img src=http:\/\/ski.inmontanis.info\/d\/275830-3\/DSC04130.jpg \/><\/a><br \/>\n^ <\/p>\n<p><a href='http:\/\/ski.inmontanis.info\/d\/275835-2\/DSC04135.jpg'><img src=http:\/\/ski.inmontanis.info\/d\/275834-3\/DSC04135.jpg \/><\/a><br \/>\n^ <\/p>\n<p><a href='http:\/\/ski.inmontanis.info\/d\/275839-2\/DSC04137.jpg'><img src=http:\/\/ski.inmontanis.info\/d\/275838-3\/DSC04137.jpg \/><\/a><br \/>\n^ <\/p>\n<p><a href='http:\/\/ski.inmontanis.info\/d\/275843-2\/DSC07172.jpg'><img src=http:\/\/ski.inmontanis.info\/d\/275842-3\/DSC07172.jpg \/><\/a><br \/>\n^ <\/p>\n<p><a href='http:\/\/ski.inmontanis.info\/d\/275847-2\/DSC04139.jpg'><img src=http:\/\/ski.inmontanis.info\/d\/275846-3\/DSC04139.jpg \/><\/a><br \/>\n^ <\/p>\n<p><a href='http:\/\/ski.inmontanis.info\/d\/275851-2\/DSC04141.jpg'><img src=http:\/\/ski.inmontanis.info\/d\/275850-3\/DSC04141.jpg \/><\/a><br \/>\n^ IR-Pano zum Bodensee<\/p>\n<p><a href='http:\/\/ski.inmontanis.info\/d\/275855-2\/DSC04142.jpg'><img src=http:\/\/ski.inmontanis.info\/d\/275854-3\/DSC04142.jpg \/><\/a><br \/>\n^ <\/p>\n<p><a href='http:\/\/ski.inmontanis.info\/d\/275859-2\/DSC07177.jpg'><img src=http:\/\/ski.inmontanis.info\/d\/275858-3\/DSC07177.jpg \/><\/a><br \/>\n^ <\/p>\n<p><a href='http:\/\/ski.inmontanis.info\/d\/275863-2\/DSC07178.jpg'><img src=http:\/\/ski.inmontanis.info\/d\/275862-3\/DSC07178.jpg \/><\/a><br \/>\n^ <\/p>\n<p><a href='http:\/\/ski.inmontanis.info\/d\/275867-2\/DSC07170.jpg'><img src=http:\/\/ski.inmontanis.info\/d\/275866-3\/DSC07170.jpg \/><\/a><br \/>\n^ <\/p>\n<p><a href='http:\/\/ski.inmontanis.info\/d\/275871-2\/DSC07171.jpg'><img src=http:\/\/ski.inmontanis.info\/d\/275870-3\/DSC07171.jpg \/><\/a><br \/>\n^ <\/p>\n<p><a href='http:\/\/ski.inmontanis.info\/d\/275875-2\/DSC07181.jpg'><img src=http:\/\/ski.inmontanis.info\/d\/275874-3\/DSC07181.jpg \/><\/a><br \/>\n^ Kommt immer mal wieder vor, dass ich auf einer Tour oder Restschneeabfahrt Geld finde. Heute ein 2,- \u20ac St\u00fcck.<\/p>\n<p><a href='http:\/\/ski.inmontanis.info\/d\/275879-2\/DSC07183.jpg'><img src=http:\/\/ski.inmontanis.info\/d\/275878-3\/DSC07183.jpg \/><\/a><br \/>\n^ Das Schneefeld reichte bis fast zur Bergstation<\/p>\n<p><a href='http:\/\/ski.inmontanis.info\/d\/275883-2\/DSC07186.jpg'><img src=http:\/\/ski.inmontanis.info\/d\/275882-3\/DSC07186.jpg \/><\/a><br \/>\n^ .. auf dem Weg gab es 2 apere St\u00fccke<\/p>\n<p><a href='http:\/\/ski.inmontanis.info\/d\/275887-2\/DSC07187.jpg'><img src=http:\/\/ski.inmontanis.info\/d\/275886-3\/DSC07187.jpg \/><\/a><br \/>\n^ Ist bzw. war das links mal eine Abfahrt?<\/p>\n<p><a href='http:\/\/ski.inmontanis.info\/d\/275891-2\/DSC07189.jpg'><img src=http:\/\/ski.inmontanis.info\/d\/275890-3\/DSC07189.jpg \/><\/a><br \/>\n^ Die steileren Abfahrten w\u00e4ren nichts mit diesen Tourenski<\/p>\n<p><a href='http:\/\/ski.inmontanis.info\/d\/275895-2\/DSC07191.jpg'><img src=http:\/\/ski.inmontanis.info\/d\/275894-3\/DSC07191.jpg \/><\/a><br \/>\n^ <\/p>\n<p><a href='http:\/\/ski.inmontanis.info\/d\/275899-2\/DSC07192.jpg'><img src=http:\/\/ski.inmontanis.info\/d\/275898-3\/DSC07192.jpg \/><\/a><br \/>\n^ <\/p>\n<p><a href='http:\/\/ski.inmontanis.info\/d\/275903-2\/DSC07193.jpg'><img src=http:\/\/ski.inmontanis.info\/d\/275902-3\/DSC07193.jpg \/><\/a><br \/>\n^ Weder rauf- noch runterw\u00e4rts abgeschnallt ;)<\/p>\n<p><a href='http:\/\/ski.inmontanis.info\/d\/275907-2\/DSC07195.jpg'><img src=http:\/\/ski.inmontanis.info\/d\/275906-3\/DSC07195.jpg \/><\/a><br \/>\n^ <\/p>\n<p><a href='http:\/\/ski.inmontanis.info\/d\/275911-2\/DSC07196.jpg'><img src=http:\/\/ski.inmontanis.info\/d\/275910-3\/DSC07196.jpg \/><\/a><br \/>\n^ <\/p>\n<p><a href='http:\/\/ski.inmontanis.info\/d\/275915-2\/DSC07197.jpg'><img src=http:\/\/ski.inmontanis.info\/d\/275914-3\/DSC07197.jpg \/><\/a><br \/>\n^ <\/p>\n<p>Als zweites Ziel heute hab ich mir Berwang ausgesucht, und zwar wollte ich testen, inwieweit ich meine elektrischen Einr\u00e4der f\u00fcr so ein Restschneeskivorhaben einspannen k\u00f6nnte. Auf dem Schnee funktioniert es gar nicht, das hab ich vor einigen Jahren gleich nach dem Kauf schon mal ausprobiert &#8211; das Rad dreht durch und Ende. Aber in Berwang gibts eine sogar geteerte Stra\u00dfe am Egghof-Lift, das k\u00f6nnte was werden.<\/p>\n<p>Es hat einige Zeit gedauert, bis die Ski am Rucksack fixiert waren, die Skischuhe passen auch gerade so in den Rucksack hinein. Die Auffahrt ging soweit ganz gut, der Akku hielt das bisschen Bergfahrt problemlos durch. Die Abfahrt hatte aber leider nun auch einige apere Stellen, daher kein 2. Mal probiert. Jetzt mit den anderen, alten Allmountains waren die Kurven etwas angenehmer zu fahren; das schwere Einrad am Rucksack beim Abfahren wird mit der Dauer aber doch schwer.<\/p>\n<p><a href='http:\/\/ski.inmontanis.info\/d\/275955-2\/DSC07216.jpg'><img src=http:\/\/ski.inmontanis.info\/d\/275954-3\/DSC07216.jpg \/><\/a><br \/>\n^ Schr\u00f6cken<\/p>\n<p><a href='http:\/\/ski.inmontanis.info\/d\/275959-2\/DSC07217.jpg'><img src=http:\/\/ski.inmontanis.info\/d\/275958-3\/DSC07217.jpg \/><\/a><br \/>\n^ Schr\u00f6cken<\/p>\n<p><a href='http:\/\/ski.inmontanis.info\/d\/275963-2\/DSC07223.jpg'><img src=http:\/\/ski.inmontanis.info\/d\/275962-3\/DSC07223.jpg \/><\/a><br \/>\n^ Schr\u00f6cken-Warth<\/p>\n<p><a href='http:\/\/ski.inmontanis.info\/d\/275967-2\/DSC07226.jpg'><img src=http:\/\/ski.inmontanis.info\/d\/275966-3\/DSC07226.jpg \/><\/a><br \/>\n^ Warth<\/p>\n<p><a href='http:\/\/ski.inmontanis.info\/d\/275971-2\/DSC07229.jpg'><img src=http:\/\/ski.inmontanis.info\/d\/275970-3\/DSC07229.jpg \/><\/a><br \/>\n^ Warth, dort sind auf der Piste auch gerade Tourengeher unterwegs<\/p>\n<p><a href='http:\/\/extra.inmontanis.info\/d\/58349-2\/DSC07233.jpg'><img src=http:\/\/extra.inmontanis.info\/d\/58348-3\/DSC07233.jpg \/><\/a><br \/>\n^ Stra\u00dfe ohne Name nach Namlos, witzig<\/p>\n<p><a href='http:\/\/ski.inmontanis.info\/d\/275979-2\/DSC07238.jpg'><img src=http:\/\/ski.inmontanis.info\/d\/275978-3\/DSC07238.jpg \/><\/a><br \/>\n^ Rinnen<\/p>\n<p><a href='http:\/\/ski.inmontanis.info\/d\/275983-2\/DSC07240.jpg'><img src=http:\/\/ski.inmontanis.info\/d\/275982-3\/DSC07240.jpg \/><\/a><br \/>\n^ Rastkopfabfahrt geht noch durchg\u00e4ngig<\/p>\n<p><a href='http:\/\/ski.inmontanis.info\/d\/275987-2\/DSC07241.jpg'><img src=http:\/\/ski.inmontanis.info\/d\/275986-3\/DSC07241.jpg \/><\/a><br \/>\n^ Mooslift<\/p>\n<p><a href='http:\/\/ski.inmontanis.info\/d\/275991-2\/DSC07244.jpg'><img src=http:\/\/ski.inmontanis.info\/d\/275990-3\/DSC07244.jpg \/><\/a><br \/>\n^ Thaneller<\/p>\n<p><a href='http:\/\/ski.inmontanis.info\/d\/275995-2\/DSC07245.jpg'><img src=http:\/\/ski.inmontanis.info\/d\/275994-3\/DSC07245.jpg \/><\/a><br \/>\n^ Egghof<\/p>\n<p><a href='http:\/\/ski.inmontanis.info\/d\/275999-2\/DSC07246.jpg'><img src=http:\/\/ski.inmontanis.info\/d\/275998-3\/DSC07246.jpg \/><\/a><br \/>\n^ <\/p>\n<p><a href='http:\/\/ski.inmontanis.info\/d\/276003-2\/DSC07248.jpg'><img src=http:\/\/ski.inmontanis.info\/d\/276002-3\/DSC07248.jpg \/><\/a><br \/>\n^ Die Ski hochkant am Rucksack zu fixieren war etwas zeitaufwendig, daher ab morgen quer montiert<\/p>\n<p><a href='http:\/\/ski.inmontanis.info\/d\/276007-2\/IMG_20200411_164726.jpg'><img src=http:\/\/ski.inmontanis.info\/d\/276006-3\/IMG_20200411_164726.jpg \/><\/a><br \/>\n^ Auffahrt auf der geteerten Stra\u00dfe<\/p>\n<p><a href='http:\/\/ski.inmontanis.info\/d\/276011-2\/IMG_20200411_164729.jpg'><img src=http:\/\/ski.inmontanis.info\/d\/276010-3\/IMG_20200411_164729.jpg \/><\/a><br \/>\n^ SL Brauni<\/p>\n<p><a href='http:\/\/ski.inmontanis.info\/d\/276015-2\/IMG_20200411_165519.jpg'><img src=http:\/\/ski.inmontanis.info\/d\/276014-3\/IMG_20200411_165519.jpg \/><\/a><br \/>\n^ Und schon oben angekommen, Ski am R\u00fccken und mit dem elektrischen Einrad raufgefahren<\/p>\n<p><a href='http:\/\/ski.inmontanis.info\/d\/276019-2\/IMG_20200411_170742.jpg'><img src=http:\/\/ski.inmontanis.info\/d\/276018-3\/IMG_20200411_170742.jpg \/><\/a><br \/>\n^ .. und nun das Einrad auf den Rucksack montiert und mit den Skiern talw\u00e4rts<\/p>\n<p><a href='http:\/\/ski.inmontanis.info\/d\/276023-2\/IMG_20200411_171104.jpg'><img src=http:\/\/ski.inmontanis.info\/d\/276022-3\/IMG_20200411_171104.jpg \/><\/a><br \/>\n^ Weiter rauf h\u00e4tte es leider nichts mehr gebracht<\/p>\n<p><a href='http:\/\/ski.inmontanis.info\/d\/276027-2\/IMG_20200411_171252.jpg'><img src=http:\/\/ski.inmontanis.info\/d\/276026-3\/IMG_20200411_171252.jpg \/><\/a><br \/>\n^ Abfahrt<\/p>\n<p><a href='http:\/\/ski.inmontanis.info\/d\/276031-2\/IMG_20200411_171414.jpg'><img src=http:\/\/ski.inmontanis.info\/d\/276030-3\/IMG_20200411_171414.jpg \/><\/a><br \/>\n^ Abfahrt<\/p>\n<p><a href='http:\/\/ski.inmontanis.info\/d\/276035-2\/IMG_20200411_171601.jpg'><img src=http:\/\/ski.inmontanis.info\/d\/276034-3\/IMG_20200411_171601.jpg \/><\/a><br \/>\n^ Abfahrt<\/p>\n<p>Auch nach 1 Monat Abstinenz war das heute nicht ann\u00e4hernd gut genug. <\/p>\n<p><strong>So, 12.4.2020 &#8211; Fieberbrunn<\/strong><\/p>\n<p>Am Sonntag probierte ich mein Gl\u00fcck im Tiroler Unterland, zum einen wollte ich schauen, ob es im Bereich Skiwelt-Kitzb\u00fchel noch eine Restetalabfahrt zu einem Parkplatz gibt, was dann aber alles doch schnee\u00e4rmer war als erhofft. Daher weiter nach Fieberbrunn gefahren, wo man auf der Webcam gut erkennen konnte, dass der Schnee reicht und dass der Weg bis zur Mittelstation ger\u00e4umt zu sein schien.<\/p>\n<p>Da es bis zur Mittelstation etwas zu viel H\u00f6henmeter f\u00fcr den Akku w\u00e4ren, kam mir noch eine andere Idee, wie ich das Einrad verwenden k\u00f6nnte. Schlussendlich fuhr ich ca. 180hm auf dem Rad, danach montierte ich lediglich Rucksack und Ski am Einrad und ging zu Fu\u00df hinauf.<\/p>\n<p>Da der Rucksack bzw. auch die Ski vom Gewicht her nach vorne liegen, gibt das Rad von selbst Gas. D.h. ich muss an die Ski greifen und es zu mir herziehen, damit es nicht zu schnell wird. Das wiederum bedeutet, dass man auch beim Gehen etwas hinauf gezogen wird. Dazu kein Gewicht am R\u00fccken und das Gehen in den Stra\u00dfenschuhen ist auch viel bequemer. Bl\u00f6d sind allerdings die Stellen, wo der Weg nicht ganz ger\u00e4umt war &#8211; das Queren von Schneefeldern geht nur, indem man Rad samt Skiausr\u00fcstung tr\u00e4gt.<\/p>\n<p>Die 360 hm bis Mittelstation waren schnell erreicht und da es mir und dem Akku noch recht gut ging und der Weg auch noch ger\u00e4umt war, ging ich noch das St\u00fcck weiter. Beim Gasthof h\u00f6rte dann einerseits die Wegr\u00e4umung auf, andererseits w\u00e4rs wohl auch nicht sinnvoll gewesen, noch weiter zu gehen. Waren dann ca. 430hm, h\u00e4tte kraftm\u00e4\u00dfig aber noch weiter raufk\u00f6nnen. Die Abfahrt machte dann schon mehr Spa\u00df.<\/p>\n<p>Ich w\u00fcrde ja gern mein kleineres Einrad als so ein Lastenrad verwenden, weil es dann am R\u00fccken leichter w\u00e4re, aber dort kann ich keinen so einen stabilen Trolleygriff montieren und dann w\u00e4re es fraglich, wie Rucksack+Ski stabil montierbar w\u00e4ren. Vielleicht f\u00e4llt mir da mal noch was ein.<\/p>\n<p><a href='http:\/\/extra.inmontanis.info\/d\/58353-2\/DSC07251.jpg'><img src=http:\/\/extra.inmontanis.info\/d\/58352-3\/DSC07251.jpg \/><\/a><br \/>\n^ Leere Autobahn ab dem Zillertal<\/p>\n<p><a href='http:\/\/ski.inmontanis.info\/d\/276279-2\/DSC07257.jpg'><img src=http:\/\/ski.inmontanis.info\/d\/276278-3\/DSC07257.jpg \/><\/a><br \/>\n^ Hohe Salve, Talabfahrt nach Itter geht nicht mehr<\/p>\n<p><a href='http:\/\/ski.inmontanis.info\/d\/276283-2\/DSC07258.jpg'><img src=http:\/\/ski.inmontanis.info\/d\/276282-3\/DSC07258.jpg \/><\/a><br \/>\n^ Talabfahrt Westendorf auch schon zu aper<\/p>\n<p><a href='http:\/\/ski.inmontanis.info\/d\/276251-2\/DSC07261.jpg'><img src=http:\/\/ski.inmontanis.info\/d\/276250-3\/DSC07261.jpg \/><\/a><br \/>\n^ Die beiden Talabfahrten nach Kirchberg sind auch zu vergessen<\/p>\n<p><a href='http:\/\/ski.inmontanis.info\/d\/276255-2\/DSC07263.jpg'><img src=http:\/\/ski.inmontanis.info\/d\/276254-3\/DSC07263.jpg \/><\/a><br \/>\n^ Pengelstein I ebenso<\/p>\n<p><a href='http:\/\/ski.inmontanis.info\/d\/276275-2\/DSC07267.jpg'><img src=http:\/\/ski.inmontanis.info\/d\/276274-3\/DSC07267.jpg \/><\/a><br \/>\n^ In St. Johann schauts noch schlechter aus<\/p>\n<p><a href='http:\/\/ski.inmontanis.info\/d\/276039-2\/DSC07271.jpg'><img src=http:\/\/ski.inmontanis.info\/d\/276038-3\/DSC07271.jpg \/><\/a><br \/>\n^ Nur in Fieberbrunn liegt noch ordentlich Schnee auf der GUB-Talabfahrt<\/p>\n<p><a href='http:\/\/ski.inmontanis.info\/d\/276043-2\/DSC07272.jpg'><img src=http:\/\/ski.inmontanis.info\/d\/276042-3\/DSC07272.jpg \/><\/a><br \/>\n^ Ski quer am Rucksack montieren geht etwas schneller, ist aber gewichtsm\u00e4\u00dfig nicht so gleichm\u00e4\u00dfig<\/p>\n<p><a href='http:\/\/ski.inmontanis.info\/d\/276047-2\/IMG_20200412_121530.jpg'><img src=http:\/\/ski.inmontanis.info\/d\/276046-3\/IMG_20200412_121530.jpg \/><\/a><br \/>\n^ <\/p>\n<p><a href='http:\/\/ski.inmontanis.info\/d\/276051-2\/IMG_20200412_121535.jpg'><img src=http:\/\/ski.inmontanis.info\/d\/276050-3\/IMG_20200412_121535.jpg \/><\/a><br \/>\n^ <\/p>\n<p><a href='http:\/\/ski.inmontanis.info\/d\/276055-2\/IMG_20200412_121713.jpg'><img src=http:\/\/ski.inmontanis.info\/d\/276054-3\/IMG_20200412_121713.jpg \/><\/a><br \/>\n^ <\/p>\n<p><a href='http:\/\/ski.inmontanis.info\/d\/276059-2\/IMG_20200412_121921.jpg'><img src=http:\/\/ski.inmontanis.info\/d\/276058-3\/IMG_20200412_121921.jpg \/><\/a><br \/>\n^ Die schmale Waldabfahrt schaut ja recht nett aus<\/p>\n<p><a href='http:\/\/ski.inmontanis.info\/d\/276063-2\/IMG_20200412_122021.jpg'><img src=http:\/\/ski.inmontanis.info\/d\/276062-3\/IMG_20200412_122021.jpg \/><\/a><br \/>\n^ Gleich nach der Kurve war das erst Schneefeld, hier hei\u00dfts Ski+Rad tragen<\/p>\n<p><a href='http:\/\/ski.inmontanis.info\/d\/276067-2\/IMG_20200412_122522.jpg'><img src=http:\/\/ski.inmontanis.info\/d\/276066-3\/IMG_20200412_122522.jpg \/><\/a><br \/>\n^ <\/p>\n<p><a href='http:\/\/ski.inmontanis.info\/d\/276071-2\/IMG_20200412_124844.jpg'><img src=http:\/\/ski.inmontanis.info\/d\/276070-3\/IMG_20200412_124844.jpg \/><\/a><br \/>\n^ Mal probiert, den Rucksack vors Rad zu h\u00e4ngen, aber das Gewicht ist zu stark, so dass das Rad viel zu viel Gas gibt<\/p>\n<p><a href='http:\/\/ski.inmontanis.info\/d\/276075-2\/IMG_20200412_125849.jpg'><img src=http:\/\/ski.inmontanis.info\/d\/276074-3\/IMG_20200412_125849.jpg \/><\/a><br \/>\n^ Und noch ein l\u00e4ngeres Schneefeld, wo das Gef\u00e4hrt getragen werden muss<\/p>\n<p><a href='http:\/\/ski.inmontanis.info\/d\/276079-2\/IMG_20200412_131017.jpg'><img src=http:\/\/ski.inmontanis.info\/d\/276078-3\/IMG_20200412_131017.jpg \/><\/a><br \/>\n^ <\/p>\n<p><a href='http:\/\/ski.inmontanis.info\/d\/276083-2\/IMG_20200412_131957.jpg'><img src=http:\/\/ski.inmontanis.info\/d\/276082-3\/IMG_20200412_131957.jpg \/><\/a><br \/>\n^ Nun die Ski hinter dem Trolleygriff montiert, ist das Gewicht besser verteilt, so dass das Rad zwar nach vorne zieht aber nicht mehr so stark. Scheint mir momentan die optimale L\u00f6sung zu sein.<\/p>\n<p><a href='http:\/\/ski.inmontanis.info\/d\/276087-2\/IMG_20200412_133534.jpg'><img src=http:\/\/ski.inmontanis.info\/d\/276086-3\/IMG_20200412_133534.jpg \/><\/a><br \/>\n^ Beschneiungssee<\/p>\n<p><a href='http:\/\/ski.inmontanis.info\/d\/276091-2\/IMG_20200412_133752.jpg'><img src=http:\/\/ski.inmontanis.info\/d\/276090-3\/IMG_20200412_133752.jpg \/><\/a><br \/>\n^ Beschneiungssee<\/p>\n<p><a href='http:\/\/ski.inmontanis.info\/d\/276095-2\/IMG_20200412_133857.jpg'><img src=http:\/\/ski.inmontanis.info\/d\/276094-3\/IMG_20200412_133857.jpg \/><\/a><br \/>\n^ Mittelstation erreicht, das ging ja fix.<\/p>\n<p><a href='http:\/\/ski.inmontanis.info\/d\/276099-2\/IMG_20200412_134156.jpg'><img src=http:\/\/ski.inmontanis.info\/d\/276098-3\/IMG_20200412_134156.jpg \/><\/a><br \/>\n^ Der Weg war noch etwas weiter hinauf, bis zum Gasthof Wildalpgatterl, ger\u00e4umt, so ging ich noch dort hin.<\/p>\n<p><a href='http:\/\/ski.inmontanis.info\/d\/276103-2\/IMG_20200412_141340.jpg'><img src=http:\/\/ski.inmontanis.info\/d\/276102-3\/IMG_20200412_141340.jpg \/><\/a><br \/>\n^ Schuhe umziehen &#8211; und bl\u00f6derweise die Regenhose vergessen<\/p>\n<p><a href='http:\/\/ski.inmontanis.info\/d\/276107-2\/IMG_20200412_141642.jpg'><img src=http:\/\/ski.inmontanis.info\/d\/276106-3\/IMG_20200412_141642.jpg \/><\/a><br \/>\n^ <\/p>\n<p><a href='http:\/\/ski.inmontanis.info\/d\/276111-2\/IMG_20200412_142843.jpg'><img src=http:\/\/ski.inmontanis.info\/d\/276110-3\/IMG_20200412_142843.jpg \/><\/a><br \/>\n^ <\/p>\n<p><a href='http:\/\/ski.inmontanis.info\/d\/276115-2\/IMG_20200412_142846.jpg'><img src=http:\/\/ski.inmontanis.info\/d\/276114-3\/IMG_20200412_142846.jpg \/><\/a><br \/>\n^ <\/p>\n<p><a href='http:\/\/ski.inmontanis.info\/d\/276119-2\/IMG_20200412_143534.jpg'><img src=http:\/\/ski.inmontanis.info\/d\/276118-3\/IMG_20200412_143534.jpg \/><\/a><br \/>\n^ Abfahrt zur Mittelstation<\/p>\n<p><a href='http:\/\/ski.inmontanis.info\/d\/276123-2\/IMG_20200412_143948.jpg'><img src=http:\/\/ski.inmontanis.info\/d\/276122-3\/IMG_20200412_143948.jpg \/><\/a><br \/>\n^ Talabfahrt<\/p>\n<p><a href='http:\/\/ski.inmontanis.info\/d\/276127-2\/IMG_20200412_144202.jpg'><img src=http:\/\/ski.inmontanis.info\/d\/276126-3\/IMG_20200412_144202.jpg \/><\/a><br \/>\n^ Talabfahrt, nach mir ging noch ein Tourengeher hinauf, der etwas nach mir dann am Parkplatz war<\/p>\n<p><a href='http:\/\/ski.inmontanis.info\/d\/276131-2\/IMG_20200412_144341.jpg'><img src=http:\/\/ski.inmontanis.info\/d\/276130-3\/IMG_20200412_144341.jpg \/><\/a><br \/>\n^ Talabfahrt<\/p>\n<p><a href='http:\/\/ski.inmontanis.info\/d\/276135-2\/IMG_20200412_145221.jpg'><img src=http:\/\/ski.inmontanis.info\/d\/276134-3\/IMG_20200412_145221.jpg \/><\/a><br \/>\n^ <\/p>\n<p><a href='http:\/\/ski.inmontanis.info\/d\/276139-2\/IMG_20200412_145240.jpg'><img src=http:\/\/ski.inmontanis.info\/d\/276138-3\/IMG_20200412_145240.jpg \/><\/a><br \/>\n^ Talabfahrt<\/p>\n<p><a href='http:\/\/ski.inmontanis.info\/d\/276143-2\/IMG_20200412_145406.jpg'><img src=http:\/\/ski.inmontanis.info\/d\/276142-3\/IMG_20200412_145406.jpg \/><\/a><br \/>\n^ GUB<\/p>\n<p><a href='http:\/\/ski.inmontanis.info\/d\/276147-2\/IMG_20200412_145431.jpg'><img src=http:\/\/ski.inmontanis.info\/d\/276146-3\/IMG_20200412_145431.jpg \/><\/a><br \/>\n^ Nur dieses St\u00fcck war etwas schnee\u00e4rmer<\/p>\n<p><a href='http:\/\/ski.inmontanis.info\/d\/276151-2\/IMG_20200412_145709.jpg'><img src=http:\/\/ski.inmontanis.info\/d\/276150-3\/IMG_20200412_145709.jpg \/><\/a><br \/>\n^ <\/p>\n<p><a href='http:\/\/ski.inmontanis.info\/d\/276155-2\/IMG_20200412_145927.jpg'><img src=http:\/\/ski.inmontanis.info\/d\/276154-3\/IMG_20200412_145927.jpg \/><\/a><br \/>\n^ <\/p>\n<p><a href='http:\/\/ski.inmontanis.info\/d\/276159-2\/IMG_20200412_150014.jpg'><img src=http:\/\/ski.inmontanis.info\/d\/276158-3\/IMG_20200412_150014.jpg \/><\/a><br \/>\n^ Talabfahrt<\/p>\n<p><a href='http:\/\/ski.inmontanis.info\/d\/276163-2\/IMG_20200412_150200.jpg'><img src=http:\/\/ski.inmontanis.info\/d\/276162-3\/IMG_20200412_150200.jpg \/><\/a><br \/>\n^ <\/p>\n<p><a href='http:\/\/extra.inmontanis.info\/d\/58357-2\/IMG_20200412_151246.jpg'><img src=http:\/\/extra.inmontanis.info\/d\/58356-3\/IMG_20200412_151246.jpg \/><\/a><br \/>\n^ Verdiente Pause<\/p>\n<p><a href='http:\/\/ski.inmontanis.info\/d\/276287-2\/DSC07275.jpg'><img src=http:\/\/ski.inmontanis.info\/d\/276286-3\/DSC07275.jpg \/><\/a><br \/>\n^ Die Talabfahrten in Going schauen verglichen zu manch anderen in der Gegend noch ganz gut aus ..<\/p>\n<p><a href='http:\/\/ski.inmontanis.info\/d\/276291-2\/DSC07277.jpg'><img src=http:\/\/ski.inmontanis.info\/d\/276290-3\/DSC07277.jpg \/><\/a><br \/>\n^ Auch die Talabfahrt in Ellmau w\u00fcrd ich wohl noch fahren, w\u00e4re oben das Skigebiet offen<\/p>\n<p><a href='http:\/\/ski.inmontanis.info\/d\/276295-2\/DSC07280.jpg'><img src=http:\/\/ski.inmontanis.info\/d\/276294-3\/DSC07280.jpg \/><\/a><br \/>\n^ Talabfahrt in Scheffau dagegen ist sinnlos<\/p>\n<p><a href='http:\/\/ski.inmontanis.info\/d\/276299-2\/DSC07282.jpg'><img src=http:\/\/ski.inmontanis.info\/d\/276298-3\/DSC07282.jpg \/><\/a><br \/>\n^ S\u00f6ll auch.<\/p>\n<p><strong>Ostermontag, 13.4.2020 &#8211; Zillertalarena<\/strong><\/p>\n<p>Am Montag wollte ich die Talabfahrt in Gerlos fahren, hatte dann aber doch zu wenig Schnee. Auch die restlichen Orte, die ich anfuhr, konnten mich nicht \u00fcberzeugen: Da ich talw\u00e4rts ungern Ski und Rad schleppen m\u00f6chte, sollte das Schneeband schon bis zum Parkplatz reichen.<\/p>\n<p>Schlussendlich bin ich in Zell am Ziller gelandet, an der Mittelstation. Dort hoffte ich, die halbe Sportabfahrt raufzukommen, da rechtsrum auf den S\u00fcdh\u00e4ngen Wege eingezeichnet sind, die mittlerweile schneefrei sein sollten. Leider war aber ab der Abzweigung auf dem Weg noch zu viel Schnee, so dass ich nicht weiter hinauf bin &#8211; das waren dann keine 200 hm &#8211; und das ist f\u00fcr das Anziehen der Skischuhe zu wenig. Am Ende hab ich dann die Skischuh wieder ausgezogen und meine Stra\u00dfenschuhe an, Ski auf den Rucksack und bin den Weg zum Parkplatz mit dem Rad gefahren. Das geht dann also so auch, aber f\u00fcr so eine kurze Abfahrt ist die ganze Umzieherei nicht lohnenswert.<\/p>\n<p><a href='http:\/\/ski.inmontanis.info\/d\/276191-2\/DSC07287.jpg'><img src=http:\/\/ski.inmontanis.info\/d\/276190-3\/DSC07287.jpg \/><\/a><br \/>\n^ Talabfahrt in Gerlos, sah vorgestern auf der Webcam noch durchgehend aus, jetzt auch schon weite Stellen aper<\/p>\n<p><a href='http:\/\/ski.inmontanis.info\/d\/276195-2\/DSC07290.jpg'><img src=http:\/\/ski.inmontanis.info\/d\/276194-3\/DSC07290.jpg \/><\/a><br \/>\n^ Gerlosplatte dagegen hat noch genug Schnee, hier liegt auch abseits noch zu viel<\/p>\n<p><a href='http:\/\/ski.inmontanis.info\/d\/276199-2\/DSC07292.jpg'><img src=http:\/\/ski.inmontanis.info\/d\/276198-3\/DSC07292.jpg \/><\/a><br \/>\n^ K\u00f6nigsleiten sah gut aus, aber der Weg schien mir sehr fraglich ob ger\u00e4umt<\/p>\n<p><a href='http:\/\/ski.inmontanis.info\/d\/276259-2\/DSC07304.jpg'><img src=http:\/\/ski.inmontanis.info\/d\/276258-3\/DSC07304.jpg \/><\/a><br \/>\n^ Panoramabahn in Kitzb\u00fchel ginge auch, oben aber auch zu viel Schnee<\/p>\n<p><a href='http:\/\/ski.inmontanis.info\/d\/276263-2\/DSC07307.jpg'><img src=http:\/\/ski.inmontanis.info\/d\/276262-3\/DSC07307.jpg \/><\/a><br \/>\n^ Pass Thurn w\u00e4re auch gut, aber auch hier fand ich auf der Karte keinen Weg  (der dann schneefrei sein k\u00f6nnte)<\/p>\n<p><a href='http:\/\/ski.inmontanis.info\/d\/276267-2\/DSC07308.jpg'><img src=http:\/\/ski.inmontanis.info\/d\/276266-3\/DSC07308.jpg \/><\/a><br \/>\n^ Jochberg wie Gerlos auch nicht mehr ganz durchg\u00e4ngig.<\/p>\n<p><a href='http:\/\/ski.inmontanis.info\/d\/276271-2\/DSC07310.jpg'><img src=http:\/\/ski.inmontanis.info\/d\/276270-3\/DSC07310.jpg \/><\/a><br \/>\n^ Mein Favorit ist klar die Gondel links ;)<\/p>\n<p><a href='http:\/\/ski.inmontanis.info\/d\/276303-2\/DSC07313_001.jpg'><img src=http:\/\/ski.inmontanis.info\/d\/276302-3\/DSC07313_001.jpg \/><\/a><br \/>\n^ Die Verbindungsabfahrt von Westendorf nach Brixen h\u00e4tte auch noch gut Schnee, bis auf das letzte St\u00fcck<\/p>\n<p><a href='http:\/\/ski.inmontanis.info\/d\/276307-2\/DSC07318.jpg'><img src=http:\/\/ski.inmontanis.info\/d\/276306-3\/DSC07318.jpg \/><\/a><br \/>\n^ Auffach\/Wildsch\u00f6nau, unten vielversprechend, mit dem Auto etwas raufgefahren war es dann doch sinnlos<\/p>\n<p><a href='http:\/\/extra.inmontanis.info\/d\/58361-2\/DSC07324.jpg'><img src=http:\/\/extra.inmontanis.info\/d\/58360-3\/DSC07324.jpg \/><\/a><br \/>\n^ Spritpreise f\u00fcr Diesel und Benzin unter 1,- \u20ac hatte ich in Tirol auch schon lang nicht mehr gesehen<\/p>\n<p><a href='http:\/\/ski.inmontanis.info\/d\/276203-2\/DSC07337.jpg'><img src=http:\/\/ski.inmontanis.info\/d\/276202-3\/DSC07337.jpg \/><\/a><br \/>\n^ Die Himmel-Lifte unterhalb der Mittelstation in Zell am Ziller \/ Rohrberg sind mittlerweile abgebaut<\/p>\n<p><a href='http:\/\/ski.inmontanis.info\/d\/276207-2\/DSC07339.jpg'><img src=http:\/\/ski.inmontanis.info\/d\/276206-3\/DSC07339.jpg \/><\/a><br \/>\n^ Parkplatz an der Mittelstation<\/p>\n<p><a href='http:\/\/ski.inmontanis.info\/d\/276211-2\/IMG_20200413_135145.jpg'><img src=http:\/\/ski.inmontanis.info\/d\/276210-3\/IMG_20200413_135145.jpg \/><\/a><br \/>\n^ rote Mittelstationsabfahrt<\/p>\n<p><a href='http:\/\/ski.inmontanis.info\/d\/276215-2\/IMG_20200413_141144.jpg'><img src=http:\/\/ski.inmontanis.info\/d\/276214-3\/IMG_20200413_141144.jpg \/><\/a><br \/>\n^ Schwarze Sportabfahrt, da sollte es wohl auch n\u00e4chstes WE noch gehen<\/p>\n<p><a href='http:\/\/ski.inmontanis.info\/d\/276219-2\/IMG_20200413_141758.jpg'><img src=http:\/\/ski.inmontanis.info\/d\/276218-3\/IMG_20200413_141758.jpg \/><\/a><br \/>\n^ Der Weg ist leider sehr schotterig, was zu einem h\u00e4ufigen Durchdrehen des Rades f\u00fchrt. Waldpfade k\u00f6nnten besser gehen.<\/p>\n<p><a href='http:\/\/ski.inmontanis.info\/d\/276223-2\/IMG_20200413_141951.jpg'><img src=http:\/\/ski.inmontanis.info\/d\/276222-3\/IMG_20200413_141951.jpg \/><\/a><br \/>\n^ Den Weg wollte ich weitergehen, aber da liegt noch zu viel Schnee :(<\/p>\n<p><a href='http:\/\/ski.inmontanis.info\/d\/276227-2\/IMG_20200413_142512.jpg'><img src=http:\/\/ski.inmontanis.info\/d\/276226-3\/IMG_20200413_142512.jpg \/><\/a><br \/>\n^ .. also dann leider schon ab hier wieder talw\u00e4rts fahren, obwohl es da oben noch so sch\u00f6n aussehen w\u00fcrde..<\/p>\n<p><a href='http:\/\/ski.inmontanis.info\/d\/276231-2\/IMG_20200413_142528.jpg'><img src=http:\/\/ski.inmontanis.info\/d\/276230-3\/IMG_20200413_142528.jpg \/><\/a><br \/>\n^ <\/p>\n<p><a href='http:\/\/ski.inmontanis.info\/d\/276235-2\/IMG_20200413_144259.jpg'><img src=http:\/\/ski.inmontanis.info\/d\/276234-3\/IMG_20200413_144259.jpg \/><\/a><br \/>\n^ Abfahrt<\/p>\n<p><a href='http:\/\/ski.inmontanis.info\/d\/276239-2\/IMG_20200413_144403.jpg'><img src=http:\/\/ski.inmontanis.info\/d\/276238-3\/IMG_20200413_144403.jpg \/><\/a><br \/>\n^ Abfahrt<\/p>\n<p><a href='http:\/\/ski.inmontanis.info\/d\/276243-2\/IMG_20200413_144616.jpg'><img src=http:\/\/ski.inmontanis.info\/d\/276242-3\/IMG_20200413_144616.jpg \/><\/a><br \/>\n^ Abfahrt<\/p>\n<p><a href='http:\/\/ski.inmontanis.info\/d\/276247-2\/DSC07342.jpg'><img src=http:\/\/ski.inmontanis.info\/d\/276246-3\/DSC07342.jpg \/><\/a><br \/>\n^ Blick von Gegen\u00fcber<\/p>\n<p><a href='http:\/\/ski.inmontanis.info\/d\/276167-2\/DSC07347.jpg'><img src=http:\/\/ski.inmontanis.info\/d\/276166-3\/DSC07347.jpg \/><\/a><br \/>\n^ Die Stra\u00dfe zur Gerent-KSB ist mittlerweile gesperrt, lt. Tafel mal mindestens seit 2014 nur noch f\u00fcr Berechtigte<\/p>\n<p><a href='http:\/\/ski.inmontanis.info\/d\/276171-2\/DSC07349.jpg'><img src=http:\/\/ski.inmontanis.info\/d\/276170-3\/DSC07349.jpg \/><\/a><br \/>\n^ Stattdessen gibt es nun diese M\u00f6slbahn als Zubringer.<\/p>\n<p><a href='http:\/\/ski.inmontanis.info\/d\/276175-2\/DSC07353.jpg'><img src=http:\/\/ski.inmontanis.info\/d\/276174-3\/DSC07353.jpg \/><\/a><br \/>\n^ .. f\u00fcr so eine Station hoch oben am Berg (nur f\u00fcr die G\u00e4ste am Berg) eine recht gro\u00dfe Talstation. Links gibts dazu wohl kostenpflichtige Parkpl\u00e4tze\/Parkhaus<\/p>\n<p><a href='http:\/\/ski.inmontanis.info\/d\/276179-2\/DSC07361.jpg'><img src=http:\/\/ski.inmontanis.info\/d\/276178-3\/DSC07361.jpg \/><\/a><br \/>\n^ M\u00f6slbahn<\/p>\n<p><a href='http:\/\/ski.inmontanis.info\/d\/276183-2\/DSC07362.jpg'><img src=http:\/\/ski.inmontanis.info\/d\/276182-3\/DSC07362.jpg \/><\/a><br \/>\n^ M\u00f6slbahn. Abfahrt schaut durchaus noch interessant aus<\/p>\n<p><a href='http:\/\/ski.inmontanis.info\/d\/276187-2\/DSC07369.jpg'><img src=http:\/\/ski.inmontanis.info\/d\/276186-3\/DSC07369.jpg \/><\/a><br \/>\n^ M\u00f6slbahn. Die 1. Sektion h\u00e4tte man fr\u00fcher wohl als PB gebaut.<\/p>\n<p><a href='http:\/\/extra.inmontanis.info\/d\/58365-2\/DSC07365.jpg'><img src=http:\/\/extra.inmontanis.info\/d\/58364-3\/DSC07365.jpg \/><\/a><br \/>\n^ Auffahrt zur Zillertaler H\u00f6henstra\u00dfe<\/p>\n<p><a href='http:\/\/extra.inmontanis.info\/d\/58369-2\/DSC07367.jpg'><img src=http:\/\/extra.inmontanis.info\/d\/58368-3\/DSC07367.jpg \/><\/a><br \/>\n^ Rechts in der Kurve kommt dann die Mautstation, dort ist Ende im Winter<\/p>\n<p>In den 3 Tagen bin ich etwas \u00fcber 1.000km mit dem Auto rumgegurkt, was selbst nach dem Quarant\u00e4ne-Monat zweifelhaft und im Endergebnis nicht wirklich lohnenswert war. Vermutlich war es das skifahrerisch schlechteste Osterwochenende meines Lebens.<\/p>\n<p>Viel Autoverkehr war an diesem Wochenende nicht, aber doch sah ich einige Fahrzeuge mit ausl\u00e4ndischen Kennzeichen aus Italien, Deutschland, Slowakei, D\u00e4nemark und Luxemburg.<\/p>\n<p>Das Einsatzspektrum mit dem &#8220;Lasteneinrad&#8221; ist also eher gering. Wobei man anstatt Forststra\u00dfen wohl auch Wanderpfade im Wald nehmen k\u00f6nnte, vielleicht auch die Wiese neben den Schneeresten. Es muss halt nur der Aufstieg m\u00f6glichst schneefrei und die Abfahrt m\u00f6glichst durchg\u00e4ngig schneebedeckt sein. Und es sollten 300-500hm sein, damit es sich lohnt. Mal schaun, was ich die n\u00e4chsten Wochenenden finde.<\/p>\n","protected":false},"excerpt":{"rendered":"<p>Sa, 11.4.2020 &#8211; Hochh\u00e4derich &#038; Berwang<\/p>\n<p>Nachdem die Tiroler Gemeinde-Quarant\u00e4ne aufgehoben ist und man dieses Wochenende wieder Skitouren gehen darf (auch wenn man quasi t\u00e4glich von der Tiroler Landesregierung dazu ermahnt wird, es nicht zu tun), musste ich das nat\u00fcrlich ausn\u00fctzen. Auch wenn ich Skitouren gehen so gar nicht mag. Viel zu anstrengend, nach 200-400 <a href=\"http:\/\/blog.inmontanis.info\/?p=6072\">[&#8230;]<\/a><\/p>\n","protected":false},"author":1,"featured_media":0,"comment_status":"closed","ping_status":"closed","sticky":false,"template":"","format":"standard","meta":{"footnotes":""},"categories":[885,878,872,25,13,29,892],"tags":[90,78,47],"class_list":["post-6072","post","type-post","status-publish","format-standard","hentry","category-berwang-bichlbach","category-fieberbrunn","category-hochhaderich","category-noreport","category-austria","category-skitourenwalk-ski","category-zillertal-arena","tag-infrarot","tag-restschnee","tag-sl","odd"],"_links":{"self":[{"href":"http:\/\/blog.inmontanis.info\/index.php?rest_route=\/wp\/v2\/posts\/6072","targetHints":{"allow":["GET"]}}],"collection":[{"href":"http:\/\/blog.inmontanis.info\/index.php?rest_route=\/wp\/v2\/posts"}],"about":[{"href":"http:\/\/blog.inmontanis.info\/index.php?rest_route=\/wp\/v2\/types\/post"}],"author":[{"embeddable":true,"href":"http:\/\/blog.inmontanis.info\/index.php?rest_route=\/wp\/v2\/users\/1"}],"replies":[{"embeddable":true,"href":"http:\/\/blog.inmontanis.info\/index.php?rest_route=%2Fwp%2Fv2%2Fcomments&post=6072"}],"version-history":[{"count":2,"href":"http:\/\/blog.inmontanis.info\/index.php?rest_route=\/wp\/v2\/posts\/6072\/revisions"}],"predecessor-version":[{"id":6074,"href":"http:\/\/blog.inmontanis.info\/index.php?rest_route=\/wp\/v2\/posts\/6072\/revisions\/6074"}],"wp:attachment":[{"href":"http:\/\/blog.inmontanis.info\/index.php?rest_route=%2Fwp%2Fv2%2Fmedia&parent=6072"}],"wp:term":[{"taxonomy":"category","embeddable":true,"href":"http:\/\/blog.inmontanis.info\/index.php?rest_route=%2Fwp%2Fv2%2Fcategories&post=6072"},{"taxonomy":"post_tag","embeddable":true,"href":"http:\/\/blog.inmontanis.info\/index.php?rest_route=%2Fwp%2Fv2%2Ftags&post=6072"}],"curies":[{"name":"wp","href":"https:\/\/api.w.org\/{rel}","templated":true}]}}